{"id":116,"date":"2016-04-14T15:32:19","date_gmt":"2016-04-14T13:32:19","guid":{"rendered":"https:\/\/tracesdevoyages.wordpress.com\/?p=116"},"modified":"2025-01-12T22:13:28","modified_gmt":"2025-01-12T21:13:28","slug":"angers","status":"publish","type":"post","link":"https:\/\/tracesdevoyages.com\/index.php\/2016\/04\/14\/angers\/","title":{"rendered":"Escapades: Angers"},"content":{"rendered":"<p>Ville de Bord de Loire alliant ancien et modernit\u00e9, Angers saura vous s\u00e9duire.\u00a0Une ann\u00e9e d&rsquo;\u00e9tudes \u00e0 arpenter ses rues en 2011 m&rsquo;ont permis de d\u00e9couvrir cette ville riche en patrimoine architectural. De grands b\u00e2timents de pierres blanches, des petites rues pi\u00e9tonnes encore pav\u00e9es, de nombreuses boutiques et la Loire pour vue,\u00a0tout vous invite \u00e0 fl\u00e2ner.<\/p>\n<p>J&rsquo;ai particuli\u00e8rement appr\u00e9ci\u00e9 le c\u0153ur de ville ancien avec ses maisons \u00e0 colombages faisant penser \u00e0 l&rsquo;Alsace, la place du\u00a0Ralliement avec son th\u00e9\u00e2tre, la Cath\u00e9drale Saint-Maurice d&rsquo;Angers avec sa vue sur le fleuve, la promenade Jean Turc en bords de Loire menant au Ch\u00e2teau, ainsi que les rues Lenepveu et Saint-Laud.<\/p>\n<p><img data-recalc-dims=\"1\" loading=\"lazy\" decoding=\"async\" class=\"aligncenter size-large wp-image-16580\" src=\"https:\/\/i0.wp.com\/tracesdevoyages.com\/wp-content\/uploads\/2016\/04\/Angers1.jpg?resize=960%2C638\" alt=\"\" width=\"960\" height=\"638\" srcset=\"https:\/\/i0.wp.com\/tracesdevoyages.com\/wp-content\/uploads\/2016\/04\/Angers1.jpg?resize=1024%2C680&amp;ssl=1 1024w, https:\/\/i0.wp.com\/tracesdevoyages.com\/wp-content\/uploads\/2016\/04\/Angers1.jpg?resize=300%2C199&amp;ssl=1 300w, https:\/\/i0.wp.com\/tracesdevoyages.com\/wp-content\/uploads\/2016\/04\/Angers1.jpg?resize=768%2C510&amp;ssl=1 768w, https:\/\/i0.wp.com\/tracesdevoyages.com\/wp-content\/uploads\/2016\/04\/Angers1.jpg?resize=1140%2C757&amp;ssl=1 1140w, https:\/\/i0.wp.com\/tracesdevoyages.com\/wp-content\/uploads\/2016\/04\/Angers1.jpg?w=1200&amp;ssl=1 1200w\" sizes=\"auto, (max-width: 960px) 100vw, 960px\" \/><\/p>\n<p>La ville est tr\u00e8s bien desservies pour les pi\u00e9tons avec le tramway, mais je reproche tout de m\u00eame une forte circulation pour les conducteurs. Les parking sont tous payants quand vous vous rapprochez du centre et les places rares. Le mieux reste donc de s&rsquo;y rendre en tgv, puis circuler \u00e0 pied ou en tramway. Pour ceux qui viendraient en voiture, vous pouvez trouver quelques places au parking du mail.<\/p>\n<div id='gallery-1' class='gallery galleryid-116 gallery-columns-5 gallery-size-medium'><figure class='gallery-item'>\n\t\t\t<div class='gallery-icon portrait'>\n\t\t\t\t<a href='https:\/\/tracesdevoyages.com\/index.php\/2016\/04\/14\/angers\/angers2\/'><img loading=\"lazy\" decoding=\"async\" width=\"200\" height=\"300\" src=\"https:\/\/i0.wp.com\/tracesdevoyages.com\/wp-content\/uploads\/2016\/04\/Angers2.jpg?fit=200%2C300&amp;ssl=1\" class=\"attachment-medium size-medium\" alt=\"\" srcset=\"https:\/\/i0.wp.com\/tracesdevoyages.com\/wp-content\/uploads\/2016\/04\/Angers2.jpg?w=800&amp;ssl=1 800w, https:\/\/i0.wp.com\/tracesdevoyages.com\/wp-content\/uploads\/2016\/04\/Angers2.jpg?resize=200%2C300&amp;ssl=1 200w, https:\/\/i0.wp.com\/tracesdevoyages.com\/wp-content\/uploads\/2016\/04\/Angers2.jpg?resize=681%2C1024&amp;ssl=1 681w, https:\/\/i0.wp.com\/tracesdevoyages.com\/wp-content\/uploads\/2016\/04\/Angers2.jpg?resize=768%2C1155&amp;ssl=1 768w\" sizes=\"auto, (max-width: 200px) 100vw, 200px\" \/><\/a>\n\t\t\t<\/div><\/figure><figure class='gallery-item'>\n\t\t\t<div class='gallery-icon portrait'>\n\t\t\t\t<a href='https:\/\/tracesdevoyages.com\/index.php\/2016\/04\/14\/angers\/angers3\/'><img loading=\"lazy\" decoding=\"async\" width=\"200\" height=\"300\" src=\"https:\/\/i0.wp.com\/tracesdevoyages.com\/wp-content\/uploads\/2016\/04\/Angers3.jpg?fit=200%2C300&amp;ssl=1\" class=\"attachment-medium size-medium\" alt=\"\" srcset=\"https:\/\/i0.wp.com\/tracesdevoyages.com\/wp-content\/uploads\/2016\/04\/Angers3.jpg?w=800&amp;ssl=1 800w, https:\/\/i0.wp.com\/tracesdevoyages.com\/wp-content\/uploads\/2016\/04\/Angers3.jpg?resize=200%2C300&amp;ssl=1 200w, https:\/\/i0.wp.com\/tracesdevoyages.com\/wp-content\/uploads\/2016\/04\/Angers3.jpg?resize=681%2C1024&amp;ssl=1 681w, https:\/\/i0.wp.com\/tracesdevoyages.com\/wp-content\/uploads\/2016\/04\/Angers3.jpg?resize=768%2C1155&amp;ssl=1 768w\" sizes=\"auto, (max-width: 200px) 100vw, 200px\" \/><\/a>\n\t\t\t<\/div><\/figure><figure class='gallery-item'>\n\t\t\t<div class='gallery-icon portrait'>\n\t\t\t\t<a href='https:\/\/tracesdevoyages.com\/index.php\/2016\/04\/14\/angers\/angers8\/'><img loading=\"lazy\" decoding=\"async\" width=\"200\" height=\"300\" src=\"https:\/\/i0.wp.com\/tracesdevoyages.com\/wp-content\/uploads\/2016\/04\/Angers8.jpg?fit=200%2C300&amp;ssl=1\" class=\"attachment-medium size-medium\" alt=\"\" srcset=\"https:\/\/i0.wp.com\/tracesdevoyages.com\/wp-content\/uploads\/2016\/04\/Angers8.jpg?w=800&amp;ssl=1 800w, https:\/\/i0.wp.com\/tracesdevoyages.com\/wp-content\/uploads\/2016\/04\/Angers8.jpg?resize=200%2C300&amp;ssl=1 200w, https:\/\/i0.wp.com\/tracesdevoyages.com\/wp-content\/uploads\/2016\/04\/Angers8.jpg?resize=681%2C1024&amp;ssl=1 681w, https:\/\/i0.wp.com\/tracesdevoyages.com\/wp-content\/uploads\/2016\/04\/Angers8.jpg?resize=768%2C1155&amp;ssl=1 768w\" sizes=\"auto, (max-width: 200px) 100vw, 200px\" \/><\/a>\n\t\t\t<\/div><\/figure><figure class='gallery-item'>\n\t\t\t<div class='gallery-icon portrait'>\n\t\t\t\t<a href='https:\/\/tracesdevoyages.com\/index.php\/2016\/04\/14\/angers\/angers9\/'><img loading=\"lazy\" decoding=\"async\" width=\"200\" height=\"300\" src=\"https:\/\/i0.wp.com\/tracesdevoyages.com\/wp-content\/uploads\/2016\/04\/Angers9.jpg?fit=200%2C300&amp;ssl=1\" class=\"attachment-medium size-medium\" alt=\"\" srcset=\"https:\/\/i0.wp.com\/tracesdevoyages.com\/wp-content\/uploads\/2016\/04\/Angers9.jpg?w=800&amp;ssl=1 800w, https:\/\/i0.wp.com\/tracesdevoyages.com\/wp-content\/uploads\/2016\/04\/Angers9.jpg?resize=200%2C300&amp;ssl=1 200w, https:\/\/i0.wp.com\/tracesdevoyages.com\/wp-content\/uploads\/2016\/04\/Angers9.jpg?resize=681%2C1024&amp;ssl=1 681w, https:\/\/i0.wp.com\/tracesdevoyages.com\/wp-content\/uploads\/2016\/04\/Angers9.jpg?resize=768%2C1155&amp;ssl=1 768w\" sizes=\"auto, (max-width: 200px) 100vw, 200px\" \/><\/a>\n\t\t\t<\/div><\/figure><figure class='gallery-item'>\n\t\t\t<div class='gallery-icon portrait'>\n\t\t\t\t<a href='https:\/\/tracesdevoyages.com\/index.php\/2016\/04\/14\/angers\/angers10\/'><img loading=\"lazy\" decoding=\"async\" width=\"200\" height=\"300\" src=\"https:\/\/i0.wp.com\/tracesdevoyages.com\/wp-content\/uploads\/2016\/04\/Angers10.jpg?fit=200%2C300&amp;ssl=1\" class=\"attachment-medium size-medium\" alt=\"\" srcset=\"https:\/\/i0.wp.com\/tracesdevoyages.com\/wp-content\/uploads\/2016\/04\/Angers10.jpg?w=800&amp;ssl=1 800w, https:\/\/i0.wp.com\/tracesdevoyages.com\/wp-content\/uploads\/2016\/04\/Angers10.jpg?resize=200%2C300&amp;ssl=1 200w, https:\/\/i0.wp.com\/tracesdevoyages.com\/wp-content\/uploads\/2016\/04\/Angers10.jpg?resize=681%2C1024&amp;ssl=1 681w, https:\/\/i0.wp.com\/tracesdevoyages.com\/wp-content\/uploads\/2016\/04\/Angers10.jpg?resize=768%2C1155&amp;ssl=1 768w\" sizes=\"auto, (max-width: 200px) 100vw, 200px\" \/><\/a>\n\t\t\t<\/div><\/figure>\n\t\t<\/div>\n\n<p>Le centre-ville dispose d&rsquo;un bel \u00e9ventail de choix niveau restaurant et bars, aussi,\u00a0trois adresses ont particuli\u00e8rement retenu mon attention: <a href=\"http:\/\/www.restaurantvf.fr\/\" target=\"_blank\" rel=\"noopener noreferrer\">Restaurant VF<\/a> (un fast food\u00a0100% fran\u00e7ais avec des produits locaux), le <a href=\"http:\/\/mattmurphys-angers.fr\/\" target=\"_blank\" rel=\"noopener noreferrer\">Matt Murphy&rsquo;s <\/a>(pub Irlandais) et\u00a0<a href=\"https:\/\/www.facebook.com\/LaChapelleAngers\/\" target=\"_blank\" rel=\"noopener noreferrer\">La Chapelle<\/a> (anciennement le\u00a0<a href=\"http:\/\/www.angers.maville.com\/actu\/actudet_-angers.-bar-discotheque-le-k9-devient-la-chapelle_52728-3098439_actu.Htm\" target=\"_blank\" rel=\"noopener noreferrer\">K9<\/a>, un bar de nuit dans une \u00e9glise)\u00a0.Mais ce sont surtout les magasins qui priment. Angers est \u00e0 mon sens, LA destination shopping du Maine-et-Loire. Le nombre et la vari\u00e9t\u00e9 des boutiques est r\u00e9ellement impressionnant, aussi, mieux vaut \u00e9viter de s&rsquo;y rendre pendant ou avant les f\u00eates de No\u00ebl si comme moi vous n&rsquo;aimez pas les bains de foule!<\/p>\n<div id='gallery-2' class='gallery galleryid-116 gallery-columns-4 gallery-size-medium'><figure class='gallery-item'>\n\t\t\t<div class='gallery-icon landscape'>\n\t\t\t\t<a href='https:\/\/tracesdevoyages.com\/index.php\/2016\/04\/14\/angers\/angers4\/'><img loading=\"lazy\" decoding=\"async\" width=\"300\" height=\"199\" src=\"https:\/\/i0.wp.com\/tracesdevoyages.com\/wp-content\/uploads\/2016\/04\/Angers4.jpg?fit=300%2C199&amp;ssl=1\" class=\"attachment-medium size-medium\" alt=\"\" srcset=\"https:\/\/i0.wp.com\/tracesdevoyages.com\/wp-content\/uploads\/2016\/04\/Angers4.jpg?w=1200&amp;ssl=1 1200w, https:\/\/i0.wp.com\/tracesdevoyages.com\/wp-content\/uploads\/2016\/04\/Angers4.jpg?resize=300%2C199&amp;ssl=1 300w, https:\/\/i0.wp.com\/tracesdevoyages.com\/wp-content\/uploads\/2016\/04\/Angers4.jpg?resize=1024%2C680&amp;ssl=1 1024w, https:\/\/i0.wp.com\/tracesdevoyages.com\/wp-content\/uploads\/2016\/04\/Angers4.jpg?resize=768%2C510&amp;ssl=1 768w, https:\/\/i0.wp.com\/tracesdevoyages.com\/wp-content\/uploads\/2016\/04\/Angers4.jpg?resize=1140%2C757&amp;ssl=1 1140w, https:\/\/i0.wp.com\/tracesdevoyages.com\/wp-content\/uploads\/2016\/04\/Angers4.jpg?resize=500%2C330&amp;ssl=1 500w\" sizes=\"auto, (max-width: 300px) 100vw, 300px\" \/><\/a>\n\t\t\t<\/div><\/figure><figure class='gallery-item'>\n\t\t\t<div class='gallery-icon landscape'>\n\t\t\t\t<a href='https:\/\/tracesdevoyages.com\/index.php\/2016\/04\/14\/angers\/angers5\/'><img loading=\"lazy\" decoding=\"async\" width=\"300\" height=\"199\" src=\"https:\/\/i0.wp.com\/tracesdevoyages.com\/wp-content\/uploads\/2016\/04\/Angers5.jpg?fit=300%2C199&amp;ssl=1\" class=\"attachment-medium size-medium\" alt=\"\" srcset=\"https:\/\/i0.wp.com\/tracesdevoyages.com\/wp-content\/uploads\/2016\/04\/Angers5.jpg?w=1200&amp;ssl=1 1200w, https:\/\/i0.wp.com\/tracesdevoyages.com\/wp-content\/uploads\/2016\/04\/Angers5.jpg?resize=300%2C199&amp;ssl=1 300w, https:\/\/i0.wp.com\/tracesdevoyages.com\/wp-content\/uploads\/2016\/04\/Angers5.jpg?resize=1024%2C680&amp;ssl=1 1024w, https:\/\/i0.wp.com\/tracesdevoyages.com\/wp-content\/uploads\/2016\/04\/Angers5.jpg?resize=768%2C510&amp;ssl=1 768w, https:\/\/i0.wp.com\/tracesdevoyages.com\/wp-content\/uploads\/2016\/04\/Angers5.jpg?resize=1140%2C757&amp;ssl=1 1140w, https:\/\/i0.wp.com\/tracesdevoyages.com\/wp-content\/uploads\/2016\/04\/Angers5.jpg?resize=500%2C330&amp;ssl=1 500w\" sizes=\"auto, (max-width: 300px) 100vw, 300px\" \/><\/a>\n\t\t\t<\/div><\/figure><figure class='gallery-item'>\n\t\t\t<div class='gallery-icon landscape'>\n\t\t\t\t<a href='https:\/\/tracesdevoyages.com\/index.php\/2016\/04\/14\/angers\/angers6\/'><img loading=\"lazy\" decoding=\"async\" width=\"300\" height=\"199\" src=\"https:\/\/i0.wp.com\/tracesdevoyages.com\/wp-content\/uploads\/2016\/04\/Angers6.jpg?fit=300%2C199&amp;ssl=1\" class=\"attachment-medium size-medium\" alt=\"\" srcset=\"https:\/\/i0.wp.com\/tracesdevoyages.com\/wp-content\/uploads\/2016\/04\/Angers6.jpg?w=1200&amp;ssl=1 1200w, https:\/\/i0.wp.com\/tracesdevoyages.com\/wp-content\/uploads\/2016\/04\/Angers6.jpg?resize=300%2C199&amp;ssl=1 300w, https:\/\/i0.wp.com\/tracesdevoyages.com\/wp-content\/uploads\/2016\/04\/Angers6.jpg?resize=1024%2C680&amp;ssl=1 1024w, https:\/\/i0.wp.com\/tracesdevoyages.com\/wp-content\/uploads\/2016\/04\/Angers6.jpg?resize=768%2C510&amp;ssl=1 768w, https:\/\/i0.wp.com\/tracesdevoyages.com\/wp-content\/uploads\/2016\/04\/Angers6.jpg?resize=1140%2C757&amp;ssl=1 1140w, https:\/\/i0.wp.com\/tracesdevoyages.com\/wp-content\/uploads\/2016\/04\/Angers6.jpg?resize=500%2C330&amp;ssl=1 500w\" sizes=\"auto, (max-width: 300px) 100vw, 300px\" \/><\/a>\n\t\t\t<\/div><\/figure><figure class='gallery-item'>\n\t\t\t<div class='gallery-icon landscape'>\n\t\t\t\t<a href='https:\/\/tracesdevoyages.com\/index.php\/2016\/04\/14\/angers\/angers7\/'><img loading=\"lazy\" decoding=\"async\" width=\"300\" height=\"199\" src=\"https:\/\/i0.wp.com\/tracesdevoyages.com\/wp-content\/uploads\/2016\/04\/Angers7.jpg?fit=300%2C199&amp;ssl=1\" class=\"attachment-medium size-medium\" alt=\"\" srcset=\"https:\/\/i0.wp.com\/tracesdevoyages.com\/wp-content\/uploads\/2016\/04\/Angers7.jpg?w=1200&amp;ssl=1 1200w, https:\/\/i0.wp.com\/tracesdevoyages.com\/wp-content\/uploads\/2016\/04\/Angers7.jpg?resize=300%2C199&amp;ssl=1 300w, https:\/\/i0.wp.com\/tracesdevoyages.com\/wp-content\/uploads\/2016\/04\/Angers7.jpg?resize=1024%2C680&amp;ssl=1 1024w, https:\/\/i0.wp.com\/tracesdevoyages.com\/wp-content\/uploads\/2016\/04\/Angers7.jpg?resize=768%2C510&amp;ssl=1 768w, https:\/\/i0.wp.com\/tracesdevoyages.com\/wp-content\/uploads\/2016\/04\/Angers7.jpg?resize=1140%2C757&amp;ssl=1 1140w, https:\/\/i0.wp.com\/tracesdevoyages.com\/wp-content\/uploads\/2016\/04\/Angers7.jpg?resize=500%2C330&amp;ssl=1 500w\" sizes=\"auto, (max-width: 300px) 100vw, 300px\" \/><\/a>\n\t\t\t<\/div><\/figure>\n\t\t<\/div>\n\n<p>&nbsp;<\/p>\n<p>Si ma petite pr\u00e9sentation vous a intrigu\u00e9s et que vous souhaitez en savoir plus sur cette destination, je vous invite \u00e0 visiter le site de l&rsquo;Office de Tourisme de la ville en cliquant <a href=\"http:\/\/www.angersloiretourisme.com\/fr\" target=\"_blank\" rel=\"noopener noreferrer\"><em>ICI<\/em><\/a>. Vous pouvez \u00e9galement me contacter si vous avez quelques questions sur votre prochain s\u00e9jour l\u00e0-bas, je t\u00e2cherais de vous r\u00e9pondre au mieux \ud83d\ude42<\/p>\n<h2 style=\"text-align: center;\">Retrouvez tous les lieux cit\u00e9s dans l\u2019article sur cette carte interactive:<\/h2>\n<h2 style=\"text-align: center;\"><iframe loading=\"lazy\" src=\"https:\/\/www.google.com\/maps\/d\/u\/0\/embed?mid=1bgzv1EanxDPauW7DFjeHFiUFKYq3Bs_b\" width=\"640\" height=\"480\"><span data-mce-type=\"bookmark\" style=\"display: inline-block; width: 0px; overflow: hidden; line-height: 0;\" class=\"mce_SELRES_start\">\ufeff<\/span>&nbsp;<\/p>\n<p><\/iframe><\/h2>\n<hr \/>\n<p>https:\/\/www.pinterest.fr\/pin\/804525920912532891<\/p>\n","protected":false},"excerpt":{"rendered":"<p>Ville de Bord de Loire alliant ancien et modernit\u00e9, Angers saura vous s\u00e9duire.<\/p>\n","protected":false},"author":2,"featured_media":16579,"comment_status":"open","ping_status":"open","sticky":false,"template":"","format":"standard","meta":{"_jetpack_memberships_contains_paid_content":false,"footnotes":""},"categories":[20,21,22,39,5,52,6],"tags":[93,176,188,190,191,203,394,409,417,422],"class_list":["post-116","post","type-post","status-publish","format-standard","has-post-thumbnail","hentry","category-escapades","category-europe","category-france","category-pays-de-la-loire","category-themes","category-villes","category-voyages","tag-angers","tag-destination","tag-escapade","tag-europe","tag-evasion","tag-france","tag-tourisme","tag-vacances","tag-ville","tag-voyage"],"yoast_head":"<!-- This site is optimized with the Yoast SEO plugin v26.3 - https:\/\/yoast.com\/wordpress\/plugins\/seo\/ -->\n<title>Escapades: Angers - Traces de Voyages<\/title>\n<meta name=\"robots\" content=\"index, follow, max-snippet:-1, max-image-preview:large, max-video-preview:-1\" \/>\n<link rel=\"canonical\" href=\"https:\/\/tracesdevoyages.com\/index.php\/2016\/04\/14\/angers\/\" \/>\n<meta property=\"og:locale\" content=\"fr_FR\" \/>\n<meta property=\"og:type\" content=\"article\" \/>\n<meta property=\"og:title\" content=\"Escapades: Angers - Traces de Voyages\" \/>\n<meta property=\"og:description\" content=\"Ville de Bord de Loire alliant ancien et modernit\u00e9, Angers saura vous s\u00e9duire.\" \/>\n<meta property=\"og:url\" content=\"https:\/\/tracesdevoyages.com\/index.php\/2016\/04\/14\/angers\/\" \/>\n<meta property=\"og:site_name\" content=\"Traces de Voyages\" \/>\n<meta property=\"article:publisher\" content=\"https:\/\/www.facebook.com\/tracesdevoyages\/\" \/>\n<meta property=\"article:published_time\" content=\"2016-04-14T13:32:19+00:00\" \/>\n<meta property=\"article:modified_time\" content=\"2025-01-12T21:13:28+00:00\" \/>\n<meta property=\"og:image\" content=\"http:\/\/tracesdevoyages.com\/wp-content\/uploads\/2016\/04\/Angers-couverture.jpg\" \/>\n\t<meta property=\"og:image:width\" content=\"2000\" \/>\n\t<meta property=\"og:image:height\" content=\"1328\" \/>\n\t<meta property=\"og:image:type\" content=\"image\/jpeg\" \/>\n<meta name=\"author\" content=\"tracesdevoyages\" \/>\n<meta name=\"twitter:card\" content=\"summary_large_image\" \/>\n<meta name=\"twitter:creator\" content=\"@TracesdeVoyages\" \/>\n<meta name=\"twitter:site\" content=\"@TracesdeVoyages\" \/>\n<meta name=\"twitter:label1\" content=\"\u00c9crit par\" \/>\n\t<meta name=\"twitter:data1\" content=\"tracesdevoyages\" \/>\n\t<meta name=\"twitter:label2\" content=\"Dur\u00e9e de lecture estim\u00e9e\" \/>\n\t<meta name=\"twitter:data2\" content=\"3 minutes\" \/>\n<script type=\"application\/ld+json\" class=\"yoast-schema-graph\">{\"@context\":\"https:\/\/schema.org\",\"@graph\":[{\"@type\":\"Article\",\"@id\":\"https:\/\/tracesdevoyages.com\/index.php\/2016\/04\/14\/angers\/#article\",\"isPartOf\":{\"@id\":\"https:\/\/tracesdevoyages.com\/index.php\/2016\/04\/14\/angers\/\"},\"author\":{\"name\":\"tracesdevoyages\",\"@id\":\"https:\/\/tracesdevoyages.com\/#\/schema\/person\/407749fd8c63f4e19e1f4d61c3df1dd3\"},\"headline\":\"Escapades: Angers\",\"datePublished\":\"2016-04-14T13:32:19+00:00\",\"dateModified\":\"2025-01-12T21:13:28+00:00\",\"mainEntityOfPage\":{\"@id\":\"https:\/\/tracesdevoyages.com\/index.php\/2016\/04\/14\/angers\/\"},\"wordCount\":398,\"commentCount\":2,\"publisher\":{\"@id\":\"https:\/\/tracesdevoyages.com\/#organization\"},\"image\":{\"@id\":\"https:\/\/tracesdevoyages.com\/index.php\/2016\/04\/14\/angers\/#primaryimage\"},\"thumbnailUrl\":\"https:\/\/i0.wp.com\/tracesdevoyages.com\/wp-content\/uploads\/2016\/04\/Angers-couverture.jpg?fit=2000%2C1328&ssl=1\",\"keywords\":[\"Angers\",\"Destination\",\"Escapade\",\"Europe\",\"Evasion\",\"France\",\"Tourisme\",\"Vacances\",\"Ville\",\"Voyage\"],\"articleSection\":[\"Escapades\",\"Europe\",\"France\",\"Pays de la Loire\",\"Th\u00e8mes\",\"Villes\",\"Voyages\"],\"inLanguage\":\"fr-FR\",\"potentialAction\":[{\"@type\":\"CommentAction\",\"name\":\"Comment\",\"target\":[\"https:\/\/tracesdevoyages.com\/index.php\/2016\/04\/14\/angers\/#respond\"]}]},{\"@type\":\"WebPage\",\"@id\":\"https:\/\/tracesdevoyages.com\/index.php\/2016\/04\/14\/angers\/\",\"url\":\"https:\/\/tracesdevoyages.com\/index.php\/2016\/04\/14\/angers\/\",\"name\":\"Escapades: Angers - Traces de Voyages\",\"isPartOf\":{\"@id\":\"https:\/\/tracesdevoyages.com\/#website\"},\"primaryImageOfPage\":{\"@id\":\"https:\/\/tracesdevoyages.com\/index.php\/2016\/04\/14\/angers\/#primaryimage\"},\"image\":{\"@id\":\"https:\/\/tracesdevoyages.com\/index.php\/2016\/04\/14\/angers\/#primaryimage\"},\"thumbnailUrl\":\"https:\/\/i0.wp.com\/tracesdevoyages.com\/wp-content\/uploads\/2016\/04\/Angers-couverture.jpg?fit=2000%2C1328&ssl=1\",\"datePublished\":\"2016-04-14T13:32:19+00:00\",\"dateModified\":\"2025-01-12T21:13:28+00:00\",\"breadcrumb\":{\"@id\":\"https:\/\/tracesdevoyages.com\/index.php\/2016\/04\/14\/angers\/#breadcrumb\"},\"inLanguage\":\"fr-FR\",\"potentialAction\":[{\"@type\":\"ReadAction\",\"target\":[\"https:\/\/tracesdevoyages.com\/index.php\/2016\/04\/14\/angers\/\"]}]},{\"@type\":\"ImageObject\",\"inLanguage\":\"fr-FR\",\"@id\":\"https:\/\/tracesdevoyages.com\/index.php\/2016\/04\/14\/angers\/#primaryimage\",\"url\":\"https:\/\/i0.wp.com\/tracesdevoyages.com\/wp-content\/uploads\/2016\/04\/Angers-couverture.jpg?fit=2000%2C1328&ssl=1\",\"contentUrl\":\"https:\/\/i0.wp.com\/tracesdevoyages.com\/wp-content\/uploads\/2016\/04\/Angers-couverture.jpg?fit=2000%2C1328&ssl=1\",\"width\":2000,\"height\":1328},{\"@type\":\"BreadcrumbList\",\"@id\":\"https:\/\/tracesdevoyages.com\/index.php\/2016\/04\/14\/angers\/#breadcrumb\",\"itemListElement\":[{\"@type\":\"ListItem\",\"position\":1,\"name\":\"Accueil\",\"item\":\"https:\/\/tracesdevoyages.com\/\"},{\"@type\":\"ListItem\",\"position\":2,\"name\":\"Escapades: Angers\"}]},{\"@type\":\"WebSite\",\"@id\":\"https:\/\/tracesdevoyages.com\/#website\",\"url\":\"https:\/\/tracesdevoyages.com\/\",\"name\":\"Traces de Voyages\",\"description\":\"Blog de voyages\",\"publisher\":{\"@id\":\"https:\/\/tracesdevoyages.com\/#organization\"},\"potentialAction\":[{\"@type\":\"SearchAction\",\"target\":{\"@type\":\"EntryPoint\",\"urlTemplate\":\"https:\/\/tracesdevoyages.com\/?s={search_term_string}\"},\"query-input\":{\"@type\":\"PropertyValueSpecification\",\"valueRequired\":true,\"valueName\":\"search_term_string\"}}],\"inLanguage\":\"fr-FR\"},{\"@type\":\"Organization\",\"@id\":\"https:\/\/tracesdevoyages.com\/#organization\",\"name\":\"Traces de Voyages\",\"url\":\"https:\/\/tracesdevoyages.com\/\",\"logo\":{\"@type\":\"ImageObject\",\"inLanguage\":\"fr-FR\",\"@id\":\"https:\/\/tracesdevoyages.com\/#\/schema\/logo\/image\/\",\"url\":\"https:\/\/i0.wp.com\/tracesdevoyages.com\/wp-content\/uploads\/2025\/01\/cropped-Traces-de-Voyages-LOGO.jpg?fit=512%2C512&ssl=1\",\"contentUrl\":\"https:\/\/i0.wp.com\/tracesdevoyages.com\/wp-content\/uploads\/2025\/01\/cropped-Traces-de-Voyages-LOGO.jpg?fit=512%2C512&ssl=1\",\"width\":512,\"height\":512,\"caption\":\"Traces de Voyages\"},\"image\":{\"@id\":\"https:\/\/tracesdevoyages.com\/#\/schema\/logo\/image\/\"},\"sameAs\":[\"https:\/\/www.facebook.com\/tracesdevoyages\/\",\"https:\/\/x.com\/TracesdeVoyages\",\"https:\/\/www.instagram.com\/tracesdevoyages\/\",\"https:\/\/fr.pinterest.com\/tracesdevoyages\/\",\"https:\/\/www.youtube.com\/channel\/UC240N7Neo4xrJRYcW3UhDaQ\/\"]},{\"@type\":\"Person\",\"@id\":\"https:\/\/tracesdevoyages.com\/#\/schema\/person\/407749fd8c63f4e19e1f4d61c3df1dd3\",\"name\":\"tracesdevoyages\",\"image\":{\"@type\":\"ImageObject\",\"inLanguage\":\"fr-FR\",\"@id\":\"https:\/\/tracesdevoyages.com\/#\/schema\/person\/image\/\",\"url\":\"https:\/\/secure.gravatar.com\/avatar\/89665a7661ade021f231fa4edee45d02595de0df2c6ac04037b09ce699dd6d89?s=96&d=mm&r=g\",\"contentUrl\":\"https:\/\/secure.gravatar.com\/avatar\/89665a7661ade021f231fa4edee45d02595de0df2c6ac04037b09ce699dd6d89?s=96&d=mm&r=g\",\"caption\":\"tracesdevoyages\"},\"url\":\"https:\/\/tracesdevoyages.com\/index.php\/author\/tracesdevoyages\/\"}]}<\/script>\n<!-- \/ Yoast SEO plugin. -->","yoast_head_json":{"title":"Escapades: Angers - Traces de Voyages","robots":{"index":"index","follow":"follow","max-snippet":"max-snippet:-1","max-image-preview":"max-image-preview:large","max-video-preview":"max-video-preview:-1"},"canonical":"https:\/\/tracesdevoyages.com\/index.php\/2016\/04\/14\/angers\/","og_locale":"fr_FR","og_type":"article","og_title":"Escapades: Angers - Traces de Voyages","og_description":"Ville de Bord de Loire alliant ancien et modernit\u00e9, Angers saura vous s\u00e9duire.","og_url":"https:\/\/tracesdevoyages.com\/index.php\/2016\/04\/14\/angers\/","og_site_name":"Traces de Voyages","article_publisher":"https:\/\/www.facebook.com\/tracesdevoyages\/","article_published_time":"2016-04-14T13:32:19+00:00","article_modified_time":"2025-01-12T21:13:28+00:00","og_image":[{"width":2000,"height":1328,"url":"http:\/\/tracesdevoyages.com\/wp-content\/uploads\/2016\/04\/Angers-couverture.jpg","type":"image\/jpeg"}],"author":"tracesdevoyages","twitter_card":"summary_large_image","twitter_creator":"@TracesdeVoyages","twitter_site":"@TracesdeVoyages","twitter_misc":{"\u00c9crit par":"tracesdevoyages","Dur\u00e9e de lecture estim\u00e9e":"3 minutes"},"schema":{"@context":"https:\/\/schema.org","@graph":[{"@type":"Article","@id":"https:\/\/tracesdevoyages.com\/index.php\/2016\/04\/14\/angers\/#article","isPartOf":{"@id":"https:\/\/tracesdevoyages.com\/index.php\/2016\/04\/14\/angers\/"},"author":{"name":"tracesdevoyages","@id":"https:\/\/tracesdevoyages.com\/#\/schema\/person\/407749fd8c63f4e19e1f4d61c3df1dd3"},"headline":"Escapades: Angers","datePublished":"2016-04-14T13:32:19+00:00","dateModified":"2025-01-12T21:13:28+00:00","mainEntityOfPage":{"@id":"https:\/\/tracesdevoyages.com\/index.php\/2016\/04\/14\/angers\/"},"wordCount":398,"commentCount":2,"publisher":{"@id":"https:\/\/tracesdevoyages.com\/#organization"},"image":{"@id":"https:\/\/tracesdevoyages.com\/index.php\/2016\/04\/14\/angers\/#primaryimage"},"thumbnailUrl":"https:\/\/i0.wp.com\/tracesdevoyages.com\/wp-content\/uploads\/2016\/04\/Angers-couverture.jpg?fit=2000%2C1328&ssl=1","keywords":["Angers","Destination","Escapade","Europe","Evasion","France","Tourisme","Vacances","Ville","Voyage"],"articleSection":["Escapades","Europe","France","Pays de la Loire","Th\u00e8mes","Villes","Voyages"],"inLanguage":"fr-FR","potentialAction":[{"@type":"CommentAction","name":"Comment","target":["https:\/\/tracesdevoyages.com\/index.php\/2016\/04\/14\/angers\/#respond"]}]},{"@type":"WebPage","@id":"https:\/\/tracesdevoyages.com\/index.php\/2016\/04\/14\/angers\/","url":"https:\/\/tracesdevoyages.com\/index.php\/2016\/04\/14\/angers\/","name":"Escapades: Angers - Traces de Voyages","isPartOf":{"@id":"https:\/\/tracesdevoyages.com\/#website"},"primaryImageOfPage":{"@id":"https:\/\/tracesdevoyages.com\/index.php\/2016\/04\/14\/angers\/#primaryimage"},"image":{"@id":"https:\/\/tracesdevoyages.com\/index.php\/2016\/04\/14\/angers\/#primaryimage"},"thumbnailUrl":"https:\/\/i0.wp.com\/tracesdevoyages.com\/wp-content\/uploads\/2016\/04\/Angers-couverture.jpg?fit=2000%2C1328&ssl=1","datePublished":"2016-04-14T13:32:19+00:00","dateModified":"2025-01-12T21:13:28+00:00","breadcrumb":{"@id":"https:\/\/tracesdevoyages.com\/index.php\/2016\/04\/14\/angers\/#breadcrumb"},"inLanguage":"fr-FR","potentialAction":[{"@type":"ReadAction","target":["https:\/\/tracesdevoyages.com\/index.php\/2016\/04\/14\/angers\/"]}]},{"@type":"ImageObject","inLanguage":"fr-FR","@id":"https:\/\/tracesdevoyages.com\/index.php\/2016\/04\/14\/angers\/#primaryimage","url":"https:\/\/i0.wp.com\/tracesdevoyages.com\/wp-content\/uploads\/2016\/04\/Angers-couverture.jpg?fit=2000%2C1328&ssl=1","contentUrl":"https:\/\/i0.wp.com\/tracesdevoyages.com\/wp-content\/uploads\/2016\/04\/Angers-couverture.jpg?fit=2000%2C1328&ssl=1","width":2000,"height":1328},{"@type":"BreadcrumbList","@id":"https:\/\/tracesdevoyages.com\/index.php\/2016\/04\/14\/angers\/#breadcrumb","itemListElement":[{"@type":"ListItem","position":1,"name":"Accueil","item":"https:\/\/tracesdevoyages.com\/"},{"@type":"ListItem","position":2,"name":"Escapades: Angers"}]},{"@type":"WebSite","@id":"https:\/\/tracesdevoyages.com\/#website","url":"https:\/\/tracesdevoyages.com\/","name":"Traces de Voyages","description":"Blog de voyages","publisher":{"@id":"https:\/\/tracesdevoyages.com\/#organization"},"potentialAction":[{"@type":"SearchAction","target":{"@type":"EntryPoint","urlTemplate":"https:\/\/tracesdevoyages.com\/?s={search_term_string}"},"query-input":{"@type":"PropertyValueSpecification","valueRequired":true,"valueName":"search_term_string"}}],"inLanguage":"fr-FR"},{"@type":"Organization","@id":"https:\/\/tracesdevoyages.com\/#organization","name":"Traces de Voyages","url":"https:\/\/tracesdevoyages.com\/","logo":{"@type":"ImageObject","inLanguage":"fr-FR","@id":"https:\/\/tracesdevoyages.com\/#\/schema\/logo\/image\/","url":"https:\/\/i0.wp.com\/tracesdevoyages.com\/wp-content\/uploads\/2025\/01\/cropped-Traces-de-Voyages-LOGO.jpg?fit=512%2C512&ssl=1","contentUrl":"https:\/\/i0.wp.com\/tracesdevoyages.com\/wp-content\/uploads\/2025\/01\/cropped-Traces-de-Voyages-LOGO.jpg?fit=512%2C512&ssl=1","width":512,"height":512,"caption":"Traces de Voyages"},"image":{"@id":"https:\/\/tracesdevoyages.com\/#\/schema\/logo\/image\/"},"sameAs":["https:\/\/www.facebook.com\/tracesdevoyages\/","https:\/\/x.com\/TracesdeVoyages","https:\/\/www.instagram.com\/tracesdevoyages\/","https:\/\/fr.pinterest.com\/tracesdevoyages\/","https:\/\/www.youtube.com\/channel\/UC240N7Neo4xrJRYcW3UhDaQ\/"]},{"@type":"Person","@id":"https:\/\/tracesdevoyages.com\/#\/schema\/person\/407749fd8c63f4e19e1f4d61c3df1dd3","name":"tracesdevoyages","image":{"@type":"ImageObject","inLanguage":"fr-FR","@id":"https:\/\/tracesdevoyages.com\/#\/schema\/person\/image\/","url":"https:\/\/secure.gravatar.com\/avatar\/89665a7661ade021f231fa4edee45d02595de0df2c6ac04037b09ce699dd6d89?s=96&d=mm&r=g","contentUrl":"https:\/\/secure.gravatar.com\/avatar\/89665a7661ade021f231fa4edee45d02595de0df2c6ac04037b09ce699dd6d89?s=96&d=mm&r=g","caption":"tracesdevoyages"},"url":"https:\/\/tracesdevoyages.com\/index.php\/author\/tracesdevoyages\/"}]}},"jetpack_featured_media_url":"https:\/\/i0.wp.com\/tracesdevoyages.com\/wp-content\/uploads\/2016\/04\/Angers-couverture.jpg?fit=2000%2C1328&ssl=1","jetpack_sharing_enabled":true,"_links":{"self":[{"href":"https:\/\/tracesdevoyages.com\/index.php\/wp-json\/wp\/v2\/posts\/116","targetHints":{"allow":["GET"]}}],"collection":[{"href":"https:\/\/tracesdevoyages.com\/index.php\/wp-json\/wp\/v2\/posts"}],"about":[{"href":"https:\/\/tracesdevoyages.com\/index.php\/wp-json\/wp\/v2\/types\/post"}],"author":[{"embeddable":true,"href":"https:\/\/tracesdevoyages.com\/index.php\/wp-json\/wp\/v2\/users\/2"}],"replies":[{"embeddable":true,"href":"https:\/\/tracesdevoyages.com\/index.php\/wp-json\/wp\/v2\/comments?post=116"}],"version-history":[{"count":4,"href":"https:\/\/tracesdevoyages.com\/index.php\/wp-json\/wp\/v2\/posts\/116\/revisions"}],"predecessor-version":[{"id":16720,"href":"https:\/\/tracesdevoyages.com\/index.php\/wp-json\/wp\/v2\/posts\/116\/revisions\/16720"}],"wp:featuredmedia":[{"embeddable":true,"href":"https:\/\/tracesdevoyages.com\/index.php\/wp-json\/wp\/v2\/media\/16579"}],"wp:attachment":[{"href":"https:\/\/tracesdevoyages.com\/index.php\/wp-json\/wp\/v2\/media?parent=116"}],"wp:term":[{"taxonomy":"category","embeddable":true,"href":"https:\/\/tracesdevoyages.com\/index.php\/wp-json\/wp\/v2\/categories?post=116"},{"taxonomy":"post_tag","embeddable":true,"href":"https:\/\/tracesdevoyages.com\/index.php\/wp-json\/wp\/v2\/tags?post=116"}],"curies":[{"name":"wp","href":"https:\/\/api.w.org\/{rel}","templated":true}]}}