{"id":11780,"date":"2018-02-25T12:00:29","date_gmt":"2018-02-25T11:00:29","guid":{"rendered":"http:\/\/tracesdevoyages.com\/?p=11780"},"modified":"2018-02-25T12:00:29","modified_gmt":"2018-02-25T11:00:29","slug":"article-collaboratif-les-plus-beaux-musees-deurope","status":"publish","type":"post","link":"https:\/\/tracesdevoyages.com\/index.php\/2018\/02\/25\/article-collaboratif-les-plus-beaux-musees-deurope\/","title":{"rendered":"Article Collaboratif: Les plus beaux Mus\u00e9es d&rsquo;Europe"},"content":{"rendered":"<p>Nous voici de retour avec un nouvel article collaboratif sur les plus beaux Mus\u00e9es d&rsquo;Europe avec 12 autres blogueurs voyage. Un autre article sur ceux \u00e0 travers le monde est \u00e9galement disponible!<\/p>\n<hr \/>\n\n<h4>Le Louvre (Paris, France) par Charlotte &amp; M. de <a href=\"https:\/\/tracesdevoyages.com\/\" target=\"_blank\" rel=\"noopener\">Traces de Voyages<\/a>:<\/h4>\n<p>C&rsquo;est un lieu qui fait r\u00eaver rien que par son nom. Plus grand mus\u00e9e d&rsquo;art et d&rsquo;antiquit\u00e9 au monde avec une surface d&rsquo;exposition de 72 735m\u00b2, cet ancien Palais Royal est une fiert\u00e9 pour Paris. De ses collections comprenant plus de 550 000 \u0153uvres, seulement 35 000 sont expos\u00e9es, attirant plus de 8 millions de visiteurs par an jusqu&rsquo;en 2015, ce qui en faisait le mus\u00e9e le plus visit\u00e9 au monde. Parmi elles, l&rsquo;on retrouve des antiquit\u00e9s orientales, \u00e9gyptiennes, grecques, \u00e9trusques et romaines, mais aussi, des objets d&rsquo;art, peintures, sculptures et arts graphiques. Son embl\u00e8me? Sa pyramide de verre construite entre 1985 et 1989 \u00e0 la demande du pr\u00e9sident Fran\u00e7ois Mitterrand. Longtemps controvers\u00e9e, elle est devenue avec le temps une des \u0153uvres les plus appr\u00e9ci\u00e9es du mus\u00e9e apr\u00e8s La Joconde et la V\u00e9nus de Milo! Si vous souhaitez visiter ce mus\u00e9e, pr\u00e9voyez plusieurs jours tant il y a \u00e0 voir&#8230; R\u00e9parties sur 5 niveaux (du -2 au 2\u00e8me \u00e9tage), les collections sont class\u00e9es par \u00e9poque, style et cat\u00e9gories. Mais son \u00e9tendue ne s&rsquo;arr\u00eate pas l\u00e0, certaines pi\u00e8ces se trouvent hors de ses murs, pr\u00eat\u00e9es \u00e0 d&rsquo;autres mus\u00e9es \u00e0 travers le monde ou encore mises en d\u00e9p\u00f4t. Deux autres mus\u00e9es satellites ont \u00e9galement \u00e9t\u00e9 cr\u00e9\u00e9s, l&rsquo;un dans la ville de Lens en France, l&rsquo;autre \u00e0 Abu Dhabi aux Emirats Arabes Unis. Avec ces deux autres carrefours de la culture, le mus\u00e9e n&rsquo;a pas fini d&rsquo;\u00e9merveiller ses visiteurs \u00e0 travers le monde.<\/p>\n<hr \/>\n\n<h4>Mus\u00e9um National d\u2019Histoire Naturelle (Paris, France) par Guillaume de <a href=\"https:\/\/routesphotographiques.com\/\" target=\"_blank\" rel=\"noopener\">Routes Photographiques<\/a>:<\/h4>\n<p>Le Museum d&rsquo;Histoire Naturelle compte parmi les endroits que je ch\u00e9ris \u00e0 Paris : parquets grin\u00e7ants, verri\u00e8res ouvrant sur le jardin des Plantes et splendides collections patiemment constitu\u00e9es au fil des si\u00e8cles. Non pas un mais des mus\u00e9es en r\u00e9alit\u00e9, tous incontournables pour les amoureux de la nature et de ses merveilles. Gros coup de foudre pour la Galerie de Pal\u00e9ontologie et son ambiance d&rsquo;un autre temps. Les grandes serres sont magnifiques et les animaux empaill\u00e9s de la Grande Galerie de l\u2019\u00c9volution finiront de s\u00e9duire petits et grands. Si les conservateurs tiennent \u00e0 conserver le charme d\u00e9suet des lieux, ils n\u2019h\u00e9sitent pour autant pas \u00e0 repenser r\u00e9guli\u00e8rement la sc\u00e9nographie\u00a0: des effets sonores et visuels simulent \u00e0 pr\u00e9sent la m\u00e9t\u00e9o dans certaines galeries, et les expositions temporaires s\u2019encha\u00eenent tout au long de l\u2019ann\u00e9e. En ce moment, on peut observer des m\u00e9t\u00e9orites\u2026 de quoi se sentir \u00e9mu devant ces bouts de roche extraterrestres vieux de millions d\u2019ann\u00e9es. J&rsquo;y reviens encore et encore, et plus encore en hiver, lorsque l&rsquo;ambiance froide colle \u00e0 merveille aux lieux. Le Jardin des Plantes est alors d\u00e9sert, blanchi de givre, contrastant avec la chaleur des pi\u00e8ces aux teintes chaudes.<\/p>\n<hr \/>\n\n<h4>Mus\u00e9e Soulages (Rodez, France) par Christel de <a href=\"https:\/\/routesphotographiques.com\/\" target=\"_blank\" rel=\"noopener\">Jet Lag Trip<\/a>:<\/h4>\n<p>Vous parler de l\u2019Aveyron, je pourrai le faire tous les jours. Mais comme le sujet est les mus\u00e9es qui m\u2019ont marqu\u00e9s, je ne pouvais pas passer \u00e0 c\u00f4t\u00e9 du Mus\u00e9e Soulages \u00e0 Rodez. Pour plusieurs raisons. D\u2019abord, il faut savoir que cette construction n\u2019a pas du tout fait l\u2019unanimit\u00e9 lorsque le maire de Rodez \u00e0 l\u2019\u00e9poque, Marc Censi a lanc\u00e9 ce projet. Des soup\u00e7ons de copinages entre haut pontes ont fait jaser. Et puis, il y avait aussi les vitraux de Conques qui n\u2019avaient pas vraiment convaincu les Aveyronnais du talent de l\u2019artiste. Bref, c\u2019\u00e9tait un peu le d\u00e9samour entre les deux parties. Et tr\u00e8s sinc\u00e8rement m\u00eame si j\u2019\u00e9tais gamine et que je n\u2019avais pas vraiment un point de vue marqu\u00e9 sur le sujet ni connaissant pas grand-chose en art, j\u2019avais trouv\u00e9 les vitraux de Conques vraiment pas adapt\u00e9s au lieu. Mais, comme il ne faut jamais juger les gens trop vite, j\u2019ai donc \u00e9t\u00e9 visiter le Mus\u00e9e Soulages \u00e0 la fin de sa construction. Et tr\u00e8s sinc\u00e8rement, j\u2019en suis rest\u00e9e sans voix. D\u2019abord, l\u2019architecture magistrale du b\u00e2timent donnait un v\u00e9ritable coup d\u2019\u00e9clat \u00e0 la ville o\u00f9 je suis n\u00e9e. Puis l\u2019int\u00e9rieur n\u2019\u00e9tait pas d\u00e9nou\u00e9 de sens. Au contraire, l\u2019impression est donn\u00e9e d\u2019\u00eatre pris en main par Soulages, en personne, qui vous fait d\u00e9couvrir son art. Au vrai sens du terme. A la fin de la visite, on en serait presque \u00e0 voir le monde en deux couleurs\u00a0: Soit blanc, soit noir. Le gris restant une couleur neutre. Depuis le Mus\u00e9e a convaincu, je l\u2019esp\u00e8re, les Aveyronnais et ses visiteurs puisque plus de 500\u00a0000 personnes ont \u00e9t\u00e9 visiter ce mus\u00e9e de toute splendeur.<\/p>\n<p>Cr\u00e9dits photo: <em>Mus\u00e9e Soulages (photo 1) et Agglom\u00e9ration de Rodez (photo 2)<\/em><\/p>\n<hr \/>\n\n<h4>Mus\u00e9e Vasa (Stockholm, Su\u00e8de) par Mathilde de <a href=\"https:\/\/voyagerenphotos.com\/\" target=\"_blank\" rel=\"noopener\">Voyager en Photos<\/a>:<\/h4>\n<p>Le mus\u00e9e Vasa \u00e0 Stockholm est un mus\u00e9e unique au monde\u00a0: il expose l\u2019un des seuls navires encore intact du XVII\u00e8me. L\u2019histoire de ce navire, le Vasa, est \u00e0 elle seule incroyable. Construit \u00e0 grand frais par le Royaume de Su\u00e8de, le navire coula dans le port de Stockholm lors de son voyage inaugural en 1628. Trop lourd avec ses 64 canons de fonte, il lui \u00e9tait impossible de naviguer. Retrouv\u00e9 dans les ann\u00e9es 1960, le navire vit l\u2019objet d\u2019une impressionnante campagne de sauvetage pour le ressortir de l\u2019eau et l\u2019impr\u00e9gner de poly\u00e9thyl\u00e8ne glycol pendant plusieurs ann\u00e9es pour permettre sa conservation. Le mus\u00e9e Vasa, ouvert en 1990, f\u00fbt construit sur mesure pour accueillir ce bateau hors norme. Dans le mus\u00e9e, on d\u00e9couvre \u00e0 la fois l\u2019histoire du bateau, de son sauvetage, mais \u00e9galement la vie \u00e0 bord de ce type de navire. Le mus\u00e9e est con\u00e7u de mani\u00e8re \u00e0 pouvoir admirer le bateau sous toutes les coutures, gr\u00e2ce \u00e0 diff\u00e9rentes plateformes. La poupe du navire est une v\u00e9ritable \u0153uvre d\u2019art, avec ses nombreuses sculptures repr\u00e9sentant diff\u00e9rents personnages et les armes du royaume de Su\u00e8de. On se sent vraiment tout petit devant une telle construction\u00a0! Il est l\u2019un des plus \u00e9tonnants mus\u00e9es de Su\u00e8de et l\u2019un des plus visit\u00e9 de Scandinavie. Un succ\u00e8s amplement m\u00e9rit\u00e9\u00a0pour ce mus\u00e9e qui f\u00fbt mon coup de c\u0153ur lors de mon city-trip \u00e0 Stockholm !<\/p>\n<p>Son article: <a href=\"https:\/\/voyagerenphotos.com\/2016\/09\/incontournables-visite-stockholm\/\" target=\"_blank\" rel=\"noopener\">Que faire \u00e0 Stockholm en 5 jours? Les visites et excursions incontournables<\/a><\/p>\n<hr \/>\n\n<h4>Mus\u00e9e Mercedes (Stuttgart, Allemagne) par Argone de <a href=\"https:\/\/atasteofmylife.fr\/\" target=\"_blank\" rel=\"noopener\">A Taste of My Life<\/a>:<\/h4>\n<p>C&rsquo;est un v\u00e9ritable voyage \u00e0 travers le temps que nous propose ce mus\u00e9e \u00e0 l&rsquo;architecture tr\u00e8s moderne aux allures de vaisseau spatial. Depuis le premier moteur \u00e0 explosion jusqu&rsquo;aux mod\u00e8les de v\u00e9hicule \u00e9lectrique et \u00e9conome en \u00e9nergie, on suit la marque Mercedes sur un parcours en colima\u00e7on depuis le dernier \u00e9tage du b\u00e2timent, jusqu&rsquo;au rez-de chauss\u00e9e, sur neuf niveaux et cinquante m\u00e8tres de haut, couvrant 130 ann\u00e9es\u00a0! \u00a0Nul besoin d\u2019\u00eatre passionn\u00e9 de voitures ou m\u00e9canique, on est facilement fascin\u00e9 par ces bolides rutilants, par le design du mus\u00e9e qui nous apprend aussi sur le contexte de chaque \u00e9poque. Ma pr\u00e9f\u00e9rence va aux mod\u00e8les des ann\u00e9es cinquante, certes assez \u00e9normes mais avec une classe folle \u2026 on peut aussi monter dans un autobus qui a transport\u00e9 des \u00e9quipes de football allemandes, dans la partie du mus\u00e9e qui expose les v\u00e9hicules de transport en commun ou utilitaires\u00a0: papamobile, ambulance, v\u00e9hicules de pompiers &#8230; L&rsquo;entr\u00e9e n&rsquo;est pas tr\u00e8s ch\u00e8re (environ huit euros pour un adulte) et on en a largement pour son argent (audio guide gratuit) ; on peut choisir aussi une visite avec un guide pour une dur\u00e9e de 2 heures environ (5 euros). Le mus\u00e9e est par ailleurs bien \u00e9quip\u00e9 aussi en \u00e9l\u00e9ments interactifs et il y a m\u00eame un syst\u00e8me de simulation de conduite (h\u00e9las en maintenance jusqu&rsquo;au mois de mars).<\/p>\n<p>Son article: <a href=\"https:\/\/atasteofmylife.fr\/2013\/04\/10\/stuttgart-musee-mercedes\/\" target=\"_blank\" rel=\"noopener\">Stuttgart: Mus\u00e9e Mercedes<\/a><\/p>\n<hr \/>\n\n<h4>Le KHM (Vienne, Autriche) par Marie de <a href=\"http:\/\/www.toujoursetreailleurs.com\/\" target=\"_blank\" rel=\"noopener\">Toujours \u00catre Ailleurs<\/a>:<\/h4>\n<p>Le mus\u00e9e de l&rsquo;histoire de l&rsquo;art de Vienne est peut-\u00eatre le plus beau mus\u00e9e que j&rsquo;ai eu la chance de visiter. Il y a bien s\u00fbr ses collections prestigieuses\u00a0: les antiquit\u00e9s \u00e9gyptiennes, les diverses \u00e9coles de peintures du XVe au XVIIIe si\u00e8cle, ou encore l&rsquo;incroyable cabinet d&rsquo;art, le Kunstkammer, une formidable collection de plus de deux mille objets pr\u00e9cieux aussi divers qu&rsquo;improbables parfois, rassembl\u00e9s par les Habsbourg. Car saviez-vous que le Kunsthistorisches Museum (abr\u00e9geons-le en KHM pour gagner du temps) est l&rsquo;un des plus vieux mus\u00e9es d&rsquo;art du monde\u00a0? Quand il ouvre en 1891, c&rsquo;est directement en tant que mus\u00e9e\u00a0: sa construction fut ordonn\u00e9e par l&#8217;empereur Fran\u00e7ois-Joseph pour remplir cette fonction et accueillir tout ce que sa famille a accumul\u00e9 au fil des si\u00e8cles. Situ\u00e9 de l&rsquo;autre c\u00f4t\u00e9 du Ring, au niveau de la Neue Burg, il fait face \u00e0 son jumeau, le mus\u00e9e d&rsquo;histoire naturelle. La vue, depuis la place Marie-Th\u00e9r\u00e8se qui s\u00e9pare les deux b\u00e2timents, est saisissante. Car le KHM est aussi le plus beau mus\u00e9e que j&rsquo;ai eu la chance de visiter de par son architecture, ext\u00e9rieure \u00e9videmment avec sa longue fa\u00e7ade et son d\u00f4me central culminant \u00e0 soixante m\u00e8tres, mais surtout int\u00e9rieure\u00a0: son hall d&rsquo;entr\u00e9e et son aper\u00e7u furtif du d\u00f4me, son escalier d&rsquo;honneur, ses marbres, ses peintures murales (dont tout un cycle peint par Gustav Klimt), son caf\u00e9 sous la coupole (renversant\u00a0!) et ses diff\u00e9rentes galeries, l&rsquo;\u00e9crin qui abrite autant de chefs-d\u2019\u0153uvre d&rsquo;art leur ravirait presque la vedette\u00a0! C&rsquo;est vraiment un plaisir de que d\u00e9ambuler de collection en collection et admirer le mus\u00e9e sous des angles toujours diff\u00e9rents. L&rsquo;un de mes endroits pr\u00e9f\u00e9r\u00e9s\u00a0? Au dernier \u00e9tage, en surplomb du caf\u00e9\u00a0: on est aux premi\u00e8res loges pour admirer les d\u00e9corations et sculptures dans les hauteurs\u00a0! Ses collections sont tellement denses qu&rsquo;une seule visite ne permettra que de les effleurer\u00a0: ce n&rsquo;est pas pour rien si j&rsquo;investis chaque ann\u00e9e dans le pass annuel, me permettant de revenir admirer ce bijou n\u00e9o-baroque quand l&rsquo;envie m&rsquo;en prend\u00a0!<\/p>\n<hr \/>\n\n<h4>Maison de la Terreur (Budapest, Hongrie) par Marion de <a href=\"https:\/\/sauvazine.com\/\" target=\"_blank\" rel=\"noopener\">Sauvazine<\/a>:<\/h4>\n<p>Le\u00a0Mus\u00e9e de la Terreur\u00a0n\u2019est pas un mus\u00e9e classique, il fait partie de ces lieux qui laissent une trace dans la m\u00e9moire des visiteurs. D\u00e9couvrir une page de\u00a0l\u2019histoire de la Hongrie\u00a0que l\u2019on connait peu\u00a0entre 1944 et 1956, des\u00a0fascistes hongrois alli\u00e9s aux Nazis suivi de l\u2019occupation sovi\u00e9tique avec l\u2019insurrection de Budapest. C\u2019est ici m\u00eame, dans ce b\u00e2timent au 60 de la rue Andrassy que fut install\u00e9 l\u2019ancien si\u00e8ge des\u00a0Croix fl\u00e9ch\u00e9es puis le si\u00e8ge de la police politique communiste (dont une prison dans les sous-sols) pour finalement \u00eatre\u00a0transform\u00e9 en un mus\u00e9e peu commun en 2002 apr\u00e8s 46 ans de silence.\u00a0La\u00a0sc\u00e9nographie de ce lieu a \u00e9t\u00e9 minutieusement travaill\u00e9e\u00a0comme j\u2019en ai rarement vu. Un univers diff\u00e9rent pour chaque pi\u00e8ce, qui va de la d\u00e9coration du sol au plafond, de la musique, des extraits de films immersifs. Nous traversons un labyrinthe qui montre l\u2019absurdit\u00e9 de l\u2019\u00e9conomie planifi\u00e9e, ou encore nous prenons un ascenseur qui nous descend tr\u00e8s lentement dans les\u00a0sous-sols en diffusant un film sur les bourreaux et les horreurs qui ont eu lieu ici m\u00eame. Ce ne sera pas le mus\u00e9e le plus dr\u00f4le que vous ferez, l\u2019ambiance est pesante, l\u2019\u00e9motion est palpable sans pour autant tomber dans le pathos.<\/p>\n<p>Son article: <a href=\"https:\/\/sauvazine.com\/journee-a-budapest-hiver\/\" target=\"_blank\" rel=\"noopener\">Une journ\u00e9e \u00e0 Budapest en hiver<\/a><\/p>\n<hr \/>\n\n<h4>Mus\u00e9e d\u2019Histoire Naturelle (Berne, Suisse) par St\u00e9phanie de <a href=\"http:\/\/carnets-de-terre-et-mer.com\/\" target=\"_blank\" rel=\"noopener\">Carnets de Terre et Mer<\/a>:<\/h4>\n<p>\u00c0 seulement quelques pas du centre historique de Berne, se cache au-del\u00e0 d\u2019un pont, son magnifique Mus\u00e9e d\u2019Histoire Naturelle, faisant partie des mus\u00e9es les plus importants de Suisse.<br \/>\nSon architecture, sa d\u00e9coration moderne et \u00e9pur\u00e9e mettent ses tr\u00e8s belles collections en valeur : Des esp\u00e8ces rares d\u2019animaux naturalis\u00e9s mis en sc\u00e8ne dans leur habitat d\u2019origine ou dans des sc\u00e8nes de vie sont r\u00e9partis sur plusieurs \u00e9tages et par provenance (savane, banquise, for\u00eat\u2026);\u00a0 De tr\u00e8s beaux squelettes reconstitu\u00e9s d\u2019esp\u00e8ces peu communes et de toutes tailles ainsi qu\u2019un dinosaure se trouvent aux \u00e9tages sup\u00e9rieurs; Au sous-sol, toujours dans une atmosph\u00e8re tamis\u00e9e, de l\u00e9gers bruits de fond accompagnent l\u2019incroyable collection de cristaux (dont certains sont gigantesques !); Un film est \u00e9galement projet\u00e9 en plusieurs langues dans une petite salle, et vous explique comment les cristaux sont ramen\u00e9s \u00e0 la surface. Le sujet de le vie et la mort sont aussi abord\u00e9s dans 2 salles c\u00f4te \u00e0 c\u00f4te, avec sous nos pieds un petit aper\u00e7u de ce \u00e0 quoi ressemblent les r\u00e9serves des mus\u00e9es, de leur contenu, et de leur stockage. Ceci n\u2019est qu\u2019un minuscule aper\u00e7u de ce que contient le mus\u00e9e et ses 5100 m\u00b2 de surface d\u2019exposition ! Certaines de ses pi\u00e8ces sont uniques en Europe, et c\u2019est pourquoi je vous recommande vivement d\u2019y passer au moins 2 bonnes heures. Prenez le temps de regarder la finesse du travail effectu\u00e9, les d\u00e9tails, cherchez par exemple la diff\u00e9rence entre un rhinoc\u00e9ros blanc et un rhinoc\u00e9ros noir ! \u00c9merveillez-vous devant l\u2019incroyable vari\u00e9t\u00e9 d\u2019oiseaux que vous allez y d\u00e9couvrir ! Allez-y les yeux ferm\u00e9s (ou presque) vous ne serez pas d\u00e9\u00e7us, c\u2019est promis !<\/p>\n<p>Son article: <a href=\"http:\/\/carnets-de-terre-et-mer.com\/index.php\/2018\/01\/14\/road-trip-hivernal-suisse\/\" target=\"_blank\" rel=\"noopener\">[Extraits et Citation] Road Trip hivernal &#8211; Suisse<\/a><\/p>\n<hr \/>\n\n<h4>Le Prado (Madrid, Espagne) par Isa de <a href=\"https:\/\/www.voyageenbeaute.com\/\" target=\"_blank\" rel=\"noopener\">Voyage en Beaut\u00e9<\/a>:<\/h4>\n<p>Passer quelques jours \u00e0 Madrid sans visiter le mus\u00e9e du Prado ou le Reina Sofia, c\u2019est un peu comme aller \u00e0 Paris sans aller faire un coucou \u00e0 la Tour Eiffel ou au Louvre\u2026 Le mus\u00e9e National du Prado a \u00e9t\u00e9 inaugur\u00e9 en 1819 et abrite aujourd&rsquo;hui des chefs-d&rsquo;\u0153uvre des \u00e9coles espagnoles, italiennes et flamandes, une pr\u00e9cieuse collection de quelque 8\u00a0600 toiles et plus de 700 sculptures. L\u2019entr\u00e9e g\u00e9n\u00e9rale est \u00e0 15\u20ac mais la bonne nouvelle et le super bon plan, c\u2019est que l\u2019entr\u00e9e est gratuite tous les soirs 2h avant la fermeture (de 18h \u00e0 20h) ! La file d\u2019attente peut-\u00eatre impressionnante mais \u00e7a va vite et on se retrouve tr\u00e8s rapidement \u00e0 l\u2019int\u00e9rieur. Comme notre appartement \u00e9tait situ\u00e9 \u00e0 quelques pas du Paseo del Prado, nous en avons donc tr\u00e8s largement profit\u00e9 en nous y rendant \u00e0 4 reprises et ce n&rsquo;\u00e9tait pas de trop ! Pour \u00eatre s\u00fbr de ne pas passer \u00e0 c\u00f4t\u00e9 des incontournables tels que \u00ab\u00a0les Menines\u00a0\u00bb de Velazquez, \u00ab\u00a0el 3 de mayo\u00a0\u00bb de Goya, \u00ab\u00a0les trois gr\u00e2ces\u00a0\u00bb de Rubens, \u00ab\u00a0le jardin des d\u00e9lices\u00a0\u00bb de Bosch ou encore \u00ab\u00a0le Cardinal\u00a0\u00bb de Rafael\u2026 nous nous \u00e9tions procur\u00e9 gratuitement \u00e0 l&rsquo;entr\u00e9e du mus\u00e9e une cartographie des \u0153uvres majeures. Petite astuce de voyageur que nous appliquons aussi bien aux mus\u00e9es, qu&rsquo;aux monuments etc. : commencer la visite par la fin, ainsi vous vous retrouverez \u00e0 contre-courant et aurez certaines \u0153uvres pour vous tout seul !\u00a0 Attention si vous souhaitez admirer les \u0153uvres de Picasso dont l\u2019incontournable Guernica, il vous faudra vous rendre au Mus\u00e9e Reina Sofia \u00e0 quelques pas du Prado.<\/p>\n<p>Son article: <a href=\"https:\/\/www.voyageenbeaute.com\/grand-week-end-a-madrid\/\" target=\"_blank\" rel=\"noopener\">Un grand weekend \u00e0 Madrid<\/a><\/p>\n<hr \/>\n\n<h4>Museo del Romanticismo (Madrid, Espagne) par Sania de <a href=\"https:\/\/nomadista.fr\/\" target=\"_blank\" rel=\"noopener\">Nomadista<\/a>:<\/h4>\n<p><span style=\"font-weight: 400;\">Le mus\u00e9e du romantisme \u00e0 Madrid est une merveille qu\u2019il faut absolument visiter ! Moins connu que les autres mus\u00e9es de la ville, cette maison regorge d\u2019objets qui t\u00e9moignent de la vie luxueuse des bourgeois du 19\u00e8me si\u00e8cle. Le mouvement romantique est apparu \u00e0 cette \u00e9poque en Europe, et le mus\u00e9e du romantisme est une immersion parfaite dans cet univers si particulier.\u00a0<\/span><span style=\"font-weight: 400;\">La maison comporte plusieurs pi\u00e8ces richement d\u00e9cor\u00e9es ; tapis, meubles, lustres, vaisselles en porcelaine. Tout est beau, grand et clinquant : le bling bling de l\u2019\u00e9poque ! On se ballade avec plaisir et \u00e9merveillement entre les boudoirs, les magnifiques salles de r\u00e9ception, les enfilades et couloirs. Chaque pi\u00e8ce a une d\u00e9coration particuli\u00e8re avec une couleur dominante : rose, vert, bleu .. Les ambiances qui se d\u00e9gagent sont toutes tr\u00e8s diff\u00e9rentes d\u2019un coin \u00e0 l\u2019autre et la visite n\u2019est pas monotone.\u00a0<\/span><span style=\"font-weight: 400;\">Pour les plus curieux, un livret en fran\u00e7ais est fourni pour avoir des informations sur les diff\u00e9rentes pi\u00e8ces de la maison et les objets qui y tr\u00f4nent. L\u2019entr\u00e9e est gratuite le weekend, et il faut compter un peu moins d\u2019une heure pour arpenter tous les recoins du mus\u00e9e et les photos sont autoris\u00e9es (de quoi garder de jolis souvenirs !).\u00a0<\/span><span style=\"font-weight: 400;\">Le mus\u00e9e du romantisme est une belle exp\u00e9rience \u00e0 vivre \u00e0 Madrid, que l\u2019on soit amateur de mus\u00e9e ou non. C\u2019est une mani\u00e8re diff\u00e9rente de d\u00e9couvrir un autre aspect de la culture espagnole et une autre \u00e9poque ! Je recommande vivement cette visite pour se d\u00e9tendre et admirer de jolies choses. Ayant visit\u00e9 plusieurs mus\u00e9es \u00e0 Madrid, celui ci reste l\u2019un de mes pr\u00e9f\u00e9r\u00e9s.<\/span><\/p>\n<hr \/>\n\n<h4>Mus\u00e9e National de l\u2019Azulejo (Lisbonne, Portugal) par Harmonie de <a href=\"https:\/\/lexploraterre.net\/\" target=\"_blank\" rel=\"noopener\">l&rsquo;Exploraterre<\/a>:<\/h4>\n<p>Impossible d&rsquo;\u00e9voquer le Portugal sans parler des azulejos, cette tradition h\u00e9rit\u00e9e des Maures qui consiste \u00e0 peindre de petits carreaux de fa\u00efences puis \u00e0 en faire d&rsquo;incroyables fresques. C&rsquo;est un art omnipr\u00e9sent dans la culture portugaise que l&rsquo;on retrouve sur les fa\u00e7ades des immeubles ou des \u00e9glises, \u00e0 l&rsquo;int\u00e9rieur des monuments ou des habitations et m\u00eame sur le mobilier! En poussant les portes du\u00a0mus\u00e9e National de l&rsquo;Azulejo de Lisbonne, vous aurez\u00a0l&rsquo;opportunit\u00e9 de\u00a0percer les secrets de ce\u00a0savoir-faire. Le mus\u00e9e a investi l&rsquo;ancien couvent de Madre de Deus pour y exposer la plus grande collection d&rsquo;Azulejos du Portugal. Nous permettant ainsi de\u00a0partir \u00e0 la d\u00e9couverte de l&rsquo;histoire, des techniques de fabrication et de l&rsquo;\u00e9volution des motifs des azulejos \u00e0 travers les diff\u00e9rentes \u00e9poques. En tout, ce sont plus de 7000 petits carreaux de fa\u00efence aux dessins mauresques, mythologiques, historiques, romantiques ou religieux que vous pourrez d\u00e9couvrir sur trois \u00e9tages\u00a0qui s&rsquo;articulent autour du clo\u00eetre du 16\u00e8me si\u00e8cle.\u00a0Le parcours vous conduira \u00e9galement \u00e0 l&rsquo;int\u00e9rieur de\u00a0l&rsquo;\u00e9glise Madre de Deus. Une salle \u00e0 part enti\u00e8re\u00a0du mus\u00e9e, o\u00f9 l&rsquo;on p\u00e9n\u00e8tre avec surprise pour admirer\u00a0de grands panneaux\u00a0d&rsquo;azulejos hollandais qui contrastent avec un d\u00e9cor baroque couvert de dorures et\u00a0se m\u00e9langent \u00e0 une\u00a0galerie de peintures qui courent des murs au plafond. L&rsquo;endroit est vraiment impressionnant! Parmi sa collection, le mus\u00e9e conserve aussi une\u00a0spectaculaire fresque de 25 m\u00e8tres qui repr\u00e9sente une vue panoramique de Lisbonne avant le tremblement de terre d\u00e9vastateur de 1755. Un t\u00e9moignage historique fort, du pass\u00e9 de la ville. Bien qu&rsquo;il soit un peu \u00e9loign\u00e9 du centre, ce mus\u00e9e vaut le d\u00e9tour pour son cadre\u00a0surprenant et la qualit\u00e9 de ses \u0153uvres. Je vous\u00a0invite donc vraiment a y consacrer un peu de temps lors de votre\u00a0voyage \u00e0 Lisbonne. Prix d&rsquo;entr\u00e9e: 5\u20ac.<\/p>\n<hr \/>\n\n<h4>Mus\u00e9es du Vatican (Rome, Italie) par Roman de <a href=\"https:\/\/www.les-bons-plans-de-rome.com\/\" target=\"_blank\" rel=\"noopener\">Les Bons Plans de Rome<\/a>:<\/h4>\n<p><span style=\"font-weight: 400;\">Les Mus\u00e9es du Vatican Rome n\u2019ont rien \u00e0 envier au Louvre \u00e0 Paris : Vous n\u2019y verrez peut-\u00eatre pas la Joconde, mais vous pourrez y admirer de nombreuses autres \u0153uvres de Leonardo da Vinci. Et surtout, sachez que le complexe des Mus\u00e9es du Vatican (un ensemble de 14 mus\u00e9es) renferme \u00e9galement les Chambres de Rapha\u00ebl et la fameuse Chapelle Sixtine, o\u00f9 sont \u00e9lus les papes. La fum\u00e9e blanche que vous voyez lors de l\u2019\u00e9lection d\u2019un pape, elle vient de l\u00e0\u00a0! Jetez un coup d\u2019\u0153il au plafond quand vous visiterez la Chapelle Sixtine. Vous pourrez y apercevoir la mystique sc\u00e8ne de la \u201eCr\u00e9ation d\u2019Adam\u201c (Dieu qui essaye de toucher le doigt d\u2019Adam &#8211; ou l\u2019inverse, qui sait !), peinte par Rapha\u00ebl.\u00a0<\/span><span style=\"font-weight: 400;\">Les Mus\u00e9es du Vatican sont des mus\u00e9es aussi divers que vari\u00e9s : Vous pourrez aussi bien y admirer d\u2019anciennes toiles de ma\u00eetres que des \u0153uvres d\u2019arts r\u00e9centes. En effet, il existe une section d\u00e9di\u00e9e \u00e0 l\u2019art moderne, qu\u2019il faut absolument visiter. Beaucoup de visiteurs font l\u2019impasse sur cette partie des Mus\u00e9es, qui pourtant est une des plus int\u00e9ressantes. Et si vous voulez vous en mettre plein la vue, ne manquez l\u2019escalier de Bramante (\u00e0 double h\u00e9lice) ou faites un tour dans la Galerie des Cartes, impressionnante de par sa longueur et les dizaines de cartes anciennes qu\u2019elle contient\u00a0!<\/span><\/p>\n<hr \/>\n\n<h4>Mus\u00e9e des Offices (Florence, Italie) par Sol\u00e8ne de <a href=\"https:\/\/www.mylittleroad.com\/\" target=\"_blank\" rel=\"noopener\">My Little Road<\/a>:<\/h4>\n<p>Florence est une ville mondialement connue pour ses nombreux mus\u00e9es et si vous y passez seulement quelques jours vous devrez forc\u00e9ment faire un choix. La Galerie des Offices (Galleria degli Uffizi en\u00a0italien\u00a0) me parait un incontournable \u00e0 ne rater sous aucun pr\u00e9texte tant pour le lieu que pour la collection extraordinaire de peintures de la Renaissance italienne. A l\u2019origine, le palais en forme de U a \u00e9t\u00e9 construit dans les ann\u00e9es 1560 pour abriter les bureaux administratifs de la famille M\u00e9decis avant de se transformer en mus\u00e9e. Deux immenses galeries de plus de 8000 m2 sont reli\u00e9es par un petit couloir qui offre une vue magnifique sur le fleuve Arno et le Ponte Vecchio. A l\u2019int\u00e9rieur du mus\u00e9e, les \u0153uvres sont pr\u00e9sent\u00e9es dans l\u2019ordre chronologique ce qui permet de s\u2019y retrouver facilement et de mieux appr\u00e9cier l\u2019\u00e9volution graduelle des styles de peinture. Niveau visite, je vous conseille de vous concentrer sur quelques p\u00e9riodes et\/ou peintres sous peine d\u2019y passer des journ\u00e9es enti\u00e8res. J\u2019ai particuli\u00e8rement aim\u00e9 les deux tableaux de Botticelli \u00ab\u00a0la naissance de Venus\u00a0\u00bb et \u00ab\u00a0le Printemps\u00a0\u00bb ainsi que ceux de L\u00e9onard de Vinci et Rapha\u00ebl. La Galerie des offices est l\u2019un des mus\u00e9es les plus visit\u00e9s au monde et quelque soit la p\u00e9riode de l\u2019ann\u00e9e il y aura forc\u00e9ment du monde. Cependant pour r\u00e9duire consid\u00e9rablement le temps d\u2019attente, il est possible de r\u00e9server les billets d\u2019entr\u00e9e en ligne en choisissant \u00e0 l\u2019avance un jour et un cr\u00e9neau horaire.<\/p>\n<p>Son article: <a href=\"https:\/\/www.mylittleroad.com\/2018\/02\/5-jours-de-road-trip-en-toscane\/\" target=\"_blank\" rel=\"noopener\">5 jours de Road Trip en Toscane<\/a><\/p>\n<hr \/>\n<p><em>Cet article vous a plu? Ne manquez pas celui sur <a href=\"https:\/\/tracesdevoyages.com\/2018\/03\/04\/article-collaboratif-plus-beaux-musees-monde\/\" target=\"_blank\" rel=\"noopener\">les plus beaux Mus\u00e9es du Monde<\/a>! Vous \u00eates blogueur voyage? <a href=\"https:\/\/tracesdevoyages.com\/contact-2\/\" target=\"_blank\" rel=\"noopener\">Contactez-nous<\/a> si vous souhaitez participer \u00e0 nos prochains articles!<\/em><\/p>\n","protected":false},"excerpt":{"rendered":"<p>Nous voici de retour avec un nouvel article collaboratif sur les plus beaux Mus\u00e9es d&rsquo;Europe avec 12 autres blogueurs voyage. Un autre article sur ceux \u00e0 travers le monde est \u00e9galement disponible! Le Louvre (Paris, France) par Charlotte &amp; M. de Traces de Voyages: C&rsquo;est un lieu qui fait r\u00eaver rien que par son nom. Plus grand mus\u00e9e d&rsquo;art et d&rsquo;antiquit\u00e9 au monde avec une surface d&rsquo;exposition de 72 735m\u00b2, cet ancien Palais Royal est une fiert\u00e9 pour Paris. De ses collections comprenant plus de 550 000 \u0153uvres, seulement 35 000 sont expos\u00e9es, attirant plus de 8 millions de visiteurs par an jusqu&rsquo;en 2015, ce qui en faisait le mus\u00e9e le plus visit\u00e9 au monde. Parmi elles, l&rsquo;on retrouve des antiquit\u00e9s orientales, \u00e9gyptiennes, grecques, \u00e9trusques et romaines, mais aussi, des objets d&rsquo;art, peintures, sculptures et arts graphiques. Son embl\u00e8me? Sa pyramide de verre construite entre 1985 et 1989 \u00e0 la demande du pr\u00e9sident Fran\u00e7ois Mitterrand. Longtemps controvers\u00e9e, elle est devenue avec le temps une des \u0153uvres les plus appr\u00e9ci\u00e9es du mus\u00e9e apr\u00e8s La Joconde et la V\u00e9nus de Milo! Si vous souhaitez visiter ce mus\u00e9e, pr\u00e9voyez plusieurs jours tant il y a \u00e0 voir&#8230; R\u00e9parties sur 5 niveaux (du -2 au 2\u00e8me \u00e9tage), les collections sont class\u00e9es par \u00e9poque, style et cat\u00e9gories. Mais son \u00e9tendue ne s&rsquo;arr\u00eate pas l\u00e0, certaines pi\u00e8ces se trouvent hors de ses murs, pr\u00eat\u00e9es \u00e0 d&rsquo;autres mus\u00e9es \u00e0 travers le monde ou encore mises en d\u00e9p\u00f4t. Deux autres mus\u00e9es satellites ont \u00e9galement \u00e9t\u00e9 cr\u00e9\u00e9s, l&rsquo;un dans la ville de Lens en France, l&rsquo;autre \u00e0 Abu Dhabi aux Emirats Arabes Unis. Avec ces deux autres carrefours de la culture, le mus\u00e9e n&rsquo;a pas fini d&rsquo;\u00e9merveiller ses visiteurs \u00e0 travers le monde. Mus\u00e9um National d\u2019Histoire Naturelle (Paris, France) par Guillaume de Routes Photographiques: Le Museum d&rsquo;Histoire Naturelle compte parmi les endroits que je ch\u00e9ris \u00e0 Paris : parquets grin\u00e7ants, verri\u00e8res ouvrant sur le jardin des Plantes et splendides collections patiemment constitu\u00e9es au fil des si\u00e8cles. Non pas un mais des mus\u00e9es en r\u00e9alit\u00e9, tous incontournables pour les amoureux de la nature et de ses merveilles. Gros coup de foudre pour la Galerie de Pal\u00e9ontologie et son ambiance d&rsquo;un autre temps. Les grandes serres sont magnifiques et les animaux empaill\u00e9s de la Grande Galerie de l\u2019\u00c9volution finiront de s\u00e9duire petits et grands. Si les conservateurs tiennent \u00e0 conserver le charme d\u00e9suet des lieux, ils n\u2019h\u00e9sitent pour autant pas \u00e0 repenser r\u00e9guli\u00e8rement la sc\u00e9nographie\u00a0: des effets sonores et visuels simulent \u00e0 pr\u00e9sent la m\u00e9t\u00e9o dans certaines galeries, et les expositions temporaires s\u2019encha\u00eenent tout au long de l\u2019ann\u00e9e. En ce moment, on peut observer des m\u00e9t\u00e9orites\u2026 de quoi se sentir \u00e9mu devant ces bouts de roche extraterrestres vieux de millions d\u2019ann\u00e9es. J&rsquo;y reviens encore et encore, et plus encore en hiver, lorsque l&rsquo;ambiance froide colle \u00e0 merveille aux lieux. Le Jardin des Plantes est alors d\u00e9sert, blanchi de givre, contrastant avec la chaleur des pi\u00e8ces aux teintes chaudes. Mus\u00e9e Soulages (Rodez, France) par Christel de Jet Lag Trip: Vous parler de l\u2019Aveyron, je pourrai le faire tous les jours. Mais comme le sujet est les mus\u00e9es qui m\u2019ont marqu\u00e9s, je ne pouvais pas passer \u00e0 c\u00f4t\u00e9 du Mus\u00e9e Soulages \u00e0 Rodez. Pour plusieurs raisons. D\u2019abord, il faut savoir que cette construction n\u2019a pas du tout fait l\u2019unanimit\u00e9 lorsque le maire de Rodez \u00e0 l\u2019\u00e9poque, Marc Censi a lanc\u00e9 ce projet. Des soup\u00e7ons de copinages entre haut pontes ont fait jaser. Et puis, il y avait aussi les vitraux de Conques qui n\u2019avaient pas vraiment convaincu les Aveyronnais du talent de l\u2019artiste. Bref, c\u2019\u00e9tait un peu le d\u00e9samour entre les deux parties. Et tr\u00e8s sinc\u00e8rement m\u00eame si j\u2019\u00e9tais gamine et que je n\u2019avais pas vraiment un point de vue marqu\u00e9 sur le sujet ni connaissant pas grand-chose en art, j\u2019avais trouv\u00e9 les vitraux de Conques vraiment pas adapt\u00e9s au lieu. Mais, comme il ne faut jamais juger les gens trop vite, j\u2019ai donc \u00e9t\u00e9 visiter le Mus\u00e9e Soulages \u00e0 la fin de sa construction. Et tr\u00e8s sinc\u00e8rement, j\u2019en suis rest\u00e9e sans voix. D\u2019abord, l\u2019architecture magistrale du b\u00e2timent donnait un v\u00e9ritable coup d\u2019\u00e9clat \u00e0 la ville o\u00f9 je suis n\u00e9e. Puis l\u2019int\u00e9rieur n\u2019\u00e9tait pas d\u00e9nou\u00e9 de sens. Au contraire, l\u2019impression est donn\u00e9e d\u2019\u00eatre pris en main par Soulages, en personne, qui vous fait d\u00e9couvrir son art. Au vrai sens du terme. A la fin de la visite, on en serait presque \u00e0 voir le monde en deux couleurs\u00a0: Soit blanc, soit noir. Le gris restant une couleur neutre. Depuis le Mus\u00e9e a convaincu, je l\u2019esp\u00e8re, les Aveyronnais et ses visiteurs puisque plus de 500\u00a0000 personnes ont \u00e9t\u00e9 visiter ce mus\u00e9e de toute splendeur. Cr\u00e9dits photo: Mus\u00e9e Soulages (photo 1) et Agglom\u00e9ration de Rodez (photo 2) Mus\u00e9e Vasa (Stockholm, Su\u00e8de) par Mathilde de Voyager en Photos: Le mus\u00e9e Vasa \u00e0 Stockholm est un mus\u00e9e unique au monde\u00a0: il expose l\u2019un des seuls navires encore intact du XVII\u00e8me. L\u2019histoire de ce navire, le Vasa, est \u00e0 elle seule incroyable. Construit \u00e0 grand frais par le Royaume de Su\u00e8de, le navire coula dans le port de Stockholm lors de son voyage inaugural en 1628. Trop lourd avec ses 64 canons de fonte, il lui \u00e9tait impossible de naviguer. Retrouv\u00e9 dans les ann\u00e9es 1960, le navire vit l\u2019objet d\u2019une impressionnante campagne de sauvetage pour le ressortir de l\u2019eau et l\u2019impr\u00e9gner de poly\u00e9thyl\u00e8ne glycol pendant plusieurs ann\u00e9es pour permettre sa conservation. Le mus\u00e9e Vasa, ouvert en 1990, f\u00fbt construit sur mesure pour accueillir ce bateau hors norme. Dans le mus\u00e9e, on d\u00e9couvre \u00e0 la fois l\u2019histoire du bateau, de son sauvetage, mais \u00e9galement la vie \u00e0 bord de ce type de navire. Le mus\u00e9e est con\u00e7u de mani\u00e8re \u00e0 pouvoir admirer le bateau sous toutes les coutures, gr\u00e2ce \u00e0 diff\u00e9rentes plateformes. La poupe du navire est une v\u00e9ritable \u0153uvre d\u2019art, avec ses nombreuses sculptures repr\u00e9sentant diff\u00e9rents personnages et les armes du royaume de Su\u00e8de. On se sent vraiment tout petit devant une telle construction\u00a0! Il est l\u2019un des plus \u00e9tonnants mus\u00e9es de Su\u00e8de et l\u2019un des plus visit\u00e9 de Scandinavie. Un succ\u00e8s amplement m\u00e9rit\u00e9\u00a0pour ce mus\u00e9e qui f\u00fbt mon coup de c\u0153ur lors de mon city-trip \u00e0 Stockholm ! Son article: Que faire \u00e0 Stockholm en 5 jours? Les visites et excursions incontournables Mus\u00e9e Mercedes (Stuttgart, Allemagne) par Argone de A Taste of My Life: C&rsquo;est un v\u00e9ritable voyage \u00e0 travers le temps que nous propose ce mus\u00e9e \u00e0 l&rsquo;architecture tr\u00e8s moderne aux allures de vaisseau spatial. Depuis le premier moteur \u00e0 explosion jusqu&rsquo;aux mod\u00e8les de v\u00e9hicule \u00e9lectrique et \u00e9conome en \u00e9nergie, on suit la marque Mercedes sur un parcours en colima\u00e7on depuis le dernier \u00e9tage du b\u00e2timent, jusqu&rsquo;au rez-de chauss\u00e9e, sur neuf niveaux et cinquante m\u00e8tres de haut, couvrant 130 ann\u00e9es\u00a0! \u00a0Nul besoin d\u2019\u00eatre passionn\u00e9 de voitures ou m\u00e9canique, on est facilement fascin\u00e9 par ces bolides rutilants, par le design du mus\u00e9e qui nous apprend aussi sur le contexte de chaque \u00e9poque. Ma pr\u00e9f\u00e9rence va aux mod\u00e8les des ann\u00e9es cinquante, certes assez \u00e9normes mais avec une classe folle \u2026 on peut aussi monter dans un autobus qui a transport\u00e9 des \u00e9quipes de football allemandes, dans la partie du mus\u00e9e qui expose les v\u00e9hicules de transport en commun ou utilitaires\u00a0: papamobile, ambulance, v\u00e9hicules de pompiers &#8230; L&rsquo;entr\u00e9e n&rsquo;est pas tr\u00e8s ch\u00e8re (environ huit euros pour un adulte) et on en a largement pour son argent (audio guide gratuit) ; on peut choisir aussi une visite avec un guide pour une dur\u00e9e de 2 heures environ (5 euros). Le mus\u00e9e est par ailleurs bien \u00e9quip\u00e9 aussi en \u00e9l\u00e9ments interactifs et il y a m\u00eame un syst\u00e8me de simulation de conduite (h\u00e9las en maintenance jusqu&rsquo;au mois de mars). Son article: Stuttgart: Mus\u00e9e Mercedes Le KHM (Vienne, Autriche) par Marie de Toujours \u00catre Ailleurs: Le mus\u00e9e de l&rsquo;histoire de l&rsquo;art de Vienne est peut-\u00eatre le plus beau mus\u00e9e que j&rsquo;ai eu la chance de visiter. Il y a bien s\u00fbr ses collections prestigieuses\u00a0: les antiquit\u00e9s \u00e9gyptiennes, les diverses \u00e9coles de peintures du XVe au XVIIIe si\u00e8cle, ou encore l&rsquo;incroyable cabinet d&rsquo;art, le Kunstkammer, une formidable collection de plus de deux mille objets pr\u00e9cieux aussi divers qu&rsquo;improbables parfois, rassembl\u00e9s par les Habsbourg. Car saviez-vous que le Kunsthistorisches Museum (abr\u00e9geons-le en KHM pour gagner du temps) est l&rsquo;un des plus vieux mus\u00e9es d&rsquo;art du monde\u00a0? Quand il ouvre en 1891, c&rsquo;est directement en tant que mus\u00e9e\u00a0: sa construction fut ordonn\u00e9e par l&#8217;empereur Fran\u00e7ois-Joseph pour remplir cette fonction et accueillir tout ce que sa famille a accumul\u00e9 au fil des si\u00e8cles. Situ\u00e9 de l&rsquo;autre c\u00f4t\u00e9 du Ring, au niveau de la Neue Burg, il fait face \u00e0 son jumeau, le mus\u00e9e d&rsquo;histoire naturelle. La vue, depuis la place Marie-Th\u00e9r\u00e8se qui s\u00e9pare les deux b\u00e2timents, est saisissante. Car le KHM est aussi le plus beau mus\u00e9e que j&rsquo;ai eu la chance de visiter de par son architecture, ext\u00e9rieure \u00e9videmment avec sa longue fa\u00e7ade et son d\u00f4me central culminant \u00e0 soixante m\u00e8tres, mais surtout int\u00e9rieure\u00a0: son hall d&rsquo;entr\u00e9e et son aper\u00e7u furtif du d\u00f4me, son escalier d&rsquo;honneur, ses marbres, ses peintures murales (dont tout un cycle peint par Gustav Klimt), son caf\u00e9 sous la coupole (renversant\u00a0!) et ses diff\u00e9rentes galeries, l&rsquo;\u00e9crin qui abrite autant de chefs-d\u2019\u0153uvre d&rsquo;art leur ravirait presque la vedette\u00a0! C&rsquo;est vraiment un plaisir de que d\u00e9ambuler de collection en collection et admirer le mus\u00e9e sous des angles toujours diff\u00e9rents. L&rsquo;un de mes endroits pr\u00e9f\u00e9r\u00e9s\u00a0? Au dernier \u00e9tage, en surplomb du caf\u00e9\u00a0: on est aux premi\u00e8res loges pour admirer les d\u00e9corations et sculptures dans les hauteurs\u00a0! Ses collections sont tellement denses qu&rsquo;une seule visite ne permettra que de les effleurer\u00a0: ce n&rsquo;est pas pour rien si j&rsquo;investis chaque ann\u00e9e dans le pass annuel, me permettant de revenir admirer ce bijou n\u00e9o-baroque quand l&rsquo;envie m&rsquo;en prend\u00a0! Maison de la Terreur (Budapest, Hongrie) par Marion de Sauvazine: Le\u00a0Mus\u00e9e de la Terreur\u00a0n\u2019est pas un mus\u00e9e classique, il fait partie de ces lieux qui laissent une trace dans la m\u00e9moire des visiteurs. D\u00e9couvrir une page de\u00a0l\u2019histoire de la Hongrie\u00a0que l\u2019on connait peu\u00a0entre 1944 et 1956, des\u00a0fascistes hongrois alli\u00e9s aux Nazis suivi de l\u2019occupation sovi\u00e9tique avec l\u2019insurrection de Budapest. C\u2019est ici m\u00eame, dans ce b\u00e2timent au 60 de la rue Andrassy que fut install\u00e9 l\u2019ancien si\u00e8ge des\u00a0Croix fl\u00e9ch\u00e9es puis le si\u00e8ge de la police politique communiste (dont une prison dans les sous-sols) pour finalement \u00eatre\u00a0transform\u00e9 en un mus\u00e9e peu commun en 2002 apr\u00e8s 46 ans de silence.\u00a0La\u00a0sc\u00e9nographie de ce lieu a \u00e9t\u00e9 minutieusement travaill\u00e9e\u00a0comme j\u2019en ai rarement vu. Un univers diff\u00e9rent pour chaque pi\u00e8ce, qui va de la d\u00e9coration du sol au plafond, de la musique, des extraits de films immersifs. Nous traversons un labyrinthe qui montre l\u2019absurdit\u00e9 de l\u2019\u00e9conomie planifi\u00e9e, ou encore nous prenons un ascenseur qui nous descend tr\u00e8s lentement dans les\u00a0sous-sols en diffusant un film sur les bourreaux et les horreurs qui ont eu lieu ici m\u00eame. Ce ne sera pas le mus\u00e9e le plus dr\u00f4le que vous ferez, l\u2019ambiance est pesante, l\u2019\u00e9motion est palpable sans pour autant tomber dans le pathos. Son article: Une journ\u00e9e \u00e0 Budapest en hiver Mus\u00e9e d\u2019Histoire Naturelle (Berne, Suisse) par St\u00e9phanie de Carnets de Terre et Mer: \u00c0 seulement quelques pas du centre historique de Berne, se cache au-del\u00e0 d\u2019un pont, son magnifique Mus\u00e9e d\u2019Histoire Naturelle, faisant partie des mus\u00e9es les plus importants de Suisse. Son architecture, sa d\u00e9coration moderne et \u00e9pur\u00e9e mettent ses tr\u00e8s belles collections en valeur : Des esp\u00e8ces rares d\u2019animaux naturalis\u00e9s mis en sc\u00e8ne dans leur habitat d\u2019origine ou dans des sc\u00e8nes de vie sont r\u00e9partis sur plusieurs \u00e9tages et par provenance (savane, banquise, for\u00eat\u2026);\u00a0 De tr\u00e8s beaux squelettes reconstitu\u00e9s d\u2019esp\u00e8ces peu communes et de toutes tailles ainsi qu\u2019un dinosaure se trouvent aux \u00e9tages sup\u00e9rieurs; Au sous-sol, toujours dans une atmosph\u00e8re tamis\u00e9e, de l\u00e9gers bruits de fond accompagnent l\u2019incroyable collection de cristaux (dont certains sont gigantesques !); Un film est \u00e9galement projet\u00e9 en plusieurs langues dans une petite salle, et vous explique comment les cristaux sont ramen\u00e9s \u00e0 la surface. Le sujet de le vie et la mort sont aussi abord\u00e9s dans 2 salles c\u00f4te \u00e0 c\u00f4te, avec sous nos pieds un petit aper\u00e7u de ce&#8230;<\/p>\n","protected":false},"author":2,"featured_media":11935,"comment_status":"open","ping_status":"open","sticky":false,"template":"","format":"standard","meta":{"_jetpack_memberships_contains_paid_content":false,"footnotes":""},"categories":[21,27,5,6],"tags":[87,109,189,190,203,221,239,295,337,374,375],"class_list":["post-11780","post","type-post","status-publish","format-standard","has-post-thumbnail","hentry","category-europe","category-interviews-articles-collaboratifs","category-themes","category-voyages","tag-allemagne","tag-autriche","tag-espagne","tag-europe","tag-france","tag-hongrie","tag-italie","tag-musees","tag-portugal","tag-suede","tag-suisse"],"yoast_head":"<!-- This site is optimized with the Yoast SEO plugin v26.3 - https:\/\/yoast.com\/wordpress\/plugins\/seo\/ -->\n<title>Article Collaboratif: Les plus beaux Mus\u00e9es d&#039;Europe - Traces de Voyages<\/title>\n<meta name=\"description\" content=\"Si comme nous vous aimez les mus\u00e9es, nous vous faisons d\u00e9couvrir nos coups de c\u0153ur avec 12 autres blogueurs \u00e0 travers l&#039;Europe!\" \/>\n<meta name=\"robots\" content=\"index, follow, max-snippet:-1, max-image-preview:large, max-video-preview:-1\" \/>\n<link rel=\"canonical\" href=\"https:\/\/tracesdevoyages.com\/index.php\/2018\/02\/25\/article-collaboratif-les-plus-beaux-musees-deurope\/\" \/>\n<meta property=\"og:locale\" content=\"fr_FR\" \/>\n<meta property=\"og:type\" content=\"article\" \/>\n<meta property=\"og:title\" content=\"Article Collaboratif: Les plus beaux Mus\u00e9es d&#039;Europe - Traces de Voyages\" \/>\n<meta property=\"og:description\" content=\"Si comme nous vous aimez les mus\u00e9es, nous vous faisons d\u00e9couvrir nos coups de c\u0153ur avec 12 autres blogueurs \u00e0 travers l&#039;Europe!\" \/>\n<meta property=\"og:url\" content=\"https:\/\/tracesdevoyages.com\/index.php\/2018\/02\/25\/article-collaboratif-les-plus-beaux-musees-deurope\/\" \/>\n<meta property=\"og:site_name\" content=\"Traces de Voyages\" \/>\n<meta property=\"article:publisher\" content=\"https:\/\/www.facebook.com\/tracesdevoyages\/\" \/>\n<meta property=\"article:published_time\" content=\"2018-02-25T11:00:29+00:00\" \/>\n<meta name=\"author\" content=\"tracesdevoyages\" \/>\n<meta name=\"twitter:card\" content=\"summary_large_image\" \/>\n<meta name=\"twitter:creator\" content=\"@TracesdeVoyages\" \/>\n<meta name=\"twitter:site\" content=\"@TracesdeVoyages\" \/>\n<meta name=\"twitter:label1\" content=\"\u00c9crit par\" \/>\n\t<meta name=\"twitter:data1\" content=\"tracesdevoyages\" \/>\n\t<meta name=\"twitter:label2\" content=\"Dur\u00e9e de lecture estim\u00e9e\" \/>\n\t<meta name=\"twitter:data2\" content=\"20 minutes\" \/>\n<script type=\"application\/ld+json\" class=\"yoast-schema-graph\">{\"@context\":\"https:\/\/schema.org\",\"@graph\":[{\"@type\":\"Article\",\"@id\":\"https:\/\/tracesdevoyages.com\/index.php\/2018\/02\/25\/article-collaboratif-les-plus-beaux-musees-deurope\/#article\",\"isPartOf\":{\"@id\":\"https:\/\/tracesdevoyages.com\/index.php\/2018\/02\/25\/article-collaboratif-les-plus-beaux-musees-deurope\/\"},\"author\":{\"name\":\"tracesdevoyages\",\"@id\":\"https:\/\/tracesdevoyages.com\/#\/schema\/person\/407749fd8c63f4e19e1f4d61c3df1dd3\"},\"headline\":\"Article Collaboratif: Les plus beaux Mus\u00e9es d&rsquo;Europe\",\"datePublished\":\"2018-02-25T11:00:29+00:00\",\"mainEntityOfPage\":{\"@id\":\"https:\/\/tracesdevoyages.com\/index.php\/2018\/02\/25\/article-collaboratif-les-plus-beaux-musees-deurope\/\"},\"wordCount\":4016,\"commentCount\":11,\"publisher\":{\"@id\":\"https:\/\/tracesdevoyages.com\/#organization\"},\"image\":{\"@id\":\"https:\/\/tracesdevoyages.com\/index.php\/2018\/02\/25\/article-collaboratif-les-plus-beaux-musees-deurope\/#primaryimage\"},\"thumbnailUrl\":\"\",\"keywords\":[\"Allemagne\",\"Autriche\",\"Espagne\",\"Europe\",\"France\",\"Hongrie\",\"Italie\",\"Mus\u00e9es\",\"portugal\",\"Su\u00e8de\",\"Suisse\"],\"articleSection\":[\"Europe\",\"Interviews &amp; Articles Collaboratifs\",\"Th\u00e8mes\",\"Voyages\"],\"inLanguage\":\"fr-FR\",\"potentialAction\":[{\"@type\":\"CommentAction\",\"name\":\"Comment\",\"target\":[\"https:\/\/tracesdevoyages.com\/index.php\/2018\/02\/25\/article-collaboratif-les-plus-beaux-musees-deurope\/#respond\"]}]},{\"@type\":\"WebPage\",\"@id\":\"https:\/\/tracesdevoyages.com\/index.php\/2018\/02\/25\/article-collaboratif-les-plus-beaux-musees-deurope\/\",\"url\":\"https:\/\/tracesdevoyages.com\/index.php\/2018\/02\/25\/article-collaboratif-les-plus-beaux-musees-deurope\/\",\"name\":\"Article Collaboratif: Les plus beaux Mus\u00e9es d'Europe - Traces de Voyages\",\"isPartOf\":{\"@id\":\"https:\/\/tracesdevoyages.com\/#website\"},\"primaryImageOfPage\":{\"@id\":\"https:\/\/tracesdevoyages.com\/index.php\/2018\/02\/25\/article-collaboratif-les-plus-beaux-musees-deurope\/#primaryimage\"},\"image\":{\"@id\":\"https:\/\/tracesdevoyages.com\/index.php\/2018\/02\/25\/article-collaboratif-les-plus-beaux-musees-deurope\/#primaryimage\"},\"thumbnailUrl\":\"\",\"datePublished\":\"2018-02-25T11:00:29+00:00\",\"description\":\"Si comme nous vous aimez les mus\u00e9es, nous vous faisons d\u00e9couvrir nos coups de c\u0153ur avec 12 autres blogueurs \u00e0 travers l'Europe!\",\"breadcrumb\":{\"@id\":\"https:\/\/tracesdevoyages.com\/index.php\/2018\/02\/25\/article-collaboratif-les-plus-beaux-musees-deurope\/#breadcrumb\"},\"inLanguage\":\"fr-FR\",\"potentialAction\":[{\"@type\":\"ReadAction\",\"target\":[\"https:\/\/tracesdevoyages.com\/index.php\/2018\/02\/25\/article-collaboratif-les-plus-beaux-musees-deurope\/\"]}]},{\"@type\":\"ImageObject\",\"inLanguage\":\"fr-FR\",\"@id\":\"https:\/\/tracesdevoyages.com\/index.php\/2018\/02\/25\/article-collaboratif-les-plus-beaux-musees-deurope\/#primaryimage\",\"url\":\"\",\"contentUrl\":\"\"},{\"@type\":\"BreadcrumbList\",\"@id\":\"https:\/\/tracesdevoyages.com\/index.php\/2018\/02\/25\/article-collaboratif-les-plus-beaux-musees-deurope\/#breadcrumb\",\"itemListElement\":[{\"@type\":\"ListItem\",\"position\":1,\"name\":\"Accueil\",\"item\":\"https:\/\/tracesdevoyages.com\/\"},{\"@type\":\"ListItem\",\"position\":2,\"name\":\"Article Collaboratif: Les plus beaux Mus\u00e9es d&rsquo;Europe\"}]},{\"@type\":\"WebSite\",\"@id\":\"https:\/\/tracesdevoyages.com\/#website\",\"url\":\"https:\/\/tracesdevoyages.com\/\",\"name\":\"Traces de Voyages\",\"description\":\"Blog de voyages\",\"publisher\":{\"@id\":\"https:\/\/tracesdevoyages.com\/#organization\"},\"potentialAction\":[{\"@type\":\"SearchAction\",\"target\":{\"@type\":\"EntryPoint\",\"urlTemplate\":\"https:\/\/tracesdevoyages.com\/?s={search_term_string}\"},\"query-input\":{\"@type\":\"PropertyValueSpecification\",\"valueRequired\":true,\"valueName\":\"search_term_string\"}}],\"inLanguage\":\"fr-FR\"},{\"@type\":\"Organization\",\"@id\":\"https:\/\/tracesdevoyages.com\/#organization\",\"name\":\"Traces de Voyages\",\"url\":\"https:\/\/tracesdevoyages.com\/\",\"logo\":{\"@type\":\"ImageObject\",\"inLanguage\":\"fr-FR\",\"@id\":\"https:\/\/tracesdevoyages.com\/#\/schema\/logo\/image\/\",\"url\":\"https:\/\/i0.wp.com\/tracesdevoyages.com\/wp-content\/uploads\/2025\/01\/cropped-Traces-de-Voyages-LOGO.jpg?fit=512%2C512&ssl=1\",\"contentUrl\":\"https:\/\/i0.wp.com\/tracesdevoyages.com\/wp-content\/uploads\/2025\/01\/cropped-Traces-de-Voyages-LOGO.jpg?fit=512%2C512&ssl=1\",\"width\":512,\"height\":512,\"caption\":\"Traces de Voyages\"},\"image\":{\"@id\":\"https:\/\/tracesdevoyages.com\/#\/schema\/logo\/image\/\"},\"sameAs\":[\"https:\/\/www.facebook.com\/tracesdevoyages\/\",\"https:\/\/x.com\/TracesdeVoyages\",\"https:\/\/www.instagram.com\/tracesdevoyages\/\",\"https:\/\/fr.pinterest.com\/tracesdevoyages\/\",\"https:\/\/www.youtube.com\/channel\/UC240N7Neo4xrJRYcW3UhDaQ\/\"]},{\"@type\":\"Person\",\"@id\":\"https:\/\/tracesdevoyages.com\/#\/schema\/person\/407749fd8c63f4e19e1f4d61c3df1dd3\",\"name\":\"tracesdevoyages\",\"image\":{\"@type\":\"ImageObject\",\"inLanguage\":\"fr-FR\",\"@id\":\"https:\/\/tracesdevoyages.com\/#\/schema\/person\/image\/\",\"url\":\"https:\/\/secure.gravatar.com\/avatar\/89665a7661ade021f231fa4edee45d02595de0df2c6ac04037b09ce699dd6d89?s=96&d=mm&r=g\",\"contentUrl\":\"https:\/\/secure.gravatar.com\/avatar\/89665a7661ade021f231fa4edee45d02595de0df2c6ac04037b09ce699dd6d89?s=96&d=mm&r=g\",\"caption\":\"tracesdevoyages\"},\"url\":\"https:\/\/tracesdevoyages.com\/index.php\/author\/tracesdevoyages\/\"}]}<\/script>\n<!-- \/ Yoast SEO plugin. -->","yoast_head_json":{"title":"Article Collaboratif: Les plus beaux Mus\u00e9es d'Europe - Traces de Voyages","description":"Si comme nous vous aimez les mus\u00e9es, nous vous faisons d\u00e9couvrir nos coups de c\u0153ur avec 12 autres blogueurs \u00e0 travers l'Europe!","robots":{"index":"index","follow":"follow","max-snippet":"max-snippet:-1","max-image-preview":"max-image-preview:large","max-video-preview":"max-video-preview:-1"},"canonical":"https:\/\/tracesdevoyages.com\/index.php\/2018\/02\/25\/article-collaboratif-les-plus-beaux-musees-deurope\/","og_locale":"fr_FR","og_type":"article","og_title":"Article Collaboratif: Les plus beaux Mus\u00e9es d'Europe - Traces de Voyages","og_description":"Si comme nous vous aimez les mus\u00e9es, nous vous faisons d\u00e9couvrir nos coups de c\u0153ur avec 12 autres blogueurs \u00e0 travers l'Europe!","og_url":"https:\/\/tracesdevoyages.com\/index.php\/2018\/02\/25\/article-collaboratif-les-plus-beaux-musees-deurope\/","og_site_name":"Traces de Voyages","article_publisher":"https:\/\/www.facebook.com\/tracesdevoyages\/","article_published_time":"2018-02-25T11:00:29+00:00","author":"tracesdevoyages","twitter_card":"summary_large_image","twitter_creator":"@TracesdeVoyages","twitter_site":"@TracesdeVoyages","twitter_misc":{"\u00c9crit par":"tracesdevoyages","Dur\u00e9e de lecture estim\u00e9e":"20 minutes"},"schema":{"@context":"https:\/\/schema.org","@graph":[{"@type":"Article","@id":"https:\/\/tracesdevoyages.com\/index.php\/2018\/02\/25\/article-collaboratif-les-plus-beaux-musees-deurope\/#article","isPartOf":{"@id":"https:\/\/tracesdevoyages.com\/index.php\/2018\/02\/25\/article-collaboratif-les-plus-beaux-musees-deurope\/"},"author":{"name":"tracesdevoyages","@id":"https:\/\/tracesdevoyages.com\/#\/schema\/person\/407749fd8c63f4e19e1f4d61c3df1dd3"},"headline":"Article Collaboratif: Les plus beaux Mus\u00e9es d&rsquo;Europe","datePublished":"2018-02-25T11:00:29+00:00","mainEntityOfPage":{"@id":"https:\/\/tracesdevoyages.com\/index.php\/2018\/02\/25\/article-collaboratif-les-plus-beaux-musees-deurope\/"},"wordCount":4016,"commentCount":11,"publisher":{"@id":"https:\/\/tracesdevoyages.com\/#organization"},"image":{"@id":"https:\/\/tracesdevoyages.com\/index.php\/2018\/02\/25\/article-collaboratif-les-plus-beaux-musees-deurope\/#primaryimage"},"thumbnailUrl":"","keywords":["Allemagne","Autriche","Espagne","Europe","France","Hongrie","Italie","Mus\u00e9es","portugal","Su\u00e8de","Suisse"],"articleSection":["Europe","Interviews &amp; Articles Collaboratifs","Th\u00e8mes","Voyages"],"inLanguage":"fr-FR","potentialAction":[{"@type":"CommentAction","name":"Comment","target":["https:\/\/tracesdevoyages.com\/index.php\/2018\/02\/25\/article-collaboratif-les-plus-beaux-musees-deurope\/#respond"]}]},{"@type":"WebPage","@id":"https:\/\/tracesdevoyages.com\/index.php\/2018\/02\/25\/article-collaboratif-les-plus-beaux-musees-deurope\/","url":"https:\/\/tracesdevoyages.com\/index.php\/2018\/02\/25\/article-collaboratif-les-plus-beaux-musees-deurope\/","name":"Article Collaboratif: Les plus beaux Mus\u00e9es d'Europe - Traces de Voyages","isPartOf":{"@id":"https:\/\/tracesdevoyages.com\/#website"},"primaryImageOfPage":{"@id":"https:\/\/tracesdevoyages.com\/index.php\/2018\/02\/25\/article-collaboratif-les-plus-beaux-musees-deurope\/#primaryimage"},"image":{"@id":"https:\/\/tracesdevoyages.com\/index.php\/2018\/02\/25\/article-collaboratif-les-plus-beaux-musees-deurope\/#primaryimage"},"thumbnailUrl":"","datePublished":"2018-02-25T11:00:29+00:00","description":"Si comme nous vous aimez les mus\u00e9es, nous vous faisons d\u00e9couvrir nos coups de c\u0153ur avec 12 autres blogueurs \u00e0 travers l'Europe!","breadcrumb":{"@id":"https:\/\/tracesdevoyages.com\/index.php\/2018\/02\/25\/article-collaboratif-les-plus-beaux-musees-deurope\/#breadcrumb"},"inLanguage":"fr-FR","potentialAction":[{"@type":"ReadAction","target":["https:\/\/tracesdevoyages.com\/index.php\/2018\/02\/25\/article-collaboratif-les-plus-beaux-musees-deurope\/"]}]},{"@type":"ImageObject","inLanguage":"fr-FR","@id":"https:\/\/tracesdevoyages.com\/index.php\/2018\/02\/25\/article-collaboratif-les-plus-beaux-musees-deurope\/#primaryimage","url":"","contentUrl":""},{"@type":"BreadcrumbList","@id":"https:\/\/tracesdevoyages.com\/index.php\/2018\/02\/25\/article-collaboratif-les-plus-beaux-musees-deurope\/#breadcrumb","itemListElement":[{"@type":"ListItem","position":1,"name":"Accueil","item":"https:\/\/tracesdevoyages.com\/"},{"@type":"ListItem","position":2,"name":"Article Collaboratif: Les plus beaux Mus\u00e9es d&rsquo;Europe"}]},{"@type":"WebSite","@id":"https:\/\/tracesdevoyages.com\/#website","url":"https:\/\/tracesdevoyages.com\/","name":"Traces de Voyages","description":"Blog de voyages","publisher":{"@id":"https:\/\/tracesdevoyages.com\/#organization"},"potentialAction":[{"@type":"SearchAction","target":{"@type":"EntryPoint","urlTemplate":"https:\/\/tracesdevoyages.com\/?s={search_term_string}"},"query-input":{"@type":"PropertyValueSpecification","valueRequired":true,"valueName":"search_term_string"}}],"inLanguage":"fr-FR"},{"@type":"Organization","@id":"https:\/\/tracesdevoyages.com\/#organization","name":"Traces de Voyages","url":"https:\/\/tracesdevoyages.com\/","logo":{"@type":"ImageObject","inLanguage":"fr-FR","@id":"https:\/\/tracesdevoyages.com\/#\/schema\/logo\/image\/","url":"https:\/\/i0.wp.com\/tracesdevoyages.com\/wp-content\/uploads\/2025\/01\/cropped-Traces-de-Voyages-LOGO.jpg?fit=512%2C512&ssl=1","contentUrl":"https:\/\/i0.wp.com\/tracesdevoyages.com\/wp-content\/uploads\/2025\/01\/cropped-Traces-de-Voyages-LOGO.jpg?fit=512%2C512&ssl=1","width":512,"height":512,"caption":"Traces de Voyages"},"image":{"@id":"https:\/\/tracesdevoyages.com\/#\/schema\/logo\/image\/"},"sameAs":["https:\/\/www.facebook.com\/tracesdevoyages\/","https:\/\/x.com\/TracesdeVoyages","https:\/\/www.instagram.com\/tracesdevoyages\/","https:\/\/fr.pinterest.com\/tracesdevoyages\/","https:\/\/www.youtube.com\/channel\/UC240N7Neo4xrJRYcW3UhDaQ\/"]},{"@type":"Person","@id":"https:\/\/tracesdevoyages.com\/#\/schema\/person\/407749fd8c63f4e19e1f4d61c3df1dd3","name":"tracesdevoyages","image":{"@type":"ImageObject","inLanguage":"fr-FR","@id":"https:\/\/tracesdevoyages.com\/#\/schema\/person\/image\/","url":"https:\/\/secure.gravatar.com\/avatar\/89665a7661ade021f231fa4edee45d02595de0df2c6ac04037b09ce699dd6d89?s=96&d=mm&r=g","contentUrl":"https:\/\/secure.gravatar.com\/avatar\/89665a7661ade021f231fa4edee45d02595de0df2c6ac04037b09ce699dd6d89?s=96&d=mm&r=g","caption":"tracesdevoyages"},"url":"https:\/\/tracesdevoyages.com\/index.php\/author\/tracesdevoyages\/"}]}},"jetpack_featured_media_url":"","jetpack_sharing_enabled":true,"_links":{"self":[{"href":"https:\/\/tracesdevoyages.com\/index.php\/wp-json\/wp\/v2\/posts\/11780","targetHints":{"allow":["GET"]}}],"collection":[{"href":"https:\/\/tracesdevoyages.com\/index.php\/wp-json\/wp\/v2\/posts"}],"about":[{"href":"https:\/\/tracesdevoyages.com\/index.php\/wp-json\/wp\/v2\/types\/post"}],"author":[{"embeddable":true,"href":"https:\/\/tracesdevoyages.com\/index.php\/wp-json\/wp\/v2\/users\/2"}],"replies":[{"embeddable":true,"href":"https:\/\/tracesdevoyages.com\/index.php\/wp-json\/wp\/v2\/comments?post=11780"}],"version-history":[{"count":0,"href":"https:\/\/tracesdevoyages.com\/index.php\/wp-json\/wp\/v2\/posts\/11780\/revisions"}],"wp:featuredmedia":[{"embeddable":true,"href":"https:\/\/tracesdevoyages.com\/index.php\/wp-json\/"}],"wp:attachment":[{"href":"https:\/\/tracesdevoyages.com\/index.php\/wp-json\/wp\/v2\/media?parent=11780"}],"wp:term":[{"taxonomy":"category","embeddable":true,"href":"https:\/\/tracesdevoyages.com\/index.php\/wp-json\/wp\/v2\/categories?post=11780"},{"taxonomy":"post_tag","embeddable":true,"href":"https:\/\/tracesdevoyages.com\/index.php\/wp-json\/wp\/v2\/tags?post=11780"}],"curies":[{"name":"wp","href":"https:\/\/api.w.org\/{rel}","templated":true}]}}