{"id":12119,"date":"2018-05-13T16:25:46","date_gmt":"2018-05-13T14:25:46","guid":{"rendered":"https:\/\/tracesdevoyages.com\/?p=12119"},"modified":"2018-05-13T16:25:46","modified_gmt":"2018-05-13T14:25:46","slug":"escapades-les-raspes-du-tarn-en-aveyron","status":"publish","type":"post","link":"https:\/\/tracesdevoyages.com\/index.php\/2018\/05\/13\/escapades-les-raspes-du-tarn-en-aveyron\/","title":{"rendered":"Escapades: Les Raspes du Tarn en Aveyron"},"content":{"rendered":"<p>J&rsquo;ai r\u00e9cemment particip\u00e9 au <a href=\"https:\/\/tracesdevoyages.com\/2018\/04\/29\/le-salon-des-blogueurs-de-voyage-wat18\/\" target=\"_blank\" rel=\"noopener nofollow noreferrer\">Salon des Blogueurs de Voyage<\/a>\u00a0durant lequel une journ\u00e9e enti\u00e8re \u00e9tait d\u00e9di\u00e9e \u00e0 la d\u00e9couverte d&rsquo;une partie de l&rsquo;Aveyron (un blogtrip). Pour l&rsquo;occasion, 20 itin\u00e9raires nous ont \u00e9t\u00e9 propos\u00e9s et mon choix s&rsquo;est port\u00e9 sur les <em>Raspes du Tarn<\/em>, dites les<em> Gorges Oubli\u00e9es<\/em>. Cet itin\u00e9raire a \u00e9t\u00e9 con\u00e7u par Charl\u00e8ne et David de l&rsquo;<a href=\"http:\/\/www.tourisme-muse-raspes.com\/\" target=\"_blank\" rel=\"noopener nofollow noreferrer\">Office de Tourisme du Pays de la Muse et des Raspes du Tarn<\/a>\u00a0qui nous ont accompagn\u00e9s toute la journ\u00e9e et conduits dans des lieux de toute beaut\u00e9 que je vous conseille fortement de d\u00e9couvrir \u00e0 votre tour.<\/p>\n<h3>Brousse-le-Ch\u00e2teau:<\/h3>\n<p>En arrivant \u00e0 Brousse-le-Ch\u00e2teau, j&rsquo;ai tout de suite su que j&rsquo;avais fait le bon choix: class\u00e9e parmi les plus beaux villages de France, cette ancienne cit\u00e9 m\u00e9di\u00e9vale dominant l&rsquo;Alrance et le Tarn est en parfait \u00e9tat. La lumi\u00e8re du soleil matinal se refl\u00e9tait dans l&rsquo;eau dont le bruit doux associ\u00e9 au chant des oiseaux donnait un c\u00f4t\u00e9 tr\u00e8s bucolique au tableau que nous avions sous les yeux. Derri\u00e8re la rivi\u00e8re, des maisons de pierres apparentes se serraient les unes aux autres, chacune ayant son petit jardin apportant la touche de verdure parfaite.<\/p>\n\n<p>Nous avons tout de suite \u00e9t\u00e9 accueillis par Th\u00e9or\u00e8me, notre guide pour la visite du Ch\u00e2teau, puis, l&rsquo;h\u00f4tel-restaurant <a href=\"http:\/\/www.le-relays-du-chasteau.com\/#notre_demeure\" target=\"_blank\" rel=\"noopener nofollow noreferrer\">Le Relays du Chasteau<\/a> nous a offert le caf\u00e9 sur leur terrasse ensoleill\u00e9e. Nous serions bien rest\u00e9s des heures assis \u00e0 leur table \u00e0 discuter tous ensemble, c&rsquo;\u00e9tait vraiment tr\u00e8s agr\u00e9able&#8230; Toute la visite fut extr\u00eamement int\u00e9ressante. Avec une version un peu diff\u00e9rente de l\u2019histoire du Moyen-\u00c2ge telle qu&rsquo;enseign\u00e9e \u00e0 l&rsquo;\u00e9cole, Th\u00e9or\u00e8me nous a pr\u00e9sent\u00e9 une \u00e9poque et un mode de vie bien plus \u00ab\u00a0\u00e9volu\u00e9\u00a0\u00bb que ce que la plupart des gens pensent.<\/p>\n\n<p>Et quoi de mieux que de terminer cette visite par un petit en-cas fait de sp\u00e9cialit\u00e9s culinaires locales? Celles-ci nous ont \u00e9t\u00e9 pr\u00e9par\u00e9es par <em>Le Relays du Chasteau<\/em> et apport\u00e9es au sein du Ch\u00e2teau par deux personnes de la mairie. Au menu: Far\u00e7ous, feuillet\u00e9s au roquefort, flaune, charcuterie, jus de pomme, jus de raisin et Calistou! Moi qui en tant normal ne suis pas tr\u00e8s fromage, j&rsquo;ai aim\u00e9 les feuillet\u00e9s au roquefort! Merci pour cette belle d\u00e9couverte.<\/p>\n\n<h3>Saint-Victor:<\/h3>\n<p>Nous nous sommes ensuite rendus \u00e0 <a href=\"https:\/\/www.escapadedesraspes.com\/\" target=\"_blank\" rel=\"noopener nofollow noreferrer\">Saint-Victo<\/a>r afin de visiter son \u00e9glise, aussi connue sous le nom de <em>Chapelle Sixtine Rouergate<\/em>. C&rsquo;est Francis qui nous a parl\u00e9 de son histoire, mais aussi de celle de Nicola\u00ef Greshny. D&rsquo;origine Estonienne, cet homme a r\u00e9introduit l&rsquo;usage de la fresque \u00ab\u00a0al fresco\u00a0\u00bb en France en s&rsquo;inspirant de la peinture byzantine. Consid\u00e9r\u00e9 comme le plus grand fresquiste du 20\u00e8me si\u00e8cle, il a d\u00e9cor\u00e9 enti\u00e8rement l&rsquo;\u00e9glise de Saint-Victor en 1953. Le r\u00e9sultat est \u00e9tonnant, l&rsquo;ext\u00e9rieur est typique des \u00e9glises de la r\u00e9gion et donc, on ne s&rsquo;attends pas \u00e0 trouver des fresques r\u00e9centes de style byzantines \u00e0 l&rsquo;int\u00e9rieur. Lorsque l&rsquo;on rentre, on est tout de suite frapp\u00e9 par les couleurs vives et les contours marqu\u00e9s des personnages. Si l&rsquo;on regarde de plus pr\u00e8s, certains personnages sont issus du village, ce qui apporte une note tr\u00e8s contemporaine \u00e0 l&rsquo;oeuvre. De plus, toutes les phrases sont \u00e9crites \u00e0 la fois en latin et en occitan.<\/p>\n\n<p>Florence nous a ensuite conduits au <a href=\"https:\/\/www.escapadedesraspes.com\/visites\/centre-d-art-mural\/\" target=\"_blank\" rel=\"noopener nofollow noreferrer\">Centre d&rsquo;Art Mural et d&rsquo;Interpr\u00e9tation de la Fresque<\/a> qui parle de l&rsquo;histoire de la fresque et permet de voir entre autre certaines esquisses de l&rsquo;artiste et des pigments de couleurs. Nous avons aussi eu droit \u00e0 une petite d\u00e9gustation de confiture maison accompagn\u00e9e de kir, car oui, en Aveyron toute occasion est bonne pour passer un moment gourmand en bonne compagnie, et c&rsquo;est r\u00e9ussi!<\/p>\n\n<h3>Le Truel:<\/h3>\n<p>Apr\u00e8s cet ap\u00e9ritif pour nous mettre en app\u00e9tit, direction le restaurant <a href=\"https:\/\/www.facebook.com\/Les-toqu%C3%A9s-du-truel-1080230422044850\/\" target=\"_blank\" rel=\"noopener nofollow noreferrer\">Les Toqu\u00e9s du Truel<\/a> o\u00f9 Franck et Magali nous ont pr\u00e9par\u00e9 un repas d&rsquo;inspiration du terroir: kir \u00e0 la ch\u00e2taigne, salade au Malsat pan\u00e9, feuillet\u00e9 forestier accompagn\u00e9 d&rsquo;aligot, Roquefort et moelleux \u00e0 la ch\u00e2taigne. Pour ceux qui ne le savent pas, j&rsquo;ai de tr\u00e8s nombreuses allergies alimentaires dont la ch\u00e2taigne et les arachides (et beaucoup d&rsquo;autres mais ce serait trop long \u00e0 \u00e9num\u00e9rer). Aussi, c&rsquo;est toujours d\u00e9licat pour moi d&rsquo;aller manger au restaurant, chez des amis ou dans ma propre famille. Ainsi, je tiens \u00e0 remercier Franck et Magali d&rsquo;avoir fait tout le n\u00e9cessaire pour me permettre de manger sans crainte. De ce fait, mon menu \u00e9tait l\u00e9g\u00e8rement diff\u00e9rent de celui mentionn\u00e9 plus haut qui \u00e9tait servi aux autres: verre de vin, mille-feuille tomate et fromage de ch\u00e8vre, c\u00f4telette de porc et l\u00e9gumes grill\u00e9s, pommes r\u00f4ties caram\u00e9lis\u00e9es. Nous avons tous fait l&rsquo;impasse sur le fromage, ayant d\u00e9j\u00e0 mang\u00e9 deux fois avant de venir (\u00e0 Brousse-le-Ch\u00e2teau et \u00e0 Saint-Victor).<\/p>\n\n<h3>Ayss\u00e8nes:<\/h3>\n<p>Et quoi de mieux pour dig\u00e9rer qu&rsquo;une petite promenade? C&rsquo;est \u00e0 <a href=\"http:\/\/www.tourisme-muse-raspes.com\/fr\/decouvrir\/territoire-villages.php\" target=\"_blank\" rel=\"noopener nofollow noreferrer\">Ayss\u00e8nes<\/a> que nous avons grimp\u00e9 en haut du Roc Saint Jean afin de profiter de la vue sur les Gorges depuis le belv\u00e9d\u00e8re. J&rsquo;ai ador\u00e9, \u00e9tant sensible aux paysages naturels d&rsquo;exception, celui-ci m&rsquo;a beaucoup plu: v\u00e9g\u00e9tation luxuriante+relief escarp\u00e9+eau couleur \u00e9meraude= WOW!<\/p>\n\n<p>Notre visite des lieux s&rsquo;est termin\u00e9e au Mus\u00e9e de la Ch\u00e2taigne et celui de l&rsquo;Art Religieux. Tous deux sont situ\u00e9s dans le m\u00eame b\u00e2timent, un endroit tout cosy o\u00f9 vous trouverez d&rsquo;un c\u00f4t\u00e9 de nombreuses informations sur l&rsquo;histoire de l&rsquo;arbre et de son fruit, ainsi que sa r\u00e9colte et son utilisation, et de l&rsquo;autre, des objets religieux dont certains sont inscrits ou class\u00e9s monuments historiques.<\/p>\n\n<h3>Le barrage de Pinet &amp; la Cascade des Baumes:<\/h3>\n<p>Nous sommes ensuite pass\u00e9s par le barrage de Pinet (premier construits sur le territoire des Raspes) avant de nous arr\u00eater un court instant devant la Cascade des Baumes. Ici, le ruisseau de L\u00e9v\u00e9jac se jette dans le Tarn depuis des rochers de tuf hauts de 18m. Un endroit idyllique qui inspira le metteur en sc\u00e8ne de \u00ab\u00a0<em>Fanfan la Tulipe<\/em>\u00a0\u00bb puisqu&rsquo;il y fit plonger Vincent Perez pour une des sc\u00e8nes du film.<\/p>\n\n<h3>Auriac:<\/h3>\n<p>La journ\u00e9e s&rsquo;est ensuite achev\u00e9e \u00e0 Auriac, un petit bourg du 19\u00e8me si\u00e8cle perch\u00e9 sur une cr\u00eate rocheuse et dominant un m\u00e9andre du Tarn. La visite nous a \u00e9t\u00e9 faite par une dame vivant ici, tr\u00e8s attach\u00e9e \u00e0 ce lieu qui vous donne l&rsquo;impression que le temps s&rsquo;est arr\u00eat\u00e9. En pleine nature, pas un bruit ne vient troubler la qui\u00e9tude des lieux. Un endroit id\u00e9al pour les adeptes du slow travel et du hygge.<\/p>\n\n<p>Cette journ\u00e9e fut tout simplement inoubliable, j&rsquo;ai d\u00e9couvert des lieux d&rsquo;exception (autant pour le c\u00f4t\u00e9 historique que naturel), des gens d&rsquo;exception (qu&rsquo;il s&rsquo;agisse de nos guides, des gens qui nous ont re\u00e7us, mais aussi les autres blogueurs participants) et de nouvelles saveurs (si j&rsquo;avais su qu&rsquo;un jour j&rsquo;aimerais le roquefort&#8230;!). Je vous conseille donc vivement de vous rendre en Aveyron et surtout, dans le Pays de la Muse et des Raspes du Tarn o\u00f9 je vous garantis que vous serez bien re\u00e7us et ne serez pas d\u00e9\u00e7us de ce que vous y trouverez. Personnellement, j&rsquo;attends avec impatience de pouvoir y retourner avec M. pour lui faire d\u00e9couvrir.<\/p>\n<hr \/>\n<p style=\"text-align: center;\"><em>Cet itin\u00e9raire a \u00e9t\u00e9 r\u00e9alis\u00e9 par l&rsquo;<a href=\"http:\/\/www.tourisme-muse-raspes.com\/\" target=\"_blank\" rel=\"noopener nofollow noreferrer\">Office de Tourisme du Pays de la Muse et des Raspes du Tarn<\/a> dans le cadre du <a href=\"https:\/\/www.salonblogueursvoyage.fr\" target=\"_blank\" rel=\"noopener nofollow noreferrer\">Salon des Blogueurs de Voyage<\/a>\u00a0auquel j&rsquo;ai particip\u00e9 sur invitation de l&rsquo;<a href=\"https:\/\/www.tourisme-aveyron.com\/fr\" target=\"_blank\" rel=\"noopener nofollow noreferrer\">Agence de D\u00e9veloppement Touristique de l&rsquo;Aveyron<\/a>\u00a0que je remercie. Un grand merci \u00e0 David et Charl\u00e8ne qui nous ont accompagn\u00e9s durant tout notre s\u00e9jour.<\/em><\/p>\n<hr \/>\n<p>https:\/\/www.pinterest.fr\/pin\/804525920912533320\/<\/p>\n","protected":false},"excerpt":{"rendered":"<p>J&rsquo;ai r\u00e9cemment particip\u00e9 au Salon des Blogueurs de Voyage\u00a0durant lequel une journ\u00e9e enti\u00e8re \u00e9tait d\u00e9di\u00e9e \u00e0 la d\u00e9couverte d&rsquo;une partie de l&rsquo;Aveyron (un blogtrip). Pour l&rsquo;occasion, 20 itin\u00e9raires nous ont \u00e9t\u00e9 propos\u00e9s et mon choix s&rsquo;est port\u00e9 sur les Raspes du Tarn, dites les Gorges Oubli\u00e9es. Cet itin\u00e9raire a \u00e9t\u00e9 con\u00e7u par Charl\u00e8ne et David de l&rsquo;Office de Tourisme du Pays de la Muse et des Raspes du Tarn\u00a0qui nous ont accompagn\u00e9s toute la journ\u00e9e et conduits dans des lieux de toute beaut\u00e9 que je vous conseille fortement de d\u00e9couvrir \u00e0 votre tour. Brousse-le-Ch\u00e2teau: En arrivant \u00e0 Brousse-le-Ch\u00e2teau, j&rsquo;ai tout de suite su que j&rsquo;avais fait le bon choix: class\u00e9e parmi les plus beaux villages de France, cette ancienne cit\u00e9 m\u00e9di\u00e9vale dominant l&rsquo;Alrance et le Tarn est en parfait \u00e9tat. La lumi\u00e8re du soleil matinal se refl\u00e9tait dans l&rsquo;eau dont le bruit doux associ\u00e9 au chant des oiseaux donnait un c\u00f4t\u00e9 tr\u00e8s bucolique au tableau que nous avions sous les yeux. Derri\u00e8re la rivi\u00e8re, des maisons de pierres apparentes se serraient les unes aux autres, chacune ayant son petit jardin apportant la touche de verdure parfaite. Nous avons tout de suite \u00e9t\u00e9 accueillis par Th\u00e9or\u00e8me, notre guide pour la visite du Ch\u00e2teau, puis, l&rsquo;h\u00f4tel-restaurant Le Relays du Chasteau nous a offert le caf\u00e9 sur leur terrasse ensoleill\u00e9e. Nous serions bien rest\u00e9s des heures assis \u00e0 leur table \u00e0 discuter tous ensemble, c&rsquo;\u00e9tait vraiment tr\u00e8s agr\u00e9able&#8230; Toute la visite fut extr\u00eamement int\u00e9ressante. Avec une version un peu diff\u00e9rente de l\u2019histoire du Moyen-\u00c2ge telle qu&rsquo;enseign\u00e9e \u00e0 l&rsquo;\u00e9cole, Th\u00e9or\u00e8me nous a pr\u00e9sent\u00e9 une \u00e9poque et un mode de vie bien plus \u00ab\u00a0\u00e9volu\u00e9\u00a0\u00bb que ce que la plupart des gens pensent. Et quoi de mieux que de terminer cette visite par un petit en-cas fait de sp\u00e9cialit\u00e9s culinaires locales? Celles-ci nous ont \u00e9t\u00e9 pr\u00e9par\u00e9es par Le Relays du Chasteau et apport\u00e9es au sein du Ch\u00e2teau par deux personnes de la mairie. Au menu: Far\u00e7ous, feuillet\u00e9s au roquefort, flaune, charcuterie, jus de pomme, jus de raisin et Calistou! Moi qui en tant normal ne suis pas tr\u00e8s fromage, j&rsquo;ai aim\u00e9 les feuillet\u00e9s au roquefort! Merci pour cette belle d\u00e9couverte. Saint-Victor: Nous nous sommes ensuite rendus \u00e0 Saint-Victor afin de visiter son \u00e9glise, aussi connue sous le nom de Chapelle Sixtine Rouergate. C&rsquo;est Francis qui nous a parl\u00e9 de son histoire, mais aussi de celle de Nicola\u00ef Greshny. D&rsquo;origine Estonienne, cet homme a r\u00e9introduit l&rsquo;usage de la fresque \u00ab\u00a0al fresco\u00a0\u00bb en France en s&rsquo;inspirant de la peinture byzantine. Consid\u00e9r\u00e9 comme le plus grand fresquiste du 20\u00e8me si\u00e8cle, il a d\u00e9cor\u00e9 enti\u00e8rement l&rsquo;\u00e9glise de Saint-Victor en 1953. Le r\u00e9sultat est \u00e9tonnant, l&rsquo;ext\u00e9rieur est typique des \u00e9glises de la r\u00e9gion et donc, on ne s&rsquo;attends pas \u00e0 trouver des fresques r\u00e9centes de style byzantines \u00e0 l&rsquo;int\u00e9rieur. Lorsque l&rsquo;on rentre, on est tout de suite frapp\u00e9 par les couleurs vives et les contours marqu\u00e9s des personnages. Si l&rsquo;on regarde de plus pr\u00e8s, certains personnages sont issus du village, ce qui apporte une note tr\u00e8s contemporaine \u00e0 l&rsquo;oeuvre. De plus, toutes les phrases sont \u00e9crites \u00e0 la fois en latin et en occitan. Florence nous a ensuite conduits au Centre d&rsquo;Art Mural et d&rsquo;Interpr\u00e9tation de la Fresque qui parle de l&rsquo;histoire de la fresque et permet de voir entre autre certaines esquisses de l&rsquo;artiste et des pigments de couleurs. Nous avons aussi eu droit \u00e0 une petite d\u00e9gustation de confiture maison accompagn\u00e9e de kir, car oui, en Aveyron toute occasion est bonne pour passer un moment gourmand en bonne compagnie, et c&rsquo;est r\u00e9ussi! Le Truel: Apr\u00e8s cet ap\u00e9ritif pour nous mettre en app\u00e9tit, direction le restaurant Les Toqu\u00e9s du Truel o\u00f9 Franck et Magali nous ont pr\u00e9par\u00e9 un repas d&rsquo;inspiration du terroir: kir \u00e0 la ch\u00e2taigne, salade au Malsat pan\u00e9, feuillet\u00e9 forestier accompagn\u00e9 d&rsquo;aligot, Roquefort et moelleux \u00e0 la ch\u00e2taigne. Pour ceux qui ne le savent pas, j&rsquo;ai de tr\u00e8s nombreuses allergies alimentaires dont la ch\u00e2taigne et les arachides (et beaucoup d&rsquo;autres mais ce serait trop long \u00e0 \u00e9num\u00e9rer). Aussi, c&rsquo;est toujours d\u00e9licat pour moi d&rsquo;aller manger au restaurant, chez des amis ou dans ma propre famille. Ainsi, je tiens \u00e0 remercier Franck et Magali d&rsquo;avoir fait tout le n\u00e9cessaire pour me permettre de manger sans crainte. De ce fait, mon menu \u00e9tait l\u00e9g\u00e8rement diff\u00e9rent de celui mentionn\u00e9 plus haut qui \u00e9tait servi aux autres: verre de vin, mille-feuille tomate et fromage de ch\u00e8vre, c\u00f4telette de porc et l\u00e9gumes grill\u00e9s, pommes r\u00f4ties caram\u00e9lis\u00e9es. Nous avons tous fait l&rsquo;impasse sur le fromage, ayant d\u00e9j\u00e0 mang\u00e9 deux fois avant de venir (\u00e0 Brousse-le-Ch\u00e2teau et \u00e0 Saint-Victor). Ayss\u00e8nes: Et quoi de mieux pour dig\u00e9rer qu&rsquo;une petite promenade? C&rsquo;est \u00e0 Ayss\u00e8nes que nous avons grimp\u00e9 en haut du Roc Saint Jean afin de profiter de la vue sur les Gorges depuis le belv\u00e9d\u00e8re. J&rsquo;ai ador\u00e9, \u00e9tant sensible aux paysages naturels d&rsquo;exception, celui-ci m&rsquo;a beaucoup plu: v\u00e9g\u00e9tation luxuriante+relief escarp\u00e9+eau couleur \u00e9meraude= WOW! Notre visite des lieux s&rsquo;est termin\u00e9e au Mus\u00e9e de la Ch\u00e2taigne et celui de l&rsquo;Art Religieux. Tous deux sont situ\u00e9s dans le m\u00eame b\u00e2timent, un endroit tout cosy o\u00f9 vous trouverez d&rsquo;un c\u00f4t\u00e9 de nombreuses informations sur l&rsquo;histoire de l&rsquo;arbre et de son fruit, ainsi que sa r\u00e9colte et son utilisation, et de l&rsquo;autre, des objets religieux dont certains sont inscrits ou class\u00e9s monuments historiques. Le barrage de Pinet &amp; la Cascade des Baumes: Nous sommes ensuite pass\u00e9s par le barrage de Pinet (premier construits sur le territoire des Raspes) avant de nous arr\u00eater un court instant devant la Cascade des Baumes. Ici, le ruisseau de L\u00e9v\u00e9jac se jette dans le Tarn depuis des rochers de tuf hauts de 18m. Un endroit idyllique qui inspira le metteur en sc\u00e8ne de \u00ab\u00a0Fanfan la Tulipe\u00a0\u00bb puisqu&rsquo;il y fit plonger Vincent Perez pour une des sc\u00e8nes du film. Auriac: La journ\u00e9e s&rsquo;est ensuite achev\u00e9e \u00e0 Auriac, un petit bourg du 19\u00e8me si\u00e8cle perch\u00e9 sur une cr\u00eate rocheuse et dominant un m\u00e9andre du Tarn. La visite nous a \u00e9t\u00e9 faite par une dame vivant ici, tr\u00e8s attach\u00e9e \u00e0 ce lieu qui vous donne l&rsquo;impression que le temps s&rsquo;est arr\u00eat\u00e9. En pleine nature, pas un bruit ne vient troubler la qui\u00e9tude des lieux. Un endroit id\u00e9al pour les adeptes du slow travel et du hygge. Cette journ\u00e9e fut tout simplement inoubliable, j&rsquo;ai d\u00e9couvert des lieux d&rsquo;exception (autant pour le c\u00f4t\u00e9 historique que naturel), des gens d&rsquo;exception (qu&rsquo;il s&rsquo;agisse de nos guides, des gens qui nous ont re\u00e7us, mais aussi les autres blogueurs participants) et de nouvelles saveurs (si j&rsquo;avais su qu&rsquo;un jour j&rsquo;aimerais le roquefort&#8230;!). Je vous conseille donc vivement de vous rendre en Aveyron et surtout, dans le Pays de la Muse et des Raspes du Tarn o\u00f9 je vous garantis que vous serez bien re\u00e7us et ne serez pas d\u00e9\u00e7us de ce que vous y trouverez. Personnellement, j&rsquo;attends avec impatience de pouvoir y retourner avec M. pour lui faire d\u00e9couvrir. Cet itin\u00e9raire a \u00e9t\u00e9 r\u00e9alis\u00e9 par l&rsquo;Office de Tourisme du Pays de la Muse et des Raspes du Tarn dans le cadre du Salon des Blogueurs de Voyage\u00a0auquel j&rsquo;ai particip\u00e9 sur invitation de l&rsquo;Agence de D\u00e9veloppement Touristique de l&rsquo;Aveyron\u00a0que je remercie. Un grand merci \u00e0 David et Charl\u00e8ne qui nous ont accompagn\u00e9s durant tout notre s\u00e9jour. https:\/\/www.pinterest.fr\/pin\/804525920912533320\/<\/p>\n","protected":false},"author":2,"featured_media":12121,"comment_status":"open","ping_status":"open","sticky":false,"template":"","format":"standard","meta":{"_jetpack_memberships_contains_paid_content":false,"footnotes":""},"categories":[64,20,21,22,32,36,5,6],"tags":[111,203,361,426],"class_list":["post-12119","post","type-post","status-publish","format-standard","has-post-thumbnail","hentry","category-culture","category-escapades","category-europe","category-france","category-nature","category-occitanie","category-themes","category-voyages","tag-aveyron","tag-france","tag-salon","tag-wat"],"yoast_head":"<!-- This site is optimized with the Yoast SEO plugin v26.3 - https:\/\/yoast.com\/wordpress\/plugins\/seo\/ -->\n<title>Escapades: Les Raspes du Tarn en Aveyron - Traces de Voyages<\/title>\n<meta name=\"description\" content=\"Mon dernier passage en Aveyron m&#039;a fait d\u00e9couvrir les Raspes du Tarn, aussi appel\u00e9es les Gorges Oubli\u00e9es. Je vous d\u00e9voile l&#039;itin\u00e9raire complet de cette visite avec l&#039;Office de Tourisme du Pays de la Muse et des Raspes du Tarn.\" \/>\n<meta name=\"robots\" content=\"index, follow, max-snippet:-1, max-image-preview:large, max-video-preview:-1\" \/>\n<link rel=\"canonical\" href=\"https:\/\/tracesdevoyages.com\/index.php\/2018\/05\/13\/escapades-les-raspes-du-tarn-en-aveyron\/\" \/>\n<meta property=\"og:locale\" content=\"fr_FR\" \/>\n<meta property=\"og:type\" content=\"article\" \/>\n<meta property=\"og:title\" content=\"Escapades: Les Raspes du Tarn en Aveyron - Traces de Voyages\" \/>\n<meta property=\"og:description\" content=\"Mon dernier passage en Aveyron m&#039;a fait d\u00e9couvrir les Raspes du Tarn, aussi appel\u00e9es les Gorges Oubli\u00e9es. Je vous d\u00e9voile l&#039;itin\u00e9raire complet de cette visite avec l&#039;Office de Tourisme du Pays de la Muse et des Raspes du Tarn.\" \/>\n<meta property=\"og:url\" content=\"https:\/\/tracesdevoyages.com\/index.php\/2018\/05\/13\/escapades-les-raspes-du-tarn-en-aveyron\/\" \/>\n<meta property=\"og:site_name\" content=\"Traces de Voyages\" \/>\n<meta property=\"article:publisher\" content=\"https:\/\/www.facebook.com\/tracesdevoyages\/\" \/>\n<meta property=\"article:published_time\" content=\"2018-05-13T14:25:46+00:00\" \/>\n<meta name=\"author\" content=\"tracesdevoyages\" \/>\n<meta name=\"twitter:card\" content=\"summary_large_image\" \/>\n<meta name=\"twitter:creator\" content=\"@TracesdeVoyages\" \/>\n<meta name=\"twitter:site\" content=\"@TracesdeVoyages\" \/>\n<meta name=\"twitter:label1\" content=\"\u00c9crit par\" \/>\n\t<meta name=\"twitter:data1\" content=\"tracesdevoyages\" \/>\n\t<meta name=\"twitter:label2\" content=\"Dur\u00e9e de lecture estim\u00e9e\" \/>\n\t<meta name=\"twitter:data2\" content=\"7 minutes\" \/>\n<script type=\"application\/ld+json\" class=\"yoast-schema-graph\">{\"@context\":\"https:\/\/schema.org\",\"@graph\":[{\"@type\":\"Article\",\"@id\":\"https:\/\/tracesdevoyages.com\/index.php\/2018\/05\/13\/escapades-les-raspes-du-tarn-en-aveyron\/#article\",\"isPartOf\":{\"@id\":\"https:\/\/tracesdevoyages.com\/index.php\/2018\/05\/13\/escapades-les-raspes-du-tarn-en-aveyron\/\"},\"author\":{\"name\":\"tracesdevoyages\",\"@id\":\"https:\/\/tracesdevoyages.com\/#\/schema\/person\/407749fd8c63f4e19e1f4d61c3df1dd3\"},\"headline\":\"Escapades: Les Raspes du Tarn en Aveyron\",\"datePublished\":\"2018-05-13T14:25:46+00:00\",\"mainEntityOfPage\":{\"@id\":\"https:\/\/tracesdevoyages.com\/index.php\/2018\/05\/13\/escapades-les-raspes-du-tarn-en-aveyron\/\"},\"wordCount\":1440,\"commentCount\":2,\"publisher\":{\"@id\":\"https:\/\/tracesdevoyages.com\/#organization\"},\"image\":{\"@id\":\"https:\/\/tracesdevoyages.com\/index.php\/2018\/05\/13\/escapades-les-raspes-du-tarn-en-aveyron\/#primaryimage\"},\"thumbnailUrl\":\"\",\"keywords\":[\"Aveyron\",\"France\",\"Salon\",\"WAT\"],\"articleSection\":[\"Culture\",\"Escapades\",\"Europe\",\"France\",\"Nature\",\"Occitanie\",\"Th\u00e8mes\",\"Voyages\"],\"inLanguage\":\"fr-FR\",\"potentialAction\":[{\"@type\":\"CommentAction\",\"name\":\"Comment\",\"target\":[\"https:\/\/tracesdevoyages.com\/index.php\/2018\/05\/13\/escapades-les-raspes-du-tarn-en-aveyron\/#respond\"]}]},{\"@type\":\"WebPage\",\"@id\":\"https:\/\/tracesdevoyages.com\/index.php\/2018\/05\/13\/escapades-les-raspes-du-tarn-en-aveyron\/\",\"url\":\"https:\/\/tracesdevoyages.com\/index.php\/2018\/05\/13\/escapades-les-raspes-du-tarn-en-aveyron\/\",\"name\":\"Escapades: Les Raspes du Tarn en Aveyron - Traces de Voyages\",\"isPartOf\":{\"@id\":\"https:\/\/tracesdevoyages.com\/#website\"},\"primaryImageOfPage\":{\"@id\":\"https:\/\/tracesdevoyages.com\/index.php\/2018\/05\/13\/escapades-les-raspes-du-tarn-en-aveyron\/#primaryimage\"},\"image\":{\"@id\":\"https:\/\/tracesdevoyages.com\/index.php\/2018\/05\/13\/escapades-les-raspes-du-tarn-en-aveyron\/#primaryimage\"},\"thumbnailUrl\":\"\",\"datePublished\":\"2018-05-13T14:25:46+00:00\",\"description\":\"Mon dernier passage en Aveyron m'a fait d\u00e9couvrir les Raspes du Tarn, aussi appel\u00e9es les Gorges Oubli\u00e9es. Je vous d\u00e9voile l'itin\u00e9raire complet de cette visite avec l'Office de Tourisme du Pays de la Muse et des Raspes du Tarn.\",\"breadcrumb\":{\"@id\":\"https:\/\/tracesdevoyages.com\/index.php\/2018\/05\/13\/escapades-les-raspes-du-tarn-en-aveyron\/#breadcrumb\"},\"inLanguage\":\"fr-FR\",\"potentialAction\":[{\"@type\":\"ReadAction\",\"target\":[\"https:\/\/tracesdevoyages.com\/index.php\/2018\/05\/13\/escapades-les-raspes-du-tarn-en-aveyron\/\"]}]},{\"@type\":\"ImageObject\",\"inLanguage\":\"fr-FR\",\"@id\":\"https:\/\/tracesdevoyages.com\/index.php\/2018\/05\/13\/escapades-les-raspes-du-tarn-en-aveyron\/#primaryimage\",\"url\":\"\",\"contentUrl\":\"\"},{\"@type\":\"BreadcrumbList\",\"@id\":\"https:\/\/tracesdevoyages.com\/index.php\/2018\/05\/13\/escapades-les-raspes-du-tarn-en-aveyron\/#breadcrumb\",\"itemListElement\":[{\"@type\":\"ListItem\",\"position\":1,\"name\":\"Accueil\",\"item\":\"https:\/\/tracesdevoyages.com\/\"},{\"@type\":\"ListItem\",\"position\":2,\"name\":\"Escapades: Les Raspes du Tarn en Aveyron\"}]},{\"@type\":\"WebSite\",\"@id\":\"https:\/\/tracesdevoyages.com\/#website\",\"url\":\"https:\/\/tracesdevoyages.com\/\",\"name\":\"Traces de Voyages\",\"description\":\"Blog de voyages\",\"publisher\":{\"@id\":\"https:\/\/tracesdevoyages.com\/#organization\"},\"potentialAction\":[{\"@type\":\"SearchAction\",\"target\":{\"@type\":\"EntryPoint\",\"urlTemplate\":\"https:\/\/tracesdevoyages.com\/?s={search_term_string}\"},\"query-input\":{\"@type\":\"PropertyValueSpecification\",\"valueRequired\":true,\"valueName\":\"search_term_string\"}}],\"inLanguage\":\"fr-FR\"},{\"@type\":\"Organization\",\"@id\":\"https:\/\/tracesdevoyages.com\/#organization\",\"name\":\"Traces de Voyages\",\"url\":\"https:\/\/tracesdevoyages.com\/\",\"logo\":{\"@type\":\"ImageObject\",\"inLanguage\":\"fr-FR\",\"@id\":\"https:\/\/tracesdevoyages.com\/#\/schema\/logo\/image\/\",\"url\":\"https:\/\/i0.wp.com\/tracesdevoyages.com\/wp-content\/uploads\/2025\/01\/cropped-Traces-de-Voyages-LOGO.jpg?fit=512%2C512&ssl=1\",\"contentUrl\":\"https:\/\/i0.wp.com\/tracesdevoyages.com\/wp-content\/uploads\/2025\/01\/cropped-Traces-de-Voyages-LOGO.jpg?fit=512%2C512&ssl=1\",\"width\":512,\"height\":512,\"caption\":\"Traces de Voyages\"},\"image\":{\"@id\":\"https:\/\/tracesdevoyages.com\/#\/schema\/logo\/image\/\"},\"sameAs\":[\"https:\/\/www.facebook.com\/tracesdevoyages\/\",\"https:\/\/x.com\/TracesdeVoyages\",\"https:\/\/www.instagram.com\/tracesdevoyages\/\",\"https:\/\/fr.pinterest.com\/tracesdevoyages\/\",\"https:\/\/www.youtube.com\/channel\/UC240N7Neo4xrJRYcW3UhDaQ\/\"]},{\"@type\":\"Person\",\"@id\":\"https:\/\/tracesdevoyages.com\/#\/schema\/person\/407749fd8c63f4e19e1f4d61c3df1dd3\",\"name\":\"tracesdevoyages\",\"image\":{\"@type\":\"ImageObject\",\"inLanguage\":\"fr-FR\",\"@id\":\"https:\/\/tracesdevoyages.com\/#\/schema\/person\/image\/\",\"url\":\"https:\/\/secure.gravatar.com\/avatar\/89665a7661ade021f231fa4edee45d02595de0df2c6ac04037b09ce699dd6d89?s=96&d=mm&r=g\",\"contentUrl\":\"https:\/\/secure.gravatar.com\/avatar\/89665a7661ade021f231fa4edee45d02595de0df2c6ac04037b09ce699dd6d89?s=96&d=mm&r=g\",\"caption\":\"tracesdevoyages\"},\"url\":\"https:\/\/tracesdevoyages.com\/index.php\/author\/tracesdevoyages\/\"}]}<\/script>\n<!-- \/ Yoast SEO plugin. -->","yoast_head_json":{"title":"Escapades: Les Raspes du Tarn en Aveyron - Traces de Voyages","description":"Mon dernier passage en Aveyron m'a fait d\u00e9couvrir les Raspes du Tarn, aussi appel\u00e9es les Gorges Oubli\u00e9es. Je vous d\u00e9voile l'itin\u00e9raire complet de cette visite avec l'Office de Tourisme du Pays de la Muse et des Raspes du Tarn.","robots":{"index":"index","follow":"follow","max-snippet":"max-snippet:-1","max-image-preview":"max-image-preview:large","max-video-preview":"max-video-preview:-1"},"canonical":"https:\/\/tracesdevoyages.com\/index.php\/2018\/05\/13\/escapades-les-raspes-du-tarn-en-aveyron\/","og_locale":"fr_FR","og_type":"article","og_title":"Escapades: Les Raspes du Tarn en Aveyron - Traces de Voyages","og_description":"Mon dernier passage en Aveyron m'a fait d\u00e9couvrir les Raspes du Tarn, aussi appel\u00e9es les Gorges Oubli\u00e9es. Je vous d\u00e9voile l'itin\u00e9raire complet de cette visite avec l'Office de Tourisme du Pays de la Muse et des Raspes du Tarn.","og_url":"https:\/\/tracesdevoyages.com\/index.php\/2018\/05\/13\/escapades-les-raspes-du-tarn-en-aveyron\/","og_site_name":"Traces de Voyages","article_publisher":"https:\/\/www.facebook.com\/tracesdevoyages\/","article_published_time":"2018-05-13T14:25:46+00:00","author":"tracesdevoyages","twitter_card":"summary_large_image","twitter_creator":"@TracesdeVoyages","twitter_site":"@TracesdeVoyages","twitter_misc":{"\u00c9crit par":"tracesdevoyages","Dur\u00e9e de lecture estim\u00e9e":"7 minutes"},"schema":{"@context":"https:\/\/schema.org","@graph":[{"@type":"Article","@id":"https:\/\/tracesdevoyages.com\/index.php\/2018\/05\/13\/escapades-les-raspes-du-tarn-en-aveyron\/#article","isPartOf":{"@id":"https:\/\/tracesdevoyages.com\/index.php\/2018\/05\/13\/escapades-les-raspes-du-tarn-en-aveyron\/"},"author":{"name":"tracesdevoyages","@id":"https:\/\/tracesdevoyages.com\/#\/schema\/person\/407749fd8c63f4e19e1f4d61c3df1dd3"},"headline":"Escapades: Les Raspes du Tarn en Aveyron","datePublished":"2018-05-13T14:25:46+00:00","mainEntityOfPage":{"@id":"https:\/\/tracesdevoyages.com\/index.php\/2018\/05\/13\/escapades-les-raspes-du-tarn-en-aveyron\/"},"wordCount":1440,"commentCount":2,"publisher":{"@id":"https:\/\/tracesdevoyages.com\/#organization"},"image":{"@id":"https:\/\/tracesdevoyages.com\/index.php\/2018\/05\/13\/escapades-les-raspes-du-tarn-en-aveyron\/#primaryimage"},"thumbnailUrl":"","keywords":["Aveyron","France","Salon","WAT"],"articleSection":["Culture","Escapades","Europe","France","Nature","Occitanie","Th\u00e8mes","Voyages"],"inLanguage":"fr-FR","potentialAction":[{"@type":"CommentAction","name":"Comment","target":["https:\/\/tracesdevoyages.com\/index.php\/2018\/05\/13\/escapades-les-raspes-du-tarn-en-aveyron\/#respond"]}]},{"@type":"WebPage","@id":"https:\/\/tracesdevoyages.com\/index.php\/2018\/05\/13\/escapades-les-raspes-du-tarn-en-aveyron\/","url":"https:\/\/tracesdevoyages.com\/index.php\/2018\/05\/13\/escapades-les-raspes-du-tarn-en-aveyron\/","name":"Escapades: Les Raspes du Tarn en Aveyron - Traces de Voyages","isPartOf":{"@id":"https:\/\/tracesdevoyages.com\/#website"},"primaryImageOfPage":{"@id":"https:\/\/tracesdevoyages.com\/index.php\/2018\/05\/13\/escapades-les-raspes-du-tarn-en-aveyron\/#primaryimage"},"image":{"@id":"https:\/\/tracesdevoyages.com\/index.php\/2018\/05\/13\/escapades-les-raspes-du-tarn-en-aveyron\/#primaryimage"},"thumbnailUrl":"","datePublished":"2018-05-13T14:25:46+00:00","description":"Mon dernier passage en Aveyron m'a fait d\u00e9couvrir les Raspes du Tarn, aussi appel\u00e9es les Gorges Oubli\u00e9es. Je vous d\u00e9voile l'itin\u00e9raire complet de cette visite avec l'Office de Tourisme du Pays de la Muse et des Raspes du Tarn.","breadcrumb":{"@id":"https:\/\/tracesdevoyages.com\/index.php\/2018\/05\/13\/escapades-les-raspes-du-tarn-en-aveyron\/#breadcrumb"},"inLanguage":"fr-FR","potentialAction":[{"@type":"ReadAction","target":["https:\/\/tracesdevoyages.com\/index.php\/2018\/05\/13\/escapades-les-raspes-du-tarn-en-aveyron\/"]}]},{"@type":"ImageObject","inLanguage":"fr-FR","@id":"https:\/\/tracesdevoyages.com\/index.php\/2018\/05\/13\/escapades-les-raspes-du-tarn-en-aveyron\/#primaryimage","url":"","contentUrl":""},{"@type":"BreadcrumbList","@id":"https:\/\/tracesdevoyages.com\/index.php\/2018\/05\/13\/escapades-les-raspes-du-tarn-en-aveyron\/#breadcrumb","itemListElement":[{"@type":"ListItem","position":1,"name":"Accueil","item":"https:\/\/tracesdevoyages.com\/"},{"@type":"ListItem","position":2,"name":"Escapades: Les Raspes du Tarn en Aveyron"}]},{"@type":"WebSite","@id":"https:\/\/tracesdevoyages.com\/#website","url":"https:\/\/tracesdevoyages.com\/","name":"Traces de Voyages","description":"Blog de voyages","publisher":{"@id":"https:\/\/tracesdevoyages.com\/#organization"},"potentialAction":[{"@type":"SearchAction","target":{"@type":"EntryPoint","urlTemplate":"https:\/\/tracesdevoyages.com\/?s={search_term_string}"},"query-input":{"@type":"PropertyValueSpecification","valueRequired":true,"valueName":"search_term_string"}}],"inLanguage":"fr-FR"},{"@type":"Organization","@id":"https:\/\/tracesdevoyages.com\/#organization","name":"Traces de Voyages","url":"https:\/\/tracesdevoyages.com\/","logo":{"@type":"ImageObject","inLanguage":"fr-FR","@id":"https:\/\/tracesdevoyages.com\/#\/schema\/logo\/image\/","url":"https:\/\/i0.wp.com\/tracesdevoyages.com\/wp-content\/uploads\/2025\/01\/cropped-Traces-de-Voyages-LOGO.jpg?fit=512%2C512&ssl=1","contentUrl":"https:\/\/i0.wp.com\/tracesdevoyages.com\/wp-content\/uploads\/2025\/01\/cropped-Traces-de-Voyages-LOGO.jpg?fit=512%2C512&ssl=1","width":512,"height":512,"caption":"Traces de Voyages"},"image":{"@id":"https:\/\/tracesdevoyages.com\/#\/schema\/logo\/image\/"},"sameAs":["https:\/\/www.facebook.com\/tracesdevoyages\/","https:\/\/x.com\/TracesdeVoyages","https:\/\/www.instagram.com\/tracesdevoyages\/","https:\/\/fr.pinterest.com\/tracesdevoyages\/","https:\/\/www.youtube.com\/channel\/UC240N7Neo4xrJRYcW3UhDaQ\/"]},{"@type":"Person","@id":"https:\/\/tracesdevoyages.com\/#\/schema\/person\/407749fd8c63f4e19e1f4d61c3df1dd3","name":"tracesdevoyages","image":{"@type":"ImageObject","inLanguage":"fr-FR","@id":"https:\/\/tracesdevoyages.com\/#\/schema\/person\/image\/","url":"https:\/\/secure.gravatar.com\/avatar\/89665a7661ade021f231fa4edee45d02595de0df2c6ac04037b09ce699dd6d89?s=96&d=mm&r=g","contentUrl":"https:\/\/secure.gravatar.com\/avatar\/89665a7661ade021f231fa4edee45d02595de0df2c6ac04037b09ce699dd6d89?s=96&d=mm&r=g","caption":"tracesdevoyages"},"url":"https:\/\/tracesdevoyages.com\/index.php\/author\/tracesdevoyages\/"}]}},"jetpack_featured_media_url":"","jetpack_sharing_enabled":true,"_links":{"self":[{"href":"https:\/\/tracesdevoyages.com\/index.php\/wp-json\/wp\/v2\/posts\/12119","targetHints":{"allow":["GET"]}}],"collection":[{"href":"https:\/\/tracesdevoyages.com\/index.php\/wp-json\/wp\/v2\/posts"}],"about":[{"href":"https:\/\/tracesdevoyages.com\/index.php\/wp-json\/wp\/v2\/types\/post"}],"author":[{"embeddable":true,"href":"https:\/\/tracesdevoyages.com\/index.php\/wp-json\/wp\/v2\/users\/2"}],"replies":[{"embeddable":true,"href":"https:\/\/tracesdevoyages.com\/index.php\/wp-json\/wp\/v2\/comments?post=12119"}],"version-history":[{"count":0,"href":"https:\/\/tracesdevoyages.com\/index.php\/wp-json\/wp\/v2\/posts\/12119\/revisions"}],"wp:featuredmedia":[{"embeddable":true,"href":"https:\/\/tracesdevoyages.com\/index.php\/wp-json\/"}],"wp:attachment":[{"href":"https:\/\/tracesdevoyages.com\/index.php\/wp-json\/wp\/v2\/media?parent=12119"}],"wp:term":[{"taxonomy":"category","embeddable":true,"href":"https:\/\/tracesdevoyages.com\/index.php\/wp-json\/wp\/v2\/categories?post=12119"},{"taxonomy":"post_tag","embeddable":true,"href":"https:\/\/tracesdevoyages.com\/index.php\/wp-json\/wp\/v2\/tags?post=12119"}],"curies":[{"name":"wp","href":"https:\/\/api.w.org\/{rel}","templated":true}]}}