{"id":12281,"date":"2018-06-03T15:42:37","date_gmt":"2018-06-03T13:42:37","guid":{"rendered":"https:\/\/tracesdevoyages.com\/?p=12281"},"modified":"2018-06-03T15:42:37","modified_gmt":"2018-06-03T13:42:37","slug":"escapades-la-reunion-lile-intense","status":"publish","type":"post","link":"https:\/\/tracesdevoyages.com\/index.php\/2018\/06\/03\/escapades-la-reunion-lile-intense\/","title":{"rendered":"Escapades: La R\u00e9union, l&rsquo;\u00eele intense"},"content":{"rendered":"<p>Cela fait maintenant 10 ans que j&rsquo;ai eu la chance de visiter l&rsquo;\u00eele de La R\u00e9union en famille. C&rsquo;\u00e9tait en hiver, nous avions d\u00e9cid\u00e9 de passer les f\u00eates de No\u00ebl sous les tropiques et troquer le traditionnel sapin pour des palmiers. Un voyage magique sur une des plus belles \u00eeles de l&rsquo;Oc\u00e9an Indien&#8230;<\/p>\n<p>Imaginez-vous une chaleur pesante et humide, un ciel nuageux annon\u00e7ant l&rsquo;orage, des parfums de fleurs exotiques et le bruit du vent dans les palmes des arbres&#8230; vous y \u00eates? C&rsquo;est la premi\u00e8re image que j&rsquo;ai eu de cette \u00eele en sortant de l&rsquo;a\u00e9roport. Apr\u00e8s 12h de vol, j&rsquo;\u00e9tais tellement fatigu\u00e9e par le voyage que j&rsquo;ai dormi toute une journ\u00e9e dans notre bungalow. J&rsquo;\u00e9tais pourtant tellement impatiente de d\u00e9couvrir les lieux et piquer une t\u00eate dans ce nouvel Oc\u00e9an que je ne connaissais pas encore! Mais une fois ce repos n\u00e9cessaire termin\u00e9, je pu enfin profiter \u00e0 fond de tout ce que cette \u00eele avait de merveilleux \u00e0 nous offrir.<\/p>\n<figure id=\"attachment_12287\" aria-describedby=\"caption-attachment-12287\" style=\"width: 1200px\" class=\"wp-caption aligncenter\"><img data-recalc-dims=\"1\" loading=\"lazy\" decoding=\"async\" class=\"wp-image-12287 size-full\" src=\"https:\/\/i0.wp.com\/tracesdevoyages.com\/wp-content\/uploads\/2018\/05\/IMG_0233.jpg?resize=960%2C720&#038;ssl=1\" alt=\"\" width=\"960\" height=\"720\" \/><figcaption id=\"caption-attachment-12287\" class=\"wp-caption-text\">Anse des Cascades &#8211; La R\u00e9union<\/figcaption><\/figure>\n<p>Nous sommes donc partis \u00e0 la d\u00e9couverte de ses villes color\u00e9es, ses march\u00e9s aux \u00e9pices, ses fruits exotiques et ses restaurants \u00e0 la cuisine relev\u00e9e. Nous avons parcouru ses routes sinueuses le long des c\u00f4tes, \u00e0 travers les for\u00eats tropicales et sur les flancs du volcan. Nous avons plong\u00e9 dans ses vagues, sous ses cascades et dans ses piscines naturelles. Nous avons march\u00e9 sur son sable blanc, son sable noir et sa roche volcanique. Nous avons visit\u00e9 ses mus\u00e9es, ses sites de m\u00e9moire et monuments religieux. Enfin, nous avons vu l&rsquo;\u00eele sous tous les angles en foulant son sol et en la survolant en h\u00e9licopt\u00e8re \u00e0 travers ses cirques.<\/p>\n<p>Comme vous pouvez le voir, c&rsquo;est tout un \u00e9ventail de souvenirs sensoriels que je garde de ce voyage, qu&rsquo;ils soient visuels, olfactifs, tactiles ou gustatifs. Voici donc en d\u00e9tails ces lieux qui m&rsquo;ont marqu\u00e9e&#8230;<\/p>\n<p>Saint-Paul, Saint-Gilles Les Bains, Saint-Leu, l&rsquo;Etang-Sal\u00e9 Les Bains, Saint-Louis et Saint-Pierre sont autant de villes et villages que nous avons parcourus. Nous avons ador\u00e9 le march\u00e9 de Saint-Pierre face \u00e0 la baie o\u00f9 fruits exotiques et \u00e9pices se m\u00ealent dans un tourbillon de parfums et saveurs. Il parait que le village de Hell-Bourg dans le centre de l&rsquo;\u00eele est magnifique, nous n&rsquo;y sommes pas all\u00e9s mais \u00e9tant class\u00e9 parmi les plus beaux de France je pense que vous ne serez pas d\u00e9\u00e7us si de votre c\u00f4t\u00e9 vous vous y rendez.<\/p>\n<figure id=\"attachment_12286\" aria-describedby=\"caption-attachment-12286\" style=\"width: 1200px\" class=\"wp-caption aligncenter\"><img data-recalc-dims=\"1\" loading=\"lazy\" decoding=\"async\" class=\"wp-image-12286 size-full\" src=\"https:\/\/i0.wp.com\/tracesdevoyages.com\/wp-content\/uploads\/2018\/05\/R%C3%A9union-II-D%C3%A9cembre-2007-050.jpg?resize=960%2C720&#038;ssl=1\" alt=\"\" width=\"960\" height=\"720\" \/><figcaption id=\"caption-attachment-12286\" class=\"wp-caption-text\">March\u00e9 de Saint-Pierre &#8211; La R\u00e9union<\/figcaption><\/figure>\n<p>Amateurs de road trips, plusieurs routes nous ont offert des paysages exceptionnels, comme celle de Grand Galet longeant la rivi\u00e8re Langevin; la N2 dans le sud de l&rsquo;\u00eele qui traverse villages, champs de cannes \u00e0 sucre et bords de mer; la Route Foresti\u00e8re du Volcan o\u00f9 vous roulez tant\u00f4t dans la for\u00eat, tant\u00f4t sur le sol volcanique; ou encore la Route Foresti\u00e8re 29 menant \u00e0 l&rsquo;Anse des Cascades et sa magnifique Palmeraie. Pour les plus courageux, vous pouvez aussi tenter la route de Cilaos et ses 400 virages!<\/p>\n<figure id=\"attachment_14261\" aria-describedby=\"caption-attachment-14261\" style=\"width: 1200px\" class=\"wp-caption aligncenter\"><img data-recalc-dims=\"1\" loading=\"lazy\" decoding=\"async\" class=\"size-full wp-image-14261\" src=\"https:\/\/i0.wp.com\/tracesdevoyages.com\/wp-content\/uploads\/2017\/04\/La-R%C3%A9union-volcan.jpg?resize=960%2C720&#038;ssl=1\" alt=\"\" width=\"960\" height=\"720\" \/><figcaption id=\"caption-attachment-14261\" class=\"wp-caption-text\">Volcan Piton de la Fournaise &#8211; La R\u00e9union<\/figcaption><\/figure>\n<p>Pour la baignade, nous sommes tomb\u00e9s sous le charme de 3 lieux en particulier: la plage de Grande Anse avec son sable blanc et son environnement naturel exceptionnel, celle d\u2019\u00c9tang Sal\u00e9 et son sable noir volcanique, ainsi que la Cascade du Trou noir o\u00f9 vous pouvez vous baigner!\u00a0 A tester \u00e9galement: la plage de l&rsquo;Hermitage \u00e0 Saint-Gilles, celle de Boucan-Canot \u00e0 Saint-Paul, ou encore celle de Saint-Leu.<\/p>\n<figure id=\"attachment_14262\" aria-describedby=\"caption-attachment-14262\" style=\"width: 1200px\" class=\"wp-caption aligncenter\"><img data-recalc-dims=\"1\" loading=\"lazy\" decoding=\"async\" class=\"wp-image-14262 size-full\" src=\"https:\/\/i0.wp.com\/tracesdevoyages.com\/wp-content\/uploads\/2017\/04\/La-R%C3%A9union-Cascade.jpg?resize=960%2C720&#038;ssl=1\" alt=\"\" width=\"960\" height=\"720\" \/><figcaption id=\"caption-attachment-14262\" class=\"wp-caption-text\">Cascade du Trou Noir &#8211; La R\u00e9union<\/figcaption><\/figure>\n<p>C\u00f4t\u00e9 nature, il existe de nombreux sites de toute beaut\u00e9, entre autres l&rsquo;Anse des Cascades, \u00e9crin de verdure aux nombreuses chutes d&rsquo;eau face \u00e0 l&rsquo;oc\u00e9an; le <a href=\"http:\/\/fournaise.info\/\" target=\"_blank\" rel=\"noopener noreferrer\">Piton de la Fournaise<\/a> et ses sentiers de randonn\u00e9e \u00e0 m\u00eame la roche volcanique; les cascades par centaines comme celle du Trou Noir (mentionn\u00e9e plus haut); le <a href=\"http:\/\/jardindeden.re\/\" target=\"_blank\" rel=\"noopener noreferrer\">Jardin d&rsquo;Eden<\/a>, un jardin-paysager tropical et ethno-botanique sur 2,5 hectares (<em>photo en couverture de cet article<\/em>); ou encore le Gouffre \u00e0 \u00c9tang-Sal\u00e9 o\u00f9 l&rsquo;oc\u00e9an se d\u00e9cha\u00eene contre les rochers. Il existe d&rsquo;ailleurs 3 r\u00e9serves naturelles sur l&rsquo;\u00eele: le <a href=\"http:\/\/www.reunion-parcnational.fr\/fr\" target=\"_blank\" rel=\"noopener noreferrer\">Parc national de La R\u00e9union<\/a>, la <a href=\"http:\/\/www.reservemarinereunion.fr\/\" target=\"_blank\" rel=\"noopener noreferrer\">R\u00e9serve Naturelle Marine de La R\u00e9union<\/a> et la <a href=\"https:\/\/reserve-etangsaintpaul.fr\/\" target=\"_blank\" rel=\"noopener noreferrer\">R\u00e9serve Naturelle Nationale &#8211; l\u2019\u00c9tang Saint-Paul<\/a>. Pas \u00e9tonnant que l&rsquo;\u00eele soit parfaite pour l&rsquo;\u00e9co-tourisme.<\/p>\n<figure id=\"attachment_14260\" aria-describedby=\"caption-attachment-14260\" style=\"width: 1200px\" class=\"wp-caption aligncenter\"><img data-recalc-dims=\"1\" loading=\"lazy\" decoding=\"async\" class=\"wp-image-14260 size-mailpoet_newsletter_max\" src=\"https:\/\/i0.wp.com\/tracesdevoyages.com\/wp-content\/uploads\/2017\/04\/La-R%C3%A9union-Anse-des-Cascades-couverture-1320x990.jpg?resize=960%2C720&#038;ssl=1\" alt=\"\" width=\"960\" height=\"720\" \/><figcaption id=\"caption-attachment-14260\" class=\"wp-caption-text\">l&rsquo;Anse des Cascades &#8211; La R\u00e9union<\/figcaption><\/figure>\n<p>Mains il n&rsquo;y a pas que de magnifiques paysages \u00e0 voir, de nombreux sites de visites sont \u00e0 d\u00e9couvrir comme <a href=\"http:\/\/museesreunion.re\/kelonia\" target=\"_blank\" rel=\"noopener noreferrer\">K\u00e9lonia<\/a>, un aquarium, mus\u00e9e et centre de recherche et de soins consacr\u00e9 aux tortues marines; la <a href=\"http:\/\/provanille.fr\/\" target=\"_blank\" rel=\"noopener noreferrer\">Coop\u00e9rative de Vanille de Bras Panon<\/a> o\u00f9 vous d\u00e9couvrirez la production de vanille; le <a href=\"https:\/\/www.facebook.com\/museevillele\/\" target=\"_blank\" rel=\"noopener noreferrer\">Mus\u00e9e Historique de Vill\u00e8le<\/a>, ancienne propri\u00e9t\u00e9 coloniale au c\u0153ur d&rsquo;une plantation; le <a href=\"http:\/\/museesreunion.re\/stellamatutina\" target=\"_blank\" rel=\"noopener noreferrer\">Mus\u00e9e Stella Matutina<\/a> install\u00e9 dans une ancienne usine sucri\u00e8re et traitant des techniques de fabrication du sucre; l&rsquo;Eglise Notre-Dame des Laves qui doit son nom \u00e0 la coul\u00e9e de lave qui s&rsquo;est arr\u00eat\u00e9e \u00e0 sa porte lors de l&rsquo;\u00e9ruption du Piton de la Fournaise en 1977; le Temple Tamoul de Shri Maha Badra Karli \u00e0 Saint-Pierre avec son architecture color\u00e9e incroyable; mais aussi le cimeti\u00e8re marin de Saint-Paul o\u00f9 de v\u00e9ritables Corsaires sont enterr\u00e9s.<\/p>\n<figure id=\"attachment_12284\" aria-describedby=\"caption-attachment-12284\" style=\"width: 1200px\" class=\"wp-caption aligncenter\"><img data-recalc-dims=\"1\" loading=\"lazy\" decoding=\"async\" class=\"wp-image-12284 size-full\" src=\"https:\/\/i0.wp.com\/tracesdevoyages.com\/wp-content\/uploads\/2018\/05\/R%C3%A9union-II-D%C3%A9cembre-2007-145.jpg?resize=960%2C720&#038;ssl=1\" alt=\"\" width=\"960\" height=\"720\" \/><figcaption id=\"caption-attachment-12284\" class=\"wp-caption-text\">K\u00e9lonia &#8211; La R\u00e9union<\/figcaption><\/figure>\n<p>Et pour cl\u00f4turer ces nombreuses exp\u00e9riences, rien de tel qu&rsquo;un survol des Cirques de l&rsquo;\u00eele en h\u00e9licopt\u00e8re. C&rsquo;\u00e9tait mon premier vol en h\u00e9lico et j&rsquo;en garde un merveilleux souvenir, ce fut tr\u00e8s impressionnant de survoler de pr\u00e8s les paysages incroyables du c\u0153ur de l&rsquo;\u00eele, se rapprochant des cascades et falaises couvertes de v\u00e9g\u00e9tation et passant les pics montagneux en les rasant. Sensations fortes garanties!<\/p>\n<figure id=\"attachment_12285\" aria-describedby=\"caption-attachment-12285\" style=\"width: 1200px\" class=\"wp-caption aligncenter\"><img data-recalc-dims=\"1\" loading=\"lazy\" decoding=\"async\" class=\"size-full wp-image-12285\" src=\"https:\/\/i0.wp.com\/tracesdevoyages.com\/wp-content\/uploads\/2018\/05\/IMG_0291.jpg?resize=960%2C720&#038;ssl=1\" alt=\"\" width=\"960\" height=\"720\" \/><figcaption id=\"caption-attachment-12285\" class=\"wp-caption-text\">Survol en h\u00e9lico &#8211; La R\u00e9union<\/figcaption><\/figure>\n<hr \/>\n<h3 style=\"text-align: center;\">Si vous aussi vous r\u00eavez de d\u00e9couvrir cette \u00eele, n&rsquo;h\u00e9sitez pas un seul instant, l&rsquo;\u00eele intense porte bien son nom et n&rsquo;attend que vous&#8230;<\/h3>\n<hr \/>\n<h3 style=\"text-align: center;\"><iframe loading=\"lazy\" src=\"https:\/\/www.google.com\/maps\/d\/u\/0\/embed?mid=1OPDz-XCX9-NDb4AIw3B5Z9W_GSabEzE-\" width=\"640\" height=\"480\"><\/iframe><\/h3>\n<hr \/>\n<p>https:\/\/www.pinterest.fr\/pin\/804525920912538037<\/p>\n","protected":false},"excerpt":{"rendered":"<p>Cela fait maintenant 10 ans que j&rsquo;ai eu la chance de visiter l&rsquo;\u00eele de La R\u00e9union en famille. C&rsquo;\u00e9tait en hiver, nous avions d\u00e9cid\u00e9 de passer les f\u00eates de No\u00ebl sous les tropiques et troquer le traditionnel sapin pour des palmiers. Un voyage magique sur une des plus belles \u00eeles de l&rsquo;Oc\u00e9an Indien&#8230; Imaginez-vous une chaleur pesante et humide, un ciel nuageux annon\u00e7ant l&rsquo;orage, des parfums de fleurs exotiques et le bruit du vent dans les palmes des arbres&#8230; vous y \u00eates? C&rsquo;est la premi\u00e8re image que j&rsquo;ai eu de cette \u00eele en sortant de l&rsquo;a\u00e9roport. Apr\u00e8s 12h de vol, j&rsquo;\u00e9tais tellement fatigu\u00e9e par le voyage que j&rsquo;ai dormi toute une journ\u00e9e dans notre bungalow. J&rsquo;\u00e9tais pourtant tellement impatiente de d\u00e9couvrir les lieux et piquer une t\u00eate dans ce nouvel Oc\u00e9an que je ne connaissais pas encore! Mais une fois ce repos n\u00e9cessaire termin\u00e9, je pu enfin profiter \u00e0 fond de tout ce que cette \u00eele avait de merveilleux \u00e0 nous offrir. Nous sommes donc partis \u00e0 la d\u00e9couverte de ses villes color\u00e9es, ses march\u00e9s aux \u00e9pices, ses fruits exotiques et ses restaurants \u00e0 la cuisine relev\u00e9e. Nous avons parcouru ses routes sinueuses le long des c\u00f4tes, \u00e0 travers les for\u00eats tropicales et sur les flancs du volcan. Nous avons plong\u00e9 dans ses vagues, sous ses cascades et dans ses piscines naturelles. Nous avons march\u00e9 sur son sable blanc, son sable noir et sa roche volcanique. Nous avons visit\u00e9 ses mus\u00e9es, ses sites de m\u00e9moire et monuments religieux. Enfin, nous avons vu l&rsquo;\u00eele sous tous les angles en foulant son sol et en la survolant en h\u00e9licopt\u00e8re \u00e0 travers ses cirques. Comme vous pouvez le voir, c&rsquo;est tout un \u00e9ventail de souvenirs sensoriels que je garde de ce voyage, qu&rsquo;ils soient visuels, olfactifs, tactiles ou gustatifs. Voici donc en d\u00e9tails ces lieux qui m&rsquo;ont marqu\u00e9e&#8230; Saint-Paul, Saint-Gilles Les Bains, Saint-Leu, l&rsquo;Etang-Sal\u00e9 Les Bains, Saint-Louis et Saint-Pierre sont autant de villes et villages que nous avons parcourus. Nous avons ador\u00e9 le march\u00e9 de Saint-Pierre face \u00e0 la baie o\u00f9 fruits exotiques et \u00e9pices se m\u00ealent dans un tourbillon de parfums et saveurs. Il parait que le village de Hell-Bourg dans le centre de l&rsquo;\u00eele est magnifique, nous n&rsquo;y sommes pas all\u00e9s mais \u00e9tant class\u00e9 parmi les plus beaux de France je pense que vous ne serez pas d\u00e9\u00e7us si de votre c\u00f4t\u00e9 vous vous y rendez. Amateurs de road trips, plusieurs routes nous ont offert des paysages exceptionnels, comme celle de Grand Galet longeant la rivi\u00e8re Langevin; la N2 dans le sud de l&rsquo;\u00eele qui traverse villages, champs de cannes \u00e0 sucre et bords de mer; la Route Foresti\u00e8re du Volcan o\u00f9 vous roulez tant\u00f4t dans la for\u00eat, tant\u00f4t sur le sol volcanique; ou encore la Route Foresti\u00e8re 29 menant \u00e0 l&rsquo;Anse des Cascades et sa magnifique Palmeraie. Pour les plus courageux, vous pouvez aussi tenter la route de Cilaos et ses 400 virages! Pour la baignade, nous sommes tomb\u00e9s sous le charme de 3 lieux en particulier: la plage de Grande Anse avec son sable blanc et son environnement naturel exceptionnel, celle d\u2019\u00c9tang Sal\u00e9 et son sable noir volcanique, ainsi que la Cascade du Trou noir o\u00f9 vous pouvez vous baigner!\u00a0 A tester \u00e9galement: la plage de l&rsquo;Hermitage \u00e0 Saint-Gilles, celle de Boucan-Canot \u00e0 Saint-Paul, ou encore celle de Saint-Leu. C\u00f4t\u00e9 nature, il existe de nombreux sites de toute beaut\u00e9, entre autres l&rsquo;Anse des Cascades, \u00e9crin de verdure aux nombreuses chutes d&rsquo;eau face \u00e0 l&rsquo;oc\u00e9an; le Piton de la Fournaise et ses sentiers de randonn\u00e9e \u00e0 m\u00eame la roche volcanique; les cascades par centaines comme celle du Trou Noir (mentionn\u00e9e plus haut); le Jardin d&rsquo;Eden, un jardin-paysager tropical et ethno-botanique sur 2,5 hectares (photo en couverture de cet article); ou encore le Gouffre \u00e0 \u00c9tang-Sal\u00e9 o\u00f9 l&rsquo;oc\u00e9an se d\u00e9cha\u00eene contre les rochers. Il existe d&rsquo;ailleurs 3 r\u00e9serves naturelles sur l&rsquo;\u00eele: le Parc national de La R\u00e9union, la R\u00e9serve Naturelle Marine de La R\u00e9union et la R\u00e9serve Naturelle Nationale &#8211; l\u2019\u00c9tang Saint-Paul. Pas \u00e9tonnant que l&rsquo;\u00eele soit parfaite pour l&rsquo;\u00e9co-tourisme. Mains il n&rsquo;y a pas que de magnifiques paysages \u00e0 voir, de nombreux sites de visites sont \u00e0 d\u00e9couvrir comme K\u00e9lonia, un aquarium, mus\u00e9e et centre de recherche et de soins consacr\u00e9 aux tortues marines; la Coop\u00e9rative de Vanille de Bras Panon o\u00f9 vous d\u00e9couvrirez la production de vanille; le Mus\u00e9e Historique de Vill\u00e8le, ancienne propri\u00e9t\u00e9 coloniale au c\u0153ur d&rsquo;une plantation; le Mus\u00e9e Stella Matutina install\u00e9 dans une ancienne usine sucri\u00e8re et traitant des techniques de fabrication du sucre; l&rsquo;Eglise Notre-Dame des Laves qui doit son nom \u00e0 la coul\u00e9e de lave qui s&rsquo;est arr\u00eat\u00e9e \u00e0 sa porte lors de l&rsquo;\u00e9ruption du Piton de la Fournaise en 1977; le Temple Tamoul de Shri Maha Badra Karli \u00e0 Saint-Pierre avec son architecture color\u00e9e incroyable; mais aussi le cimeti\u00e8re marin de Saint-Paul o\u00f9 de v\u00e9ritables Corsaires sont enterr\u00e9s. Et pour cl\u00f4turer ces nombreuses exp\u00e9riences, rien de tel qu&rsquo;un survol des Cirques de l&rsquo;\u00eele en h\u00e9licopt\u00e8re. C&rsquo;\u00e9tait mon premier vol en h\u00e9lico et j&rsquo;en garde un merveilleux souvenir, ce fut tr\u00e8s impressionnant de survoler de pr\u00e8s les paysages incroyables du c\u0153ur de l&rsquo;\u00eele, se rapprochant des cascades et falaises couvertes de v\u00e9g\u00e9tation et passant les pics montagneux en les rasant. Sensations fortes garanties! Si vous aussi vous r\u00eavez de d\u00e9couvrir cette \u00eele, n&rsquo;h\u00e9sitez pas un seul instant, l&rsquo;\u00eele intense porte bien son nom et n&rsquo;attend que vous&#8230; https:\/\/www.pinterest.fr\/pin\/804525920912538037<\/p>\n","protected":false},"author":2,"featured_media":12288,"comment_status":"open","ping_status":"open","sticky":false,"template":"","format":"standard","meta":{"_jetpack_memberships_contains_paid_content":false,"footnotes":""},"categories":[8,20,30,32,44,5,6],"tags":[188,225,250,422],"class_list":["post-12281","post","type-post","status-publish","format-standard","has-post-thumbnail","hentry","category-afrique","category-escapades","category-la-reunion","category-nature","category-regions-d-outre-mer","category-themes","category-voyages","tag-escapade","tag-ile","tag-lareunion","tag-voyage"],"yoast_head":"<!-- This site is optimized with the Yoast SEO plugin v26.3 - https:\/\/yoast.com\/wordpress\/plugins\/seo\/ -->\n<title>Escapades: La R\u00e9union, l&#039;\u00eele intense - Traces de Voyages<\/title>\n<meta name=\"description\" content=\"Cela fait maintenant 10 ans que j&#039;ai eu la chance de visiter l&#039;\u00eele de La R\u00e9union en famille. C&#039;\u00e9tait en hiver, nous avions d\u00e9cid\u00e9 de passer les f\u00eates de No\u00ebl sous les tropiques et troquer le traditionnel sapin pour des palmiers. Un voyage magique sur une des plus belles \u00eeles de l&#039;Oc\u00e9an Indien...\" \/>\n<meta name=\"robots\" content=\"index, follow, max-snippet:-1, max-image-preview:large, max-video-preview:-1\" \/>\n<link rel=\"canonical\" href=\"https:\/\/tracesdevoyages.com\/index.php\/2018\/06\/03\/escapades-la-reunion-lile-intense\/\" \/>\n<meta property=\"og:locale\" content=\"fr_FR\" \/>\n<meta property=\"og:type\" content=\"article\" \/>\n<meta property=\"og:title\" content=\"Escapades: La R\u00e9union, l&#039;\u00eele intense - Traces de Voyages\" \/>\n<meta property=\"og:description\" content=\"Cela fait maintenant 10 ans que j&#039;ai eu la chance de visiter l&#039;\u00eele de La R\u00e9union en famille. C&#039;\u00e9tait en hiver, nous avions d\u00e9cid\u00e9 de passer les f\u00eates de No\u00ebl sous les tropiques et troquer le traditionnel sapin pour des palmiers. Un voyage magique sur une des plus belles \u00eeles de l&#039;Oc\u00e9an Indien...\" \/>\n<meta property=\"og:url\" content=\"https:\/\/tracesdevoyages.com\/index.php\/2018\/06\/03\/escapades-la-reunion-lile-intense\/\" \/>\n<meta property=\"og:site_name\" content=\"Traces de Voyages\" \/>\n<meta property=\"article:publisher\" content=\"https:\/\/www.facebook.com\/tracesdevoyages\/\" \/>\n<meta property=\"article:published_time\" content=\"2018-06-03T13:42:37+00:00\" \/>\n<meta name=\"author\" content=\"tracesdevoyages\" \/>\n<meta name=\"twitter:card\" content=\"summary_large_image\" \/>\n<meta name=\"twitter:creator\" content=\"@TracesdeVoyages\" \/>\n<meta name=\"twitter:site\" content=\"@TracesdeVoyages\" \/>\n<meta name=\"twitter:label1\" content=\"\u00c9crit par\" \/>\n\t<meta name=\"twitter:data1\" content=\"tracesdevoyages\" \/>\n\t<meta name=\"twitter:label2\" content=\"Dur\u00e9e de lecture estim\u00e9e\" \/>\n\t<meta name=\"twitter:data2\" content=\"5 minutes\" \/>\n<script type=\"application\/ld+json\" class=\"yoast-schema-graph\">{\"@context\":\"https:\/\/schema.org\",\"@graph\":[{\"@type\":\"Article\",\"@id\":\"https:\/\/tracesdevoyages.com\/index.php\/2018\/06\/03\/escapades-la-reunion-lile-intense\/#article\",\"isPartOf\":{\"@id\":\"https:\/\/tracesdevoyages.com\/index.php\/2018\/06\/03\/escapades-la-reunion-lile-intense\/\"},\"author\":{\"name\":\"tracesdevoyages\",\"@id\":\"https:\/\/tracesdevoyages.com\/#\/schema\/person\/407749fd8c63f4e19e1f4d61c3df1dd3\"},\"headline\":\"Escapades: La R\u00e9union, l&rsquo;\u00eele intense\",\"datePublished\":\"2018-06-03T13:42:37+00:00\",\"mainEntityOfPage\":{\"@id\":\"https:\/\/tracesdevoyages.com\/index.php\/2018\/06\/03\/escapades-la-reunion-lile-intense\/\"},\"wordCount\":1108,\"commentCount\":10,\"publisher\":{\"@id\":\"https:\/\/tracesdevoyages.com\/#organization\"},\"image\":{\"@id\":\"https:\/\/tracesdevoyages.com\/index.php\/2018\/06\/03\/escapades-la-reunion-lile-intense\/#primaryimage\"},\"thumbnailUrl\":\"\",\"keywords\":[\"Escapade\",\"\u00cele\",\"LaReunion\",\"Voyage\"],\"articleSection\":[\"Afrique\",\"Escapades\",\"La R\u00e9union\",\"Nature\",\"R\u00e9gions d'Outre-Mer\",\"Th\u00e8mes\",\"Voyages\"],\"inLanguage\":\"fr-FR\",\"potentialAction\":[{\"@type\":\"CommentAction\",\"name\":\"Comment\",\"target\":[\"https:\/\/tracesdevoyages.com\/index.php\/2018\/06\/03\/escapades-la-reunion-lile-intense\/#respond\"]}]},{\"@type\":\"WebPage\",\"@id\":\"https:\/\/tracesdevoyages.com\/index.php\/2018\/06\/03\/escapades-la-reunion-lile-intense\/\",\"url\":\"https:\/\/tracesdevoyages.com\/index.php\/2018\/06\/03\/escapades-la-reunion-lile-intense\/\",\"name\":\"Escapades: La R\u00e9union, l'\u00eele intense - Traces de Voyages\",\"isPartOf\":{\"@id\":\"https:\/\/tracesdevoyages.com\/#website\"},\"primaryImageOfPage\":{\"@id\":\"https:\/\/tracesdevoyages.com\/index.php\/2018\/06\/03\/escapades-la-reunion-lile-intense\/#primaryimage\"},\"image\":{\"@id\":\"https:\/\/tracesdevoyages.com\/index.php\/2018\/06\/03\/escapades-la-reunion-lile-intense\/#primaryimage\"},\"thumbnailUrl\":\"\",\"datePublished\":\"2018-06-03T13:42:37+00:00\",\"description\":\"Cela fait maintenant 10 ans que j'ai eu la chance de visiter l'\u00eele de La R\u00e9union en famille. C'\u00e9tait en hiver, nous avions d\u00e9cid\u00e9 de passer les f\u00eates de No\u00ebl sous les tropiques et troquer le traditionnel sapin pour des palmiers. Un voyage magique sur une des plus belles \u00eeles de l'Oc\u00e9an Indien...\",\"breadcrumb\":{\"@id\":\"https:\/\/tracesdevoyages.com\/index.php\/2018\/06\/03\/escapades-la-reunion-lile-intense\/#breadcrumb\"},\"inLanguage\":\"fr-FR\",\"potentialAction\":[{\"@type\":\"ReadAction\",\"target\":[\"https:\/\/tracesdevoyages.com\/index.php\/2018\/06\/03\/escapades-la-reunion-lile-intense\/\"]}]},{\"@type\":\"ImageObject\",\"inLanguage\":\"fr-FR\",\"@id\":\"https:\/\/tracesdevoyages.com\/index.php\/2018\/06\/03\/escapades-la-reunion-lile-intense\/#primaryimage\",\"url\":\"\",\"contentUrl\":\"\"},{\"@type\":\"BreadcrumbList\",\"@id\":\"https:\/\/tracesdevoyages.com\/index.php\/2018\/06\/03\/escapades-la-reunion-lile-intense\/#breadcrumb\",\"itemListElement\":[{\"@type\":\"ListItem\",\"position\":1,\"name\":\"Accueil\",\"item\":\"https:\/\/tracesdevoyages.com\/\"},{\"@type\":\"ListItem\",\"position\":2,\"name\":\"Escapades: La R\u00e9union, l&rsquo;\u00eele intense\"}]},{\"@type\":\"WebSite\",\"@id\":\"https:\/\/tracesdevoyages.com\/#website\",\"url\":\"https:\/\/tracesdevoyages.com\/\",\"name\":\"Traces de Voyages\",\"description\":\"Blog de voyages\",\"publisher\":{\"@id\":\"https:\/\/tracesdevoyages.com\/#organization\"},\"potentialAction\":[{\"@type\":\"SearchAction\",\"target\":{\"@type\":\"EntryPoint\",\"urlTemplate\":\"https:\/\/tracesdevoyages.com\/?s={search_term_string}\"},\"query-input\":{\"@type\":\"PropertyValueSpecification\",\"valueRequired\":true,\"valueName\":\"search_term_string\"}}],\"inLanguage\":\"fr-FR\"},{\"@type\":\"Organization\",\"@id\":\"https:\/\/tracesdevoyages.com\/#organization\",\"name\":\"Traces de Voyages\",\"url\":\"https:\/\/tracesdevoyages.com\/\",\"logo\":{\"@type\":\"ImageObject\",\"inLanguage\":\"fr-FR\",\"@id\":\"https:\/\/tracesdevoyages.com\/#\/schema\/logo\/image\/\",\"url\":\"https:\/\/i0.wp.com\/tracesdevoyages.com\/wp-content\/uploads\/2025\/01\/cropped-Traces-de-Voyages-LOGO.jpg?fit=512%2C512&ssl=1\",\"contentUrl\":\"https:\/\/i0.wp.com\/tracesdevoyages.com\/wp-content\/uploads\/2025\/01\/cropped-Traces-de-Voyages-LOGO.jpg?fit=512%2C512&ssl=1\",\"width\":512,\"height\":512,\"caption\":\"Traces de Voyages\"},\"image\":{\"@id\":\"https:\/\/tracesdevoyages.com\/#\/schema\/logo\/image\/\"},\"sameAs\":[\"https:\/\/www.facebook.com\/tracesdevoyages\/\",\"https:\/\/x.com\/TracesdeVoyages\",\"https:\/\/www.instagram.com\/tracesdevoyages\/\",\"https:\/\/fr.pinterest.com\/tracesdevoyages\/\",\"https:\/\/www.youtube.com\/channel\/UC240N7Neo4xrJRYcW3UhDaQ\/\"]},{\"@type\":\"Person\",\"@id\":\"https:\/\/tracesdevoyages.com\/#\/schema\/person\/407749fd8c63f4e19e1f4d61c3df1dd3\",\"name\":\"tracesdevoyages\",\"image\":{\"@type\":\"ImageObject\",\"inLanguage\":\"fr-FR\",\"@id\":\"https:\/\/tracesdevoyages.com\/#\/schema\/person\/image\/\",\"url\":\"https:\/\/secure.gravatar.com\/avatar\/89665a7661ade021f231fa4edee45d02595de0df2c6ac04037b09ce699dd6d89?s=96&d=mm&r=g\",\"contentUrl\":\"https:\/\/secure.gravatar.com\/avatar\/89665a7661ade021f231fa4edee45d02595de0df2c6ac04037b09ce699dd6d89?s=96&d=mm&r=g\",\"caption\":\"tracesdevoyages\"},\"url\":\"https:\/\/tracesdevoyages.com\/index.php\/author\/tracesdevoyages\/\"}]}<\/script>\n<!-- \/ Yoast SEO plugin. -->","yoast_head_json":{"title":"Escapades: La R\u00e9union, l'\u00eele intense - Traces de Voyages","description":"Cela fait maintenant 10 ans que j'ai eu la chance de visiter l'\u00eele de La R\u00e9union en famille. C'\u00e9tait en hiver, nous avions d\u00e9cid\u00e9 de passer les f\u00eates de No\u00ebl sous les tropiques et troquer le traditionnel sapin pour des palmiers. Un voyage magique sur une des plus belles \u00eeles de l'Oc\u00e9an Indien...","robots":{"index":"index","follow":"follow","max-snippet":"max-snippet:-1","max-image-preview":"max-image-preview:large","max-video-preview":"max-video-preview:-1"},"canonical":"https:\/\/tracesdevoyages.com\/index.php\/2018\/06\/03\/escapades-la-reunion-lile-intense\/","og_locale":"fr_FR","og_type":"article","og_title":"Escapades: La R\u00e9union, l'\u00eele intense - Traces de Voyages","og_description":"Cela fait maintenant 10 ans que j'ai eu la chance de visiter l'\u00eele de La R\u00e9union en famille. C'\u00e9tait en hiver, nous avions d\u00e9cid\u00e9 de passer les f\u00eates de No\u00ebl sous les tropiques et troquer le traditionnel sapin pour des palmiers. Un voyage magique sur une des plus belles \u00eeles de l'Oc\u00e9an Indien...","og_url":"https:\/\/tracesdevoyages.com\/index.php\/2018\/06\/03\/escapades-la-reunion-lile-intense\/","og_site_name":"Traces de Voyages","article_publisher":"https:\/\/www.facebook.com\/tracesdevoyages\/","article_published_time":"2018-06-03T13:42:37+00:00","author":"tracesdevoyages","twitter_card":"summary_large_image","twitter_creator":"@TracesdeVoyages","twitter_site":"@TracesdeVoyages","twitter_misc":{"\u00c9crit par":"tracesdevoyages","Dur\u00e9e de lecture estim\u00e9e":"5 minutes"},"schema":{"@context":"https:\/\/schema.org","@graph":[{"@type":"Article","@id":"https:\/\/tracesdevoyages.com\/index.php\/2018\/06\/03\/escapades-la-reunion-lile-intense\/#article","isPartOf":{"@id":"https:\/\/tracesdevoyages.com\/index.php\/2018\/06\/03\/escapades-la-reunion-lile-intense\/"},"author":{"name":"tracesdevoyages","@id":"https:\/\/tracesdevoyages.com\/#\/schema\/person\/407749fd8c63f4e19e1f4d61c3df1dd3"},"headline":"Escapades: La R\u00e9union, l&rsquo;\u00eele intense","datePublished":"2018-06-03T13:42:37+00:00","mainEntityOfPage":{"@id":"https:\/\/tracesdevoyages.com\/index.php\/2018\/06\/03\/escapades-la-reunion-lile-intense\/"},"wordCount":1108,"commentCount":10,"publisher":{"@id":"https:\/\/tracesdevoyages.com\/#organization"},"image":{"@id":"https:\/\/tracesdevoyages.com\/index.php\/2018\/06\/03\/escapades-la-reunion-lile-intense\/#primaryimage"},"thumbnailUrl":"","keywords":["Escapade","\u00cele","LaReunion","Voyage"],"articleSection":["Afrique","Escapades","La R\u00e9union","Nature","R\u00e9gions d'Outre-Mer","Th\u00e8mes","Voyages"],"inLanguage":"fr-FR","potentialAction":[{"@type":"CommentAction","name":"Comment","target":["https:\/\/tracesdevoyages.com\/index.php\/2018\/06\/03\/escapades-la-reunion-lile-intense\/#respond"]}]},{"@type":"WebPage","@id":"https:\/\/tracesdevoyages.com\/index.php\/2018\/06\/03\/escapades-la-reunion-lile-intense\/","url":"https:\/\/tracesdevoyages.com\/index.php\/2018\/06\/03\/escapades-la-reunion-lile-intense\/","name":"Escapades: La R\u00e9union, l'\u00eele intense - Traces de Voyages","isPartOf":{"@id":"https:\/\/tracesdevoyages.com\/#website"},"primaryImageOfPage":{"@id":"https:\/\/tracesdevoyages.com\/index.php\/2018\/06\/03\/escapades-la-reunion-lile-intense\/#primaryimage"},"image":{"@id":"https:\/\/tracesdevoyages.com\/index.php\/2018\/06\/03\/escapades-la-reunion-lile-intense\/#primaryimage"},"thumbnailUrl":"","datePublished":"2018-06-03T13:42:37+00:00","description":"Cela fait maintenant 10 ans que j'ai eu la chance de visiter l'\u00eele de La R\u00e9union en famille. C'\u00e9tait en hiver, nous avions d\u00e9cid\u00e9 de passer les f\u00eates de No\u00ebl sous les tropiques et troquer le traditionnel sapin pour des palmiers. Un voyage magique sur une des plus belles \u00eeles de l'Oc\u00e9an Indien...","breadcrumb":{"@id":"https:\/\/tracesdevoyages.com\/index.php\/2018\/06\/03\/escapades-la-reunion-lile-intense\/#breadcrumb"},"inLanguage":"fr-FR","potentialAction":[{"@type":"ReadAction","target":["https:\/\/tracesdevoyages.com\/index.php\/2018\/06\/03\/escapades-la-reunion-lile-intense\/"]}]},{"@type":"ImageObject","inLanguage":"fr-FR","@id":"https:\/\/tracesdevoyages.com\/index.php\/2018\/06\/03\/escapades-la-reunion-lile-intense\/#primaryimage","url":"","contentUrl":""},{"@type":"BreadcrumbList","@id":"https:\/\/tracesdevoyages.com\/index.php\/2018\/06\/03\/escapades-la-reunion-lile-intense\/#breadcrumb","itemListElement":[{"@type":"ListItem","position":1,"name":"Accueil","item":"https:\/\/tracesdevoyages.com\/"},{"@type":"ListItem","position":2,"name":"Escapades: La R\u00e9union, l&rsquo;\u00eele intense"}]},{"@type":"WebSite","@id":"https:\/\/tracesdevoyages.com\/#website","url":"https:\/\/tracesdevoyages.com\/","name":"Traces de Voyages","description":"Blog de voyages","publisher":{"@id":"https:\/\/tracesdevoyages.com\/#organization"},"potentialAction":[{"@type":"SearchAction","target":{"@type":"EntryPoint","urlTemplate":"https:\/\/tracesdevoyages.com\/?s={search_term_string}"},"query-input":{"@type":"PropertyValueSpecification","valueRequired":true,"valueName":"search_term_string"}}],"inLanguage":"fr-FR"},{"@type":"Organization","@id":"https:\/\/tracesdevoyages.com\/#organization","name":"Traces de Voyages","url":"https:\/\/tracesdevoyages.com\/","logo":{"@type":"ImageObject","inLanguage":"fr-FR","@id":"https:\/\/tracesdevoyages.com\/#\/schema\/logo\/image\/","url":"https:\/\/i0.wp.com\/tracesdevoyages.com\/wp-content\/uploads\/2025\/01\/cropped-Traces-de-Voyages-LOGO.jpg?fit=512%2C512&ssl=1","contentUrl":"https:\/\/i0.wp.com\/tracesdevoyages.com\/wp-content\/uploads\/2025\/01\/cropped-Traces-de-Voyages-LOGO.jpg?fit=512%2C512&ssl=1","width":512,"height":512,"caption":"Traces de Voyages"},"image":{"@id":"https:\/\/tracesdevoyages.com\/#\/schema\/logo\/image\/"},"sameAs":["https:\/\/www.facebook.com\/tracesdevoyages\/","https:\/\/x.com\/TracesdeVoyages","https:\/\/www.instagram.com\/tracesdevoyages\/","https:\/\/fr.pinterest.com\/tracesdevoyages\/","https:\/\/www.youtube.com\/channel\/UC240N7Neo4xrJRYcW3UhDaQ\/"]},{"@type":"Person","@id":"https:\/\/tracesdevoyages.com\/#\/schema\/person\/407749fd8c63f4e19e1f4d61c3df1dd3","name":"tracesdevoyages","image":{"@type":"ImageObject","inLanguage":"fr-FR","@id":"https:\/\/tracesdevoyages.com\/#\/schema\/person\/image\/","url":"https:\/\/secure.gravatar.com\/avatar\/89665a7661ade021f231fa4edee45d02595de0df2c6ac04037b09ce699dd6d89?s=96&d=mm&r=g","contentUrl":"https:\/\/secure.gravatar.com\/avatar\/89665a7661ade021f231fa4edee45d02595de0df2c6ac04037b09ce699dd6d89?s=96&d=mm&r=g","caption":"tracesdevoyages"},"url":"https:\/\/tracesdevoyages.com\/index.php\/author\/tracesdevoyages\/"}]}},"jetpack_featured_media_url":"","jetpack_sharing_enabled":true,"_links":{"self":[{"href":"https:\/\/tracesdevoyages.com\/index.php\/wp-json\/wp\/v2\/posts\/12281","targetHints":{"allow":["GET"]}}],"collection":[{"href":"https:\/\/tracesdevoyages.com\/index.php\/wp-json\/wp\/v2\/posts"}],"about":[{"href":"https:\/\/tracesdevoyages.com\/index.php\/wp-json\/wp\/v2\/types\/post"}],"author":[{"embeddable":true,"href":"https:\/\/tracesdevoyages.com\/index.php\/wp-json\/wp\/v2\/users\/2"}],"replies":[{"embeddable":true,"href":"https:\/\/tracesdevoyages.com\/index.php\/wp-json\/wp\/v2\/comments?post=12281"}],"version-history":[{"count":0,"href":"https:\/\/tracesdevoyages.com\/index.php\/wp-json\/wp\/v2\/posts\/12281\/revisions"}],"wp:featuredmedia":[{"embeddable":true,"href":"https:\/\/tracesdevoyages.com\/index.php\/wp-json\/"}],"wp:attachment":[{"href":"https:\/\/tracesdevoyages.com\/index.php\/wp-json\/wp\/v2\/media?parent=12281"}],"wp:term":[{"taxonomy":"category","embeddable":true,"href":"https:\/\/tracesdevoyages.com\/index.php\/wp-json\/wp\/v2\/categories?post=12281"},{"taxonomy":"post_tag","embeddable":true,"href":"https:\/\/tracesdevoyages.com\/index.php\/wp-json\/wp\/v2\/tags?post=12281"}],"curies":[{"name":"wp","href":"https:\/\/api.w.org\/{rel}","templated":true}]}}