{"id":1267,"date":"2016-05-13T18:42:06","date_gmt":"2016-05-13T16:42:06","guid":{"rendered":"http:\/\/tracesdevoyages.com\/?p=1267"},"modified":"2016-05-13T18:42:06","modified_gmt":"2016-05-13T16:42:06","slug":"comme-un-local-dans-les-deux-sevres","status":"publish","type":"post","link":"https:\/\/tracesdevoyages.com\/index.php\/2016\/05\/13\/comme-un-local-dans-les-deux-sevres\/","title":{"rendered":"Comme un local: Dans les Deux-S\u00e8vres"},"content":{"rendered":"<p>C\u2019est ici que je suis n\u00e9e et que j\u2019ai grandi, dans la petite ville de <a href=\"http:\/\/www.tourisme-bocage.com\/\" target=\"_blank\" rel=\"noopener noreferrer\"><strong>Bressuire<\/strong><\/a> dans le nord du d\u00e9partement. C\u2019est une jolie ville bien plac\u00e9e (\u00e0 mi-chemin entre le <strong><a href=\"http:\/\/www.futuroscope.com\" target=\"_blank\" rel=\"noopener noreferrer\">Futuroscope<\/a><\/strong>, <a href=\"http:\/\/tracesdevoyages.com\/2016\/04\/14\/angers\/\" target=\"_blank\" rel=\"noopener noreferrer\"><strong>Angers<\/strong> <\/a>et le <a href=\"http:\/\/www.puydufou.com\/fr\" target=\"_blank\" rel=\"noopener noreferrer\"><strong>Puy du Fou<\/strong><\/a>), o\u00f9 les amoureux de la nature et des vieilles pierres seront ravis. Si vous passez par ici, vous devez visiter l\u2019<strong><a href=\"https:\/\/fr.wikipedia.org\/wiki\/%C3%89glise_Notre-Dame_de_Bressuire\" target=\"_blank\" rel=\"noopener noreferrer\">Eglise<\/a><\/strong> du 10<sup>\u00e8me<\/sup> si\u00e8cle, class\u00e9e aux monuments historiques, dont le clocher gothique atteint les 56 m\u00e8tres\u00a0! Autre point d\u2019int\u00e9r\u00eat, le <strong><a href=\"https:\/\/www.tourisme-bocage.com\/visiter\/histoire-et-patrimoine\/chateau-de-bressuire-643624\" target=\"_blank\" rel=\"noopener noreferrer\">Ch\u00e2teau<\/a> <\/strong>du 10<sup>\u00e8me<\/sup> si\u00e8cle, \u00e9galement class\u00e9 aux monuments historiques, qui joua un r\u00f4le de premier ordre lors de la bataille de Poitiers en 1356.<\/p>\n<p>C\u00f4t\u00e9 nature, la ville poss\u00e8de quelques points verts qui enchanteront les promeneurs. Tout d\u2019abord,\u00a0<a href=\"https:\/\/www.tourisme-bocage.com\/visiter\/histoire-et-patrimoine\/chateau-de-bressuire-643624\" target=\"_blank\" rel=\"noopener noreferrer\"><strong>La Coul\u00e9e Verte<\/strong><\/a>, adjacente au Ch\u00e2teau et suivant la rivi\u00e8re du <em>Dolo<\/em>, c\u2019est le lieu id\u00e9al pour se d\u00e9tendre. Vous pouvez \u00e9galement vous rendre au <strong><em>Lac de la Chaize<\/em><\/strong>, autre parc proposant de belles promenades.<\/p>\n\n<p><img data-recalc-dims=\"1\" loading=\"lazy\" decoding=\"async\" class=\"aligncenter wp-image-13838 size-full\" src=\"https:\/\/i0.wp.com\/tracesdevoyages.com\/wp-content\/uploads\/2016\/05\/Deux-S%C3%A8vres4.jpg?resize=960%2C490&#038;ssl=1\" alt=\"\" width=\"960\" height=\"490\" \/><\/p>\n<p>Pour les repas, du petit d\u00e9jeuner au go\u00fbter, nous vous invitons \u00e0 franchir la porte des<strong> <a href=\"http:\/\/les4coins.fr\/\" target=\"_blank\" rel=\"noopener noreferrer\">4 Coins<\/a><\/strong>. En face de la mairie et de son cadre de verdure, disposant d\u2019une terrasse pour les beaux jours, ce coffee shop est notre coup de c\u0153ur dans cette ville\u00a0! Dans un style industriel, tenu par deux anglaises baristas et torr\u00e9factrices, les boissons sont de v\u00e9ritables d\u00e9lices, accompagn\u00e9es de cookies ou cheesecakes\u2026 Vous pouvez \u00e9galement y commander du sal\u00e9 avec les tartines, bagels et salades. Le soir venu, le <a href=\"http:\/\/www.fa-ngam.fr\/\" target=\"_blank\" rel=\"noopener noreferrer\"><strong>Fa-Ngam<\/strong> <\/a>ravira les papilles de ceux qui aiment la cuisine asiatique. Dans une ambiance feutr\u00e9e et conviviale, r\u00e9galez-vous de leurs plats tr\u00e8s bien cuisin\u00e9s. Notre p\u00e9ch\u00e9 mignon\u00a0: les <em>Nems aux L\u00e9gumes<\/em>.<\/p>\n<p>C\u00f4t\u00e9 activit\u00e9s, la ville poss\u00e8de de nombreuses infrastructures\u00a0: L\u2019espace <strong><a href=\"http:\/\/www.bocapole.fr\/\" target=\"_blank\" rel=\"noopener noreferrer\">Bocapole<\/a><\/strong> aux salles de spectacles accueillant concerts, one-man shows, ballets, salons, etc\u2026<a href=\"http:\/\/m.lefauteuilrouge.fr\/\" target=\"_blank\" rel=\"noopener noreferrer\"><strong>Le<\/strong> <strong>Fauteuil Rouge<\/strong><\/a>, cin\u00e9ma de 6 salles\u00a0; un <strong><a href=\"http:\/\/www.bowling-bressuire.fr\/\" target=\"_blank\" rel=\"noopener noreferrer\">Bowling<\/a><\/strong>\/billard\/bar; un <a href=\"http:\/\/agglo2b.fr\/index.php\/culture\/scenes-de-territoire\" target=\"_blank\" rel=\"noopener noreferrer\"><strong>Th\u00e9\u00e2tre<\/strong><\/a>; un espace ludique, <a href=\"http:\/\/agglo2b.fr\/index.php\/sport-loisirs\/coeur-d-o-bressuire\" target=\"_blank\" rel=\"noopener noreferrer\"><strong>Le Centre Aquatique C\u0153ur d&rsquo;O <\/strong><\/a>(avec piscine, toboggan, jacuzzis, hammam et sauna); un <a href=\"http:\/\/www.tourisme-deux-sevres.com\/votre-sejour\/a-voir-a-faire\/107093-centre-equestre-de-bressuire\" target=\"_blank\" rel=\"noopener noreferrer\"><strong>Centre Equestre<\/strong> <\/a>et un <a href=\"http:\/\/www.golfbressuire.com\/\" target=\"_blank\" rel=\"noopener noreferrer\"><strong>Golf<\/strong><\/a>.<\/p>\n<p>A quelques kilom\u00e8tres au nord se trouve le <a href=\"http:\/\/www.tourisme-deux-sevres.com\/votre-sejour\/a-voir-a-faire\/106974-lac-dhautibus\" target=\"_blank\" rel=\"noopener noreferrer\"><strong>Lac d\u2019Hautibus<\/strong><\/a>. Situ\u00e9 dans la ville <em>d\u2019Argenton-les-Vall\u00e9es<\/em>, ce lac de 6 hectares entour\u00e9 de bois et coteaux offre un joli panorama. Lieu de randonn\u00e9es \u00e0 pied ou en vtt, vous pouvez \u00e9galement y p\u00eacher ou vous adonner au cano\u00eb-kayak. Les amateurs de<a href=\"http:\/\/trial-nature-en-argentonnais.e-monsite.com\/\" target=\"_blank\" rel=\"noopener noreferrer\"> <strong>Trial <\/strong><\/a>pourront se rendre au Chiron afin de pratiquer leur sport.<\/p>\n\n<p>Si vous allez vers le sud, rejoignez la ville de <strong><a href=\"http:\/\/www.tourisme-deux-sevres.com\/votre-sejour\/a-voir-a-faire\/107213-parthenay-ville-et-pays-dart-et-dhistoire\" target=\"_blank\" rel=\"noopener noreferrer\">Parthenay<\/a><\/strong>, dont le territoire est class\u00e9 <em>Pays d\u2019Art et d\u2019Histoire<\/em> et poss\u00e9dant une citadelle m\u00e9di\u00e9vale du 11<sup>\u00e8me<\/sup> si\u00e8cle. Construite sur une bute au bas de laquelle coule une rivi\u00e8re, la citadelle fortifi\u00e9e dont la rue principale pav\u00e9e rec\u00e8le de maisons \u00e0 colombages a \u00e9t\u00e9 tr\u00e8s bien conserv\u00e9e.<\/p>\n\n<p>Enfin, tout au sud du d\u00e9partement, dans le petit village de <em>La Garette<\/em>, se trouve le c\u0153ur du <a href=\"http:\/\/www.marais-poitevin.com\/\" target=\"_blank\" rel=\"noopener noreferrer\"><strong>Marais Poitevin<\/strong><\/a>. Rendez-vous \u00e0 <a href=\"http:\/\/www.veniseverte.com\/\" target=\"_blank\" rel=\"noopener noreferrer\"><strong>l\u2019Embarcad\u00e8re Venise Verte Evasion <\/strong><\/a>pour profiter d\u2019une balade en barque \u00e0 travers le marais.<\/p>\n<p>Et si vous \u00eates amateurs d&rsquo;art Roman, ne manquez pas de visiter le Mellois et le Haut-Val-de-S\u00e8vre o\u00f9 vous retrouvez de nombreuses \u00e9glises romanes et Abbayes. C&rsquo;est ici \u00e9galement que se trouve l&rsquo;ancienne Mine d&rsquo;Argent des Rois Francs! Nous vous ne parlons davantage dans notre <a href=\"https:\/\/tracesdevoyages.com\/2018\/10\/28\/escapades-le-mellois-haut-val-de-sevre\/\" target=\"_blank\" rel=\"noopener noreferrer\">article d\u00e9di\u00e9<\/a>.<\/p>\n\n<p>Si cette petite pr\u00e9sentation vous a plu, n\u2019h\u00e9sitez pas \u00e0 consulter le <a href=\"http:\/\/www.tourisme-deux-sevres.com\/\" target=\"_blank\" rel=\"noopener noreferrer\"><strong>site officiel<\/strong> <\/a>de l\u2019office de tourisme des Deux-S\u00e8vres pour plus d\u2019informations.<\/p>\n<hr \/>\n<p>https:\/\/www.pinterest.fr\/pin\/804525920912530331\/<\/p>\n","protected":false},"excerpt":{"rendered":"<p>Destination peu pris\u00e9e des visiteurs, un peu trop \u00ab campagnarde \u00bb, les Deux-S\u00e8vres ont pourtant beaucoup plus \u00e0 offrir que vous ne le pensez !<\/p>\n","protected":false},"author":2,"featured_media":13831,"comment_status":"open","ping_status":"open","sticky":false,"template":"","format":"standard","meta":{"_jetpack_memberships_contains_paid_content":false,"footnotes":""},"categories":[16,21,22,35,5,6],"tags":[176,177,188,191,203,296,344,394,409,417,422],"class_list":["post-1267","post","type-post","status-publish","format-standard","has-post-thumbnail","hentry","category-comme-un-local","category-europe","category-france","category-nouvelle-aquitaine","category-themes","category-voyages","tag-destination","tag-deux-sevres","tag-escapade","tag-evasion","tag-france","tag-nature","tag-rando","tag-tourisme","tag-vacances","tag-ville","tag-voyage"],"yoast_head":"<!-- This site is optimized with the Yoast SEO plugin v26.3 - https:\/\/yoast.com\/wordpress\/plugins\/seo\/ -->\n<title>Comme un local: Dans les Deux-S\u00e8vres - Traces de Voyages<\/title>\n<meta name=\"robots\" content=\"index, follow, max-snippet:-1, max-image-preview:large, max-video-preview:-1\" \/>\n<link rel=\"canonical\" href=\"https:\/\/tracesdevoyages.com\/index.php\/2016\/05\/13\/comme-un-local-dans-les-deux-sevres\/\" \/>\n<meta property=\"og:locale\" content=\"fr_FR\" \/>\n<meta property=\"og:type\" content=\"article\" \/>\n<meta property=\"og:title\" content=\"Comme un local: Dans les Deux-S\u00e8vres - Traces de Voyages\" \/>\n<meta property=\"og:description\" content=\"Destination peu pris\u00e9e des visiteurs, un peu trop \u00ab campagnarde \u00bb, les Deux-S\u00e8vres ont pourtant beaucoup plus \u00e0 offrir que vous ne le pensez !\" \/>\n<meta property=\"og:url\" content=\"https:\/\/tracesdevoyages.com\/index.php\/2016\/05\/13\/comme-un-local-dans-les-deux-sevres\/\" \/>\n<meta property=\"og:site_name\" content=\"Traces de Voyages\" \/>\n<meta property=\"article:publisher\" content=\"https:\/\/www.facebook.com\/tracesdevoyages\/\" \/>\n<meta property=\"article:published_time\" content=\"2016-05-13T16:42:06+00:00\" \/>\n<meta name=\"author\" content=\"tracesdevoyages\" \/>\n<meta name=\"twitter:card\" content=\"summary_large_image\" \/>\n<meta name=\"twitter:creator\" content=\"@TracesdeVoyages\" \/>\n<meta name=\"twitter:site\" content=\"@TracesdeVoyages\" \/>\n<meta name=\"twitter:label1\" content=\"\u00c9crit par\" \/>\n\t<meta name=\"twitter:data1\" content=\"tracesdevoyages\" \/>\n\t<meta name=\"twitter:label2\" content=\"Dur\u00e9e de lecture estim\u00e9e\" \/>\n\t<meta name=\"twitter:data2\" content=\"3 minutes\" \/>\n<script type=\"application\/ld+json\" class=\"yoast-schema-graph\">{\"@context\":\"https:\/\/schema.org\",\"@graph\":[{\"@type\":\"Article\",\"@id\":\"https:\/\/tracesdevoyages.com\/index.php\/2016\/05\/13\/comme-un-local-dans-les-deux-sevres\/#article\",\"isPartOf\":{\"@id\":\"https:\/\/tracesdevoyages.com\/index.php\/2016\/05\/13\/comme-un-local-dans-les-deux-sevres\/\"},\"author\":{\"name\":\"tracesdevoyages\",\"@id\":\"https:\/\/tracesdevoyages.com\/#\/schema\/person\/407749fd8c63f4e19e1f4d61c3df1dd3\"},\"headline\":\"Comme un local: Dans les Deux-S\u00e8vres\",\"datePublished\":\"2016-05-13T16:42:06+00:00\",\"mainEntityOfPage\":{\"@id\":\"https:\/\/tracesdevoyages.com\/index.php\/2016\/05\/13\/comme-un-local-dans-les-deux-sevres\/\"},\"wordCount\":648,\"commentCount\":4,\"publisher\":{\"@id\":\"https:\/\/tracesdevoyages.com\/#organization\"},\"image\":{\"@id\":\"https:\/\/tracesdevoyages.com\/index.php\/2016\/05\/13\/comme-un-local-dans-les-deux-sevres\/#primaryimage\"},\"thumbnailUrl\":\"\",\"keywords\":[\"Destination\",\"Deux-S\u00e8vres\",\"Escapade\",\"Evasion\",\"France\",\"Nature\",\"Rando\",\"Tourisme\",\"Vacances\",\"Ville\",\"Voyage\"],\"articleSection\":[\"Comme un Local\",\"Europe\",\"France\",\"Nouvelle-Aquitaine\",\"Th\u00e8mes\",\"Voyages\"],\"inLanguage\":\"fr-FR\",\"potentialAction\":[{\"@type\":\"CommentAction\",\"name\":\"Comment\",\"target\":[\"https:\/\/tracesdevoyages.com\/index.php\/2016\/05\/13\/comme-un-local-dans-les-deux-sevres\/#respond\"]}]},{\"@type\":\"WebPage\",\"@id\":\"https:\/\/tracesdevoyages.com\/index.php\/2016\/05\/13\/comme-un-local-dans-les-deux-sevres\/\",\"url\":\"https:\/\/tracesdevoyages.com\/index.php\/2016\/05\/13\/comme-un-local-dans-les-deux-sevres\/\",\"name\":\"Comme un local: Dans les Deux-S\u00e8vres - Traces de Voyages\",\"isPartOf\":{\"@id\":\"https:\/\/tracesdevoyages.com\/#website\"},\"primaryImageOfPage\":{\"@id\":\"https:\/\/tracesdevoyages.com\/index.php\/2016\/05\/13\/comme-un-local-dans-les-deux-sevres\/#primaryimage\"},\"image\":{\"@id\":\"https:\/\/tracesdevoyages.com\/index.php\/2016\/05\/13\/comme-un-local-dans-les-deux-sevres\/#primaryimage\"},\"thumbnailUrl\":\"\",\"datePublished\":\"2016-05-13T16:42:06+00:00\",\"breadcrumb\":{\"@id\":\"https:\/\/tracesdevoyages.com\/index.php\/2016\/05\/13\/comme-un-local-dans-les-deux-sevres\/#breadcrumb\"},\"inLanguage\":\"fr-FR\",\"potentialAction\":[{\"@type\":\"ReadAction\",\"target\":[\"https:\/\/tracesdevoyages.com\/index.php\/2016\/05\/13\/comme-un-local-dans-les-deux-sevres\/\"]}]},{\"@type\":\"ImageObject\",\"inLanguage\":\"fr-FR\",\"@id\":\"https:\/\/tracesdevoyages.com\/index.php\/2016\/05\/13\/comme-un-local-dans-les-deux-sevres\/#primaryimage\",\"url\":\"\",\"contentUrl\":\"\"},{\"@type\":\"BreadcrumbList\",\"@id\":\"https:\/\/tracesdevoyages.com\/index.php\/2016\/05\/13\/comme-un-local-dans-les-deux-sevres\/#breadcrumb\",\"itemListElement\":[{\"@type\":\"ListItem\",\"position\":1,\"name\":\"Accueil\",\"item\":\"https:\/\/tracesdevoyages.com\/\"},{\"@type\":\"ListItem\",\"position\":2,\"name\":\"Comme un local: Dans les Deux-S\u00e8vres\"}]},{\"@type\":\"WebSite\",\"@id\":\"https:\/\/tracesdevoyages.com\/#website\",\"url\":\"https:\/\/tracesdevoyages.com\/\",\"name\":\"Traces de Voyages\",\"description\":\"Blog de voyages\",\"publisher\":{\"@id\":\"https:\/\/tracesdevoyages.com\/#organization\"},\"potentialAction\":[{\"@type\":\"SearchAction\",\"target\":{\"@type\":\"EntryPoint\",\"urlTemplate\":\"https:\/\/tracesdevoyages.com\/?s={search_term_string}\"},\"query-input\":{\"@type\":\"PropertyValueSpecification\",\"valueRequired\":true,\"valueName\":\"search_term_string\"}}],\"inLanguage\":\"fr-FR\"},{\"@type\":\"Organization\",\"@id\":\"https:\/\/tracesdevoyages.com\/#organization\",\"name\":\"Traces de Voyages\",\"url\":\"https:\/\/tracesdevoyages.com\/\",\"logo\":{\"@type\":\"ImageObject\",\"inLanguage\":\"fr-FR\",\"@id\":\"https:\/\/tracesdevoyages.com\/#\/schema\/logo\/image\/\",\"url\":\"https:\/\/i0.wp.com\/tracesdevoyages.com\/wp-content\/uploads\/2025\/01\/cropped-Traces-de-Voyages-LOGO.jpg?fit=512%2C512&ssl=1\",\"contentUrl\":\"https:\/\/i0.wp.com\/tracesdevoyages.com\/wp-content\/uploads\/2025\/01\/cropped-Traces-de-Voyages-LOGO.jpg?fit=512%2C512&ssl=1\",\"width\":512,\"height\":512,\"caption\":\"Traces de Voyages\"},\"image\":{\"@id\":\"https:\/\/tracesdevoyages.com\/#\/schema\/logo\/image\/\"},\"sameAs\":[\"https:\/\/www.facebook.com\/tracesdevoyages\/\",\"https:\/\/x.com\/TracesdeVoyages\",\"https:\/\/www.instagram.com\/tracesdevoyages\/\",\"https:\/\/fr.pinterest.com\/tracesdevoyages\/\",\"https:\/\/www.youtube.com\/channel\/UC240N7Neo4xrJRYcW3UhDaQ\/\"]},{\"@type\":\"Person\",\"@id\":\"https:\/\/tracesdevoyages.com\/#\/schema\/person\/407749fd8c63f4e19e1f4d61c3df1dd3\",\"name\":\"tracesdevoyages\",\"image\":{\"@type\":\"ImageObject\",\"inLanguage\":\"fr-FR\",\"@id\":\"https:\/\/tracesdevoyages.com\/#\/schema\/person\/image\/\",\"url\":\"https:\/\/secure.gravatar.com\/avatar\/89665a7661ade021f231fa4edee45d02595de0df2c6ac04037b09ce699dd6d89?s=96&d=mm&r=g\",\"contentUrl\":\"https:\/\/secure.gravatar.com\/avatar\/89665a7661ade021f231fa4edee45d02595de0df2c6ac04037b09ce699dd6d89?s=96&d=mm&r=g\",\"caption\":\"tracesdevoyages\"},\"url\":\"https:\/\/tracesdevoyages.com\/index.php\/author\/tracesdevoyages\/\"}]}<\/script>\n<!-- \/ Yoast SEO plugin. -->","yoast_head_json":{"title":"Comme un local: Dans les Deux-S\u00e8vres - Traces de Voyages","robots":{"index":"index","follow":"follow","max-snippet":"max-snippet:-1","max-image-preview":"max-image-preview:large","max-video-preview":"max-video-preview:-1"},"canonical":"https:\/\/tracesdevoyages.com\/index.php\/2016\/05\/13\/comme-un-local-dans-les-deux-sevres\/","og_locale":"fr_FR","og_type":"article","og_title":"Comme un local: Dans les Deux-S\u00e8vres - Traces de Voyages","og_description":"Destination peu pris\u00e9e des visiteurs, un peu trop \u00ab campagnarde \u00bb, les Deux-S\u00e8vres ont pourtant beaucoup plus \u00e0 offrir que vous ne le pensez !","og_url":"https:\/\/tracesdevoyages.com\/index.php\/2016\/05\/13\/comme-un-local-dans-les-deux-sevres\/","og_site_name":"Traces de Voyages","article_publisher":"https:\/\/www.facebook.com\/tracesdevoyages\/","article_published_time":"2016-05-13T16:42:06+00:00","author":"tracesdevoyages","twitter_card":"summary_large_image","twitter_creator":"@TracesdeVoyages","twitter_site":"@TracesdeVoyages","twitter_misc":{"\u00c9crit par":"tracesdevoyages","Dur\u00e9e de lecture estim\u00e9e":"3 minutes"},"schema":{"@context":"https:\/\/schema.org","@graph":[{"@type":"Article","@id":"https:\/\/tracesdevoyages.com\/index.php\/2016\/05\/13\/comme-un-local-dans-les-deux-sevres\/#article","isPartOf":{"@id":"https:\/\/tracesdevoyages.com\/index.php\/2016\/05\/13\/comme-un-local-dans-les-deux-sevres\/"},"author":{"name":"tracesdevoyages","@id":"https:\/\/tracesdevoyages.com\/#\/schema\/person\/407749fd8c63f4e19e1f4d61c3df1dd3"},"headline":"Comme un local: Dans les Deux-S\u00e8vres","datePublished":"2016-05-13T16:42:06+00:00","mainEntityOfPage":{"@id":"https:\/\/tracesdevoyages.com\/index.php\/2016\/05\/13\/comme-un-local-dans-les-deux-sevres\/"},"wordCount":648,"commentCount":4,"publisher":{"@id":"https:\/\/tracesdevoyages.com\/#organization"},"image":{"@id":"https:\/\/tracesdevoyages.com\/index.php\/2016\/05\/13\/comme-un-local-dans-les-deux-sevres\/#primaryimage"},"thumbnailUrl":"","keywords":["Destination","Deux-S\u00e8vres","Escapade","Evasion","France","Nature","Rando","Tourisme","Vacances","Ville","Voyage"],"articleSection":["Comme un Local","Europe","France","Nouvelle-Aquitaine","Th\u00e8mes","Voyages"],"inLanguage":"fr-FR","potentialAction":[{"@type":"CommentAction","name":"Comment","target":["https:\/\/tracesdevoyages.com\/index.php\/2016\/05\/13\/comme-un-local-dans-les-deux-sevres\/#respond"]}]},{"@type":"WebPage","@id":"https:\/\/tracesdevoyages.com\/index.php\/2016\/05\/13\/comme-un-local-dans-les-deux-sevres\/","url":"https:\/\/tracesdevoyages.com\/index.php\/2016\/05\/13\/comme-un-local-dans-les-deux-sevres\/","name":"Comme un local: Dans les Deux-S\u00e8vres - Traces de Voyages","isPartOf":{"@id":"https:\/\/tracesdevoyages.com\/#website"},"primaryImageOfPage":{"@id":"https:\/\/tracesdevoyages.com\/index.php\/2016\/05\/13\/comme-un-local-dans-les-deux-sevres\/#primaryimage"},"image":{"@id":"https:\/\/tracesdevoyages.com\/index.php\/2016\/05\/13\/comme-un-local-dans-les-deux-sevres\/#primaryimage"},"thumbnailUrl":"","datePublished":"2016-05-13T16:42:06+00:00","breadcrumb":{"@id":"https:\/\/tracesdevoyages.com\/index.php\/2016\/05\/13\/comme-un-local-dans-les-deux-sevres\/#breadcrumb"},"inLanguage":"fr-FR","potentialAction":[{"@type":"ReadAction","target":["https:\/\/tracesdevoyages.com\/index.php\/2016\/05\/13\/comme-un-local-dans-les-deux-sevres\/"]}]},{"@type":"ImageObject","inLanguage":"fr-FR","@id":"https:\/\/tracesdevoyages.com\/index.php\/2016\/05\/13\/comme-un-local-dans-les-deux-sevres\/#primaryimage","url":"","contentUrl":""},{"@type":"BreadcrumbList","@id":"https:\/\/tracesdevoyages.com\/index.php\/2016\/05\/13\/comme-un-local-dans-les-deux-sevres\/#breadcrumb","itemListElement":[{"@type":"ListItem","position":1,"name":"Accueil","item":"https:\/\/tracesdevoyages.com\/"},{"@type":"ListItem","position":2,"name":"Comme un local: Dans les Deux-S\u00e8vres"}]},{"@type":"WebSite","@id":"https:\/\/tracesdevoyages.com\/#website","url":"https:\/\/tracesdevoyages.com\/","name":"Traces de Voyages","description":"Blog de voyages","publisher":{"@id":"https:\/\/tracesdevoyages.com\/#organization"},"potentialAction":[{"@type":"SearchAction","target":{"@type":"EntryPoint","urlTemplate":"https:\/\/tracesdevoyages.com\/?s={search_term_string}"},"query-input":{"@type":"PropertyValueSpecification","valueRequired":true,"valueName":"search_term_string"}}],"inLanguage":"fr-FR"},{"@type":"Organization","@id":"https:\/\/tracesdevoyages.com\/#organization","name":"Traces de Voyages","url":"https:\/\/tracesdevoyages.com\/","logo":{"@type":"ImageObject","inLanguage":"fr-FR","@id":"https:\/\/tracesdevoyages.com\/#\/schema\/logo\/image\/","url":"https:\/\/i0.wp.com\/tracesdevoyages.com\/wp-content\/uploads\/2025\/01\/cropped-Traces-de-Voyages-LOGO.jpg?fit=512%2C512&ssl=1","contentUrl":"https:\/\/i0.wp.com\/tracesdevoyages.com\/wp-content\/uploads\/2025\/01\/cropped-Traces-de-Voyages-LOGO.jpg?fit=512%2C512&ssl=1","width":512,"height":512,"caption":"Traces de Voyages"},"image":{"@id":"https:\/\/tracesdevoyages.com\/#\/schema\/logo\/image\/"},"sameAs":["https:\/\/www.facebook.com\/tracesdevoyages\/","https:\/\/x.com\/TracesdeVoyages","https:\/\/www.instagram.com\/tracesdevoyages\/","https:\/\/fr.pinterest.com\/tracesdevoyages\/","https:\/\/www.youtube.com\/channel\/UC240N7Neo4xrJRYcW3UhDaQ\/"]},{"@type":"Person","@id":"https:\/\/tracesdevoyages.com\/#\/schema\/person\/407749fd8c63f4e19e1f4d61c3df1dd3","name":"tracesdevoyages","image":{"@type":"ImageObject","inLanguage":"fr-FR","@id":"https:\/\/tracesdevoyages.com\/#\/schema\/person\/image\/","url":"https:\/\/secure.gravatar.com\/avatar\/89665a7661ade021f231fa4edee45d02595de0df2c6ac04037b09ce699dd6d89?s=96&d=mm&r=g","contentUrl":"https:\/\/secure.gravatar.com\/avatar\/89665a7661ade021f231fa4edee45d02595de0df2c6ac04037b09ce699dd6d89?s=96&d=mm&r=g","caption":"tracesdevoyages"},"url":"https:\/\/tracesdevoyages.com\/index.php\/author\/tracesdevoyages\/"}]}},"jetpack_featured_media_url":"","jetpack_sharing_enabled":true,"_links":{"self":[{"href":"https:\/\/tracesdevoyages.com\/index.php\/wp-json\/wp\/v2\/posts\/1267","targetHints":{"allow":["GET"]}}],"collection":[{"href":"https:\/\/tracesdevoyages.com\/index.php\/wp-json\/wp\/v2\/posts"}],"about":[{"href":"https:\/\/tracesdevoyages.com\/index.php\/wp-json\/wp\/v2\/types\/post"}],"author":[{"embeddable":true,"href":"https:\/\/tracesdevoyages.com\/index.php\/wp-json\/wp\/v2\/users\/2"}],"replies":[{"embeddable":true,"href":"https:\/\/tracesdevoyages.com\/index.php\/wp-json\/wp\/v2\/comments?post=1267"}],"version-history":[{"count":0,"href":"https:\/\/tracesdevoyages.com\/index.php\/wp-json\/wp\/v2\/posts\/1267\/revisions"}],"wp:featuredmedia":[{"embeddable":true,"href":"https:\/\/tracesdevoyages.com\/index.php\/wp-json\/"}],"wp:attachment":[{"href":"https:\/\/tracesdevoyages.com\/index.php\/wp-json\/wp\/v2\/media?parent=1267"}],"wp:term":[{"taxonomy":"category","embeddable":true,"href":"https:\/\/tracesdevoyages.com\/index.php\/wp-json\/wp\/v2\/categories?post=1267"},{"taxonomy":"post_tag","embeddable":true,"href":"https:\/\/tracesdevoyages.com\/index.php\/wp-json\/wp\/v2\/tags?post=1267"}],"curies":[{"name":"wp","href":"https:\/\/api.w.org\/{rel}","templated":true}]}}