{"id":12693,"date":"2018-11-04T14:28:02","date_gmt":"2018-11-04T13:28:02","guid":{"rendered":"https:\/\/tracesdevoyages.com\/?p=12693"},"modified":"2018-11-04T14:28:02","modified_gmt":"2018-11-04T13:28:02","slug":"interview-fanny-expatriee-a-barcelone-espagne","status":"publish","type":"post","link":"https:\/\/tracesdevoyages.com\/index.php\/2018\/11\/04\/interview-fanny-expatriee-a-barcelone-espagne\/","title":{"rendered":"INTERVIEW: Fanny, expatri\u00e9e \u00e0 Barcelone (Espagne)"},"content":{"rendered":"<p>Cela faisait longtemps que nous n&rsquo;avions pas fait d&rsquo;interview sur le blog et nous voil\u00e0 de retour avec Fanny du blog <a href=\"https:\/\/www.babymeetstheworld.com\/\" target=\"_blank\" rel=\"noopener\">Baby Meets The World<\/a> qui nous partage son exp\u00e9rience d&rsquo;expatri\u00e9e \u00e0 Barcelone en Espagne, une ville que nous aimons beaucoup!<\/p>\n<h4>D\u2019o\u00f9 viens-tu ?<\/h4>\n<p>Je suis n\u00e9e en r\u00e9gion parisienne mais j\u2019ai grandi en Bretagne, \u00e0 Saint-Malo ! J\u2019ai quitt\u00e9 la ville \u00e0 tout\u00a0juste 20 ans pour partir d\u00e9couvrir le monde, premier stop Londres ! Et puis Barcelone&#8230; \ud83d\ude42<\/p>\n<h4>Depuis quand vis-tu \u00e0 Barcelone ?<\/h4>\n<p>Je vis \u00e0 Barcelone depuis 12 ans maintenant avec une petite pause d\u2019une ann\u00e9e pour voyager en Asie\u00a0et en Australie.<\/p>\n<h4>Pour quelle(s) raison(s) as-tu d\u00e9cid\u00e9 de rester ?<\/h4>\n<p>Pour la qualit\u00e9 de vie, le soleil qui brille presque tous les jours et puis la mer juste \u00e0 c\u00f4t\u00e9 ! La\u00a0Catalogne est aussi une superbe r\u00e9gion ! C\u2019est une ville fantastique pour faire la f\u00eate, rencontrer des<\/p>\n<p>gens du monde entier et partir \u00e0 l\u2019aventure dans la ville ou les alentours.<\/p>\n<h4>Qu\u2019est-ce qui te manque le plus de la France ?<\/h4>\n<p>La nourriture sans doute, mais je n\u2019y vis plus depuis 14 ans donc rien ne me manque vraiment, ah si,\u00a0ma famille que je voudrait voir plus souvent !<\/p>\n<h4>Ton plus beau souvenir ici :<\/h4>\n<p>La naissance de mes deux petits gar\u00e7ons \u00e0 Barcelone, forc\u00e9ment !<\/p>\n<h4>Le pire :<\/h4>\n<p>Les recherches d\u2019appartements sont les pires des choses ici, les logements sont tr\u00e8s cher et c\u2019est un\u00a0vrai casse t\u00eate !<\/p>\n<p><img data-recalc-dims=\"1\" loading=\"lazy\" decoding=\"async\" class=\"alignnone size-large wp-image-12698\" src=\"https:\/\/i0.wp.com\/tracesdevoyages.com\/wp-content\/uploads\/2018\/10\/roadtripdeathvalley1d-1024x683.jpg?resize=960%2C640&#038;ssl=1\" alt=\"\" width=\"960\" height=\"640\" \/><\/p>\n<h4>Pour les futurs voyageurs en Espagne, peux-tu nous citer :<\/h4>\n<h4><em>-Une plage paradisiaque :<\/em><\/h4>\n<p>\u00c0 Barcelone m\u00eame je dirai celle du Pont petroli m\u00e9tro Pep Ventura ! Le pont donne des airs de\u00a0Californie, l\u2019eau est vraiment claire et belle et il n\u2019y a pas beaucoup de touriste par la-bas \ud83d\ude42<\/p>\n<p>Et sinon les superbes petites criques vers San Pol del mar ou Tossa, il ne faut pas h\u00e9siter \u00e0 s\u2019\u00e9loigner\u00a0un peu de la foule et marcher le long de la mer pour trouver les plus beaux spots.<\/p>\n<h4><em>-Un site naturel exceptionnel :<\/em><\/h4>\n<p>Il faut alors sortir de Barcelone, pourquoi pas le parc naturel de Garraf situ\u00e9 pr\u00e8s de Sitges. Vous\u00a0aurez une superbe vue sur la mer et les alentours.<\/p>\n<h4><em>-Un mus\u00e9e qui regorge de tr\u00e9sors :<\/em><\/h4>\n<p>Le cosmocaixa pour petits et grands est super et vraiment riche en activit\u00e9s et d\u00e9couvertes, il y a\u00a0aussi une reconstitution de la for\u00eat amazonienne !<\/p>\n<h4><em>-Un b\u00e2timent \u00e0 l\u2019architecture imposante :<\/em><\/h4>\n<p>La Sagrada Familia, forc\u00e9ment !<\/p>\n<p><img data-recalc-dims=\"1\" loading=\"lazy\" decoding=\"async\" class=\"alignnone size-full wp-image-12699\" src=\"https:\/\/i0.wp.com\/tracesdevoyages.com\/wp-content\/uploads\/2018\/10\/tenerife-el-medano094.jpg?resize=900%2C600&#038;ssl=1\" alt=\"\" width=\"900\" height=\"600\" \/><\/p>\n<h4><em>-Une sp\u00e9cialit\u00e9 culinaire \u00e0 tomber par terre et o\u00f9 la trouver :<\/em><\/h4>\n<p>Hum, tomber par terre \u00e7a va \u00eatre compliqu\u00e9 mais forc\u00e9ment les tapas c\u2019est typique ici et il y en a\u00a0partout, je dirai plus quelque chose \u00e0 boire comme un bon vermut casero !<\/p>\n<h4><em>-Un lieu o\u00f9 festoyer comme les Espagnols :<\/em><\/h4>\n<p>Je dirai la carrer Blai, c\u2019est une rue remplie de petits bars et restaurants de Tapas et Pinchos !<\/p>\n<h4><em>-Un \u00e9v\u00e8nement important (festival, f\u00eate nationale&#8230;) :<\/em><\/h4>\n<p>La Merc\u00e9 en septembre ! Toute la ville est en f\u00eate, c\u2019est top ! Il y a des concerts partout, des d\u00e9fil\u00e9s,\u00a0des pyramides humaines, c\u2019est super !<\/p>\n<h4><em>-Le meilleur spot pour photographier des animaux :<\/em><\/h4>\n<p>Euh, le zoo ^^Je dirai El Prat de Llobregat pr\u00e8s de l&rsquo;a\u00e9roport, c\u2019est un site pr\u00e9serv\u00e9 o\u00f9 on peut\u00a0observer plein de sortes d\u2019oiseaux.<\/p>\n<p><img data-recalc-dims=\"1\" loading=\"lazy\" decoding=\"async\" class=\"alignnone size-full wp-image-12697\" src=\"https:\/\/i0.wp.com\/tracesdevoyages.com\/wp-content\/uploads\/2018\/10\/montrebei1.jpg?resize=900%2C600&#038;ssl=1\" alt=\"\" width=\"900\" height=\"600\" \/><\/p>\n<h4><em>-La plus belle ville en dehors de Barcelone :<\/em><\/h4>\n<p>En Catalogne j\u2019ai beaucoup aim\u00e9 San Pol del mar mais je pense que Girona vaut vraiment le d\u00e9tour,\u00a0c\u2019est la petite venise !<\/p>\n<h4><em>-Une route pour un road trip panoramique :<\/em><\/h4>\n<p>Bardenas, situ\u00e9 \u00e0 4h de Barcelone, par contre on change de r\u00e9gion mais c\u2019est vraiment superbe et \u00e7a\u00a0fait beaucoup penser \u00e0 certains parc naturels de l\u2019Ouest Am\u00e9ricain. D\u00e9paysement garanti !<\/p>\n<h4><em>-Un truc insolite que tu as d\u00e9couvert l\u00e0-bas :<\/em><\/h4>\n<p>Que les catalans font la f\u00eate pour tout et rien ! Des feux d&rsquo;artifices des concerts de rue&#8230; Ils savent\u00a0faire la f\u00eate et cr\u00e9er des \u00e9v\u00e9nements pour tout et rien !<\/p>\n<h4><em>-Un artiste ou groupe de musique local \u00e0 conna\u00eetre :<\/em><\/h4>\n<p>Macaco est un groupe originaire de Barcelone que j\u2019aime beaucoup et dont j\u2019ai beaucoup \u00e9cout\u00e9 les\u00a0albums. La voix du chanteur est vraiment originale et envo\u00fbtante et on retrouve les rythmes entra\u00eenants et joyeux de l\u2019Espagne ! Mon coup de coeur va pour l\u2019album Ingravitto que j\u2019ai vraiment\u00a0\u00e9cout\u00e9 en boucle des jours et des jours !<\/p>\n<p><img data-recalc-dims=\"1\" loading=\"lazy\" decoding=\"async\" class=\"alignnone size-full wp-image-12696\" src=\"https:\/\/i0.wp.com\/tracesdevoyages.com\/wp-content\/uploads\/2018\/10\/roadtripbardenas6543.jpg?resize=900%2C600&#038;ssl=1\" alt=\"\" width=\"900\" height=\"600\" \/><\/p>\n<h4><em>-Un film tourn\u00e9 l\u00e0-bas :<\/em><\/h4>\n<p>L\u2019auberge espagnole forc\u00e9ment ! Un film incontournable que j\u2019ai ador\u00e9 revoir une fois que je\u00a0connaissais mieux la ville. D\u2019ailleurs, c\u2019est vraiment comme \u00e7a que j\u2019ai v\u00e9cu mes premi\u00e8res ann\u00e9es \u00e0 Barcelone, le film refl\u00e8te vraiment l\u2019ambiance g\u00e9n\u00e9rale de la ville et la vie en coloc \u00e0 Barcelone.<\/p>\n<h4><em>-Le sport que tu pr\u00e9f\u00e8res dans ta nouvelle patrie<\/em><\/h4>\n<p>Je ne fais pas de sport haha ! Mais je dirai tout sport nautique, c\u2019est la m\u00e9diterran\u00e9e mais il y a\u00a0beaucoup de vagues et de spots de surf, kit surf et Paddle.<\/p>\n<h4><em>-Un souvenir \u00e0 ramener chez soi :<\/em><\/h4>\n<p>Du T\u00faron bien \u00e9videmment.<\/p>\n<p><img data-recalc-dims=\"1\" loading=\"lazy\" decoding=\"async\" class=\"alignnone size-full wp-image-12695\" src=\"https:\/\/i0.wp.com\/tracesdevoyages.com\/wp-content\/uploads\/2018\/10\/cachumalake2.jpg?resize=900%2C600&#038;ssl=1\" alt=\"\" width=\"900\" height=\"600\" \/><\/p>\n","protected":false},"excerpt":{"rendered":"<p>Cela faisait longtemps que nous n&rsquo;avions pas fait d&rsquo;interview sur le blog et nous voil\u00e0 de retour avec Fanny du blog Baby Meets The World qui nous partage son exp\u00e9rience d&rsquo;expatri\u00e9e \u00e0 Barcelone en Espagne, une ville que nous aimons beaucoup! D\u2019o\u00f9 viens-tu ? Je suis n\u00e9e en r\u00e9gion parisienne mais j\u2019ai grandi en Bretagne, \u00e0 Saint-Malo ! J\u2019ai quitt\u00e9 la ville \u00e0 tout\u00a0juste 20 ans pour partir d\u00e9couvrir le monde, premier stop Londres ! Et puis Barcelone&#8230; \ud83d\ude42 Depuis quand vis-tu \u00e0 Barcelone ? Je vis \u00e0 Barcelone depuis 12 ans maintenant avec une petite pause d\u2019une ann\u00e9e pour voyager en Asie\u00a0et en Australie. Pour quelle(s) raison(s) as-tu d\u00e9cid\u00e9 de rester ? Pour la qualit\u00e9 de vie, le soleil qui brille presque tous les jours et puis la mer juste \u00e0 c\u00f4t\u00e9 ! La\u00a0Catalogne est aussi une superbe r\u00e9gion ! C\u2019est une ville fantastique pour faire la f\u00eate, rencontrer des gens du monde entier et partir \u00e0 l\u2019aventure dans la ville ou les alentours. Qu\u2019est-ce qui te manque le plus de la France ? La nourriture sans doute, mais je n\u2019y vis plus depuis 14 ans donc rien ne me manque vraiment, ah si,\u00a0ma famille que je voudrait voir plus souvent ! Ton plus beau souvenir ici : La naissance de mes deux petits gar\u00e7ons \u00e0 Barcelone, forc\u00e9ment ! Le pire : Les recherches d\u2019appartements sont les pires des choses ici, les logements sont tr\u00e8s cher et c\u2019est un\u00a0vrai casse t\u00eate ! Pour les futurs voyageurs en Espagne, peux-tu nous citer : -Une plage paradisiaque : \u00c0 Barcelone m\u00eame je dirai celle du Pont petroli m\u00e9tro Pep Ventura ! Le pont donne des airs de\u00a0Californie, l\u2019eau est vraiment claire et belle et il n\u2019y a pas beaucoup de touriste par la-bas \ud83d\ude42 Et sinon les superbes petites criques vers San Pol del mar ou Tossa, il ne faut pas h\u00e9siter \u00e0 s\u2019\u00e9loigner\u00a0un peu de la foule et marcher le long de la mer pour trouver les plus beaux spots. -Un site naturel exceptionnel : Il faut alors sortir de Barcelone, pourquoi pas le parc naturel de Garraf situ\u00e9 pr\u00e8s de Sitges. Vous\u00a0aurez une superbe vue sur la mer et les alentours. -Un mus\u00e9e qui regorge de tr\u00e9sors : Le cosmocaixa pour petits et grands est super et vraiment riche en activit\u00e9s et d\u00e9couvertes, il y a\u00a0aussi une reconstitution de la for\u00eat amazonienne ! -Un b\u00e2timent \u00e0 l\u2019architecture imposante : La Sagrada Familia, forc\u00e9ment ! -Une sp\u00e9cialit\u00e9 culinaire \u00e0 tomber par terre et o\u00f9 la trouver : Hum, tomber par terre \u00e7a va \u00eatre compliqu\u00e9 mais forc\u00e9ment les tapas c\u2019est typique ici et il y en a\u00a0partout, je dirai plus quelque chose \u00e0 boire comme un bon vermut casero ! -Un lieu o\u00f9 festoyer comme les Espagnols : Je dirai la carrer Blai, c\u2019est une rue remplie de petits bars et restaurants de Tapas et Pinchos ! -Un \u00e9v\u00e8nement important (festival, f\u00eate nationale&#8230;) : La Merc\u00e9 en septembre ! Toute la ville est en f\u00eate, c\u2019est top ! Il y a des concerts partout, des d\u00e9fil\u00e9s,\u00a0des pyramides humaines, c\u2019est super ! -Le meilleur spot pour photographier des animaux : Euh, le zoo ^^Je dirai El Prat de Llobregat pr\u00e8s de l&rsquo;a\u00e9roport, c\u2019est un site pr\u00e9serv\u00e9 o\u00f9 on peut\u00a0observer plein de sortes d\u2019oiseaux. -La plus belle ville en dehors de Barcelone : En Catalogne j\u2019ai beaucoup aim\u00e9 San Pol del mar mais je pense que Girona vaut vraiment le d\u00e9tour,\u00a0c\u2019est la petite venise ! -Une route pour un road trip panoramique : Bardenas, situ\u00e9 \u00e0 4h de Barcelone, par contre on change de r\u00e9gion mais c\u2019est vraiment superbe et \u00e7a\u00a0fait beaucoup penser \u00e0 certains parc naturels de l\u2019Ouest Am\u00e9ricain. D\u00e9paysement garanti ! -Un truc insolite que tu as d\u00e9couvert l\u00e0-bas : Que les catalans font la f\u00eate pour tout et rien ! Des feux d&rsquo;artifices des concerts de rue&#8230; Ils savent\u00a0faire la f\u00eate et cr\u00e9er des \u00e9v\u00e9nements pour tout et rien ! -Un artiste ou groupe de musique local \u00e0 conna\u00eetre : Macaco est un groupe originaire de Barcelone que j\u2019aime beaucoup et dont j\u2019ai beaucoup \u00e9cout\u00e9 les\u00a0albums. La voix du chanteur est vraiment originale et envo\u00fbtante et on retrouve les rythmes entra\u00eenants et joyeux de l\u2019Espagne ! Mon coup de coeur va pour l\u2019album Ingravitto que j\u2019ai vraiment\u00a0\u00e9cout\u00e9 en boucle des jours et des jours ! -Un film tourn\u00e9 l\u00e0-bas : L\u2019auberge espagnole forc\u00e9ment ! Un film incontournable que j\u2019ai ador\u00e9 revoir une fois que je\u00a0connaissais mieux la ville. D\u2019ailleurs, c\u2019est vraiment comme \u00e7a que j\u2019ai v\u00e9cu mes premi\u00e8res ann\u00e9es \u00e0 Barcelone, le film refl\u00e8te vraiment l\u2019ambiance g\u00e9n\u00e9rale de la ville et la vie en coloc \u00e0 Barcelone. -Le sport que tu pr\u00e9f\u00e8res dans ta nouvelle patrie Je ne fais pas de sport haha ! Mais je dirai tout sport nautique, c\u2019est la m\u00e9diterran\u00e9e mais il y a\u00a0beaucoup de vagues et de spots de surf, kit surf et Paddle. -Un souvenir \u00e0 ramener chez soi : Du T\u00faron bien \u00e9videmment.<\/p>\n","protected":false},"author":2,"featured_media":12694,"comment_status":"open","ping_status":"open","sticky":false,"template":"","format":"standard","meta":{"_jetpack_memberships_contains_paid_content":false,"footnotes":""},"categories":[66,21,27,5,6],"tags":[119,189,192,233],"class_list":["post-12693","post","type-post","status-publish","format-standard","has-post-thumbnail","hentry","category-espagne","category-europe","category-interviews-articles-collaboratifs","category-themes","category-voyages","tag-barcelone","tag-espagne","tag-expatriation","tag-interview"],"yoast_head":"<!-- This site is optimized with the Yoast SEO plugin v26.3 - https:\/\/yoast.com\/wordpress\/plugins\/seo\/ -->\n<title>INTERVIEW: Fanny, expatri\u00e9e \u00e0 Barcelone (Espagne) - Traces de Voyages<\/title>\n<meta name=\"description\" content=\"Envie de d\u00e9couvrir Bracelone et l&#039;Espagne comme un local? Fanny du blog Baby Meets The World qui y vit depuis 12 ans nous d\u00e9voile ses coups de coeur!\" \/>\n<meta name=\"robots\" content=\"index, follow, max-snippet:-1, max-image-preview:large, max-video-preview:-1\" \/>\n<link rel=\"canonical\" href=\"https:\/\/tracesdevoyages.com\/index.php\/2018\/11\/04\/interview-fanny-expatriee-a-barcelone-espagne\/\" \/>\n<meta property=\"og:locale\" content=\"fr_FR\" \/>\n<meta property=\"og:type\" content=\"article\" \/>\n<meta property=\"og:title\" content=\"INTERVIEW: Fanny, expatri\u00e9e \u00e0 Barcelone (Espagne) - Traces de Voyages\" \/>\n<meta property=\"og:description\" content=\"Envie de d\u00e9couvrir Bracelone et l&#039;Espagne comme un local? Fanny du blog Baby Meets The World qui y vit depuis 12 ans nous d\u00e9voile ses coups de coeur!\" \/>\n<meta property=\"og:url\" content=\"https:\/\/tracesdevoyages.com\/index.php\/2018\/11\/04\/interview-fanny-expatriee-a-barcelone-espagne\/\" \/>\n<meta property=\"og:site_name\" content=\"Traces de Voyages\" \/>\n<meta property=\"article:publisher\" content=\"https:\/\/www.facebook.com\/tracesdevoyages\/\" \/>\n<meta property=\"article:published_time\" content=\"2018-11-04T13:28:02+00:00\" \/>\n<meta name=\"author\" content=\"tracesdevoyages\" \/>\n<meta name=\"twitter:card\" content=\"summary_large_image\" \/>\n<meta name=\"twitter:creator\" content=\"@TracesdeVoyages\" \/>\n<meta name=\"twitter:site\" content=\"@TracesdeVoyages\" \/>\n<meta name=\"twitter:label1\" content=\"\u00c9crit par\" \/>\n\t<meta name=\"twitter:data1\" content=\"tracesdevoyages\" \/>\n\t<meta name=\"twitter:label2\" content=\"Dur\u00e9e de lecture estim\u00e9e\" \/>\n\t<meta name=\"twitter:data2\" content=\"4 minutes\" \/>\n<script type=\"application\/ld+json\" class=\"yoast-schema-graph\">{\"@context\":\"https:\/\/schema.org\",\"@graph\":[{\"@type\":\"Article\",\"@id\":\"https:\/\/tracesdevoyages.com\/index.php\/2018\/11\/04\/interview-fanny-expatriee-a-barcelone-espagne\/#article\",\"isPartOf\":{\"@id\":\"https:\/\/tracesdevoyages.com\/index.php\/2018\/11\/04\/interview-fanny-expatriee-a-barcelone-espagne\/\"},\"author\":{\"name\":\"tracesdevoyages\",\"@id\":\"https:\/\/tracesdevoyages.com\/#\/schema\/person\/407749fd8c63f4e19e1f4d61c3df1dd3\"},\"headline\":\"INTERVIEW: Fanny, expatri\u00e9e \u00e0 Barcelone (Espagne)\",\"datePublished\":\"2018-11-04T13:28:02+00:00\",\"mainEntityOfPage\":{\"@id\":\"https:\/\/tracesdevoyages.com\/index.php\/2018\/11\/04\/interview-fanny-expatriee-a-barcelone-espagne\/\"},\"wordCount\":881,\"commentCount\":0,\"publisher\":{\"@id\":\"https:\/\/tracesdevoyages.com\/#organization\"},\"image\":{\"@id\":\"https:\/\/tracesdevoyages.com\/index.php\/2018\/11\/04\/interview-fanny-expatriee-a-barcelone-espagne\/#primaryimage\"},\"thumbnailUrl\":\"\",\"keywords\":[\"Barcelone\",\"Espagne\",\"expatriation\",\"interview\"],\"articleSection\":[\"Espagne\",\"Europe\",\"Interviews &amp; Articles Collaboratifs\",\"Th\u00e8mes\",\"Voyages\"],\"inLanguage\":\"fr-FR\",\"potentialAction\":[{\"@type\":\"CommentAction\",\"name\":\"Comment\",\"target\":[\"https:\/\/tracesdevoyages.com\/index.php\/2018\/11\/04\/interview-fanny-expatriee-a-barcelone-espagne\/#respond\"]}]},{\"@type\":\"WebPage\",\"@id\":\"https:\/\/tracesdevoyages.com\/index.php\/2018\/11\/04\/interview-fanny-expatriee-a-barcelone-espagne\/\",\"url\":\"https:\/\/tracesdevoyages.com\/index.php\/2018\/11\/04\/interview-fanny-expatriee-a-barcelone-espagne\/\",\"name\":\"INTERVIEW: Fanny, expatri\u00e9e \u00e0 Barcelone (Espagne) - Traces de Voyages\",\"isPartOf\":{\"@id\":\"https:\/\/tracesdevoyages.com\/#website\"},\"primaryImageOfPage\":{\"@id\":\"https:\/\/tracesdevoyages.com\/index.php\/2018\/11\/04\/interview-fanny-expatriee-a-barcelone-espagne\/#primaryimage\"},\"image\":{\"@id\":\"https:\/\/tracesdevoyages.com\/index.php\/2018\/11\/04\/interview-fanny-expatriee-a-barcelone-espagne\/#primaryimage\"},\"thumbnailUrl\":\"\",\"datePublished\":\"2018-11-04T13:28:02+00:00\",\"description\":\"Envie de d\u00e9couvrir Bracelone et l'Espagne comme un local? Fanny du blog Baby Meets The World qui y vit depuis 12 ans nous d\u00e9voile ses coups de coeur!\",\"breadcrumb\":{\"@id\":\"https:\/\/tracesdevoyages.com\/index.php\/2018\/11\/04\/interview-fanny-expatriee-a-barcelone-espagne\/#breadcrumb\"},\"inLanguage\":\"fr-FR\",\"potentialAction\":[{\"@type\":\"ReadAction\",\"target\":[\"https:\/\/tracesdevoyages.com\/index.php\/2018\/11\/04\/interview-fanny-expatriee-a-barcelone-espagne\/\"]}]},{\"@type\":\"ImageObject\",\"inLanguage\":\"fr-FR\",\"@id\":\"https:\/\/tracesdevoyages.com\/index.php\/2018\/11\/04\/interview-fanny-expatriee-a-barcelone-espagne\/#primaryimage\",\"url\":\"\",\"contentUrl\":\"\"},{\"@type\":\"BreadcrumbList\",\"@id\":\"https:\/\/tracesdevoyages.com\/index.php\/2018\/11\/04\/interview-fanny-expatriee-a-barcelone-espagne\/#breadcrumb\",\"itemListElement\":[{\"@type\":\"ListItem\",\"position\":1,\"name\":\"Accueil\",\"item\":\"https:\/\/tracesdevoyages.com\/\"},{\"@type\":\"ListItem\",\"position\":2,\"name\":\"INTERVIEW: Fanny, expatri\u00e9e \u00e0 Barcelone (Espagne)\"}]},{\"@type\":\"WebSite\",\"@id\":\"https:\/\/tracesdevoyages.com\/#website\",\"url\":\"https:\/\/tracesdevoyages.com\/\",\"name\":\"Traces de Voyages\",\"description\":\"Blog de voyages\",\"publisher\":{\"@id\":\"https:\/\/tracesdevoyages.com\/#organization\"},\"potentialAction\":[{\"@type\":\"SearchAction\",\"target\":{\"@type\":\"EntryPoint\",\"urlTemplate\":\"https:\/\/tracesdevoyages.com\/?s={search_term_string}\"},\"query-input\":{\"@type\":\"PropertyValueSpecification\",\"valueRequired\":true,\"valueName\":\"search_term_string\"}}],\"inLanguage\":\"fr-FR\"},{\"@type\":\"Organization\",\"@id\":\"https:\/\/tracesdevoyages.com\/#organization\",\"name\":\"Traces de Voyages\",\"url\":\"https:\/\/tracesdevoyages.com\/\",\"logo\":{\"@type\":\"ImageObject\",\"inLanguage\":\"fr-FR\",\"@id\":\"https:\/\/tracesdevoyages.com\/#\/schema\/logo\/image\/\",\"url\":\"https:\/\/i0.wp.com\/tracesdevoyages.com\/wp-content\/uploads\/2025\/01\/cropped-Traces-de-Voyages-LOGO.jpg?fit=512%2C512&ssl=1\",\"contentUrl\":\"https:\/\/i0.wp.com\/tracesdevoyages.com\/wp-content\/uploads\/2025\/01\/cropped-Traces-de-Voyages-LOGO.jpg?fit=512%2C512&ssl=1\",\"width\":512,\"height\":512,\"caption\":\"Traces de Voyages\"},\"image\":{\"@id\":\"https:\/\/tracesdevoyages.com\/#\/schema\/logo\/image\/\"},\"sameAs\":[\"https:\/\/www.facebook.com\/tracesdevoyages\/\",\"https:\/\/x.com\/TracesdeVoyages\",\"https:\/\/www.instagram.com\/tracesdevoyages\/\",\"https:\/\/fr.pinterest.com\/tracesdevoyages\/\",\"https:\/\/www.youtube.com\/channel\/UC240N7Neo4xrJRYcW3UhDaQ\/\"]},{\"@type\":\"Person\",\"@id\":\"https:\/\/tracesdevoyages.com\/#\/schema\/person\/407749fd8c63f4e19e1f4d61c3df1dd3\",\"name\":\"tracesdevoyages\",\"image\":{\"@type\":\"ImageObject\",\"inLanguage\":\"fr-FR\",\"@id\":\"https:\/\/tracesdevoyages.com\/#\/schema\/person\/image\/\",\"url\":\"https:\/\/secure.gravatar.com\/avatar\/89665a7661ade021f231fa4edee45d02595de0df2c6ac04037b09ce699dd6d89?s=96&d=mm&r=g\",\"contentUrl\":\"https:\/\/secure.gravatar.com\/avatar\/89665a7661ade021f231fa4edee45d02595de0df2c6ac04037b09ce699dd6d89?s=96&d=mm&r=g\",\"caption\":\"tracesdevoyages\"},\"url\":\"https:\/\/tracesdevoyages.com\/index.php\/author\/tracesdevoyages\/\"}]}<\/script>\n<!-- \/ Yoast SEO plugin. -->","yoast_head_json":{"title":"INTERVIEW: Fanny, expatri\u00e9e \u00e0 Barcelone (Espagne) - Traces de Voyages","description":"Envie de d\u00e9couvrir Bracelone et l'Espagne comme un local? Fanny du blog Baby Meets The World qui y vit depuis 12 ans nous d\u00e9voile ses coups de coeur!","robots":{"index":"index","follow":"follow","max-snippet":"max-snippet:-1","max-image-preview":"max-image-preview:large","max-video-preview":"max-video-preview:-1"},"canonical":"https:\/\/tracesdevoyages.com\/index.php\/2018\/11\/04\/interview-fanny-expatriee-a-barcelone-espagne\/","og_locale":"fr_FR","og_type":"article","og_title":"INTERVIEW: Fanny, expatri\u00e9e \u00e0 Barcelone (Espagne) - Traces de Voyages","og_description":"Envie de d\u00e9couvrir Bracelone et l'Espagne comme un local? Fanny du blog Baby Meets The World qui y vit depuis 12 ans nous d\u00e9voile ses coups de coeur!","og_url":"https:\/\/tracesdevoyages.com\/index.php\/2018\/11\/04\/interview-fanny-expatriee-a-barcelone-espagne\/","og_site_name":"Traces de Voyages","article_publisher":"https:\/\/www.facebook.com\/tracesdevoyages\/","article_published_time":"2018-11-04T13:28:02+00:00","author":"tracesdevoyages","twitter_card":"summary_large_image","twitter_creator":"@TracesdeVoyages","twitter_site":"@TracesdeVoyages","twitter_misc":{"\u00c9crit par":"tracesdevoyages","Dur\u00e9e de lecture estim\u00e9e":"4 minutes"},"schema":{"@context":"https:\/\/schema.org","@graph":[{"@type":"Article","@id":"https:\/\/tracesdevoyages.com\/index.php\/2018\/11\/04\/interview-fanny-expatriee-a-barcelone-espagne\/#article","isPartOf":{"@id":"https:\/\/tracesdevoyages.com\/index.php\/2018\/11\/04\/interview-fanny-expatriee-a-barcelone-espagne\/"},"author":{"name":"tracesdevoyages","@id":"https:\/\/tracesdevoyages.com\/#\/schema\/person\/407749fd8c63f4e19e1f4d61c3df1dd3"},"headline":"INTERVIEW: Fanny, expatri\u00e9e \u00e0 Barcelone (Espagne)","datePublished":"2018-11-04T13:28:02+00:00","mainEntityOfPage":{"@id":"https:\/\/tracesdevoyages.com\/index.php\/2018\/11\/04\/interview-fanny-expatriee-a-barcelone-espagne\/"},"wordCount":881,"commentCount":0,"publisher":{"@id":"https:\/\/tracesdevoyages.com\/#organization"},"image":{"@id":"https:\/\/tracesdevoyages.com\/index.php\/2018\/11\/04\/interview-fanny-expatriee-a-barcelone-espagne\/#primaryimage"},"thumbnailUrl":"","keywords":["Barcelone","Espagne","expatriation","interview"],"articleSection":["Espagne","Europe","Interviews &amp; Articles Collaboratifs","Th\u00e8mes","Voyages"],"inLanguage":"fr-FR","potentialAction":[{"@type":"CommentAction","name":"Comment","target":["https:\/\/tracesdevoyages.com\/index.php\/2018\/11\/04\/interview-fanny-expatriee-a-barcelone-espagne\/#respond"]}]},{"@type":"WebPage","@id":"https:\/\/tracesdevoyages.com\/index.php\/2018\/11\/04\/interview-fanny-expatriee-a-barcelone-espagne\/","url":"https:\/\/tracesdevoyages.com\/index.php\/2018\/11\/04\/interview-fanny-expatriee-a-barcelone-espagne\/","name":"INTERVIEW: Fanny, expatri\u00e9e \u00e0 Barcelone (Espagne) - Traces de Voyages","isPartOf":{"@id":"https:\/\/tracesdevoyages.com\/#website"},"primaryImageOfPage":{"@id":"https:\/\/tracesdevoyages.com\/index.php\/2018\/11\/04\/interview-fanny-expatriee-a-barcelone-espagne\/#primaryimage"},"image":{"@id":"https:\/\/tracesdevoyages.com\/index.php\/2018\/11\/04\/interview-fanny-expatriee-a-barcelone-espagne\/#primaryimage"},"thumbnailUrl":"","datePublished":"2018-11-04T13:28:02+00:00","description":"Envie de d\u00e9couvrir Bracelone et l'Espagne comme un local? Fanny du blog Baby Meets The World qui y vit depuis 12 ans nous d\u00e9voile ses coups de coeur!","breadcrumb":{"@id":"https:\/\/tracesdevoyages.com\/index.php\/2018\/11\/04\/interview-fanny-expatriee-a-barcelone-espagne\/#breadcrumb"},"inLanguage":"fr-FR","potentialAction":[{"@type":"ReadAction","target":["https:\/\/tracesdevoyages.com\/index.php\/2018\/11\/04\/interview-fanny-expatriee-a-barcelone-espagne\/"]}]},{"@type":"ImageObject","inLanguage":"fr-FR","@id":"https:\/\/tracesdevoyages.com\/index.php\/2018\/11\/04\/interview-fanny-expatriee-a-barcelone-espagne\/#primaryimage","url":"","contentUrl":""},{"@type":"BreadcrumbList","@id":"https:\/\/tracesdevoyages.com\/index.php\/2018\/11\/04\/interview-fanny-expatriee-a-barcelone-espagne\/#breadcrumb","itemListElement":[{"@type":"ListItem","position":1,"name":"Accueil","item":"https:\/\/tracesdevoyages.com\/"},{"@type":"ListItem","position":2,"name":"INTERVIEW: Fanny, expatri\u00e9e \u00e0 Barcelone (Espagne)"}]},{"@type":"WebSite","@id":"https:\/\/tracesdevoyages.com\/#website","url":"https:\/\/tracesdevoyages.com\/","name":"Traces de Voyages","description":"Blog de voyages","publisher":{"@id":"https:\/\/tracesdevoyages.com\/#organization"},"potentialAction":[{"@type":"SearchAction","target":{"@type":"EntryPoint","urlTemplate":"https:\/\/tracesdevoyages.com\/?s={search_term_string}"},"query-input":{"@type":"PropertyValueSpecification","valueRequired":true,"valueName":"search_term_string"}}],"inLanguage":"fr-FR"},{"@type":"Organization","@id":"https:\/\/tracesdevoyages.com\/#organization","name":"Traces de Voyages","url":"https:\/\/tracesdevoyages.com\/","logo":{"@type":"ImageObject","inLanguage":"fr-FR","@id":"https:\/\/tracesdevoyages.com\/#\/schema\/logo\/image\/","url":"https:\/\/i0.wp.com\/tracesdevoyages.com\/wp-content\/uploads\/2025\/01\/cropped-Traces-de-Voyages-LOGO.jpg?fit=512%2C512&ssl=1","contentUrl":"https:\/\/i0.wp.com\/tracesdevoyages.com\/wp-content\/uploads\/2025\/01\/cropped-Traces-de-Voyages-LOGO.jpg?fit=512%2C512&ssl=1","width":512,"height":512,"caption":"Traces de Voyages"},"image":{"@id":"https:\/\/tracesdevoyages.com\/#\/schema\/logo\/image\/"},"sameAs":["https:\/\/www.facebook.com\/tracesdevoyages\/","https:\/\/x.com\/TracesdeVoyages","https:\/\/www.instagram.com\/tracesdevoyages\/","https:\/\/fr.pinterest.com\/tracesdevoyages\/","https:\/\/www.youtube.com\/channel\/UC240N7Neo4xrJRYcW3UhDaQ\/"]},{"@type":"Person","@id":"https:\/\/tracesdevoyages.com\/#\/schema\/person\/407749fd8c63f4e19e1f4d61c3df1dd3","name":"tracesdevoyages","image":{"@type":"ImageObject","inLanguage":"fr-FR","@id":"https:\/\/tracesdevoyages.com\/#\/schema\/person\/image\/","url":"https:\/\/secure.gravatar.com\/avatar\/89665a7661ade021f231fa4edee45d02595de0df2c6ac04037b09ce699dd6d89?s=96&d=mm&r=g","contentUrl":"https:\/\/secure.gravatar.com\/avatar\/89665a7661ade021f231fa4edee45d02595de0df2c6ac04037b09ce699dd6d89?s=96&d=mm&r=g","caption":"tracesdevoyages"},"url":"https:\/\/tracesdevoyages.com\/index.php\/author\/tracesdevoyages\/"}]}},"jetpack_featured_media_url":"","jetpack_sharing_enabled":true,"_links":{"self":[{"href":"https:\/\/tracesdevoyages.com\/index.php\/wp-json\/wp\/v2\/posts\/12693","targetHints":{"allow":["GET"]}}],"collection":[{"href":"https:\/\/tracesdevoyages.com\/index.php\/wp-json\/wp\/v2\/posts"}],"about":[{"href":"https:\/\/tracesdevoyages.com\/index.php\/wp-json\/wp\/v2\/types\/post"}],"author":[{"embeddable":true,"href":"https:\/\/tracesdevoyages.com\/index.php\/wp-json\/wp\/v2\/users\/2"}],"replies":[{"embeddable":true,"href":"https:\/\/tracesdevoyages.com\/index.php\/wp-json\/wp\/v2\/comments?post=12693"}],"version-history":[{"count":0,"href":"https:\/\/tracesdevoyages.com\/index.php\/wp-json\/wp\/v2\/posts\/12693\/revisions"}],"wp:featuredmedia":[{"embeddable":true,"href":"https:\/\/tracesdevoyages.com\/index.php\/wp-json\/"}],"wp:attachment":[{"href":"https:\/\/tracesdevoyages.com\/index.php\/wp-json\/wp\/v2\/media?parent=12693"}],"wp:term":[{"taxonomy":"category","embeddable":true,"href":"https:\/\/tracesdevoyages.com\/index.php\/wp-json\/wp\/v2\/categories?post=12693"},{"taxonomy":"post_tag","embeddable":true,"href":"https:\/\/tracesdevoyages.com\/index.php\/wp-json\/wp\/v2\/tags?post=12693"}],"curies":[{"name":"wp","href":"https:\/\/api.w.org\/{rel}","templated":true}]}}