{"id":12917,"date":"2018-11-18T15:27:04","date_gmt":"2018-11-18T14:27:04","guid":{"rendered":"https:\/\/tracesdevoyages.com\/?p=12917"},"modified":"2018-11-18T15:27:04","modified_gmt":"2018-11-18T14:27:04","slug":"chambres-dhotes-la-fournio-cantal-france","status":"publish","type":"post","link":"https:\/\/tracesdevoyages.com\/index.php\/2018\/11\/18\/chambres-dhotes-la-fournio-cantal-france\/","title":{"rendered":"Chambres d&rsquo;H\u00f4tes La Fournio (Cantal &#8211; France)"},"content":{"rendered":"<p>Vous recherchez un h\u00e9bergement de charme dans le Cantal pour vos escapades dans le Pays de Salers? Id\u00e9alement plac\u00e9es, les chambres d&rsquo;H\u00f4tes <em>La Fournio<\/em> sont le point de d\u00e9part id\u00e9al pour vos excursions en Xaintrie.<\/p>\n<p>D\u00e8s votre arriv\u00e9e, vous plongez dans l&rsquo;histoire du territoire avec cette magnifique demeure typique du 19\u00e8me si\u00e8cle. Au c\u0153ur d&rsquo;un hameau en pleine campagne, cette maison de famille au charme ancien a \u00e9t\u00e9 enti\u00e8rement r\u00e9nov\u00e9e avec des mat\u00e9riaux nobles et naturels en respectant l&rsquo;architecture locale. Toit de lauzes de schiste, pierres apparentes et huisseries en bois \u00e0 l&rsquo;ext\u00e9rieur, parquets \u00e0 l&rsquo;ancienne, vaisselle traditionnelle ainsi que meubles et d\u00e9coration Auvergnate \u00e0 l&rsquo;int\u00e9rieur. Ces objets de famille ou chin\u00e9s s&rsquo;accordent parfaitement et donnent beaucoup de charme au lieu. Chacun d&rsquo;entre eux a son histoire et Albert Charles, l&rsquo;actuel propri\u00e9taire, ne manquera pas de vous conter leur utilit\u00e9.<\/p>\n\n<p>Le jardin entour\u00e9 de murs est un r\u00e9gal pour les yeux \u00e0 toute \u00e9poque de l&rsquo;ann\u00e9e et la vue sur les Monts du Cantal et le Puy Mary est magnifique. Au printemps, rosiers anciens et plantes vivaces se teintent de couleurs vives tandis que les aromates parfument l&rsquo;air ambiant; \u00e0 l&rsquo;automne, les arbres fruitiers sont pr\u00eats pour la r\u00e9colte et les citrouilles ornent le potager.<\/p>\n\n\n\n<p>Trois chambres sont \u00e0 disposition des voyageurs: Marronnier et Armoise, situ\u00e9es dans l&rsquo;enceinte de la maison, et la Suite du Journalier qui elle se trouve dans une d\u00e9pendance adjacente. Nous avons aim\u00e9 le soin accord\u00e9 par le propri\u00e9taire au choix de la literie en lin et draps anciens, ainsi que son engagement pour la protection de l&rsquo;environnement. En effet, ici, l&rsquo;on pratique le tri s\u00e9lectif, la lessive est bio tout comme les produits du petit-d\u00e9jeuner et les cosm\u00e9tiques des salles de bain sont \u00e9co-labellis\u00e9s.<\/p>\n\n\n\n<p>C\u00f4t\u00e9 restauration, les petits d\u00e9jeuners sont faits maisons et il est possible de d\u00eener sur place \u00e0 base de produits locaux. Une cuisine copieuse et savoureuse aux c\u00f4t\u00e9s de votre h\u00f4te qui\u00a0se fera une joie de partager avec vous sa passion pour la r\u00e9gion et vous donner de nombreux conseils\u00a0ponctu\u00e9s d&rsquo;anecdotes pour vos visites. D&rsquo;ailleurs, La Fournio veut dire \u00ab\u00a0four \u00e0 pain\u00a0\u00bb en Occitan, un nom qui \u00e9voque la chaleur du foyer et la maison de famille o\u00f9 il fait bon vivre; il faut dire qu&rsquo;elle porte bien son nom.<\/p>\n\n\n<hr \/>\n<blockquote><p><img data-recalc-dims=\"1\" loading=\"lazy\" decoding=\"async\" class=\"alignleft size-medium wp-image-12944\" src=\"https:\/\/i0.wp.com\/tracesdevoyages.com\/wp-content\/uploads\/2018\/11\/DSC09627-300x199.jpg?resize=300%2C199&#038;ssl=1\" alt=\"\" width=\"300\" height=\"199\" \/>La Fournio<\/p>\n<p>Lieu dit Escladines<\/p>\n<p>15700 Chaussenac<\/p>\n<p>04.71.69.02.68 ou 06.81.34.91.70<\/p>\n<p><a href=\"http:\/\/www.lafournio.fr\/\" target=\"_blank\" rel=\"noopener nofollow noreferrer\">Site web<\/a><\/p><\/blockquote>\n<p>&nbsp;<\/p>\n<hr \/>\n<p style=\"text-align: center;\"><em>Cet article a \u00e9t\u00e9 r\u00e9alis\u00e9 dans le cadre d\u2019un partenariat avec l\u2019<a href=\"http:\/\/www.salers-tourisme.fr\/\" target=\"_blank\" rel=\"noopener nofollow noreferrer\">Office de Tourisme du Pays de Salers<\/a>\u00a0et <a href=\"http:\/\/www.lafournio.fr\/\" target=\"_blank\" rel=\"noopener nofollow noreferrer\">La Fournio<\/a>, bien entendu, nous restons enti\u00e8rement libres de nos propos. Un grand merci \u00e0 Christophe de l\u2019Office de Tourisme de Salers et Mr Charles \u00e0 La Fournio.<\/em><\/p>\n<hr \/>\n<p>https:\/\/www.pinterest.fr\/pin\/804525920912537985<\/p>\n","protected":false},"excerpt":{"rendered":"<p>Vous recherchez un h\u00e9bergement de charme dans le Cantal pour vos escapades dans le Pays de Salers? Id\u00e9alement plac\u00e9es, les chambres d&rsquo;H\u00f4tes La Fournio sont le point de d\u00e9part id\u00e9al pour vos excursions en Xaintrie. D\u00e8s votre arriv\u00e9e, vous plongez dans l&rsquo;histoire du territoire avec cette magnifique demeure typique du 19\u00e8me si\u00e8cle. Au c\u0153ur d&rsquo;un hameau en pleine campagne, cette maison de famille au charme ancien a \u00e9t\u00e9 enti\u00e8rement r\u00e9nov\u00e9e avec des mat\u00e9riaux nobles et naturels en respectant l&rsquo;architecture locale. Toit de lauzes de schiste, pierres apparentes et huisseries en bois \u00e0 l&rsquo;ext\u00e9rieur, parquets \u00e0 l&rsquo;ancienne, vaisselle traditionnelle ainsi que meubles et d\u00e9coration Auvergnate \u00e0 l&rsquo;int\u00e9rieur. Ces objets de famille ou chin\u00e9s s&rsquo;accordent parfaitement et donnent beaucoup de charme au lieu. Chacun d&rsquo;entre eux a son histoire et Albert Charles, l&rsquo;actuel propri\u00e9taire, ne manquera pas de vous conter leur utilit\u00e9. Le jardin entour\u00e9 de murs est un r\u00e9gal pour les yeux \u00e0 toute \u00e9poque de l&rsquo;ann\u00e9e et la vue sur les Monts du Cantal et le Puy Mary est magnifique. Au printemps, rosiers anciens et plantes vivaces se teintent de couleurs vives tandis que les aromates parfument l&rsquo;air ambiant; \u00e0 l&rsquo;automne, les arbres fruitiers sont pr\u00eats pour la r\u00e9colte et les citrouilles ornent le potager. Trois chambres sont \u00e0 disposition des voyageurs: Marronnier et Armoise, situ\u00e9es dans l&rsquo;enceinte de la maison, et la Suite du Journalier qui elle se trouve dans une d\u00e9pendance adjacente. Nous avons aim\u00e9 le soin accord\u00e9 par le propri\u00e9taire au choix de la literie en lin et draps anciens, ainsi que son engagement pour la protection de l&rsquo;environnement. En effet, ici, l&rsquo;on pratique le tri s\u00e9lectif, la lessive est bio tout comme les produits du petit-d\u00e9jeuner et les cosm\u00e9tiques des salles de bain sont \u00e9co-labellis\u00e9s. C\u00f4t\u00e9 restauration, les petits d\u00e9jeuners sont faits maisons et il est possible de d\u00eener sur place \u00e0 base de produits locaux. Une cuisine copieuse et savoureuse aux c\u00f4t\u00e9s de votre h\u00f4te qui\u00a0se fera une joie de partager avec vous sa passion pour la r\u00e9gion et vous donner de nombreux conseils\u00a0ponctu\u00e9s d&rsquo;anecdotes pour vos visites. D&rsquo;ailleurs, La Fournio veut dire \u00ab\u00a0four \u00e0 pain\u00a0\u00bb en Occitan, un nom qui \u00e9voque la chaleur du foyer et la maison de famille o\u00f9 il fait bon vivre; il faut dire qu&rsquo;elle porte bien son nom. La Fournio Lieu dit Escladines 15700 Chaussenac 04.71.69.02.68 ou 06.81.34.91.70 Site web &nbsp; Cet article a \u00e9t\u00e9 r\u00e9alis\u00e9 dans le cadre d\u2019un partenariat avec l\u2019Office de Tourisme du Pays de Salers\u00a0et La Fournio, bien entendu, nous restons enti\u00e8rement libres de nos propos. Un grand merci \u00e0 Christophe de l\u2019Office de Tourisme de Salers et Mr Charles \u00e0 La Fournio. https:\/\/www.pinterest.fr\/pin\/804525920912537985<\/p>\n","protected":false},"author":2,"featured_media":12948,"comment_status":"open","ping_status":"open","sticky":false,"template":"","format":"standard","meta":{"_jetpack_memberships_contains_paid_content":false,"footnotes":""},"categories":[59,2,21,22,3,6],"tags":[113,143,203],"class_list":["post-12917","post","type-post","status-publish","format-standard","has-post-thumbnail","hentry","category-auvergne-rhone-alpes","category-carnet-dadresses","category-europe","category-france","category-hebergement","category-voyages","tag-bb","tag-cantal","tag-france"],"yoast_head":"<!-- This site is optimized with the Yoast SEO plugin v26.3 - https:\/\/yoast.com\/wordpress\/plugins\/seo\/ -->\n<title>Chambres d&#039;H\u00f4tes La Fournio (Cantal - France) - Traces de Voyages<\/title>\n<meta name=\"description\" content=\"D\u00e9couvrez les chambres d&#039;h\u00f4tes de La Fournio, un h\u00e9bergement de charme pour vos escapades du c\u00f4t\u00e9 de Salers dans le Cantal.\" \/>\n<meta name=\"robots\" content=\"index, follow, max-snippet:-1, max-image-preview:large, max-video-preview:-1\" \/>\n<link rel=\"canonical\" href=\"https:\/\/tracesdevoyages.com\/index.php\/2018\/11\/18\/chambres-dhotes-la-fournio-cantal-france\/\" \/>\n<meta property=\"og:locale\" content=\"fr_FR\" \/>\n<meta property=\"og:type\" content=\"article\" \/>\n<meta property=\"og:title\" content=\"Chambres d&#039;H\u00f4tes La Fournio (Cantal - France) - Traces de Voyages\" \/>\n<meta property=\"og:description\" content=\"D\u00e9couvrez les chambres d&#039;h\u00f4tes de La Fournio, un h\u00e9bergement de charme pour vos escapades du c\u00f4t\u00e9 de Salers dans le Cantal.\" \/>\n<meta property=\"og:url\" content=\"https:\/\/tracesdevoyages.com\/index.php\/2018\/11\/18\/chambres-dhotes-la-fournio-cantal-france\/\" \/>\n<meta property=\"og:site_name\" content=\"Traces de Voyages\" \/>\n<meta property=\"article:publisher\" content=\"https:\/\/www.facebook.com\/tracesdevoyages\/\" \/>\n<meta property=\"article:published_time\" content=\"2018-11-18T14:27:04+00:00\" \/>\n<meta name=\"author\" content=\"tracesdevoyages\" \/>\n<meta name=\"twitter:card\" content=\"summary_large_image\" \/>\n<meta name=\"twitter:creator\" content=\"@TracesdeVoyages\" \/>\n<meta name=\"twitter:site\" content=\"@TracesdeVoyages\" \/>\n<meta name=\"twitter:label1\" content=\"\u00c9crit par\" \/>\n\t<meta name=\"twitter:data1\" content=\"tracesdevoyages\" \/>\n\t<meta name=\"twitter:label2\" content=\"Dur\u00e9e de lecture estim\u00e9e\" \/>\n\t<meta name=\"twitter:data2\" content=\"3 minutes\" \/>\n<script type=\"application\/ld+json\" class=\"yoast-schema-graph\">{\"@context\":\"https:\/\/schema.org\",\"@graph\":[{\"@type\":\"Article\",\"@id\":\"https:\/\/tracesdevoyages.com\/index.php\/2018\/11\/18\/chambres-dhotes-la-fournio-cantal-france\/#article\",\"isPartOf\":{\"@id\":\"https:\/\/tracesdevoyages.com\/index.php\/2018\/11\/18\/chambres-dhotes-la-fournio-cantal-france\/\"},\"author\":{\"name\":\"tracesdevoyages\",\"@id\":\"https:\/\/tracesdevoyages.com\/#\/schema\/person\/407749fd8c63f4e19e1f4d61c3df1dd3\"},\"headline\":\"Chambres d&rsquo;H\u00f4tes La Fournio (Cantal &#8211; France)\",\"datePublished\":\"2018-11-18T14:27:04+00:00\",\"mainEntityOfPage\":{\"@id\":\"https:\/\/tracesdevoyages.com\/index.php\/2018\/11\/18\/chambres-dhotes-la-fournio-cantal-france\/\"},\"wordCount\":547,\"commentCount\":0,\"publisher\":{\"@id\":\"https:\/\/tracesdevoyages.com\/#organization\"},\"image\":{\"@id\":\"https:\/\/tracesdevoyages.com\/index.php\/2018\/11\/18\/chambres-dhotes-la-fournio-cantal-france\/#primaryimage\"},\"thumbnailUrl\":\"\",\"keywords\":[\"B&amp;B\",\"Cantal\",\"France\"],\"articleSection\":[\"Auvergne-Rh\u00f4ne-Alpes\",\"Carnet d'Adresses\",\"Europe\",\"France\",\"H\u00e9bergement\",\"Voyages\"],\"inLanguage\":\"fr-FR\",\"potentialAction\":[{\"@type\":\"CommentAction\",\"name\":\"Comment\",\"target\":[\"https:\/\/tracesdevoyages.com\/index.php\/2018\/11\/18\/chambres-dhotes-la-fournio-cantal-france\/#respond\"]}]},{\"@type\":\"WebPage\",\"@id\":\"https:\/\/tracesdevoyages.com\/index.php\/2018\/11\/18\/chambres-dhotes-la-fournio-cantal-france\/\",\"url\":\"https:\/\/tracesdevoyages.com\/index.php\/2018\/11\/18\/chambres-dhotes-la-fournio-cantal-france\/\",\"name\":\"Chambres d'H\u00f4tes La Fournio (Cantal - France) - Traces de Voyages\",\"isPartOf\":{\"@id\":\"https:\/\/tracesdevoyages.com\/#website\"},\"primaryImageOfPage\":{\"@id\":\"https:\/\/tracesdevoyages.com\/index.php\/2018\/11\/18\/chambres-dhotes-la-fournio-cantal-france\/#primaryimage\"},\"image\":{\"@id\":\"https:\/\/tracesdevoyages.com\/index.php\/2018\/11\/18\/chambres-dhotes-la-fournio-cantal-france\/#primaryimage\"},\"thumbnailUrl\":\"\",\"datePublished\":\"2018-11-18T14:27:04+00:00\",\"description\":\"D\u00e9couvrez les chambres d'h\u00f4tes de La Fournio, un h\u00e9bergement de charme pour vos escapades du c\u00f4t\u00e9 de Salers dans le Cantal.\",\"breadcrumb\":{\"@id\":\"https:\/\/tracesdevoyages.com\/index.php\/2018\/11\/18\/chambres-dhotes-la-fournio-cantal-france\/#breadcrumb\"},\"inLanguage\":\"fr-FR\",\"potentialAction\":[{\"@type\":\"ReadAction\",\"target\":[\"https:\/\/tracesdevoyages.com\/index.php\/2018\/11\/18\/chambres-dhotes-la-fournio-cantal-france\/\"]}]},{\"@type\":\"ImageObject\",\"inLanguage\":\"fr-FR\",\"@id\":\"https:\/\/tracesdevoyages.com\/index.php\/2018\/11\/18\/chambres-dhotes-la-fournio-cantal-france\/#primaryimage\",\"url\":\"\",\"contentUrl\":\"\"},{\"@type\":\"BreadcrumbList\",\"@id\":\"https:\/\/tracesdevoyages.com\/index.php\/2018\/11\/18\/chambres-dhotes-la-fournio-cantal-france\/#breadcrumb\",\"itemListElement\":[{\"@type\":\"ListItem\",\"position\":1,\"name\":\"Accueil\",\"item\":\"https:\/\/tracesdevoyages.com\/\"},{\"@type\":\"ListItem\",\"position\":2,\"name\":\"Chambres d&rsquo;H\u00f4tes La Fournio (Cantal &#8211; France)\"}]},{\"@type\":\"WebSite\",\"@id\":\"https:\/\/tracesdevoyages.com\/#website\",\"url\":\"https:\/\/tracesdevoyages.com\/\",\"name\":\"Traces de Voyages\",\"description\":\"Blog de voyages\",\"publisher\":{\"@id\":\"https:\/\/tracesdevoyages.com\/#organization\"},\"potentialAction\":[{\"@type\":\"SearchAction\",\"target\":{\"@type\":\"EntryPoint\",\"urlTemplate\":\"https:\/\/tracesdevoyages.com\/?s={search_term_string}\"},\"query-input\":{\"@type\":\"PropertyValueSpecification\",\"valueRequired\":true,\"valueName\":\"search_term_string\"}}],\"inLanguage\":\"fr-FR\"},{\"@type\":\"Organization\",\"@id\":\"https:\/\/tracesdevoyages.com\/#organization\",\"name\":\"Traces de Voyages\",\"url\":\"https:\/\/tracesdevoyages.com\/\",\"logo\":{\"@type\":\"ImageObject\",\"inLanguage\":\"fr-FR\",\"@id\":\"https:\/\/tracesdevoyages.com\/#\/schema\/logo\/image\/\",\"url\":\"https:\/\/i0.wp.com\/tracesdevoyages.com\/wp-content\/uploads\/2025\/01\/cropped-Traces-de-Voyages-LOGO.jpg?fit=512%2C512&ssl=1\",\"contentUrl\":\"https:\/\/i0.wp.com\/tracesdevoyages.com\/wp-content\/uploads\/2025\/01\/cropped-Traces-de-Voyages-LOGO.jpg?fit=512%2C512&ssl=1\",\"width\":512,\"height\":512,\"caption\":\"Traces de Voyages\"},\"image\":{\"@id\":\"https:\/\/tracesdevoyages.com\/#\/schema\/logo\/image\/\"},\"sameAs\":[\"https:\/\/www.facebook.com\/tracesdevoyages\/\",\"https:\/\/x.com\/TracesdeVoyages\",\"https:\/\/www.instagram.com\/tracesdevoyages\/\",\"https:\/\/fr.pinterest.com\/tracesdevoyages\/\",\"https:\/\/www.youtube.com\/channel\/UC240N7Neo4xrJRYcW3UhDaQ\/\"]},{\"@type\":\"Person\",\"@id\":\"https:\/\/tracesdevoyages.com\/#\/schema\/person\/407749fd8c63f4e19e1f4d61c3df1dd3\",\"name\":\"tracesdevoyages\",\"image\":{\"@type\":\"ImageObject\",\"inLanguage\":\"fr-FR\",\"@id\":\"https:\/\/tracesdevoyages.com\/#\/schema\/person\/image\/\",\"url\":\"https:\/\/secure.gravatar.com\/avatar\/89665a7661ade021f231fa4edee45d02595de0df2c6ac04037b09ce699dd6d89?s=96&d=mm&r=g\",\"contentUrl\":\"https:\/\/secure.gravatar.com\/avatar\/89665a7661ade021f231fa4edee45d02595de0df2c6ac04037b09ce699dd6d89?s=96&d=mm&r=g\",\"caption\":\"tracesdevoyages\"},\"url\":\"https:\/\/tracesdevoyages.com\/index.php\/author\/tracesdevoyages\/\"}]}<\/script>\n<!-- \/ Yoast SEO plugin. -->","yoast_head_json":{"title":"Chambres d'H\u00f4tes La Fournio (Cantal - France) - Traces de Voyages","description":"D\u00e9couvrez les chambres d'h\u00f4tes de La Fournio, un h\u00e9bergement de charme pour vos escapades du c\u00f4t\u00e9 de Salers dans le Cantal.","robots":{"index":"index","follow":"follow","max-snippet":"max-snippet:-1","max-image-preview":"max-image-preview:large","max-video-preview":"max-video-preview:-1"},"canonical":"https:\/\/tracesdevoyages.com\/index.php\/2018\/11\/18\/chambres-dhotes-la-fournio-cantal-france\/","og_locale":"fr_FR","og_type":"article","og_title":"Chambres d'H\u00f4tes La Fournio (Cantal - France) - Traces de Voyages","og_description":"D\u00e9couvrez les chambres d'h\u00f4tes de La Fournio, un h\u00e9bergement de charme pour vos escapades du c\u00f4t\u00e9 de Salers dans le Cantal.","og_url":"https:\/\/tracesdevoyages.com\/index.php\/2018\/11\/18\/chambres-dhotes-la-fournio-cantal-france\/","og_site_name":"Traces de Voyages","article_publisher":"https:\/\/www.facebook.com\/tracesdevoyages\/","article_published_time":"2018-11-18T14:27:04+00:00","author":"tracesdevoyages","twitter_card":"summary_large_image","twitter_creator":"@TracesdeVoyages","twitter_site":"@TracesdeVoyages","twitter_misc":{"\u00c9crit par":"tracesdevoyages","Dur\u00e9e de lecture estim\u00e9e":"3 minutes"},"schema":{"@context":"https:\/\/schema.org","@graph":[{"@type":"Article","@id":"https:\/\/tracesdevoyages.com\/index.php\/2018\/11\/18\/chambres-dhotes-la-fournio-cantal-france\/#article","isPartOf":{"@id":"https:\/\/tracesdevoyages.com\/index.php\/2018\/11\/18\/chambres-dhotes-la-fournio-cantal-france\/"},"author":{"name":"tracesdevoyages","@id":"https:\/\/tracesdevoyages.com\/#\/schema\/person\/407749fd8c63f4e19e1f4d61c3df1dd3"},"headline":"Chambres d&rsquo;H\u00f4tes La Fournio (Cantal &#8211; France)","datePublished":"2018-11-18T14:27:04+00:00","mainEntityOfPage":{"@id":"https:\/\/tracesdevoyages.com\/index.php\/2018\/11\/18\/chambres-dhotes-la-fournio-cantal-france\/"},"wordCount":547,"commentCount":0,"publisher":{"@id":"https:\/\/tracesdevoyages.com\/#organization"},"image":{"@id":"https:\/\/tracesdevoyages.com\/index.php\/2018\/11\/18\/chambres-dhotes-la-fournio-cantal-france\/#primaryimage"},"thumbnailUrl":"","keywords":["B&amp;B","Cantal","France"],"articleSection":["Auvergne-Rh\u00f4ne-Alpes","Carnet d'Adresses","Europe","France","H\u00e9bergement","Voyages"],"inLanguage":"fr-FR","potentialAction":[{"@type":"CommentAction","name":"Comment","target":["https:\/\/tracesdevoyages.com\/index.php\/2018\/11\/18\/chambres-dhotes-la-fournio-cantal-france\/#respond"]}]},{"@type":"WebPage","@id":"https:\/\/tracesdevoyages.com\/index.php\/2018\/11\/18\/chambres-dhotes-la-fournio-cantal-france\/","url":"https:\/\/tracesdevoyages.com\/index.php\/2018\/11\/18\/chambres-dhotes-la-fournio-cantal-france\/","name":"Chambres d'H\u00f4tes La Fournio (Cantal - France) - Traces de Voyages","isPartOf":{"@id":"https:\/\/tracesdevoyages.com\/#website"},"primaryImageOfPage":{"@id":"https:\/\/tracesdevoyages.com\/index.php\/2018\/11\/18\/chambres-dhotes-la-fournio-cantal-france\/#primaryimage"},"image":{"@id":"https:\/\/tracesdevoyages.com\/index.php\/2018\/11\/18\/chambres-dhotes-la-fournio-cantal-france\/#primaryimage"},"thumbnailUrl":"","datePublished":"2018-11-18T14:27:04+00:00","description":"D\u00e9couvrez les chambres d'h\u00f4tes de La Fournio, un h\u00e9bergement de charme pour vos escapades du c\u00f4t\u00e9 de Salers dans le Cantal.","breadcrumb":{"@id":"https:\/\/tracesdevoyages.com\/index.php\/2018\/11\/18\/chambres-dhotes-la-fournio-cantal-france\/#breadcrumb"},"inLanguage":"fr-FR","potentialAction":[{"@type":"ReadAction","target":["https:\/\/tracesdevoyages.com\/index.php\/2018\/11\/18\/chambres-dhotes-la-fournio-cantal-france\/"]}]},{"@type":"ImageObject","inLanguage":"fr-FR","@id":"https:\/\/tracesdevoyages.com\/index.php\/2018\/11\/18\/chambres-dhotes-la-fournio-cantal-france\/#primaryimage","url":"","contentUrl":""},{"@type":"BreadcrumbList","@id":"https:\/\/tracesdevoyages.com\/index.php\/2018\/11\/18\/chambres-dhotes-la-fournio-cantal-france\/#breadcrumb","itemListElement":[{"@type":"ListItem","position":1,"name":"Accueil","item":"https:\/\/tracesdevoyages.com\/"},{"@type":"ListItem","position":2,"name":"Chambres d&rsquo;H\u00f4tes La Fournio (Cantal &#8211; France)"}]},{"@type":"WebSite","@id":"https:\/\/tracesdevoyages.com\/#website","url":"https:\/\/tracesdevoyages.com\/","name":"Traces de Voyages","description":"Blog de voyages","publisher":{"@id":"https:\/\/tracesdevoyages.com\/#organization"},"potentialAction":[{"@type":"SearchAction","target":{"@type":"EntryPoint","urlTemplate":"https:\/\/tracesdevoyages.com\/?s={search_term_string}"},"query-input":{"@type":"PropertyValueSpecification","valueRequired":true,"valueName":"search_term_string"}}],"inLanguage":"fr-FR"},{"@type":"Organization","@id":"https:\/\/tracesdevoyages.com\/#organization","name":"Traces de Voyages","url":"https:\/\/tracesdevoyages.com\/","logo":{"@type":"ImageObject","inLanguage":"fr-FR","@id":"https:\/\/tracesdevoyages.com\/#\/schema\/logo\/image\/","url":"https:\/\/i0.wp.com\/tracesdevoyages.com\/wp-content\/uploads\/2025\/01\/cropped-Traces-de-Voyages-LOGO.jpg?fit=512%2C512&ssl=1","contentUrl":"https:\/\/i0.wp.com\/tracesdevoyages.com\/wp-content\/uploads\/2025\/01\/cropped-Traces-de-Voyages-LOGO.jpg?fit=512%2C512&ssl=1","width":512,"height":512,"caption":"Traces de Voyages"},"image":{"@id":"https:\/\/tracesdevoyages.com\/#\/schema\/logo\/image\/"},"sameAs":["https:\/\/www.facebook.com\/tracesdevoyages\/","https:\/\/x.com\/TracesdeVoyages","https:\/\/www.instagram.com\/tracesdevoyages\/","https:\/\/fr.pinterest.com\/tracesdevoyages\/","https:\/\/www.youtube.com\/channel\/UC240N7Neo4xrJRYcW3UhDaQ\/"]},{"@type":"Person","@id":"https:\/\/tracesdevoyages.com\/#\/schema\/person\/407749fd8c63f4e19e1f4d61c3df1dd3","name":"tracesdevoyages","image":{"@type":"ImageObject","inLanguage":"fr-FR","@id":"https:\/\/tracesdevoyages.com\/#\/schema\/person\/image\/","url":"https:\/\/secure.gravatar.com\/avatar\/89665a7661ade021f231fa4edee45d02595de0df2c6ac04037b09ce699dd6d89?s=96&d=mm&r=g","contentUrl":"https:\/\/secure.gravatar.com\/avatar\/89665a7661ade021f231fa4edee45d02595de0df2c6ac04037b09ce699dd6d89?s=96&d=mm&r=g","caption":"tracesdevoyages"},"url":"https:\/\/tracesdevoyages.com\/index.php\/author\/tracesdevoyages\/"}]}},"jetpack_featured_media_url":"","jetpack_sharing_enabled":true,"_links":{"self":[{"href":"https:\/\/tracesdevoyages.com\/index.php\/wp-json\/wp\/v2\/posts\/12917","targetHints":{"allow":["GET"]}}],"collection":[{"href":"https:\/\/tracesdevoyages.com\/index.php\/wp-json\/wp\/v2\/posts"}],"about":[{"href":"https:\/\/tracesdevoyages.com\/index.php\/wp-json\/wp\/v2\/types\/post"}],"author":[{"embeddable":true,"href":"https:\/\/tracesdevoyages.com\/index.php\/wp-json\/wp\/v2\/users\/2"}],"replies":[{"embeddable":true,"href":"https:\/\/tracesdevoyages.com\/index.php\/wp-json\/wp\/v2\/comments?post=12917"}],"version-history":[{"count":0,"href":"https:\/\/tracesdevoyages.com\/index.php\/wp-json\/wp\/v2\/posts\/12917\/revisions"}],"wp:featuredmedia":[{"embeddable":true,"href":"https:\/\/tracesdevoyages.com\/index.php\/wp-json\/"}],"wp:attachment":[{"href":"https:\/\/tracesdevoyages.com\/index.php\/wp-json\/wp\/v2\/media?parent=12917"}],"wp:term":[{"taxonomy":"category","embeddable":true,"href":"https:\/\/tracesdevoyages.com\/index.php\/wp-json\/wp\/v2\/categories?post=12917"},{"taxonomy":"post_tag","embeddable":true,"href":"https:\/\/tracesdevoyages.com\/index.php\/wp-json\/wp\/v2\/tags?post=12917"}],"curies":[{"name":"wp","href":"https:\/\/api.w.org\/{rel}","templated":true}]}}