{"id":12994,"date":"2018-12-02T17:43:20","date_gmt":"2018-12-02T16:43:20","guid":{"rendered":"https:\/\/tracesdevoyages.com\/?p=12994"},"modified":"2018-12-02T17:43:20","modified_gmt":"2018-12-02T16:43:20","slug":"5-experiences-cantal-france","status":"publish","type":"post","link":"https:\/\/tracesdevoyages.com\/index.php\/2018\/12\/02\/5-experiences-cantal-france\/","title":{"rendered":"5 exp\u00e9riences \u00e0 vivre dans le Cantal (France)"},"content":{"rendered":"<figure id=\"attachment_12824\" aria-describedby=\"caption-attachment-12824\" style=\"width: 1024px\" class=\"wp-caption alignnone\"><img data-recalc-dims=\"1\" loading=\"lazy\" decoding=\"async\" class=\"wp-image-12824 size-large\" src=\"https:\/\/i0.wp.com\/tracesdevoyages.com\/wp-content\/uploads\/2018\/10\/Salers3-1024x680.jpg?resize=960%2C638&#038;ssl=1\" alt=\"\" width=\"960\" height=\"638\" \/><figcaption id=\"caption-attachment-12824\" class=\"wp-caption-text\">Salers<\/figcaption><\/figure>\n<p>Visiter <a href=\"http:\/\/www.salers-tourisme.fr\/\" target=\"_blank\" rel=\"noopener nofollow noreferrer\">Salers<\/a>. Class\u00e9 plus beau village de France, l&rsquo;architecture de pierre de lave et de schiste des maisons sont un r\u00e9gal pour les yeux. Ruelles \u00e9troites, b\u00e2timents de pierres apparentes, boutiques color\u00e9es, v\u00e9g\u00e9tation et panorama sur les Monts du Cantal sont au rendez-vous.<\/p>\n<p>Prendre la route via le <a href=\"http:\/\/www.cantal.fr\/_fichiers\/voscotes\/1370932122_Circuit-des-Monts-du-Cantal---DptCANTAL-A3-150dpi.pdf\" target=\"_blank\" rel=\"noopener nofollow noreferrer\">Circuit des Monts du Cantal<\/a> (photo en couverture de cet article) et s&rsquo;\u00e9merveiller devant les paysages spectaculaires des Volcans d&rsquo;Auvergne&#8230;<\/p>\n<p>Remonter le temps au <a href=\"http:\/\/www.anjony.fr\/\" target=\"_blank\" rel=\"noopener nofollow noreferrer\">Ch\u00e2teau d&rsquo;Anjony<\/a>. Construit entre le 15\u00e8me et le 18\u00e8me si\u00e8cle, ce Ch\u00e2teau en excellent \u00e9tat appartient aujourd&rsquo;hui encore \u00e0 la m\u00eame famille qu&rsquo;\u00e0 l&rsquo;origine.<\/p>\n<p>Go\u00fbter les sp\u00e9cialit\u00e9s locales \u00e0 la <a href=\"https:\/\/www.maisondelasalers.fr\/\" target=\"_blank\" rel=\"noopener nofollow noreferrer\">Maison de la Salers<\/a>. Mus\u00e9e interactif sur la race de vache Salers, on y trouve \u00e9galement un espace d\u00e9gustation et une boutique pour go\u00fbter les sp\u00e9cialit\u00e9s locales.<\/p>\n<p>Randonner jusqu&rsquo;au sommet du\u00a0<a href=\"https:\/\/www.puymary.fr\/\" target=\"_blank\" rel=\"noopener nofollow noreferrer\">Puy Mary<\/a>. Le plus haut sommet des Volcans d&rsquo;Auvergne vous offre une randonn\u00e9e de 30-40 minutes avec \u00e0 la clef, un panorama d&rsquo;exception!<\/p>\n<figure id=\"attachment_12843\" aria-describedby=\"caption-attachment-12843\" style=\"width: 1024px\" class=\"wp-caption alignnone\"><img data-recalc-dims=\"1\" loading=\"lazy\" decoding=\"async\" class=\"wp-image-12843 size-large\" src=\"https:\/\/i0.wp.com\/tracesdevoyages.com\/wp-content\/uploads\/2018\/10\/Anjony10-1024x680.jpg?resize=960%2C638&#038;ssl=1\" alt=\"\" width=\"960\" height=\"638\" \/><figcaption id=\"caption-attachment-12843\" class=\"wp-caption-text\">Ch\u00e2teau d&rsquo;Anjony<\/figcaption><\/figure>\n<hr \/>\n<p style=\"text-align: center;\"><em>Cet article a \u00e9t\u00e9 r\u00e9alis\u00e9 dans le cadre d\u2019un partenariat avec l\u2019<a href=\"http:\/\/www.salers-tourisme.fr\/\" target=\"_blank\" rel=\"noopener nofollow noreferrer\">Office de Tourisme du Pays de Salers<\/a>, bien entendu, nous restons enti\u00e8rement libres de nos propos. Un grand merci \u00e0 Christophe de l\u2019Office de Tourisme de Salers sans qui ce voyage n\u2019aurait pas eu lieu, mais aussi \u00e0 tous leurs partenaires nous ayant accueillis et fais confiance.<\/em><\/p>\n<hr \/>\n<p>https:\/\/www.pinterest.fr\/pin\/804525920912537988<\/p>\n","protected":false},"excerpt":{"rendered":"<p>Visiter Salers. Class\u00e9 plus beau village de France, l&rsquo;architecture de pierre de lave et de schiste des maisons sont un r\u00e9gal pour les yeux. Ruelles \u00e9troites, b\u00e2timents de pierres apparentes, boutiques color\u00e9es, v\u00e9g\u00e9tation et panorama sur les Monts du Cantal sont au rendez-vous. Prendre la route via le Circuit des Monts du Cantal (photo en couverture de cet article) et s&rsquo;\u00e9merveiller devant les paysages spectaculaires des Volcans d&rsquo;Auvergne&#8230; Remonter le temps au Ch\u00e2teau d&rsquo;Anjony. Construit entre le 15\u00e8me et le 18\u00e8me si\u00e8cle, ce Ch\u00e2teau en excellent \u00e9tat appartient aujourd&rsquo;hui encore \u00e0 la m\u00eame famille qu&rsquo;\u00e0 l&rsquo;origine. Go\u00fbter les sp\u00e9cialit\u00e9s locales \u00e0 la Maison de la Salers. Mus\u00e9e interactif sur la race de vache Salers, on y trouve \u00e9galement un espace d\u00e9gustation et une boutique pour go\u00fbter les sp\u00e9cialit\u00e9s locales. Randonner jusqu&rsquo;au sommet du\u00a0Puy Mary. Le plus haut sommet des Volcans d&rsquo;Auvergne vous offre une randonn\u00e9e de 30-40 minutes avec \u00e0 la clef, un panorama d&rsquo;exception! Cet article a \u00e9t\u00e9 r\u00e9alis\u00e9 dans le cadre d\u2019un partenariat avec l\u2019Office de Tourisme du Pays de Salers, bien entendu, nous restons enti\u00e8rement libres de nos propos. Un grand merci \u00e0 Christophe de l\u2019Office de Tourisme de Salers sans qui ce voyage n\u2019aurait pas eu lieu, mais aussi \u00e0 tous leurs partenaires nous ayant accueillis et fais confiance. https:\/\/www.pinterest.fr\/pin\/804525920912537988<\/p>\n","protected":false},"author":2,"featured_media":12856,"comment_status":"open","ping_status":"open","sticky":false,"template":"","format":"standard","meta":{"_jetpack_memberships_contains_paid_content":false,"footnotes":""},"categories":[7,59,21,22,5,6],"tags":[80,143,203],"class_list":["post-12994","post","type-post","status-publish","format-standard","has-post-thumbnail","hentry","category-5-experiences","category-auvergne-rhone-alpes","category-europe","category-france","category-themes","category-voyages","tag-5-experiences","tag-cantal","tag-france"],"yoast_head":"<!-- This site is optimized with the Yoast SEO plugin v26.3 - https:\/\/yoast.com\/wordpress\/plugins\/seo\/ -->\n<title>5 exp\u00e9riences \u00e0 vivre dans le Cantal (France) - Traces de Voyages<\/title>\n<meta name=\"description\" content=\"D\u00e9couvrez nos 5 coups de coeur dans le magnifique d\u00e9partement du Cantal en France.\" \/>\n<meta name=\"robots\" content=\"index, follow, max-snippet:-1, max-image-preview:large, max-video-preview:-1\" \/>\n<link rel=\"canonical\" href=\"https:\/\/tracesdevoyages.com\/index.php\/2018\/12\/02\/5-experiences-cantal-france\/\" \/>\n<meta property=\"og:locale\" content=\"fr_FR\" \/>\n<meta property=\"og:type\" content=\"article\" \/>\n<meta property=\"og:title\" content=\"5 exp\u00e9riences \u00e0 vivre dans le Cantal (France) - Traces de Voyages\" \/>\n<meta property=\"og:description\" content=\"D\u00e9couvrez nos 5 coups de coeur dans le magnifique d\u00e9partement du Cantal en France.\" \/>\n<meta property=\"og:url\" content=\"https:\/\/tracesdevoyages.com\/index.php\/2018\/12\/02\/5-experiences-cantal-france\/\" \/>\n<meta property=\"og:site_name\" content=\"Traces de Voyages\" \/>\n<meta property=\"article:publisher\" content=\"https:\/\/www.facebook.com\/tracesdevoyages\/\" \/>\n<meta property=\"article:published_time\" content=\"2018-12-02T16:43:20+00:00\" \/>\n<meta name=\"author\" content=\"tracesdevoyages\" \/>\n<meta name=\"twitter:card\" content=\"summary_large_image\" \/>\n<meta name=\"twitter:creator\" content=\"@TracesdeVoyages\" \/>\n<meta name=\"twitter:site\" content=\"@TracesdeVoyages\" \/>\n<meta name=\"twitter:label1\" content=\"\u00c9crit par\" \/>\n\t<meta name=\"twitter:data1\" content=\"tracesdevoyages\" \/>\n\t<meta name=\"twitter:label2\" content=\"Dur\u00e9e de lecture estim\u00e9e\" \/>\n\t<meta name=\"twitter:data2\" content=\"1 minute\" \/>\n<script type=\"application\/ld+json\" class=\"yoast-schema-graph\">{\"@context\":\"https:\/\/schema.org\",\"@graph\":[{\"@type\":\"Article\",\"@id\":\"https:\/\/tracesdevoyages.com\/index.php\/2018\/12\/02\/5-experiences-cantal-france\/#article\",\"isPartOf\":{\"@id\":\"https:\/\/tracesdevoyages.com\/index.php\/2018\/12\/02\/5-experiences-cantal-france\/\"},\"author\":{\"name\":\"tracesdevoyages\",\"@id\":\"https:\/\/tracesdevoyages.com\/#\/schema\/person\/407749fd8c63f4e19e1f4d61c3df1dd3\"},\"headline\":\"5 exp\u00e9riences \u00e0 vivre dans le Cantal (France)\",\"datePublished\":\"2018-12-02T16:43:20+00:00\",\"mainEntityOfPage\":{\"@id\":\"https:\/\/tracesdevoyages.com\/index.php\/2018\/12\/02\/5-experiences-cantal-france\/\"},\"wordCount\":273,\"commentCount\":4,\"publisher\":{\"@id\":\"https:\/\/tracesdevoyages.com\/#organization\"},\"image\":{\"@id\":\"https:\/\/tracesdevoyages.com\/index.php\/2018\/12\/02\/5-experiences-cantal-france\/#primaryimage\"},\"thumbnailUrl\":\"\",\"keywords\":[\"5 exp\u00e9riences\",\"Cantal\",\"France\"],\"articleSection\":[\"5 exp\u00e9riences\",\"Auvergne-Rh\u00f4ne-Alpes\",\"Europe\",\"France\",\"Th\u00e8mes\",\"Voyages\"],\"inLanguage\":\"fr-FR\",\"potentialAction\":[{\"@type\":\"CommentAction\",\"name\":\"Comment\",\"target\":[\"https:\/\/tracesdevoyages.com\/index.php\/2018\/12\/02\/5-experiences-cantal-france\/#respond\"]}]},{\"@type\":\"WebPage\",\"@id\":\"https:\/\/tracesdevoyages.com\/index.php\/2018\/12\/02\/5-experiences-cantal-france\/\",\"url\":\"https:\/\/tracesdevoyages.com\/index.php\/2018\/12\/02\/5-experiences-cantal-france\/\",\"name\":\"5 exp\u00e9riences \u00e0 vivre dans le Cantal (France) - Traces de Voyages\",\"isPartOf\":{\"@id\":\"https:\/\/tracesdevoyages.com\/#website\"},\"primaryImageOfPage\":{\"@id\":\"https:\/\/tracesdevoyages.com\/index.php\/2018\/12\/02\/5-experiences-cantal-france\/#primaryimage\"},\"image\":{\"@id\":\"https:\/\/tracesdevoyages.com\/index.php\/2018\/12\/02\/5-experiences-cantal-france\/#primaryimage\"},\"thumbnailUrl\":\"\",\"datePublished\":\"2018-12-02T16:43:20+00:00\",\"description\":\"D\u00e9couvrez nos 5 coups de coeur dans le magnifique d\u00e9partement du Cantal en France.\",\"breadcrumb\":{\"@id\":\"https:\/\/tracesdevoyages.com\/index.php\/2018\/12\/02\/5-experiences-cantal-france\/#breadcrumb\"},\"inLanguage\":\"fr-FR\",\"potentialAction\":[{\"@type\":\"ReadAction\",\"target\":[\"https:\/\/tracesdevoyages.com\/index.php\/2018\/12\/02\/5-experiences-cantal-france\/\"]}]},{\"@type\":\"ImageObject\",\"inLanguage\":\"fr-FR\",\"@id\":\"https:\/\/tracesdevoyages.com\/index.php\/2018\/12\/02\/5-experiences-cantal-france\/#primaryimage\",\"url\":\"\",\"contentUrl\":\"\"},{\"@type\":\"BreadcrumbList\",\"@id\":\"https:\/\/tracesdevoyages.com\/index.php\/2018\/12\/02\/5-experiences-cantal-france\/#breadcrumb\",\"itemListElement\":[{\"@type\":\"ListItem\",\"position\":1,\"name\":\"Accueil\",\"item\":\"https:\/\/tracesdevoyages.com\/\"},{\"@type\":\"ListItem\",\"position\":2,\"name\":\"5 exp\u00e9riences \u00e0 vivre dans le Cantal (France)\"}]},{\"@type\":\"WebSite\",\"@id\":\"https:\/\/tracesdevoyages.com\/#website\",\"url\":\"https:\/\/tracesdevoyages.com\/\",\"name\":\"Traces de Voyages\",\"description\":\"Blog de voyages\",\"publisher\":{\"@id\":\"https:\/\/tracesdevoyages.com\/#organization\"},\"potentialAction\":[{\"@type\":\"SearchAction\",\"target\":{\"@type\":\"EntryPoint\",\"urlTemplate\":\"https:\/\/tracesdevoyages.com\/?s={search_term_string}\"},\"query-input\":{\"@type\":\"PropertyValueSpecification\",\"valueRequired\":true,\"valueName\":\"search_term_string\"}}],\"inLanguage\":\"fr-FR\"},{\"@type\":\"Organization\",\"@id\":\"https:\/\/tracesdevoyages.com\/#organization\",\"name\":\"Traces de Voyages\",\"url\":\"https:\/\/tracesdevoyages.com\/\",\"logo\":{\"@type\":\"ImageObject\",\"inLanguage\":\"fr-FR\",\"@id\":\"https:\/\/tracesdevoyages.com\/#\/schema\/logo\/image\/\",\"url\":\"https:\/\/i0.wp.com\/tracesdevoyages.com\/wp-content\/uploads\/2025\/01\/cropped-Traces-de-Voyages-LOGO.jpg?fit=512%2C512&ssl=1\",\"contentUrl\":\"https:\/\/i0.wp.com\/tracesdevoyages.com\/wp-content\/uploads\/2025\/01\/cropped-Traces-de-Voyages-LOGO.jpg?fit=512%2C512&ssl=1\",\"width\":512,\"height\":512,\"caption\":\"Traces de Voyages\"},\"image\":{\"@id\":\"https:\/\/tracesdevoyages.com\/#\/schema\/logo\/image\/\"},\"sameAs\":[\"https:\/\/www.facebook.com\/tracesdevoyages\/\",\"https:\/\/x.com\/TracesdeVoyages\",\"https:\/\/www.instagram.com\/tracesdevoyages\/\",\"https:\/\/fr.pinterest.com\/tracesdevoyages\/\",\"https:\/\/www.youtube.com\/channel\/UC240N7Neo4xrJRYcW3UhDaQ\/\"]},{\"@type\":\"Person\",\"@id\":\"https:\/\/tracesdevoyages.com\/#\/schema\/person\/407749fd8c63f4e19e1f4d61c3df1dd3\",\"name\":\"tracesdevoyages\",\"image\":{\"@type\":\"ImageObject\",\"inLanguage\":\"fr-FR\",\"@id\":\"https:\/\/tracesdevoyages.com\/#\/schema\/person\/image\/\",\"url\":\"https:\/\/secure.gravatar.com\/avatar\/89665a7661ade021f231fa4edee45d02595de0df2c6ac04037b09ce699dd6d89?s=96&d=mm&r=g\",\"contentUrl\":\"https:\/\/secure.gravatar.com\/avatar\/89665a7661ade021f231fa4edee45d02595de0df2c6ac04037b09ce699dd6d89?s=96&d=mm&r=g\",\"caption\":\"tracesdevoyages\"},\"url\":\"https:\/\/tracesdevoyages.com\/index.php\/author\/tracesdevoyages\/\"}]}<\/script>\n<!-- \/ Yoast SEO plugin. -->","yoast_head_json":{"title":"5 exp\u00e9riences \u00e0 vivre dans le Cantal (France) - Traces de Voyages","description":"D\u00e9couvrez nos 5 coups de coeur dans le magnifique d\u00e9partement du Cantal en France.","robots":{"index":"index","follow":"follow","max-snippet":"max-snippet:-1","max-image-preview":"max-image-preview:large","max-video-preview":"max-video-preview:-1"},"canonical":"https:\/\/tracesdevoyages.com\/index.php\/2018\/12\/02\/5-experiences-cantal-france\/","og_locale":"fr_FR","og_type":"article","og_title":"5 exp\u00e9riences \u00e0 vivre dans le Cantal (France) - Traces de Voyages","og_description":"D\u00e9couvrez nos 5 coups de coeur dans le magnifique d\u00e9partement du Cantal en France.","og_url":"https:\/\/tracesdevoyages.com\/index.php\/2018\/12\/02\/5-experiences-cantal-france\/","og_site_name":"Traces de Voyages","article_publisher":"https:\/\/www.facebook.com\/tracesdevoyages\/","article_published_time":"2018-12-02T16:43:20+00:00","author":"tracesdevoyages","twitter_card":"summary_large_image","twitter_creator":"@TracesdeVoyages","twitter_site":"@TracesdeVoyages","twitter_misc":{"\u00c9crit par":"tracesdevoyages","Dur\u00e9e de lecture estim\u00e9e":"1 minute"},"schema":{"@context":"https:\/\/schema.org","@graph":[{"@type":"Article","@id":"https:\/\/tracesdevoyages.com\/index.php\/2018\/12\/02\/5-experiences-cantal-france\/#article","isPartOf":{"@id":"https:\/\/tracesdevoyages.com\/index.php\/2018\/12\/02\/5-experiences-cantal-france\/"},"author":{"name":"tracesdevoyages","@id":"https:\/\/tracesdevoyages.com\/#\/schema\/person\/407749fd8c63f4e19e1f4d61c3df1dd3"},"headline":"5 exp\u00e9riences \u00e0 vivre dans le Cantal (France)","datePublished":"2018-12-02T16:43:20+00:00","mainEntityOfPage":{"@id":"https:\/\/tracesdevoyages.com\/index.php\/2018\/12\/02\/5-experiences-cantal-france\/"},"wordCount":273,"commentCount":4,"publisher":{"@id":"https:\/\/tracesdevoyages.com\/#organization"},"image":{"@id":"https:\/\/tracesdevoyages.com\/index.php\/2018\/12\/02\/5-experiences-cantal-france\/#primaryimage"},"thumbnailUrl":"","keywords":["5 exp\u00e9riences","Cantal","France"],"articleSection":["5 exp\u00e9riences","Auvergne-Rh\u00f4ne-Alpes","Europe","France","Th\u00e8mes","Voyages"],"inLanguage":"fr-FR","potentialAction":[{"@type":"CommentAction","name":"Comment","target":["https:\/\/tracesdevoyages.com\/index.php\/2018\/12\/02\/5-experiences-cantal-france\/#respond"]}]},{"@type":"WebPage","@id":"https:\/\/tracesdevoyages.com\/index.php\/2018\/12\/02\/5-experiences-cantal-france\/","url":"https:\/\/tracesdevoyages.com\/index.php\/2018\/12\/02\/5-experiences-cantal-france\/","name":"5 exp\u00e9riences \u00e0 vivre dans le Cantal (France) - Traces de Voyages","isPartOf":{"@id":"https:\/\/tracesdevoyages.com\/#website"},"primaryImageOfPage":{"@id":"https:\/\/tracesdevoyages.com\/index.php\/2018\/12\/02\/5-experiences-cantal-france\/#primaryimage"},"image":{"@id":"https:\/\/tracesdevoyages.com\/index.php\/2018\/12\/02\/5-experiences-cantal-france\/#primaryimage"},"thumbnailUrl":"","datePublished":"2018-12-02T16:43:20+00:00","description":"D\u00e9couvrez nos 5 coups de coeur dans le magnifique d\u00e9partement du Cantal en France.","breadcrumb":{"@id":"https:\/\/tracesdevoyages.com\/index.php\/2018\/12\/02\/5-experiences-cantal-france\/#breadcrumb"},"inLanguage":"fr-FR","potentialAction":[{"@type":"ReadAction","target":["https:\/\/tracesdevoyages.com\/index.php\/2018\/12\/02\/5-experiences-cantal-france\/"]}]},{"@type":"ImageObject","inLanguage":"fr-FR","@id":"https:\/\/tracesdevoyages.com\/index.php\/2018\/12\/02\/5-experiences-cantal-france\/#primaryimage","url":"","contentUrl":""},{"@type":"BreadcrumbList","@id":"https:\/\/tracesdevoyages.com\/index.php\/2018\/12\/02\/5-experiences-cantal-france\/#breadcrumb","itemListElement":[{"@type":"ListItem","position":1,"name":"Accueil","item":"https:\/\/tracesdevoyages.com\/"},{"@type":"ListItem","position":2,"name":"5 exp\u00e9riences \u00e0 vivre dans le Cantal (France)"}]},{"@type":"WebSite","@id":"https:\/\/tracesdevoyages.com\/#website","url":"https:\/\/tracesdevoyages.com\/","name":"Traces de Voyages","description":"Blog de voyages","publisher":{"@id":"https:\/\/tracesdevoyages.com\/#organization"},"potentialAction":[{"@type":"SearchAction","target":{"@type":"EntryPoint","urlTemplate":"https:\/\/tracesdevoyages.com\/?s={search_term_string}"},"query-input":{"@type":"PropertyValueSpecification","valueRequired":true,"valueName":"search_term_string"}}],"inLanguage":"fr-FR"},{"@type":"Organization","@id":"https:\/\/tracesdevoyages.com\/#organization","name":"Traces de Voyages","url":"https:\/\/tracesdevoyages.com\/","logo":{"@type":"ImageObject","inLanguage":"fr-FR","@id":"https:\/\/tracesdevoyages.com\/#\/schema\/logo\/image\/","url":"https:\/\/i0.wp.com\/tracesdevoyages.com\/wp-content\/uploads\/2025\/01\/cropped-Traces-de-Voyages-LOGO.jpg?fit=512%2C512&ssl=1","contentUrl":"https:\/\/i0.wp.com\/tracesdevoyages.com\/wp-content\/uploads\/2025\/01\/cropped-Traces-de-Voyages-LOGO.jpg?fit=512%2C512&ssl=1","width":512,"height":512,"caption":"Traces de Voyages"},"image":{"@id":"https:\/\/tracesdevoyages.com\/#\/schema\/logo\/image\/"},"sameAs":["https:\/\/www.facebook.com\/tracesdevoyages\/","https:\/\/x.com\/TracesdeVoyages","https:\/\/www.instagram.com\/tracesdevoyages\/","https:\/\/fr.pinterest.com\/tracesdevoyages\/","https:\/\/www.youtube.com\/channel\/UC240N7Neo4xrJRYcW3UhDaQ\/"]},{"@type":"Person","@id":"https:\/\/tracesdevoyages.com\/#\/schema\/person\/407749fd8c63f4e19e1f4d61c3df1dd3","name":"tracesdevoyages","image":{"@type":"ImageObject","inLanguage":"fr-FR","@id":"https:\/\/tracesdevoyages.com\/#\/schema\/person\/image\/","url":"https:\/\/secure.gravatar.com\/avatar\/89665a7661ade021f231fa4edee45d02595de0df2c6ac04037b09ce699dd6d89?s=96&d=mm&r=g","contentUrl":"https:\/\/secure.gravatar.com\/avatar\/89665a7661ade021f231fa4edee45d02595de0df2c6ac04037b09ce699dd6d89?s=96&d=mm&r=g","caption":"tracesdevoyages"},"url":"https:\/\/tracesdevoyages.com\/index.php\/author\/tracesdevoyages\/"}]}},"jetpack_featured_media_url":"","jetpack_sharing_enabled":true,"_links":{"self":[{"href":"https:\/\/tracesdevoyages.com\/index.php\/wp-json\/wp\/v2\/posts\/12994","targetHints":{"allow":["GET"]}}],"collection":[{"href":"https:\/\/tracesdevoyages.com\/index.php\/wp-json\/wp\/v2\/posts"}],"about":[{"href":"https:\/\/tracesdevoyages.com\/index.php\/wp-json\/wp\/v2\/types\/post"}],"author":[{"embeddable":true,"href":"https:\/\/tracesdevoyages.com\/index.php\/wp-json\/wp\/v2\/users\/2"}],"replies":[{"embeddable":true,"href":"https:\/\/tracesdevoyages.com\/index.php\/wp-json\/wp\/v2\/comments?post=12994"}],"version-history":[{"count":0,"href":"https:\/\/tracesdevoyages.com\/index.php\/wp-json\/wp\/v2\/posts\/12994\/revisions"}],"wp:featuredmedia":[{"embeddable":true,"href":"https:\/\/tracesdevoyages.com\/index.php\/wp-json\/"}],"wp:attachment":[{"href":"https:\/\/tracesdevoyages.com\/index.php\/wp-json\/wp\/v2\/media?parent=12994"}],"wp:term":[{"taxonomy":"category","embeddable":true,"href":"https:\/\/tracesdevoyages.com\/index.php\/wp-json\/wp\/v2\/categories?post=12994"},{"taxonomy":"post_tag","embeddable":true,"href":"https:\/\/tracesdevoyages.com\/index.php\/wp-json\/wp\/v2\/tags?post=12994"}],"curies":[{"name":"wp","href":"https:\/\/api.w.org\/{rel}","templated":true}]}}