{"id":1349,"date":"2016-05-16T21:56:51","date_gmt":"2016-05-16T19:56:51","guid":{"rendered":"http:\/\/tracesdevoyages.com\/?p=1349"},"modified":"2016-05-16T21:56:51","modified_gmt":"2016-05-16T19:56:51","slug":"chambres-dhotes-au-chateau-de-maraval-dordogne-france","status":"publish","type":"post","link":"https:\/\/tracesdevoyages.com\/index.php\/2016\/05\/16\/chambres-dhotes-au-chateau-de-maraval-dordogne-france\/","title":{"rendered":"Chambres d&rsquo;H\u00f4tes au Ch\u00e2teau de Maraval (Dordogne &#8211; France)"},"content":{"rendered":"<p>Lors de notre weekend en Dordogne (article <a href=\"http:\/\/tracesdevoyages.com\/2016\/05\/15\/un-weekend-en-dordogne\/\" target=\"_blank\" rel=\"noopener noreferrer\"><strong>ICI<\/strong><\/a>), nous avons port\u00e9 notre choix sur une chambre d\u2019h\u00f4tes. Il s\u2019agissait de notre premi\u00e8re exp\u00e9rience avec ce type d\u2019h\u00e9bergement et nous avons \u00e9t\u00e9 plus qu\u2019enchant\u00e9s par notre s\u00e9jour au <a href=\"http:\/\/www.chateaudemaraval.fr\/\" target=\"_blank\" rel=\"noopener noreferrer\"><strong>Ch\u00e2teau de Maraval<\/strong><\/a>.<\/p>\n<p>A 15 minutes de <em>Sarlat<\/em>, au c\u0153ur du <em>P\u00e9rigord Noir<\/em>, dans un parc o\u00f9 se dressent des arbres centenaires, le <em>Ch\u00e2teau de Maraval<\/em> nous a totalement \u00e9blouis&#8230; Contrairement aux chambres d&rsquo;h\u00f4tes classiques, les propri\u00e9taires ont tout fait pour que vous vous sentiez chez vous, et non pas chez eux. Pour preuve, le Ch\u00e2teau est enti\u00e8rement d\u00e9di\u00e9 aux h\u00f4tes et ils ont am\u00e9nag\u00e9 leur logement dans les d\u00e9pendances. Ainsi, lorsque nous avions r\u00e9serv\u00e9, comme nous \u00e9tions les seuls h\u00f4tes \u00e0 ce moment-l\u00e0, nous avions l\u2019impression non pas d\u2019avoir une chambre dans le Ch\u00e2teau mais le Ch\u00e2teau entier pour nous tous seuls\u00a0!<\/p>\n<p><img data-recalc-dims=\"1\" loading=\"lazy\" decoding=\"async\" class=\"aligncenter size-full wp-image-13867\" src=\"https:\/\/i0.wp.com\/tracesdevoyages.com\/wp-content\/uploads\/2016\/05\/Maraval1.jpg?resize=960%2C638&#038;ssl=1\" alt=\"\" width=\"960\" height=\"638\" \/><\/p>\n<p>&nbsp;<\/p>\n<p>Nous avons aim\u00e9 l\u2019int\u00e9gration du confort moderne dans une demeure ancienne, avec une d\u00e9coration design dans ce lieu qui respire le haut de gamme. Vous avez le choix entre 4 chambres uniques dont les th\u00e8mes varient\u00a0: Flamenco (dont la couleur rouge domine), Klimt (la plus lumineuse), Ethnic (la plus petite) et Zen (la plus grande). Nous avions choisi la chambre Zen, dont la d\u00e9coration nous a beaucoup plu. Chaque d\u00e9tail est l\u00e0: les produits de bain personnalis\u00e9s, les bouteilles d&rsquo;eaux plates et p\u00e9tillantes chang\u00e9es tous les jours, les florentins fais maison et le linge de maison comme \u00e0 l&rsquo;h\u00f4tel. Petit plus\u00a0: le faux feu de chemin\u00e9e \u00e0 vapeur et le sol tout doux et moelleux de la douche fait d\u2019un liner de piscine\u2026<\/p>\n<p>Si vous \u00eates \u00e0 la recherche d\u2019un lieu de d\u00e9tente, vous appr\u00e9cierez tout comme nous, le spa de toute beaut\u00e9 avec son hammam disposant de luminoth\u00e9rapie et musicoth\u00e9rapie, son jacuzzi sous un ciel \u00e9toil\u00e9, la salle de massages o\u00f9 vous pouvez \u00e9galement acheter des produits de soin et la salle de sport avec vue sur le jardin.<\/p>\n\n<p>&nbsp;<\/p>\n<p>Au rez-de-chauss\u00e9e, vous pouvez vous relaxer dans le salon tr\u00e8s confortable et bien \u00e9clair\u00e9. C\u2019est ici qu\u2019\u00e0 notre arriv\u00e9e, nous avons eu droit \u00e0 une d\u00e9gustation de Caviar de Neuvic accompagn\u00e9 de Champagne (offre promotionnelle qui \u00e9tait faite \u00e0 ce moment-l\u00e0). Il y a \u00e9galement une salle \u00e0 manger o\u00f9 sont servis des petits d\u00e9jeuners faits maison sous forme de buffet en abondance, aussi bien sucr\u00e9 que sal\u00e9, et la table d&rsquo;h\u00f4tes le soir proposant des produits faits maison \u00e9galement ou venant des fermes environnantes avec une carte des vins tr\u00e8s int\u00e9ressante . En toute honn\u00eatet\u00e9, nous avons rarement aussi bien mang\u00e9, qu\u2019il s\u2019agisse du petit d\u00e9jeuner, comme du plateau repas qui nous avait \u00e9t\u00e9 pr\u00e9par\u00e9 pour notre arriv\u00e9e tardive. Tout \u00e9tait d\u00e9licieux et nous avons fait de belles d\u00e9couvertes culinaires\u00a0: la terrine de magret de canard fum\u00e9 et la confiture de fleur de Sureau.<\/p>\n<p>A l&rsquo;ext\u00e9rieur, nous avons appr\u00e9ci\u00e9 le parc bien entretenu et la piscine chauff\u00e9e (bien que les temp\u00e9ratures trop fra\u00eeches ne nous aient malheureusement pas permis de nous baigner). De plus, nous n\u2019avons pas eu la chance d\u2019en voir, mais il arrive que des chevreuils traversent le parc. Le spectacle doit \u00eatre enchanteur.<\/p>\n\n<p>&nbsp;<\/p>\n<p>Mais au-del\u00e0 de tout ce que le lieu a \u00e0 apporter, c\u2019est la disponibilit\u00e9, la gentillesse et la discr\u00e9tion des propri\u00e9taires que nous retiendrons. Le concept qu\u2019ils ont cr\u00e9\u00e9 ici, \u00e0 mi-chemin entre la chambre d\u2019h\u00f4tes et l\u2019h\u00f4tel est \u00e0 nos yeux une v\u00e9ritable r\u00e9ussite. Pour les couples\u00a0\u00e0 la recherche\u00a0d&rsquo;un endroit calme et d&rsquo;un service haut de gamme, proche des lieux d&rsquo;int\u00e9r\u00eat au Sud de la Dordogne, nous vous recommandons sans h\u00e9sitation de vous rendre au <a href=\"http:\/\/www.chateaudemaraval.fr\/\" target=\"_blank\" rel=\"noopener noreferrer\"><strong>Ch\u00e2teau de Maraval<\/strong><\/a>.<\/p>\n<p><img data-recalc-dims=\"1\" loading=\"lazy\" decoding=\"async\" class=\"aligncenter size-full wp-image-13873\" src=\"https:\/\/i0.wp.com\/tracesdevoyages.com\/wp-content\/uploads\/2016\/05\/Maraval6.jpg?resize=960%2C638&#038;ssl=1\" alt=\"\" width=\"960\" height=\"638\" \/><\/p>\n<p><em>Article non sponsoris\u00e9, r\u00e9alis\u00e9 en accord avec les propri\u00e9taires de l&rsquo;\u00e9tablissement.<\/em><\/p>\n<hr \/>\n<p>https:\/\/www.pinterest.fr\/pin\/804525920912530519\/<\/p>\n","protected":false},"excerpt":{"rendered":"<p>Notre coup de c\u0153ur H\u00e9bergement dans le P\u00e9rigord Noir&#8230;<\/p>\n","protected":false},"author":2,"featured_media":13866,"comment_status":"open","ping_status":"open","sticky":false,"template":"","format":"standard","meta":{"_jetpack_memberships_contains_paid_content":false,"footnotes":""},"categories":[2,21,22,3,35,6],"tags":[176,179,188,190,191,203,332,409,422],"class_list":["post-1349","post","type-post","status-publish","format-standard","has-post-thumbnail","hentry","category-carnet-dadresses","category-europe","category-france","category-hebergement","category-nouvelle-aquitaine","category-voyages","tag-destination","tag-dordogne","tag-escapade","tag-europe","tag-evasion","tag-france","tag-perigord","tag-vacances","tag-voyage"],"yoast_head":"<!-- This site is optimized with the Yoast SEO plugin v26.3 - https:\/\/yoast.com\/wordpress\/plugins\/seo\/ -->\n<title>Chambres d&#039;H\u00f4tes au Ch\u00e2teau de Maraval (Dordogne - France) - Traces de Voyages<\/title>\n<meta name=\"robots\" content=\"index, follow, max-snippet:-1, max-image-preview:large, max-video-preview:-1\" \/>\n<link rel=\"canonical\" href=\"https:\/\/tracesdevoyages.com\/index.php\/2016\/05\/16\/chambres-dhotes-au-chateau-de-maraval-dordogne-france\/\" \/>\n<meta property=\"og:locale\" content=\"fr_FR\" \/>\n<meta property=\"og:type\" content=\"article\" \/>\n<meta property=\"og:title\" content=\"Chambres d&#039;H\u00f4tes au Ch\u00e2teau de Maraval (Dordogne - France) - Traces de Voyages\" \/>\n<meta property=\"og:description\" content=\"Notre coup de c\u0153ur H\u00e9bergement dans le P\u00e9rigord Noir...\" \/>\n<meta property=\"og:url\" content=\"https:\/\/tracesdevoyages.com\/index.php\/2016\/05\/16\/chambres-dhotes-au-chateau-de-maraval-dordogne-france\/\" \/>\n<meta property=\"og:site_name\" content=\"Traces de Voyages\" \/>\n<meta property=\"article:publisher\" content=\"https:\/\/www.facebook.com\/tracesdevoyages\/\" \/>\n<meta property=\"article:published_time\" content=\"2016-05-16T19:56:51+00:00\" \/>\n<meta name=\"author\" content=\"tracesdevoyages\" \/>\n<meta name=\"twitter:card\" content=\"summary_large_image\" \/>\n<meta name=\"twitter:creator\" content=\"@TracesdeVoyages\" \/>\n<meta name=\"twitter:site\" content=\"@TracesdeVoyages\" \/>\n<meta name=\"twitter:label1\" content=\"\u00c9crit par\" \/>\n\t<meta name=\"twitter:data1\" content=\"tracesdevoyages\" \/>\n\t<meta name=\"twitter:label2\" content=\"Dur\u00e9e de lecture estim\u00e9e\" \/>\n\t<meta name=\"twitter:data2\" content=\"3 minutes\" \/>\n<script type=\"application\/ld+json\" class=\"yoast-schema-graph\">{\"@context\":\"https:\/\/schema.org\",\"@graph\":[{\"@type\":\"Article\",\"@id\":\"https:\/\/tracesdevoyages.com\/index.php\/2016\/05\/16\/chambres-dhotes-au-chateau-de-maraval-dordogne-france\/#article\",\"isPartOf\":{\"@id\":\"https:\/\/tracesdevoyages.com\/index.php\/2016\/05\/16\/chambres-dhotes-au-chateau-de-maraval-dordogne-france\/\"},\"author\":{\"name\":\"tracesdevoyages\",\"@id\":\"https:\/\/tracesdevoyages.com\/#\/schema\/person\/407749fd8c63f4e19e1f4d61c3df1dd3\"},\"headline\":\"Chambres d&rsquo;H\u00f4tes au Ch\u00e2teau de Maraval (Dordogne &#8211; France)\",\"datePublished\":\"2016-05-16T19:56:51+00:00\",\"mainEntityOfPage\":{\"@id\":\"https:\/\/tracesdevoyages.com\/index.php\/2016\/05\/16\/chambres-dhotes-au-chateau-de-maraval-dordogne-france\/\"},\"wordCount\":719,\"commentCount\":0,\"publisher\":{\"@id\":\"https:\/\/tracesdevoyages.com\/#organization\"},\"image\":{\"@id\":\"https:\/\/tracesdevoyages.com\/index.php\/2016\/05\/16\/chambres-dhotes-au-chateau-de-maraval-dordogne-france\/#primaryimage\"},\"thumbnailUrl\":\"\",\"keywords\":[\"Destination\",\"Dordogne\",\"Escapade\",\"Europe\",\"Evasion\",\"France\",\"P\u00e9rigord\",\"Vacances\",\"Voyage\"],\"articleSection\":[\"Carnet d'Adresses\",\"Europe\",\"France\",\"H\u00e9bergement\",\"Nouvelle-Aquitaine\",\"Voyages\"],\"inLanguage\":\"fr-FR\",\"potentialAction\":[{\"@type\":\"CommentAction\",\"name\":\"Comment\",\"target\":[\"https:\/\/tracesdevoyages.com\/index.php\/2016\/05\/16\/chambres-dhotes-au-chateau-de-maraval-dordogne-france\/#respond\"]}]},{\"@type\":\"WebPage\",\"@id\":\"https:\/\/tracesdevoyages.com\/index.php\/2016\/05\/16\/chambres-dhotes-au-chateau-de-maraval-dordogne-france\/\",\"url\":\"https:\/\/tracesdevoyages.com\/index.php\/2016\/05\/16\/chambres-dhotes-au-chateau-de-maraval-dordogne-france\/\",\"name\":\"Chambres d'H\u00f4tes au Ch\u00e2teau de Maraval (Dordogne - France) - Traces de Voyages\",\"isPartOf\":{\"@id\":\"https:\/\/tracesdevoyages.com\/#website\"},\"primaryImageOfPage\":{\"@id\":\"https:\/\/tracesdevoyages.com\/index.php\/2016\/05\/16\/chambres-dhotes-au-chateau-de-maraval-dordogne-france\/#primaryimage\"},\"image\":{\"@id\":\"https:\/\/tracesdevoyages.com\/index.php\/2016\/05\/16\/chambres-dhotes-au-chateau-de-maraval-dordogne-france\/#primaryimage\"},\"thumbnailUrl\":\"\",\"datePublished\":\"2016-05-16T19:56:51+00:00\",\"breadcrumb\":{\"@id\":\"https:\/\/tracesdevoyages.com\/index.php\/2016\/05\/16\/chambres-dhotes-au-chateau-de-maraval-dordogne-france\/#breadcrumb\"},\"inLanguage\":\"fr-FR\",\"potentialAction\":[{\"@type\":\"ReadAction\",\"target\":[\"https:\/\/tracesdevoyages.com\/index.php\/2016\/05\/16\/chambres-dhotes-au-chateau-de-maraval-dordogne-france\/\"]}]},{\"@type\":\"ImageObject\",\"inLanguage\":\"fr-FR\",\"@id\":\"https:\/\/tracesdevoyages.com\/index.php\/2016\/05\/16\/chambres-dhotes-au-chateau-de-maraval-dordogne-france\/#primaryimage\",\"url\":\"\",\"contentUrl\":\"\"},{\"@type\":\"BreadcrumbList\",\"@id\":\"https:\/\/tracesdevoyages.com\/index.php\/2016\/05\/16\/chambres-dhotes-au-chateau-de-maraval-dordogne-france\/#breadcrumb\",\"itemListElement\":[{\"@type\":\"ListItem\",\"position\":1,\"name\":\"Accueil\",\"item\":\"https:\/\/tracesdevoyages.com\/\"},{\"@type\":\"ListItem\",\"position\":2,\"name\":\"Chambres d&rsquo;H\u00f4tes au Ch\u00e2teau de Maraval (Dordogne &#8211; France)\"}]},{\"@type\":\"WebSite\",\"@id\":\"https:\/\/tracesdevoyages.com\/#website\",\"url\":\"https:\/\/tracesdevoyages.com\/\",\"name\":\"Traces de Voyages\",\"description\":\"Blog de voyages\",\"publisher\":{\"@id\":\"https:\/\/tracesdevoyages.com\/#organization\"},\"potentialAction\":[{\"@type\":\"SearchAction\",\"target\":{\"@type\":\"EntryPoint\",\"urlTemplate\":\"https:\/\/tracesdevoyages.com\/?s={search_term_string}\"},\"query-input\":{\"@type\":\"PropertyValueSpecification\",\"valueRequired\":true,\"valueName\":\"search_term_string\"}}],\"inLanguage\":\"fr-FR\"},{\"@type\":\"Organization\",\"@id\":\"https:\/\/tracesdevoyages.com\/#organization\",\"name\":\"Traces de Voyages\",\"url\":\"https:\/\/tracesdevoyages.com\/\",\"logo\":{\"@type\":\"ImageObject\",\"inLanguage\":\"fr-FR\",\"@id\":\"https:\/\/tracesdevoyages.com\/#\/schema\/logo\/image\/\",\"url\":\"https:\/\/i0.wp.com\/tracesdevoyages.com\/wp-content\/uploads\/2025\/01\/cropped-Traces-de-Voyages-LOGO.jpg?fit=512%2C512&ssl=1\",\"contentUrl\":\"https:\/\/i0.wp.com\/tracesdevoyages.com\/wp-content\/uploads\/2025\/01\/cropped-Traces-de-Voyages-LOGO.jpg?fit=512%2C512&ssl=1\",\"width\":512,\"height\":512,\"caption\":\"Traces de Voyages\"},\"image\":{\"@id\":\"https:\/\/tracesdevoyages.com\/#\/schema\/logo\/image\/\"},\"sameAs\":[\"https:\/\/www.facebook.com\/tracesdevoyages\/\",\"https:\/\/x.com\/TracesdeVoyages\",\"https:\/\/www.instagram.com\/tracesdevoyages\/\",\"https:\/\/fr.pinterest.com\/tracesdevoyages\/\",\"https:\/\/www.youtube.com\/channel\/UC240N7Neo4xrJRYcW3UhDaQ\/\"]},{\"@type\":\"Person\",\"@id\":\"https:\/\/tracesdevoyages.com\/#\/schema\/person\/407749fd8c63f4e19e1f4d61c3df1dd3\",\"name\":\"tracesdevoyages\",\"image\":{\"@type\":\"ImageObject\",\"inLanguage\":\"fr-FR\",\"@id\":\"https:\/\/tracesdevoyages.com\/#\/schema\/person\/image\/\",\"url\":\"https:\/\/secure.gravatar.com\/avatar\/89665a7661ade021f231fa4edee45d02595de0df2c6ac04037b09ce699dd6d89?s=96&d=mm&r=g\",\"contentUrl\":\"https:\/\/secure.gravatar.com\/avatar\/89665a7661ade021f231fa4edee45d02595de0df2c6ac04037b09ce699dd6d89?s=96&d=mm&r=g\",\"caption\":\"tracesdevoyages\"},\"url\":\"https:\/\/tracesdevoyages.com\/index.php\/author\/tracesdevoyages\/\"}]}<\/script>\n<!-- \/ Yoast SEO plugin. -->","yoast_head_json":{"title":"Chambres d'H\u00f4tes au Ch\u00e2teau de Maraval (Dordogne - France) - Traces de Voyages","robots":{"index":"index","follow":"follow","max-snippet":"max-snippet:-1","max-image-preview":"max-image-preview:large","max-video-preview":"max-video-preview:-1"},"canonical":"https:\/\/tracesdevoyages.com\/index.php\/2016\/05\/16\/chambres-dhotes-au-chateau-de-maraval-dordogne-france\/","og_locale":"fr_FR","og_type":"article","og_title":"Chambres d'H\u00f4tes au Ch\u00e2teau de Maraval (Dordogne - France) - Traces de Voyages","og_description":"Notre coup de c\u0153ur H\u00e9bergement dans le P\u00e9rigord Noir...","og_url":"https:\/\/tracesdevoyages.com\/index.php\/2016\/05\/16\/chambres-dhotes-au-chateau-de-maraval-dordogne-france\/","og_site_name":"Traces de Voyages","article_publisher":"https:\/\/www.facebook.com\/tracesdevoyages\/","article_published_time":"2016-05-16T19:56:51+00:00","author":"tracesdevoyages","twitter_card":"summary_large_image","twitter_creator":"@TracesdeVoyages","twitter_site":"@TracesdeVoyages","twitter_misc":{"\u00c9crit par":"tracesdevoyages","Dur\u00e9e de lecture estim\u00e9e":"3 minutes"},"schema":{"@context":"https:\/\/schema.org","@graph":[{"@type":"Article","@id":"https:\/\/tracesdevoyages.com\/index.php\/2016\/05\/16\/chambres-dhotes-au-chateau-de-maraval-dordogne-france\/#article","isPartOf":{"@id":"https:\/\/tracesdevoyages.com\/index.php\/2016\/05\/16\/chambres-dhotes-au-chateau-de-maraval-dordogne-france\/"},"author":{"name":"tracesdevoyages","@id":"https:\/\/tracesdevoyages.com\/#\/schema\/person\/407749fd8c63f4e19e1f4d61c3df1dd3"},"headline":"Chambres d&rsquo;H\u00f4tes au Ch\u00e2teau de Maraval (Dordogne &#8211; France)","datePublished":"2016-05-16T19:56:51+00:00","mainEntityOfPage":{"@id":"https:\/\/tracesdevoyages.com\/index.php\/2016\/05\/16\/chambres-dhotes-au-chateau-de-maraval-dordogne-france\/"},"wordCount":719,"commentCount":0,"publisher":{"@id":"https:\/\/tracesdevoyages.com\/#organization"},"image":{"@id":"https:\/\/tracesdevoyages.com\/index.php\/2016\/05\/16\/chambres-dhotes-au-chateau-de-maraval-dordogne-france\/#primaryimage"},"thumbnailUrl":"","keywords":["Destination","Dordogne","Escapade","Europe","Evasion","France","P\u00e9rigord","Vacances","Voyage"],"articleSection":["Carnet d'Adresses","Europe","France","H\u00e9bergement","Nouvelle-Aquitaine","Voyages"],"inLanguage":"fr-FR","potentialAction":[{"@type":"CommentAction","name":"Comment","target":["https:\/\/tracesdevoyages.com\/index.php\/2016\/05\/16\/chambres-dhotes-au-chateau-de-maraval-dordogne-france\/#respond"]}]},{"@type":"WebPage","@id":"https:\/\/tracesdevoyages.com\/index.php\/2016\/05\/16\/chambres-dhotes-au-chateau-de-maraval-dordogne-france\/","url":"https:\/\/tracesdevoyages.com\/index.php\/2016\/05\/16\/chambres-dhotes-au-chateau-de-maraval-dordogne-france\/","name":"Chambres d'H\u00f4tes au Ch\u00e2teau de Maraval (Dordogne - France) - Traces de Voyages","isPartOf":{"@id":"https:\/\/tracesdevoyages.com\/#website"},"primaryImageOfPage":{"@id":"https:\/\/tracesdevoyages.com\/index.php\/2016\/05\/16\/chambres-dhotes-au-chateau-de-maraval-dordogne-france\/#primaryimage"},"image":{"@id":"https:\/\/tracesdevoyages.com\/index.php\/2016\/05\/16\/chambres-dhotes-au-chateau-de-maraval-dordogne-france\/#primaryimage"},"thumbnailUrl":"","datePublished":"2016-05-16T19:56:51+00:00","breadcrumb":{"@id":"https:\/\/tracesdevoyages.com\/index.php\/2016\/05\/16\/chambres-dhotes-au-chateau-de-maraval-dordogne-france\/#breadcrumb"},"inLanguage":"fr-FR","potentialAction":[{"@type":"ReadAction","target":["https:\/\/tracesdevoyages.com\/index.php\/2016\/05\/16\/chambres-dhotes-au-chateau-de-maraval-dordogne-france\/"]}]},{"@type":"ImageObject","inLanguage":"fr-FR","@id":"https:\/\/tracesdevoyages.com\/index.php\/2016\/05\/16\/chambres-dhotes-au-chateau-de-maraval-dordogne-france\/#primaryimage","url":"","contentUrl":""},{"@type":"BreadcrumbList","@id":"https:\/\/tracesdevoyages.com\/index.php\/2016\/05\/16\/chambres-dhotes-au-chateau-de-maraval-dordogne-france\/#breadcrumb","itemListElement":[{"@type":"ListItem","position":1,"name":"Accueil","item":"https:\/\/tracesdevoyages.com\/"},{"@type":"ListItem","position":2,"name":"Chambres d&rsquo;H\u00f4tes au Ch\u00e2teau de Maraval (Dordogne &#8211; France)"}]},{"@type":"WebSite","@id":"https:\/\/tracesdevoyages.com\/#website","url":"https:\/\/tracesdevoyages.com\/","name":"Traces de Voyages","description":"Blog de voyages","publisher":{"@id":"https:\/\/tracesdevoyages.com\/#organization"},"potentialAction":[{"@type":"SearchAction","target":{"@type":"EntryPoint","urlTemplate":"https:\/\/tracesdevoyages.com\/?s={search_term_string}"},"query-input":{"@type":"PropertyValueSpecification","valueRequired":true,"valueName":"search_term_string"}}],"inLanguage":"fr-FR"},{"@type":"Organization","@id":"https:\/\/tracesdevoyages.com\/#organization","name":"Traces de Voyages","url":"https:\/\/tracesdevoyages.com\/","logo":{"@type":"ImageObject","inLanguage":"fr-FR","@id":"https:\/\/tracesdevoyages.com\/#\/schema\/logo\/image\/","url":"https:\/\/i0.wp.com\/tracesdevoyages.com\/wp-content\/uploads\/2025\/01\/cropped-Traces-de-Voyages-LOGO.jpg?fit=512%2C512&ssl=1","contentUrl":"https:\/\/i0.wp.com\/tracesdevoyages.com\/wp-content\/uploads\/2025\/01\/cropped-Traces-de-Voyages-LOGO.jpg?fit=512%2C512&ssl=1","width":512,"height":512,"caption":"Traces de Voyages"},"image":{"@id":"https:\/\/tracesdevoyages.com\/#\/schema\/logo\/image\/"},"sameAs":["https:\/\/www.facebook.com\/tracesdevoyages\/","https:\/\/x.com\/TracesdeVoyages","https:\/\/www.instagram.com\/tracesdevoyages\/","https:\/\/fr.pinterest.com\/tracesdevoyages\/","https:\/\/www.youtube.com\/channel\/UC240N7Neo4xrJRYcW3UhDaQ\/"]},{"@type":"Person","@id":"https:\/\/tracesdevoyages.com\/#\/schema\/person\/407749fd8c63f4e19e1f4d61c3df1dd3","name":"tracesdevoyages","image":{"@type":"ImageObject","inLanguage":"fr-FR","@id":"https:\/\/tracesdevoyages.com\/#\/schema\/person\/image\/","url":"https:\/\/secure.gravatar.com\/avatar\/89665a7661ade021f231fa4edee45d02595de0df2c6ac04037b09ce699dd6d89?s=96&d=mm&r=g","contentUrl":"https:\/\/secure.gravatar.com\/avatar\/89665a7661ade021f231fa4edee45d02595de0df2c6ac04037b09ce699dd6d89?s=96&d=mm&r=g","caption":"tracesdevoyages"},"url":"https:\/\/tracesdevoyages.com\/index.php\/author\/tracesdevoyages\/"}]}},"jetpack_featured_media_url":"","jetpack_sharing_enabled":true,"_links":{"self":[{"href":"https:\/\/tracesdevoyages.com\/index.php\/wp-json\/wp\/v2\/posts\/1349","targetHints":{"allow":["GET"]}}],"collection":[{"href":"https:\/\/tracesdevoyages.com\/index.php\/wp-json\/wp\/v2\/posts"}],"about":[{"href":"https:\/\/tracesdevoyages.com\/index.php\/wp-json\/wp\/v2\/types\/post"}],"author":[{"embeddable":true,"href":"https:\/\/tracesdevoyages.com\/index.php\/wp-json\/wp\/v2\/users\/2"}],"replies":[{"embeddable":true,"href":"https:\/\/tracesdevoyages.com\/index.php\/wp-json\/wp\/v2\/comments?post=1349"}],"version-history":[{"count":0,"href":"https:\/\/tracesdevoyages.com\/index.php\/wp-json\/wp\/v2\/posts\/1349\/revisions"}],"wp:featuredmedia":[{"embeddable":true,"href":"https:\/\/tracesdevoyages.com\/index.php\/wp-json\/"}],"wp:attachment":[{"href":"https:\/\/tracesdevoyages.com\/index.php\/wp-json\/wp\/v2\/media?parent=1349"}],"wp:term":[{"taxonomy":"category","embeddable":true,"href":"https:\/\/tracesdevoyages.com\/index.php\/wp-json\/wp\/v2\/categories?post=1349"},{"taxonomy":"post_tag","embeddable":true,"href":"https:\/\/tracesdevoyages.com\/index.php\/wp-json\/wp\/v2\/tags?post=1349"}],"curies":[{"name":"wp","href":"https:\/\/api.w.org\/{rel}","templated":true}]}}