{"id":13502,"date":"2019-03-31T12:53:30","date_gmt":"2019-03-31T10:53:30","guid":{"rendered":"https:\/\/tracesdevoyages.com\/?p=13502"},"modified":"2019-03-31T12:53:30","modified_gmt":"2019-03-31T10:53:30","slug":"interview-thibaut-expatrie-a-lisbonne-portugal","status":"publish","type":"post","link":"https:\/\/tracesdevoyages.com\/index.php\/2019\/03\/31\/interview-thibaut-expatrie-a-lisbonne-portugal\/","title":{"rendered":"INTERVIEW: Thibaut, expatri\u00e9 \u00e0 Lisbonne (Portugal)"},"content":{"rendered":"<p>Ce mois-ci, nous accueillons Thibaut, blogueur voyage sur <a href=\"https:\/\/bonjourlisbonne.fr\/\" target=\"_blank\" rel=\"noopener noreferrer\">Bonjour Lisbonne<\/a>, une tr\u00e8s belle ville du Portugal o\u00f9 il vit depuis plusieurs ann\u00e9es.<\/p>\n<h4>D\u2019o\u00f9 viens-tu\u00a0?<\/h4>\n<p>Je m&rsquo;appelle Thibaut et je viens de r\u00e9gion parisienne.\u00a0J&rsquo;ai fait des \u00e9tudes en \u00e9conomie et \u00e0 la fin de mes \u00e9tudes j&rsquo;ai d\u00e9cid\u00e9 de me lancer dans le blogging, notamment avec bonjourlisbonne.fr, \u00a0pour avoir un nouveau mode de vie.<\/p>\n<h4>Depuis quand vis-tu \u00e0 Lisbonne ?<\/h4>\n<p>Je vis \u00e0 Lisbonne depuis 2012, l&rsquo;ann\u00e9e de fin de mes \u00e9tudes. J&rsquo;ai d\u00e9cid\u00e9 de quitter Paris car je n&rsquo;\u00e9tais plus satisfait de ma routine dans la capitale fran\u00e7aise.\u00a0Et j&rsquo;ai rapidement ador\u00e9 le style de ville portugais\u00a0!<\/p>\n<h4>Pour quelle(s) raison(s) as-tu d\u00e9cid\u00e9 de rester\u00a0?<\/h4>\n<p>Lisbonne correspond \u00e0 toutes les attentes que j&rsquo;avais avant de m\u2019y rendre\u00a0: il fait beau, le co\u00fbt de la vie n&rsquo;est pas trop \u00e9lev\u00e9, les gens sont tr\u00e8s sympathiques et la ville est magnifique.<\/p>\n<h4>Qu\u2019est-ce qui te manque le plus de la France\u00a0?<\/h4>\n<p>Ce qui me manque le plus est la nourriture\u00a0!\u00a0Car il est vrai que la gastronomie fran\u00e7aise est d&rsquo;excellente qualit\u00e9, de la baguette de pain au bon fromage. Ces produits sont difficiles \u00e0 trouver au Portugal.\u00a0Et bien s\u00fbr ma famille ainsi que mes amis d&rsquo;enfance me manquent mais ils viennent me visiter chaque ann\u00e9e \u00e0 Lisbonne \ud83d\ude42<\/p>\n<h4>Ton plus beau souvenir ici\u00a0:<\/h4>\n<p>Sortir tous les soirs au Bairro Alto en plein \u00e9t\u00e9 \u00e0 mes d\u00e9buts et rencontrer des gens du monde entier dans une superbe ambiance\u00a0!<\/p>\n<h4>Le pire\u00a0:<\/h4>\n<p>J\u2019ai v\u00e9cu 4 mois dans la banlieue de Lisbonne \u00e0 Almada, et cela a \u00e9t\u00e9 dur pour moi car j\u2019\u00e9tais assez isol\u00e9 l\u00e0-bas. J\u2019ai vite chang\u00e9 d\u2019appartement et je suis retourn\u00e9 dans le centre-ville.<\/p>\n<p><img data-recalc-dims=\"1\" loading=\"lazy\" decoding=\"async\" class=\"wp-image-13520 size-large\" src=\"https:\/\/i0.wp.com\/tracesdevoyages.com\/wp-content\/uploads\/2019\/02\/Thibaut-Lisbonne4-1024x768.jpg?resize=960%2C720&#038;ssl=1\" alt=\"\" width=\"960\" height=\"720\" \/><\/p>\n<h4>Pour les futurs voyageurs au Portugal, peux-tu nous citer\u00a0:<\/h4>\n<h4><em>-Une plage paradisiaque\u00a0: <\/em><\/h4>\n<p>La Casablanca Beach, sur la c\u00f4te Costa da Caparica \u00e0 30 minutes en voiture de Lisbonne.<\/p>\n<h4><em>-Un site naturel exceptionnel : <\/em><\/h4>\n<p>Comporta.<\/p>\n<h4><em>-Un mus\u00e9e qui regorge de tr\u00e9sors\u00a0:\u00a0<\/em><\/h4>\n<p>Le mus\u00e9e des Azulejos.<\/p>\n<h4><em>-Un b\u00e2timent \u00e0 l\u2019architecture imposante\u00a0:<\/em><\/h4>\n<p>La statue de Marqu\u00eas de Pombal sur le carrefour qui porte le nom de la statue. Marqu\u00eas de Pombal est un ministre portugais du 18<sup>e<\/sup> si\u00e8cle, qui a reconstruit une grande partie de la capitale suite au tremblement de terre qui a eu lieu en 1755.<\/p>\n<p><img data-recalc-dims=\"1\" loading=\"lazy\" decoding=\"async\" class=\"size-large wp-image-13521\" src=\"https:\/\/i0.wp.com\/tracesdevoyages.com\/wp-content\/uploads\/2019\/02\/Thibaut-Lisbonne2-1024x768.jpg?resize=960%2C720&#038;ssl=1\" alt=\"\" width=\"960\" height=\"720\" \/><\/p>\n<h4><em>-Une sp\u00e9cialit\u00e9 culinaire \u00e0 tomber par terre et o\u00f9 la trouver\u00a0: <\/em><\/h4>\n<p>Le Pastel de Bel\u00e9m, une p\u00e2tisserie qui est la grande sp\u00e9cialit\u00e9 portugaise. La boutique officielle se trouve \u00e0 10 minutes en train de Lisbonne, dans la c\u00e9l\u00e8bre ville de Bel\u00e9m\u00a0: Rua de Bel\u00e9m n\u00ba 84\/92.<\/p>\n<h4><em>-Un lieu o\u00f9 festoyer comme les locaux\u00a0: <\/em><\/h4>\n<p>Le Bairro Alto, dans le centre-ville de Lisbonne. C\u2019est un quartier avec de nombreux bars o\u00f9 les gens boivent dans la rue.<\/p>\n<h4><em>-Un \u00e9v\u00e9nement important (festival, f\u00eate nationale\u2026)\u00a0: <\/em><\/h4>\n<p>La f\u00eate de Santo Antonio, la plus grande f\u00eate lisbo\u00e8te o\u00f9 tout le monde va dans la rue manger des sardines grill\u00e9es et des bifanas.<\/p>\n<h4><em>-Le meilleur spot pour photographier des animaux\u00a0:<\/em><\/h4>\n<p>Sesimbra.<\/p>\n<p><img data-recalc-dims=\"1\" loading=\"lazy\" decoding=\"async\" class=\"size-large wp-image-13522\" src=\"https:\/\/i0.wp.com\/tracesdevoyages.com\/wp-content\/uploads\/2019\/02\/Thibaut-Lisbonne1-1024x768.jpg?resize=960%2C720&#038;ssl=1\" alt=\"\" width=\"960\" height=\"720\" \/><\/p>\n<h4><em>-La plus belle ville en dehors de Lisbonne\u00a0: <\/em><\/h4>\n<p>Sintra.<\/p>\n<h4><em>-Une route pour un road trip panoramique\u00a0: <\/em><\/h4>\n<p>La N247 qui longe la mer et de magnifiques for\u00eats pas loin de Lisbonne.<\/p>\n<h4><em>-Un truc insolite que tu as d\u00e9couvert l\u00e0-bas\u00a0: <\/em><\/h4>\n<p>Un tourisme quasi inexistant, cela faisait bizarre\u00a0!<\/p>\n<h4><em>-Un artiste ou groupe de musique local \u00e0 conna\u00eetre\u00a0:<\/em><\/h4>\n<p>Amalia Rodrigues pour le fado\u2026<\/p>\n<p><img data-recalc-dims=\"1\" loading=\"lazy\" decoding=\"async\" class=\"alignnone size-large wp-image-13523\" src=\"https:\/\/i0.wp.com\/tracesdevoyages.com\/wp-content\/uploads\/2019\/02\/Thibaut-Lisbonne3-1024x768.jpg?resize=960%2C720&#038;ssl=1\" alt=\"\" width=\"960\" height=\"720\" \/><\/p>\n<h4><em>-Un film tourn\u00e9 l\u00e0-bas\u00a0: <\/em><\/h4>\n<p>Un train de nuit pour Lisbonne.<\/p>\n<h4><em>-Un livre ou bande-dessin\u00e9e d\u2019un auteur du cru\u00a0: <\/em><\/h4>\n<p>Lisbonne (Fernando Pessoa).<\/p>\n<h4><em>-Le sport que tu pr\u00e9f\u00e8res dans ta nouvelle patrie\u00a0: <\/em><\/h4>\n<p>Le football\u00a0! Entre le Benfica Lisbonne et le Sporting Lisbonne, les deux clubs de la capitale, le football est une vraie religion ici.<\/p>\n<h4><em>-Un souvenir \u00e0 ramener chez soi\u00a0:<\/em><\/h4>\n<p>Une bouteille de Vinho Verde, qui est du vin vert l\u00e9g\u00e8rement p\u00e9tillant et absolument d\u00e9licieux.<\/p>\n<p><img data-recalc-dims=\"1\" loading=\"lazy\" decoding=\"async\" class=\"size-large wp-image-13524\" src=\"https:\/\/i0.wp.com\/tracesdevoyages.com\/wp-content\/uploads\/2019\/02\/Thibaut-Lisbonne5-1024x768.jpg?resize=960%2C720&#038;ssl=1\" alt=\"\" width=\"960\" height=\"720\" \/><\/p>\n","protected":false},"excerpt":{"rendered":"<p>Ce mois-ci, nous accueillons Thibaut, blogueur voyage sur Bonjour Lisbonne, une tr\u00e8s belle ville du Portugal o\u00f9 il vit depuis plusieurs ann\u00e9es. D\u2019o\u00f9 viens-tu\u00a0? Je m&rsquo;appelle Thibaut et je viens de r\u00e9gion parisienne.\u00a0J&rsquo;ai fait des \u00e9tudes en \u00e9conomie et \u00e0 la fin de mes \u00e9tudes j&rsquo;ai d\u00e9cid\u00e9 de me lancer dans le blogging, notamment avec bonjourlisbonne.fr, \u00a0pour avoir un nouveau mode de vie. Depuis quand vis-tu \u00e0 Lisbonne ? Je vis \u00e0 Lisbonne depuis 2012, l&rsquo;ann\u00e9e de fin de mes \u00e9tudes. J&rsquo;ai d\u00e9cid\u00e9 de quitter Paris car je n&rsquo;\u00e9tais plus satisfait de ma routine dans la capitale fran\u00e7aise.\u00a0Et j&rsquo;ai rapidement ador\u00e9 le style de ville portugais\u00a0! Pour quelle(s) raison(s) as-tu d\u00e9cid\u00e9 de rester\u00a0? Lisbonne correspond \u00e0 toutes les attentes que j&rsquo;avais avant de m\u2019y rendre\u00a0: il fait beau, le co\u00fbt de la vie n&rsquo;est pas trop \u00e9lev\u00e9, les gens sont tr\u00e8s sympathiques et la ville est magnifique. Qu\u2019est-ce qui te manque le plus de la France\u00a0? Ce qui me manque le plus est la nourriture\u00a0!\u00a0Car il est vrai que la gastronomie fran\u00e7aise est d&rsquo;excellente qualit\u00e9, de la baguette de pain au bon fromage. Ces produits sont difficiles \u00e0 trouver au Portugal.\u00a0Et bien s\u00fbr ma famille ainsi que mes amis d&rsquo;enfance me manquent mais ils viennent me visiter chaque ann\u00e9e \u00e0 Lisbonne \ud83d\ude42 Ton plus beau souvenir ici\u00a0: Sortir tous les soirs au Bairro Alto en plein \u00e9t\u00e9 \u00e0 mes d\u00e9buts et rencontrer des gens du monde entier dans une superbe ambiance\u00a0! Le pire\u00a0: J\u2019ai v\u00e9cu 4 mois dans la banlieue de Lisbonne \u00e0 Almada, et cela a \u00e9t\u00e9 dur pour moi car j\u2019\u00e9tais assez isol\u00e9 l\u00e0-bas. J\u2019ai vite chang\u00e9 d\u2019appartement et je suis retourn\u00e9 dans le centre-ville. Pour les futurs voyageurs au Portugal, peux-tu nous citer\u00a0: -Une plage paradisiaque\u00a0: La Casablanca Beach, sur la c\u00f4te Costa da Caparica \u00e0 30 minutes en voiture de Lisbonne. -Un site naturel exceptionnel : Comporta. -Un mus\u00e9e qui regorge de tr\u00e9sors\u00a0:\u00a0 Le mus\u00e9e des Azulejos. -Un b\u00e2timent \u00e0 l\u2019architecture imposante\u00a0: La statue de Marqu\u00eas de Pombal sur le carrefour qui porte le nom de la statue. Marqu\u00eas de Pombal est un ministre portugais du 18e si\u00e8cle, qui a reconstruit une grande partie de la capitale suite au tremblement de terre qui a eu lieu en 1755. -Une sp\u00e9cialit\u00e9 culinaire \u00e0 tomber par terre et o\u00f9 la trouver\u00a0: Le Pastel de Bel\u00e9m, une p\u00e2tisserie qui est la grande sp\u00e9cialit\u00e9 portugaise. La boutique officielle se trouve \u00e0 10 minutes en train de Lisbonne, dans la c\u00e9l\u00e8bre ville de Bel\u00e9m\u00a0: Rua de Bel\u00e9m n\u00ba 84\/92. -Un lieu o\u00f9 festoyer comme les locaux\u00a0: Le Bairro Alto, dans le centre-ville de Lisbonne. C\u2019est un quartier avec de nombreux bars o\u00f9 les gens boivent dans la rue. -Un \u00e9v\u00e9nement important (festival, f\u00eate nationale\u2026)\u00a0: La f\u00eate de Santo Antonio, la plus grande f\u00eate lisbo\u00e8te o\u00f9 tout le monde va dans la rue manger des sardines grill\u00e9es et des bifanas. -Le meilleur spot pour photographier des animaux\u00a0: Sesimbra. -La plus belle ville en dehors de Lisbonne\u00a0: Sintra. -Une route pour un road trip panoramique\u00a0: La N247 qui longe la mer et de magnifiques for\u00eats pas loin de Lisbonne. -Un truc insolite que tu as d\u00e9couvert l\u00e0-bas\u00a0: Un tourisme quasi inexistant, cela faisait bizarre\u00a0! -Un artiste ou groupe de musique local \u00e0 conna\u00eetre\u00a0: Amalia Rodrigues pour le fado\u2026 -Un film tourn\u00e9 l\u00e0-bas\u00a0: Un train de nuit pour Lisbonne. -Un livre ou bande-dessin\u00e9e d\u2019un auteur du cru\u00a0: Lisbonne (Fernando Pessoa). -Le sport que tu pr\u00e9f\u00e8res dans ta nouvelle patrie\u00a0: Le football\u00a0! Entre le Benfica Lisbonne et le Sporting Lisbonne, les deux clubs de la capitale, le football est une vraie religion ici. -Un souvenir \u00e0 ramener chez soi\u00a0: Une bouteille de Vinho Verde, qui est du vin vert l\u00e9g\u00e8rement p\u00e9tillant et absolument d\u00e9licieux.<\/p>\n","protected":false},"author":2,"featured_media":13519,"comment_status":"open","ping_status":"open","sticky":false,"template":"","format":"standard","meta":{"_jetpack_memberships_contains_paid_content":false,"footnotes":""},"categories":[21,27,5,6],"tags":[192,233,337],"class_list":["post-13502","post","type-post","status-publish","format-standard","has-post-thumbnail","hentry","category-europe","category-interviews-articles-collaboratifs","category-themes","category-voyages","tag-expatriation","tag-interview","tag-portugal"],"yoast_head":"<!-- This site is optimized with the Yoast SEO plugin v26.3 - https:\/\/yoast.com\/wordpress\/plugins\/seo\/ -->\n<title>INTERVIEW: Thibaut, expatri\u00e9 \u00e0 Lisbonne (Portugal) - Traces de Voyages<\/title>\n<meta name=\"description\" content=\"Ce mois-ci, nous avons demand\u00e9 \u00e0 Thibaut du blog Bonjour Lisbonne de nous parler de sa vie d&#039;expatri\u00e9 dans cette belle ville du Portagal.\" \/>\n<meta name=\"robots\" content=\"index, follow, max-snippet:-1, max-image-preview:large, max-video-preview:-1\" \/>\n<link rel=\"canonical\" href=\"https:\/\/tracesdevoyages.com\/index.php\/2019\/03\/31\/interview-thibaut-expatrie-a-lisbonne-portugal\/\" \/>\n<meta property=\"og:locale\" content=\"fr_FR\" \/>\n<meta property=\"og:type\" content=\"article\" \/>\n<meta property=\"og:title\" content=\"INTERVIEW: Thibaut, expatri\u00e9 \u00e0 Lisbonne (Portugal) - Traces de Voyages\" \/>\n<meta property=\"og:description\" content=\"Ce mois-ci, nous avons demand\u00e9 \u00e0 Thibaut du blog Bonjour Lisbonne de nous parler de sa vie d&#039;expatri\u00e9 dans cette belle ville du Portagal.\" \/>\n<meta property=\"og:url\" content=\"https:\/\/tracesdevoyages.com\/index.php\/2019\/03\/31\/interview-thibaut-expatrie-a-lisbonne-portugal\/\" \/>\n<meta property=\"og:site_name\" content=\"Traces de Voyages\" \/>\n<meta property=\"article:publisher\" content=\"https:\/\/www.facebook.com\/tracesdevoyages\/\" \/>\n<meta property=\"article:published_time\" content=\"2019-03-31T10:53:30+00:00\" \/>\n<meta name=\"author\" content=\"tracesdevoyages\" \/>\n<meta name=\"twitter:card\" content=\"summary_large_image\" \/>\n<meta name=\"twitter:creator\" content=\"@TracesdeVoyages\" \/>\n<meta name=\"twitter:site\" content=\"@TracesdeVoyages\" \/>\n<meta name=\"twitter:label1\" content=\"\u00c9crit par\" \/>\n\t<meta name=\"twitter:data1\" content=\"tracesdevoyages\" \/>\n\t<meta name=\"twitter:label2\" content=\"Dur\u00e9e de lecture estim\u00e9e\" \/>\n\t<meta name=\"twitter:data2\" content=\"3 minutes\" \/>\n<script type=\"application\/ld+json\" class=\"yoast-schema-graph\">{\"@context\":\"https:\/\/schema.org\",\"@graph\":[{\"@type\":\"Article\",\"@id\":\"https:\/\/tracesdevoyages.com\/index.php\/2019\/03\/31\/interview-thibaut-expatrie-a-lisbonne-portugal\/#article\",\"isPartOf\":{\"@id\":\"https:\/\/tracesdevoyages.com\/index.php\/2019\/03\/31\/interview-thibaut-expatrie-a-lisbonne-portugal\/\"},\"author\":{\"name\":\"tracesdevoyages\",\"@id\":\"https:\/\/tracesdevoyages.com\/#\/schema\/person\/407749fd8c63f4e19e1f4d61c3df1dd3\"},\"headline\":\"INTERVIEW: Thibaut, expatri\u00e9 \u00e0 Lisbonne (Portugal)\",\"datePublished\":\"2019-03-31T10:53:30+00:00\",\"mainEntityOfPage\":{\"@id\":\"https:\/\/tracesdevoyages.com\/index.php\/2019\/03\/31\/interview-thibaut-expatrie-a-lisbonne-portugal\/\"},\"wordCount\":679,\"commentCount\":2,\"publisher\":{\"@id\":\"https:\/\/tracesdevoyages.com\/#organization\"},\"image\":{\"@id\":\"https:\/\/tracesdevoyages.com\/index.php\/2019\/03\/31\/interview-thibaut-expatrie-a-lisbonne-portugal\/#primaryimage\"},\"thumbnailUrl\":\"\",\"keywords\":[\"expatriation\",\"interview\",\"portugal\"],\"articleSection\":[\"Europe\",\"Interviews &amp; Articles Collaboratifs\",\"Th\u00e8mes\",\"Voyages\"],\"inLanguage\":\"fr-FR\",\"potentialAction\":[{\"@type\":\"CommentAction\",\"name\":\"Comment\",\"target\":[\"https:\/\/tracesdevoyages.com\/index.php\/2019\/03\/31\/interview-thibaut-expatrie-a-lisbonne-portugal\/#respond\"]}]},{\"@type\":\"WebPage\",\"@id\":\"https:\/\/tracesdevoyages.com\/index.php\/2019\/03\/31\/interview-thibaut-expatrie-a-lisbonne-portugal\/\",\"url\":\"https:\/\/tracesdevoyages.com\/index.php\/2019\/03\/31\/interview-thibaut-expatrie-a-lisbonne-portugal\/\",\"name\":\"INTERVIEW: Thibaut, expatri\u00e9 \u00e0 Lisbonne (Portugal) - Traces de Voyages\",\"isPartOf\":{\"@id\":\"https:\/\/tracesdevoyages.com\/#website\"},\"primaryImageOfPage\":{\"@id\":\"https:\/\/tracesdevoyages.com\/index.php\/2019\/03\/31\/interview-thibaut-expatrie-a-lisbonne-portugal\/#primaryimage\"},\"image\":{\"@id\":\"https:\/\/tracesdevoyages.com\/index.php\/2019\/03\/31\/interview-thibaut-expatrie-a-lisbonne-portugal\/#primaryimage\"},\"thumbnailUrl\":\"\",\"datePublished\":\"2019-03-31T10:53:30+00:00\",\"description\":\"Ce mois-ci, nous avons demand\u00e9 \u00e0 Thibaut du blog Bonjour Lisbonne de nous parler de sa vie d'expatri\u00e9 dans cette belle ville du Portagal.\",\"breadcrumb\":{\"@id\":\"https:\/\/tracesdevoyages.com\/index.php\/2019\/03\/31\/interview-thibaut-expatrie-a-lisbonne-portugal\/#breadcrumb\"},\"inLanguage\":\"fr-FR\",\"potentialAction\":[{\"@type\":\"ReadAction\",\"target\":[\"https:\/\/tracesdevoyages.com\/index.php\/2019\/03\/31\/interview-thibaut-expatrie-a-lisbonne-portugal\/\"]}]},{\"@type\":\"ImageObject\",\"inLanguage\":\"fr-FR\",\"@id\":\"https:\/\/tracesdevoyages.com\/index.php\/2019\/03\/31\/interview-thibaut-expatrie-a-lisbonne-portugal\/#primaryimage\",\"url\":\"\",\"contentUrl\":\"\"},{\"@type\":\"BreadcrumbList\",\"@id\":\"https:\/\/tracesdevoyages.com\/index.php\/2019\/03\/31\/interview-thibaut-expatrie-a-lisbonne-portugal\/#breadcrumb\",\"itemListElement\":[{\"@type\":\"ListItem\",\"position\":1,\"name\":\"Accueil\",\"item\":\"https:\/\/tracesdevoyages.com\/\"},{\"@type\":\"ListItem\",\"position\":2,\"name\":\"INTERVIEW: Thibaut, expatri\u00e9 \u00e0 Lisbonne (Portugal)\"}]},{\"@type\":\"WebSite\",\"@id\":\"https:\/\/tracesdevoyages.com\/#website\",\"url\":\"https:\/\/tracesdevoyages.com\/\",\"name\":\"Traces de Voyages\",\"description\":\"Blog de voyages\",\"publisher\":{\"@id\":\"https:\/\/tracesdevoyages.com\/#organization\"},\"potentialAction\":[{\"@type\":\"SearchAction\",\"target\":{\"@type\":\"EntryPoint\",\"urlTemplate\":\"https:\/\/tracesdevoyages.com\/?s={search_term_string}\"},\"query-input\":{\"@type\":\"PropertyValueSpecification\",\"valueRequired\":true,\"valueName\":\"search_term_string\"}}],\"inLanguage\":\"fr-FR\"},{\"@type\":\"Organization\",\"@id\":\"https:\/\/tracesdevoyages.com\/#organization\",\"name\":\"Traces de Voyages\",\"url\":\"https:\/\/tracesdevoyages.com\/\",\"logo\":{\"@type\":\"ImageObject\",\"inLanguage\":\"fr-FR\",\"@id\":\"https:\/\/tracesdevoyages.com\/#\/schema\/logo\/image\/\",\"url\":\"https:\/\/i0.wp.com\/tracesdevoyages.com\/wp-content\/uploads\/2025\/01\/cropped-Traces-de-Voyages-LOGO.jpg?fit=512%2C512&ssl=1\",\"contentUrl\":\"https:\/\/i0.wp.com\/tracesdevoyages.com\/wp-content\/uploads\/2025\/01\/cropped-Traces-de-Voyages-LOGO.jpg?fit=512%2C512&ssl=1\",\"width\":512,\"height\":512,\"caption\":\"Traces de Voyages\"},\"image\":{\"@id\":\"https:\/\/tracesdevoyages.com\/#\/schema\/logo\/image\/\"},\"sameAs\":[\"https:\/\/www.facebook.com\/tracesdevoyages\/\",\"https:\/\/x.com\/TracesdeVoyages\",\"https:\/\/www.instagram.com\/tracesdevoyages\/\",\"https:\/\/fr.pinterest.com\/tracesdevoyages\/\",\"https:\/\/www.youtube.com\/channel\/UC240N7Neo4xrJRYcW3UhDaQ\/\"]},{\"@type\":\"Person\",\"@id\":\"https:\/\/tracesdevoyages.com\/#\/schema\/person\/407749fd8c63f4e19e1f4d61c3df1dd3\",\"name\":\"tracesdevoyages\",\"image\":{\"@type\":\"ImageObject\",\"inLanguage\":\"fr-FR\",\"@id\":\"https:\/\/tracesdevoyages.com\/#\/schema\/person\/image\/\",\"url\":\"https:\/\/secure.gravatar.com\/avatar\/89665a7661ade021f231fa4edee45d02595de0df2c6ac04037b09ce699dd6d89?s=96&d=mm&r=g\",\"contentUrl\":\"https:\/\/secure.gravatar.com\/avatar\/89665a7661ade021f231fa4edee45d02595de0df2c6ac04037b09ce699dd6d89?s=96&d=mm&r=g\",\"caption\":\"tracesdevoyages\"},\"url\":\"https:\/\/tracesdevoyages.com\/index.php\/author\/tracesdevoyages\/\"}]}<\/script>\n<!-- \/ Yoast SEO plugin. -->","yoast_head_json":{"title":"INTERVIEW: Thibaut, expatri\u00e9 \u00e0 Lisbonne (Portugal) - Traces de Voyages","description":"Ce mois-ci, nous avons demand\u00e9 \u00e0 Thibaut du blog Bonjour Lisbonne de nous parler de sa vie d'expatri\u00e9 dans cette belle ville du Portagal.","robots":{"index":"index","follow":"follow","max-snippet":"max-snippet:-1","max-image-preview":"max-image-preview:large","max-video-preview":"max-video-preview:-1"},"canonical":"https:\/\/tracesdevoyages.com\/index.php\/2019\/03\/31\/interview-thibaut-expatrie-a-lisbonne-portugal\/","og_locale":"fr_FR","og_type":"article","og_title":"INTERVIEW: Thibaut, expatri\u00e9 \u00e0 Lisbonne (Portugal) - Traces de Voyages","og_description":"Ce mois-ci, nous avons demand\u00e9 \u00e0 Thibaut du blog Bonjour Lisbonne de nous parler de sa vie d'expatri\u00e9 dans cette belle ville du Portagal.","og_url":"https:\/\/tracesdevoyages.com\/index.php\/2019\/03\/31\/interview-thibaut-expatrie-a-lisbonne-portugal\/","og_site_name":"Traces de Voyages","article_publisher":"https:\/\/www.facebook.com\/tracesdevoyages\/","article_published_time":"2019-03-31T10:53:30+00:00","author":"tracesdevoyages","twitter_card":"summary_large_image","twitter_creator":"@TracesdeVoyages","twitter_site":"@TracesdeVoyages","twitter_misc":{"\u00c9crit par":"tracesdevoyages","Dur\u00e9e de lecture estim\u00e9e":"3 minutes"},"schema":{"@context":"https:\/\/schema.org","@graph":[{"@type":"Article","@id":"https:\/\/tracesdevoyages.com\/index.php\/2019\/03\/31\/interview-thibaut-expatrie-a-lisbonne-portugal\/#article","isPartOf":{"@id":"https:\/\/tracesdevoyages.com\/index.php\/2019\/03\/31\/interview-thibaut-expatrie-a-lisbonne-portugal\/"},"author":{"name":"tracesdevoyages","@id":"https:\/\/tracesdevoyages.com\/#\/schema\/person\/407749fd8c63f4e19e1f4d61c3df1dd3"},"headline":"INTERVIEW: Thibaut, expatri\u00e9 \u00e0 Lisbonne (Portugal)","datePublished":"2019-03-31T10:53:30+00:00","mainEntityOfPage":{"@id":"https:\/\/tracesdevoyages.com\/index.php\/2019\/03\/31\/interview-thibaut-expatrie-a-lisbonne-portugal\/"},"wordCount":679,"commentCount":2,"publisher":{"@id":"https:\/\/tracesdevoyages.com\/#organization"},"image":{"@id":"https:\/\/tracesdevoyages.com\/index.php\/2019\/03\/31\/interview-thibaut-expatrie-a-lisbonne-portugal\/#primaryimage"},"thumbnailUrl":"","keywords":["expatriation","interview","portugal"],"articleSection":["Europe","Interviews &amp; Articles Collaboratifs","Th\u00e8mes","Voyages"],"inLanguage":"fr-FR","potentialAction":[{"@type":"CommentAction","name":"Comment","target":["https:\/\/tracesdevoyages.com\/index.php\/2019\/03\/31\/interview-thibaut-expatrie-a-lisbonne-portugal\/#respond"]}]},{"@type":"WebPage","@id":"https:\/\/tracesdevoyages.com\/index.php\/2019\/03\/31\/interview-thibaut-expatrie-a-lisbonne-portugal\/","url":"https:\/\/tracesdevoyages.com\/index.php\/2019\/03\/31\/interview-thibaut-expatrie-a-lisbonne-portugal\/","name":"INTERVIEW: Thibaut, expatri\u00e9 \u00e0 Lisbonne (Portugal) - Traces de Voyages","isPartOf":{"@id":"https:\/\/tracesdevoyages.com\/#website"},"primaryImageOfPage":{"@id":"https:\/\/tracesdevoyages.com\/index.php\/2019\/03\/31\/interview-thibaut-expatrie-a-lisbonne-portugal\/#primaryimage"},"image":{"@id":"https:\/\/tracesdevoyages.com\/index.php\/2019\/03\/31\/interview-thibaut-expatrie-a-lisbonne-portugal\/#primaryimage"},"thumbnailUrl":"","datePublished":"2019-03-31T10:53:30+00:00","description":"Ce mois-ci, nous avons demand\u00e9 \u00e0 Thibaut du blog Bonjour Lisbonne de nous parler de sa vie d'expatri\u00e9 dans cette belle ville du Portagal.","breadcrumb":{"@id":"https:\/\/tracesdevoyages.com\/index.php\/2019\/03\/31\/interview-thibaut-expatrie-a-lisbonne-portugal\/#breadcrumb"},"inLanguage":"fr-FR","potentialAction":[{"@type":"ReadAction","target":["https:\/\/tracesdevoyages.com\/index.php\/2019\/03\/31\/interview-thibaut-expatrie-a-lisbonne-portugal\/"]}]},{"@type":"ImageObject","inLanguage":"fr-FR","@id":"https:\/\/tracesdevoyages.com\/index.php\/2019\/03\/31\/interview-thibaut-expatrie-a-lisbonne-portugal\/#primaryimage","url":"","contentUrl":""},{"@type":"BreadcrumbList","@id":"https:\/\/tracesdevoyages.com\/index.php\/2019\/03\/31\/interview-thibaut-expatrie-a-lisbonne-portugal\/#breadcrumb","itemListElement":[{"@type":"ListItem","position":1,"name":"Accueil","item":"https:\/\/tracesdevoyages.com\/"},{"@type":"ListItem","position":2,"name":"INTERVIEW: Thibaut, expatri\u00e9 \u00e0 Lisbonne (Portugal)"}]},{"@type":"WebSite","@id":"https:\/\/tracesdevoyages.com\/#website","url":"https:\/\/tracesdevoyages.com\/","name":"Traces de Voyages","description":"Blog de voyages","publisher":{"@id":"https:\/\/tracesdevoyages.com\/#organization"},"potentialAction":[{"@type":"SearchAction","target":{"@type":"EntryPoint","urlTemplate":"https:\/\/tracesdevoyages.com\/?s={search_term_string}"},"query-input":{"@type":"PropertyValueSpecification","valueRequired":true,"valueName":"search_term_string"}}],"inLanguage":"fr-FR"},{"@type":"Organization","@id":"https:\/\/tracesdevoyages.com\/#organization","name":"Traces de Voyages","url":"https:\/\/tracesdevoyages.com\/","logo":{"@type":"ImageObject","inLanguage":"fr-FR","@id":"https:\/\/tracesdevoyages.com\/#\/schema\/logo\/image\/","url":"https:\/\/i0.wp.com\/tracesdevoyages.com\/wp-content\/uploads\/2025\/01\/cropped-Traces-de-Voyages-LOGO.jpg?fit=512%2C512&ssl=1","contentUrl":"https:\/\/i0.wp.com\/tracesdevoyages.com\/wp-content\/uploads\/2025\/01\/cropped-Traces-de-Voyages-LOGO.jpg?fit=512%2C512&ssl=1","width":512,"height":512,"caption":"Traces de Voyages"},"image":{"@id":"https:\/\/tracesdevoyages.com\/#\/schema\/logo\/image\/"},"sameAs":["https:\/\/www.facebook.com\/tracesdevoyages\/","https:\/\/x.com\/TracesdeVoyages","https:\/\/www.instagram.com\/tracesdevoyages\/","https:\/\/fr.pinterest.com\/tracesdevoyages\/","https:\/\/www.youtube.com\/channel\/UC240N7Neo4xrJRYcW3UhDaQ\/"]},{"@type":"Person","@id":"https:\/\/tracesdevoyages.com\/#\/schema\/person\/407749fd8c63f4e19e1f4d61c3df1dd3","name":"tracesdevoyages","image":{"@type":"ImageObject","inLanguage":"fr-FR","@id":"https:\/\/tracesdevoyages.com\/#\/schema\/person\/image\/","url":"https:\/\/secure.gravatar.com\/avatar\/89665a7661ade021f231fa4edee45d02595de0df2c6ac04037b09ce699dd6d89?s=96&d=mm&r=g","contentUrl":"https:\/\/secure.gravatar.com\/avatar\/89665a7661ade021f231fa4edee45d02595de0df2c6ac04037b09ce699dd6d89?s=96&d=mm&r=g","caption":"tracesdevoyages"},"url":"https:\/\/tracesdevoyages.com\/index.php\/author\/tracesdevoyages\/"}]}},"jetpack_featured_media_url":"","jetpack_sharing_enabled":true,"_links":{"self":[{"href":"https:\/\/tracesdevoyages.com\/index.php\/wp-json\/wp\/v2\/posts\/13502","targetHints":{"allow":["GET"]}}],"collection":[{"href":"https:\/\/tracesdevoyages.com\/index.php\/wp-json\/wp\/v2\/posts"}],"about":[{"href":"https:\/\/tracesdevoyages.com\/index.php\/wp-json\/wp\/v2\/types\/post"}],"author":[{"embeddable":true,"href":"https:\/\/tracesdevoyages.com\/index.php\/wp-json\/wp\/v2\/users\/2"}],"replies":[{"embeddable":true,"href":"https:\/\/tracesdevoyages.com\/index.php\/wp-json\/wp\/v2\/comments?post=13502"}],"version-history":[{"count":0,"href":"https:\/\/tracesdevoyages.com\/index.php\/wp-json\/wp\/v2\/posts\/13502\/revisions"}],"wp:featuredmedia":[{"embeddable":true,"href":"https:\/\/tracesdevoyages.com\/index.php\/wp-json\/"}],"wp:attachment":[{"href":"https:\/\/tracesdevoyages.com\/index.php\/wp-json\/wp\/v2\/media?parent=13502"}],"wp:term":[{"taxonomy":"category","embeddable":true,"href":"https:\/\/tracesdevoyages.com\/index.php\/wp-json\/wp\/v2\/categories?post=13502"},{"taxonomy":"post_tag","embeddable":true,"href":"https:\/\/tracesdevoyages.com\/index.php\/wp-json\/wp\/v2\/tags?post=13502"}],"curies":[{"name":"wp","href":"https:\/\/api.w.org\/{rel}","templated":true}]}}