{"id":1386,"date":"2016-05-23T11:37:29","date_gmt":"2016-05-23T09:37:29","guid":{"rendered":"http:\/\/tracesdevoyages.com\/?p=1386"},"modified":"2016-05-23T11:37:29","modified_gmt":"2016-05-23T09:37:29","slug":"comme-un-local-la-rochelle-notre-ville-de-coeur","status":"publish","type":"post","link":"https:\/\/tracesdevoyages.com\/index.php\/2016\/05\/23\/comme-un-local-la-rochelle-notre-ville-de-coeur\/","title":{"rendered":"Comme un local: La Rochelle, notre ville de coeur"},"content":{"rendered":"<p>Cela fait maintenant quelques temps que nous vivons \u00e0 <a href=\"http:\/\/www.larochelle-tourisme.com\/\" target=\"_blank\" rel=\"noopener noreferrer\"><strong>La Rochelle<\/strong><\/a>. Quelques temps, c\u2019est-\u00e0-dire depuis 2007 par intermittences pour moi (Charlotte) et 2013 pour M., autant dire que nous nous sommes attach\u00e9s \u00e0 cette ville tr\u00e8s agr\u00e9able \u00e0 vivre.<\/p>\n<p>Mon premier souvenir remonte \u00e0 f\u00e9vrier 2007, alors que je venais visiter ce qui allait \u00eatre ma future \u00e9cole dans le quartier des <em>Minimes.<\/em> Il faisait gris et froid, de grandes plaques de verglas recouvraient le sol et un faible crachin nous brouillait la vue. Je dois bien avouer que ma premi\u00e8re impression n\u2019\u00e9tait pas pleine d\u2019enthousiasme\u2026 Et c\u2019est donc avec quelques regrets que j\u2019ai emm\u00e9nag\u00e9 au mois de juin apr\u00e8s avoir trouv\u00e9 mon premier emploi saisonnier en tant que serveuse <em>Rue St Jean du P\u00e9rot<\/em>. C\u2019est \u00e0 ce moment-l\u00e0 que j\u2019ai pu appr\u00e9cier toute la beaut\u00e9 et l\u2019ambiance du lieu. Arriver en juin \u00e0 La Rochelle, c\u2019est s\u2019impr\u00e9gner de tout ce qu\u2019elle a \u00e0 offrir\u00a0: une ambiance de festivals, des march\u00e9s nocturnes sur le Vieux Port, les terrasses des restaurants toutes ouvertes, les bateaux qui vous proposent d\u2019aller passer la journ\u00e9e sur les \u00eeles, les artistes de rues, les concerts\u2026 Bref, un beau m\u00e9lange d\u2019activit\u00e9s et de\u00a0distractions pour tous.<\/p>\n\n<p>Aujourd\u2019hui, nous avons la chance de pouvoir dire avoir arpent\u00e9 ses rues, go\u00fbt\u00e9 ses restaurants, dans\u00e9 dans ses bars, \u00e9cout\u00e9 sa musique, achet\u00e9 ses produits, d\u00e9couvert ses secrets et regard\u00e9 ses couchers de soleil\u2026 Et c\u2019est avec notre regard de Rochelais de c\u0153ur que nous vous invitons \u00e0 d\u00e9couvrir \u00e0 votre tour cette ville qui a su nous conqu\u00e9rir.<\/p>\n<p>Tout d\u2019abord, si vous cherchez un h\u00e9bergement, nous vous invitons \u00e0 vous excentrer un peu de la ville pour vous rendre \u00e0 Angoulins-sur-mer. L\u00e0-bas, se trouve <a href=\"http:\/\/www.cote-ocean.com\/\" target=\"_blank\" rel=\"noopener noreferrer\"><strong>C\u00f4t\u00e9 Oc\u00e9an<\/strong><\/a>, un Boutique Resort alliant le confort de l\u2019h\u00f4tel, les appartements privatifs d\u2019une r\u00e9sidence et l\u2019accueil convivial des chambres d\u2019h\u00f4tes. Dans un parc arbor\u00e9 enti\u00e8rement cl\u00f4tur\u00e9, diff\u00e9rents types d\u2019h\u00e9bergement tous avec terrasse privative, un accueil chaleureux comme chez des amis, des produits tous faits maison, une superbe piscine et \u00e0 deux pas de l\u2019oc\u00e9an. Je dois pr\u00e9ciser que nous n\u2019y avons jamais s\u00e9journ\u00e9 mais travaill\u00e9, nous nous basons sur le ressentis que nous avons eu en tant qu\u2019employ\u00e9s mais \u00e9galement sur celui des clients dont les retours \u00e9taient tous tr\u00e8s positifs !<\/p>\n<p>Maintenant que vous \u00eates install\u00e9s, voici un petit itin\u00e9raire \u00e0 faire \u00e0 pied pour appr\u00e9cier toute la beaut\u00e9 de la ville. Rendez-vous dans un premier lieu au <em>Parking Vieux Port Sud<\/em>, un parking souterrain payant juste en face de l\u2019office de tourisme, tr\u00e8s bien plac\u00e9 pour parcourir la ville \u00e0 pied. D\u2019ici, vous pouvez r\u00e9cup\u00e9rer un plan de la ville afin de mieux vous rep\u00e9rer. Longez maintenant le <em>Quai Georges Simenon<\/em>, puis, tournez \u00e0 droite <em>Rue de l\u2019Armide<\/em> pour arriver au pied de la <strong><a href=\"http:\/\/www.tours-la-rochelle.fr\/\" target=\"_blank\" rel=\"noopener noreferrer\">Tour Saint Nicolas<\/a>, <\/strong>porte d\u2019entr\u00e9e du port de La Rochelle. Vous pouvez si vous le souhaitez la visiter, elle donne un tr\u00e8s beau point de vue sur la ville. Empruntez ensuite le petit pont pi\u00e9ton face au <em>Bureau du Vieux Port<\/em> pour rejoindre le <em>Quai du Car\u00e9nage<\/em> qui passe devant le carrousel. Tournez ensuite \u00e0 gauche pour longer le <em>Quai Duperr\u00e9<\/em> et vous rendre \u00e0 la <a href=\"http:\/\/www.visiter-la-rochelle.fr\/monuments\/porte-grosse-horloge.html\" target=\"_blank\" rel=\"noopener noreferrer\"><strong>Grosse Horloge<\/strong><\/a>, ancienne porte de la ville.<\/p>\n\n<p>Vous pouvez ensuite descendre le long de la <em>Cour des Dames<\/em> jusqu\u2019\u00e0 la <a href=\"http:\/\/www.tours-la-rochelle.fr\/\" target=\"_blank\" rel=\"noopener noreferrer\"><strong>Tour de la Cha\u00eene<\/strong> <\/a>qui servait \u00e0 tendre une cha\u00eene jusqu\u2019\u00e0 la <em>Tour Saint Nicolas<\/em> afin de fermer le port. Aujourd\u2019hui, il s\u2019y trouve une exposition permanente sur la migration vers le Nouveau Monde que vous pouvez visiter. Continuez votre route sur la <em>Rue sur les Murs<\/em> pour rejoindre la <strong><a href=\"http:\/\/www.tours-la-rochelle.fr\/\" target=\"_blank\" rel=\"noopener noreferrer\">Tour de la Lanterne<\/a><\/strong>. Autrefois phare de la ville, puis prison, vous pouvez la visiter mais attention si vous avez le vertige. Remontez ensuite le long de la <em>Rue des Fagots<\/em>, puis tournez \u00e0 droite <em>Rue Saint Jean du P\u00e9rot<\/em>, une jolie rue pav\u00e9e remplie de restaurants. N\u2019h\u00e9sitez pas \u00e0 jeter un \u0153il au <a href=\"http:\/\/www.la-coursive.com\/\"><strong>Th\u00e9\u00e2tre de La Coursive<\/strong> <\/a>situ\u00e9 dans l\u2019ancien march\u00e9 aux poissons. Reprenez la <em>Cour des Dames<\/em> pour retourner \u00e0 la <em>Grosse Horloge<\/em>, et cette fois, passez dessous. Remontez la <em>Rue du Palais<\/em>, puis la <em>Rue Chaudrier<\/em>, abrit\u00e9s sous les arcades, jusqu\u2019\u00e0 la <em>Place de Verdun<\/em>. N\u2019h\u00e9sitez pas \u00e0 pousser la porte de la <a href=\"http:\/\/www.larochelle-tourisme.com\/a-voir-a-faire\/visiter-la-rochelle\/sites-et-monuments-a-visiter\/124244-cathedrale-st-louis\" target=\"_blank\" rel=\"noopener noreferrer\"><strong>Cath\u00e9drale Saint Louis<\/strong><\/a>, si vous aimez la mer, vous appr\u00e9cierez ses nombreux tableaux et sculptures en lien avec l\u2019oc\u00e9an.<\/p>\n\n<p>Descendez le long de la <em>Rue Gargoulleau<\/em>, vous pouvez y faire un arr\u00eat au <a href=\"http:\/\/www.alienor.org\/musees\/index.php\/fre\/La-liste-des-villes\/La-Rochelle\/Musee-des-Beaux-Arts\" target=\"_blank\" rel=\"noopener noreferrer\"><strong>Mus\u00e9e des Beaux-Arts<\/strong><\/a>, puis, avancez jusqu\u2019\u00e0 la <em>Place du March\u00e9<\/em>. Empruntez ensuite la <em>Rue des Dames<\/em>, c\u2019est ici que se trouve le <a href=\"http:\/\/www.bunkerlarochelle.com\/\" target=\"_blank\" rel=\"noopener noreferrer\"><strong>Bunker<\/strong> <\/a>de la ville, ouvert \u00e0 la visite. Puis, tournez \u00e0 gauche sur la <em>Rue Saint Michel<\/em> face \u00e0 a <em>Chapelle<\/em> et au <em>Clo\u00eetre des Dames Blanches<\/em>. Remontez ensuite la <em>Rue de la Fert\u00e9<\/em> et la <em>Rue de la Grille<\/em> pour arriver \u00e0 <a href=\"http:\/\/www.visiter-la-rochelle.fr\/monuments\/hotel-de-ville.html\" target=\"_blank\" rel=\"noopener noreferrer\"><strong>l\u2019H\u00f4tel de Ville<\/strong><\/a>, une perle architecturale \u00e0 visiter. Prenez ensuite la <em>Rue de l\u2019H\u00f4tel de Ville<\/em>, puis, \u00e0 gauche <em>Rue Saint Sauveur<\/em>, jusqu\u2019aux Quais. Traversez ceux-ci en empruntant le petit pont face \u00e0 vous afin de rejoindre la <em>Rue Saint Nicolas<\/em> qui vous conduira <em>Place de la Motte Rouge<\/em>, face au <em>Parking du Vieux Port<\/em>, notre point de d\u00e9part.<\/p>\n\n<p>Nous esp\u00e9rons que cette petite visite de la ville \u00e0 pied vous plaira. D&rsquo;ailleurs, pour plus d&rsquo;informations sur les mus\u00e9es et monuments, vous pouvez consulter notre article <a href=\"https:\/\/tracesdevoyages.com\/2017\/06\/25\/test-la-rochelle-city-pass-48h\/\" target=\"_blank\" rel=\"noopener noreferrer\">Test du City-Pass 48h<\/a>. N\u2019h\u00e9sitez pas \u00e0 nous contacter si vous avez des questions, nous connaissons bien la ville et serions ravis de vous aider \u00e0 pr\u00e9parer votre prochain s\u00e9jour. Pour les restaurants, bars, boutiques, sorties et shopping, nous avons regroup\u00e9 ci-dessous nos adresses, celles des lieux o\u00f9 nous aimons nous rendre personnellement :<\/p>\n<p><u>O\u00f9 manger\u00a0?<\/u><\/p>\n<ul>\n<li><a href=\"http:\/\/www.restaurant-lecabanondespecheurs.fr\/\" target=\"_blank\" rel=\"noopener noreferrer\">Le Cabanon des P\u00eacheurs<\/a>, 16 Rue Thiers (Poissons)<\/li>\n<li><a href=\"https:\/\/www.tripadvisor.fr\/Restaurant_Review-g187206-d3354844-Reviews-Ragazzi_da_Peppone-La_Rochelle_Charente_Maritime_Poitou_Charentes.html\" target=\"_blank\" rel=\"noopener noreferrer\">Le Ragazzi Da Peppone<\/a>, 32 Rue Saint Nicolas (Italien)<\/li>\n<li><a href=\"https:\/\/www.restaurant-le-mail.com\" target=\"_blank\" rel=\"noopener noreferrer\">Le Mail<\/a>, 16 All\u00e9e du Mail (Cuisine fran\u00e7aise)<\/li>\n<li><a href=\"http:\/\/www.les4sergents.com\/\" target=\"_blank\" rel=\"noopener noreferrer\">Les 4 Sergents<\/a>, 49 Rue Saint Jean du P\u00e9rot (Cuisine fran\u00e7aise)<\/li>\n<li><a href=\"http:\/\/www.koi-sushibar.com\/\" target=\"_blank\" rel=\"noopener noreferrer\">Le Ko\u00ef<\/a>, 42 Rue Saint Jean du P\u00e9rot (Sushis)<\/li>\n<li><a href=\"http:\/\/bagelcorner.fr\/\" target=\"_blank\" rel=\"noopener noreferrer\">Bagel Corner<\/a>, 41 Rue de la Scierie (Bagels)<\/li>\n<li><a href=\"http:\/\/www.palem-cafe.fr\/\" target=\"_blank\" rel=\"noopener noreferrer\">Palem Caf\u00e9<\/a>, 23 Rue Amelot (Caf\u00e9, bar \u00e0 jus &amp; brunch)<\/li>\n<li><a href=\"http:\/\/gurou-street-food.com\/\" target=\"_blank\" rel=\"noopener noreferrer\">Gurou<\/a>, 5 Rue des Cloutiers (Street-food, v\u00e9g\u00e9talien)<\/li>\n<li><a href=\"https:\/\/le-merluberlu.business.site\/\" target=\"_blank\" rel=\"noopener noreferrer\">Le Merluberlu<\/a>, 37 Quai Valin (Bistro de la mer)<\/li>\n<li><a href=\"https:\/\/www.layoledechris.com\/\" target=\"_blank\" rel=\"noopener noreferrer\">La Yole de Chris<\/a>, 5 All\u00e9e du Mail (Poissons, Fruits de Mer)<\/li>\n<li><a href=\"https:\/\/www.barandre.com\/\" target=\"_blank\" rel=\"noopener noreferrer\">Andr\u00e9<\/a>, 5 Rue Saint-Jean du P\u00e9rot (Poissons, Fruits de Mer)<\/li>\n<\/ul>\n<p><u>O\u00f9 sortir\u00a0?<\/u><\/p>\n<p>De nombreux bars se trouvent <em>Cour du Temple<\/em>, ou <em>Rue Saint Jean du P\u00e9rot<\/em>, \u00e9galement <em>Rue Saint Nicolas<\/em> dont <a href=\"http:\/\/la-guignette.fr\/\" target=\"_blank\" rel=\"noopener noreferrer\"><strong>La Guignette<\/strong><\/a>, bar de marins le plus vieux de la ville (attention, celui-ci n&rsquo;est ouvert qu&rsquo;entre 16h et 20h), mais aussi le long des Quais sur le Vieux Port. N&rsquo;h\u00e9sitez \u00e0 vous aventurer vers la ville en bois o\u00f9 vous trouverez le bar steampunk du <a href=\"http:\/\/lebathyscaphe.com\/\" target=\"_blank\" rel=\"noopener noreferrer\">Bathyscaphe<\/a>! En \u00e9t\u00e9, le quartier du Gabut accueille une guinguette \u00e9ph\u00e9m\u00e8re \u00e0 ciel ouvert: <a href=\"http:\/\/www.belledugabut.com\" target=\"_blank\" rel=\"noopener noreferrer\">La Belle du Gabut<\/a>.<\/p>\n<p><u>O\u00f9 faire du shopping\u00a0?<\/u><\/p>\n<p>Les boutiques se concentrent principalement dans la <em>Rue du Palais<\/em>, la <em>Rue du Temple<\/em>, la <em>Rue Saint-Yon<\/em>, la <em>Rue des Merciers<\/em> et la <em>Rue du Minage<\/em>. Vous pouvez aussi vous rendre dans les zones commerciales de <em>Beaulieu <\/em>ou <em>Angoulins<\/em>.<\/p>\n<p><u>Nos adresses gourmandes\u00a0:<\/u><\/p>\n<ul>\n<li><a href=\"https:\/\/www.facebook.com\/P%C3%A2tisserie-DJOLLY-Artisan-Glacier-P%C3%A2tissier-Chocolatier-271998466309365\/\" target=\"_blank\" rel=\"noopener noreferrer\">D\u2019Jolly, 16 Rue Chaudrier <\/a>(Salon de Th\u00e9, P\u00e2tissier, chocolatier, glacier)<\/li>\n<li><a href=\"http:\/\/www.columbuscafe.com\/\" target=\"_blank\" rel=\"noopener noreferrer\">Colombus Caf\u00e9 &amp; Co<\/a>, 8 Rue du Port (Coffee Shop)<\/li>\n<li><a href=\"http:\/\/lepimentbleu.fr\/\" target=\"_blank\" rel=\"noopener noreferrer\">Le Piment Bleu<\/a>, 12 Rue Gargoulleau (Epices, \u00e9picerie fine)<\/li>\n<li><a href=\"https:\/\/www.facebook.com\/lepicuriumlr\/\" target=\"_blank\" rel=\"noopener noreferrer\">L\u2019Epicurium<\/a>, 6 Rue Gargoulleau (Fromagerie)<\/li>\n<li><a href=\"http:\/\/www.laclassedesgourmets.com\/\" target=\"_blank\" rel=\"noopener noreferrer\">La Classe des Gourmets<\/a>, 10 Rue S\u00e9nac de Meilhan (Ecole de Cuisine et de Sommellerie)<\/li>\n<\/ul>\n<p>Pour plus d&rsquo;infos, n&rsquo;h\u00e9sitez pas \u00e0 visiter le <a href=\"http:\/\/www.larochelle-tourisme.com\/\" target=\"_blank\" rel=\"noopener noreferrer\">site officiel <\/a>de l&rsquo;office de tourisme de la ville.<\/p>\n<hr \/>\n<p>https:\/\/www.pinterest.fr\/pin\/804525920912530696\/<\/p>\n","protected":false},"excerpt":{"rendered":"<p>Bienvenue chez nous!<\/p>\n","protected":false},"author":2,"featured_media":13876,"comment_status":"open","ping_status":"open","sticky":false,"template":"","format":"standard","meta":{"_jetpack_memberships_contains_paid_content":false,"footnotes":""},"categories":[16,21,22,35,5,6],"tags":[152,176,188,190,191,203,251,394,409,417,422],"class_list":["post-1386","post","type-post","status-publish","format-standard","has-post-thumbnail","hentry","category-comme-un-local","category-europe","category-france","category-nouvelle-aquitaine","category-themes","category-voyages","tag-charentemaritime","tag-destination","tag-escapade","tag-europe","tag-evasion","tag-france","tag-larochelle","tag-tourisme","tag-vacances","tag-ville","tag-voyage"],"yoast_head":"<!-- This site is optimized with the Yoast SEO plugin v26.3 - https:\/\/yoast.com\/wordpress\/plugins\/seo\/ -->\n<title>Comme un local: La Rochelle, notre ville de coeur - Traces de Voyages<\/title>\n<meta name=\"description\" content=\"D\u00e9couvrez notre belle ville de La Rochelle o\u00f9 nous avons la chance de vivre depuis 2007. Un lieu riche en histoire, architecture, nature et gastronomie.\" \/>\n<meta name=\"robots\" content=\"index, follow, max-snippet:-1, max-image-preview:large, max-video-preview:-1\" \/>\n<link rel=\"canonical\" href=\"https:\/\/tracesdevoyages.com\/index.php\/2016\/05\/23\/comme-un-local-la-rochelle-notre-ville-de-coeur\/\" \/>\n<meta property=\"og:locale\" content=\"fr_FR\" \/>\n<meta property=\"og:type\" content=\"article\" \/>\n<meta property=\"og:title\" content=\"Comme un local: La Rochelle, notre ville de coeur - Traces de Voyages\" \/>\n<meta property=\"og:description\" content=\"D\u00e9couvrez notre belle ville de La Rochelle o\u00f9 nous avons la chance de vivre depuis 2007. Un lieu riche en histoire, architecture, nature et gastronomie.\" \/>\n<meta property=\"og:url\" content=\"https:\/\/tracesdevoyages.com\/index.php\/2016\/05\/23\/comme-un-local-la-rochelle-notre-ville-de-coeur\/\" \/>\n<meta property=\"og:site_name\" content=\"Traces de Voyages\" \/>\n<meta property=\"article:publisher\" content=\"https:\/\/www.facebook.com\/tracesdevoyages\/\" \/>\n<meta property=\"article:published_time\" content=\"2016-05-23T09:37:29+00:00\" \/>\n<meta name=\"author\" content=\"tracesdevoyages\" \/>\n<meta name=\"twitter:card\" content=\"summary_large_image\" \/>\n<meta name=\"twitter:creator\" content=\"@TracesdeVoyages\" \/>\n<meta name=\"twitter:site\" content=\"@TracesdeVoyages\" \/>\n<meta name=\"twitter:label1\" content=\"\u00c9crit par\" \/>\n\t<meta name=\"twitter:data1\" content=\"tracesdevoyages\" \/>\n\t<meta name=\"twitter:label2\" content=\"Dur\u00e9e de lecture estim\u00e9e\" \/>\n\t<meta name=\"twitter:data2\" content=\"7 minutes\" \/>\n<script type=\"application\/ld+json\" class=\"yoast-schema-graph\">{\"@context\":\"https:\/\/schema.org\",\"@graph\":[{\"@type\":\"Article\",\"@id\":\"https:\/\/tracesdevoyages.com\/index.php\/2016\/05\/23\/comme-un-local-la-rochelle-notre-ville-de-coeur\/#article\",\"isPartOf\":{\"@id\":\"https:\/\/tracesdevoyages.com\/index.php\/2016\/05\/23\/comme-un-local-la-rochelle-notre-ville-de-coeur\/\"},\"author\":{\"name\":\"tracesdevoyages\",\"@id\":\"https:\/\/tracesdevoyages.com\/#\/schema\/person\/407749fd8c63f4e19e1f4d61c3df1dd3\"},\"headline\":\"Comme un local: La Rochelle, notre ville de coeur\",\"datePublished\":\"2016-05-23T09:37:29+00:00\",\"mainEntityOfPage\":{\"@id\":\"https:\/\/tracesdevoyages.com\/index.php\/2016\/05\/23\/comme-un-local-la-rochelle-notre-ville-de-coeur\/\"},\"wordCount\":1351,\"commentCount\":7,\"publisher\":{\"@id\":\"https:\/\/tracesdevoyages.com\/#organization\"},\"image\":{\"@id\":\"https:\/\/tracesdevoyages.com\/index.php\/2016\/05\/23\/comme-un-local-la-rochelle-notre-ville-de-coeur\/#primaryimage\"},\"thumbnailUrl\":\"\",\"keywords\":[\"CharenteMaritime\",\"Destination\",\"Escapade\",\"Europe\",\"Evasion\",\"France\",\"LaRochelle\",\"Tourisme\",\"Vacances\",\"Ville\",\"Voyage\"],\"articleSection\":[\"Comme un Local\",\"Europe\",\"France\",\"Nouvelle-Aquitaine\",\"Th\u00e8mes\",\"Voyages\"],\"inLanguage\":\"fr-FR\",\"potentialAction\":[{\"@type\":\"CommentAction\",\"name\":\"Comment\",\"target\":[\"https:\/\/tracesdevoyages.com\/index.php\/2016\/05\/23\/comme-un-local-la-rochelle-notre-ville-de-coeur\/#respond\"]}]},{\"@type\":\"WebPage\",\"@id\":\"https:\/\/tracesdevoyages.com\/index.php\/2016\/05\/23\/comme-un-local-la-rochelle-notre-ville-de-coeur\/\",\"url\":\"https:\/\/tracesdevoyages.com\/index.php\/2016\/05\/23\/comme-un-local-la-rochelle-notre-ville-de-coeur\/\",\"name\":\"Comme un local: La Rochelle, notre ville de coeur - Traces de Voyages\",\"isPartOf\":{\"@id\":\"https:\/\/tracesdevoyages.com\/#website\"},\"primaryImageOfPage\":{\"@id\":\"https:\/\/tracesdevoyages.com\/index.php\/2016\/05\/23\/comme-un-local-la-rochelle-notre-ville-de-coeur\/#primaryimage\"},\"image\":{\"@id\":\"https:\/\/tracesdevoyages.com\/index.php\/2016\/05\/23\/comme-un-local-la-rochelle-notre-ville-de-coeur\/#primaryimage\"},\"thumbnailUrl\":\"\",\"datePublished\":\"2016-05-23T09:37:29+00:00\",\"description\":\"D\u00e9couvrez notre belle ville de La Rochelle o\u00f9 nous avons la chance de vivre depuis 2007. Un lieu riche en histoire, architecture, nature et gastronomie.\",\"breadcrumb\":{\"@id\":\"https:\/\/tracesdevoyages.com\/index.php\/2016\/05\/23\/comme-un-local-la-rochelle-notre-ville-de-coeur\/#breadcrumb\"},\"inLanguage\":\"fr-FR\",\"potentialAction\":[{\"@type\":\"ReadAction\",\"target\":[\"https:\/\/tracesdevoyages.com\/index.php\/2016\/05\/23\/comme-un-local-la-rochelle-notre-ville-de-coeur\/\"]}]},{\"@type\":\"ImageObject\",\"inLanguage\":\"fr-FR\",\"@id\":\"https:\/\/tracesdevoyages.com\/index.php\/2016\/05\/23\/comme-un-local-la-rochelle-notre-ville-de-coeur\/#primaryimage\",\"url\":\"\",\"contentUrl\":\"\"},{\"@type\":\"BreadcrumbList\",\"@id\":\"https:\/\/tracesdevoyages.com\/index.php\/2016\/05\/23\/comme-un-local-la-rochelle-notre-ville-de-coeur\/#breadcrumb\",\"itemListElement\":[{\"@type\":\"ListItem\",\"position\":1,\"name\":\"Accueil\",\"item\":\"https:\/\/tracesdevoyages.com\/\"},{\"@type\":\"ListItem\",\"position\":2,\"name\":\"Comme un local: La Rochelle, notre ville de coeur\"}]},{\"@type\":\"WebSite\",\"@id\":\"https:\/\/tracesdevoyages.com\/#website\",\"url\":\"https:\/\/tracesdevoyages.com\/\",\"name\":\"Traces de Voyages\",\"description\":\"Blog de voyages\",\"publisher\":{\"@id\":\"https:\/\/tracesdevoyages.com\/#organization\"},\"potentialAction\":[{\"@type\":\"SearchAction\",\"target\":{\"@type\":\"EntryPoint\",\"urlTemplate\":\"https:\/\/tracesdevoyages.com\/?s={search_term_string}\"},\"query-input\":{\"@type\":\"PropertyValueSpecification\",\"valueRequired\":true,\"valueName\":\"search_term_string\"}}],\"inLanguage\":\"fr-FR\"},{\"@type\":\"Organization\",\"@id\":\"https:\/\/tracesdevoyages.com\/#organization\",\"name\":\"Traces de Voyages\",\"url\":\"https:\/\/tracesdevoyages.com\/\",\"logo\":{\"@type\":\"ImageObject\",\"inLanguage\":\"fr-FR\",\"@id\":\"https:\/\/tracesdevoyages.com\/#\/schema\/logo\/image\/\",\"url\":\"https:\/\/i0.wp.com\/tracesdevoyages.com\/wp-content\/uploads\/2025\/01\/cropped-Traces-de-Voyages-LOGO.jpg?fit=512%2C512&ssl=1\",\"contentUrl\":\"https:\/\/i0.wp.com\/tracesdevoyages.com\/wp-content\/uploads\/2025\/01\/cropped-Traces-de-Voyages-LOGO.jpg?fit=512%2C512&ssl=1\",\"width\":512,\"height\":512,\"caption\":\"Traces de Voyages\"},\"image\":{\"@id\":\"https:\/\/tracesdevoyages.com\/#\/schema\/logo\/image\/\"},\"sameAs\":[\"https:\/\/www.facebook.com\/tracesdevoyages\/\",\"https:\/\/x.com\/TracesdeVoyages\",\"https:\/\/www.instagram.com\/tracesdevoyages\/\",\"https:\/\/fr.pinterest.com\/tracesdevoyages\/\",\"https:\/\/www.youtube.com\/channel\/UC240N7Neo4xrJRYcW3UhDaQ\/\"]},{\"@type\":\"Person\",\"@id\":\"https:\/\/tracesdevoyages.com\/#\/schema\/person\/407749fd8c63f4e19e1f4d61c3df1dd3\",\"name\":\"tracesdevoyages\",\"image\":{\"@type\":\"ImageObject\",\"inLanguage\":\"fr-FR\",\"@id\":\"https:\/\/tracesdevoyages.com\/#\/schema\/person\/image\/\",\"url\":\"https:\/\/secure.gravatar.com\/avatar\/89665a7661ade021f231fa4edee45d02595de0df2c6ac04037b09ce699dd6d89?s=96&d=mm&r=g\",\"contentUrl\":\"https:\/\/secure.gravatar.com\/avatar\/89665a7661ade021f231fa4edee45d02595de0df2c6ac04037b09ce699dd6d89?s=96&d=mm&r=g\",\"caption\":\"tracesdevoyages\"},\"url\":\"https:\/\/tracesdevoyages.com\/index.php\/author\/tracesdevoyages\/\"}]}<\/script>\n<!-- \/ Yoast SEO plugin. -->","yoast_head_json":{"title":"Comme un local: La Rochelle, notre ville de coeur - Traces de Voyages","description":"D\u00e9couvrez notre belle ville de La Rochelle o\u00f9 nous avons la chance de vivre depuis 2007. Un lieu riche en histoire, architecture, nature et gastronomie.","robots":{"index":"index","follow":"follow","max-snippet":"max-snippet:-1","max-image-preview":"max-image-preview:large","max-video-preview":"max-video-preview:-1"},"canonical":"https:\/\/tracesdevoyages.com\/index.php\/2016\/05\/23\/comme-un-local-la-rochelle-notre-ville-de-coeur\/","og_locale":"fr_FR","og_type":"article","og_title":"Comme un local: La Rochelle, notre ville de coeur - Traces de Voyages","og_description":"D\u00e9couvrez notre belle ville de La Rochelle o\u00f9 nous avons la chance de vivre depuis 2007. Un lieu riche en histoire, architecture, nature et gastronomie.","og_url":"https:\/\/tracesdevoyages.com\/index.php\/2016\/05\/23\/comme-un-local-la-rochelle-notre-ville-de-coeur\/","og_site_name":"Traces de Voyages","article_publisher":"https:\/\/www.facebook.com\/tracesdevoyages\/","article_published_time":"2016-05-23T09:37:29+00:00","author":"tracesdevoyages","twitter_card":"summary_large_image","twitter_creator":"@TracesdeVoyages","twitter_site":"@TracesdeVoyages","twitter_misc":{"\u00c9crit par":"tracesdevoyages","Dur\u00e9e de lecture estim\u00e9e":"7 minutes"},"schema":{"@context":"https:\/\/schema.org","@graph":[{"@type":"Article","@id":"https:\/\/tracesdevoyages.com\/index.php\/2016\/05\/23\/comme-un-local-la-rochelle-notre-ville-de-coeur\/#article","isPartOf":{"@id":"https:\/\/tracesdevoyages.com\/index.php\/2016\/05\/23\/comme-un-local-la-rochelle-notre-ville-de-coeur\/"},"author":{"name":"tracesdevoyages","@id":"https:\/\/tracesdevoyages.com\/#\/schema\/person\/407749fd8c63f4e19e1f4d61c3df1dd3"},"headline":"Comme un local: La Rochelle, notre ville de coeur","datePublished":"2016-05-23T09:37:29+00:00","mainEntityOfPage":{"@id":"https:\/\/tracesdevoyages.com\/index.php\/2016\/05\/23\/comme-un-local-la-rochelle-notre-ville-de-coeur\/"},"wordCount":1351,"commentCount":7,"publisher":{"@id":"https:\/\/tracesdevoyages.com\/#organization"},"image":{"@id":"https:\/\/tracesdevoyages.com\/index.php\/2016\/05\/23\/comme-un-local-la-rochelle-notre-ville-de-coeur\/#primaryimage"},"thumbnailUrl":"","keywords":["CharenteMaritime","Destination","Escapade","Europe","Evasion","France","LaRochelle","Tourisme","Vacances","Ville","Voyage"],"articleSection":["Comme un Local","Europe","France","Nouvelle-Aquitaine","Th\u00e8mes","Voyages"],"inLanguage":"fr-FR","potentialAction":[{"@type":"CommentAction","name":"Comment","target":["https:\/\/tracesdevoyages.com\/index.php\/2016\/05\/23\/comme-un-local-la-rochelle-notre-ville-de-coeur\/#respond"]}]},{"@type":"WebPage","@id":"https:\/\/tracesdevoyages.com\/index.php\/2016\/05\/23\/comme-un-local-la-rochelle-notre-ville-de-coeur\/","url":"https:\/\/tracesdevoyages.com\/index.php\/2016\/05\/23\/comme-un-local-la-rochelle-notre-ville-de-coeur\/","name":"Comme un local: La Rochelle, notre ville de coeur - Traces de Voyages","isPartOf":{"@id":"https:\/\/tracesdevoyages.com\/#website"},"primaryImageOfPage":{"@id":"https:\/\/tracesdevoyages.com\/index.php\/2016\/05\/23\/comme-un-local-la-rochelle-notre-ville-de-coeur\/#primaryimage"},"image":{"@id":"https:\/\/tracesdevoyages.com\/index.php\/2016\/05\/23\/comme-un-local-la-rochelle-notre-ville-de-coeur\/#primaryimage"},"thumbnailUrl":"","datePublished":"2016-05-23T09:37:29+00:00","description":"D\u00e9couvrez notre belle ville de La Rochelle o\u00f9 nous avons la chance de vivre depuis 2007. Un lieu riche en histoire, architecture, nature et gastronomie.","breadcrumb":{"@id":"https:\/\/tracesdevoyages.com\/index.php\/2016\/05\/23\/comme-un-local-la-rochelle-notre-ville-de-coeur\/#breadcrumb"},"inLanguage":"fr-FR","potentialAction":[{"@type":"ReadAction","target":["https:\/\/tracesdevoyages.com\/index.php\/2016\/05\/23\/comme-un-local-la-rochelle-notre-ville-de-coeur\/"]}]},{"@type":"ImageObject","inLanguage":"fr-FR","@id":"https:\/\/tracesdevoyages.com\/index.php\/2016\/05\/23\/comme-un-local-la-rochelle-notre-ville-de-coeur\/#primaryimage","url":"","contentUrl":""},{"@type":"BreadcrumbList","@id":"https:\/\/tracesdevoyages.com\/index.php\/2016\/05\/23\/comme-un-local-la-rochelle-notre-ville-de-coeur\/#breadcrumb","itemListElement":[{"@type":"ListItem","position":1,"name":"Accueil","item":"https:\/\/tracesdevoyages.com\/"},{"@type":"ListItem","position":2,"name":"Comme un local: La Rochelle, notre ville de coeur"}]},{"@type":"WebSite","@id":"https:\/\/tracesdevoyages.com\/#website","url":"https:\/\/tracesdevoyages.com\/","name":"Traces de Voyages","description":"Blog de voyages","publisher":{"@id":"https:\/\/tracesdevoyages.com\/#organization"},"potentialAction":[{"@type":"SearchAction","target":{"@type":"EntryPoint","urlTemplate":"https:\/\/tracesdevoyages.com\/?s={search_term_string}"},"query-input":{"@type":"PropertyValueSpecification","valueRequired":true,"valueName":"search_term_string"}}],"inLanguage":"fr-FR"},{"@type":"Organization","@id":"https:\/\/tracesdevoyages.com\/#organization","name":"Traces de Voyages","url":"https:\/\/tracesdevoyages.com\/","logo":{"@type":"ImageObject","inLanguage":"fr-FR","@id":"https:\/\/tracesdevoyages.com\/#\/schema\/logo\/image\/","url":"https:\/\/i0.wp.com\/tracesdevoyages.com\/wp-content\/uploads\/2025\/01\/cropped-Traces-de-Voyages-LOGO.jpg?fit=512%2C512&ssl=1","contentUrl":"https:\/\/i0.wp.com\/tracesdevoyages.com\/wp-content\/uploads\/2025\/01\/cropped-Traces-de-Voyages-LOGO.jpg?fit=512%2C512&ssl=1","width":512,"height":512,"caption":"Traces de Voyages"},"image":{"@id":"https:\/\/tracesdevoyages.com\/#\/schema\/logo\/image\/"},"sameAs":["https:\/\/www.facebook.com\/tracesdevoyages\/","https:\/\/x.com\/TracesdeVoyages","https:\/\/www.instagram.com\/tracesdevoyages\/","https:\/\/fr.pinterest.com\/tracesdevoyages\/","https:\/\/www.youtube.com\/channel\/UC240N7Neo4xrJRYcW3UhDaQ\/"]},{"@type":"Person","@id":"https:\/\/tracesdevoyages.com\/#\/schema\/person\/407749fd8c63f4e19e1f4d61c3df1dd3","name":"tracesdevoyages","image":{"@type":"ImageObject","inLanguage":"fr-FR","@id":"https:\/\/tracesdevoyages.com\/#\/schema\/person\/image\/","url":"https:\/\/secure.gravatar.com\/avatar\/89665a7661ade021f231fa4edee45d02595de0df2c6ac04037b09ce699dd6d89?s=96&d=mm&r=g","contentUrl":"https:\/\/secure.gravatar.com\/avatar\/89665a7661ade021f231fa4edee45d02595de0df2c6ac04037b09ce699dd6d89?s=96&d=mm&r=g","caption":"tracesdevoyages"},"url":"https:\/\/tracesdevoyages.com\/index.php\/author\/tracesdevoyages\/"}]}},"jetpack_featured_media_url":"","jetpack_sharing_enabled":true,"_links":{"self":[{"href":"https:\/\/tracesdevoyages.com\/index.php\/wp-json\/wp\/v2\/posts\/1386","targetHints":{"allow":["GET"]}}],"collection":[{"href":"https:\/\/tracesdevoyages.com\/index.php\/wp-json\/wp\/v2\/posts"}],"about":[{"href":"https:\/\/tracesdevoyages.com\/index.php\/wp-json\/wp\/v2\/types\/post"}],"author":[{"embeddable":true,"href":"https:\/\/tracesdevoyages.com\/index.php\/wp-json\/wp\/v2\/users\/2"}],"replies":[{"embeddable":true,"href":"https:\/\/tracesdevoyages.com\/index.php\/wp-json\/wp\/v2\/comments?post=1386"}],"version-history":[{"count":0,"href":"https:\/\/tracesdevoyages.com\/index.php\/wp-json\/wp\/v2\/posts\/1386\/revisions"}],"wp:featuredmedia":[{"embeddable":true,"href":"https:\/\/tracesdevoyages.com\/index.php\/wp-json\/"}],"wp:attachment":[{"href":"https:\/\/tracesdevoyages.com\/index.php\/wp-json\/wp\/v2\/media?parent=1386"}],"wp:term":[{"taxonomy":"category","embeddable":true,"href":"https:\/\/tracesdevoyages.com\/index.php\/wp-json\/wp\/v2\/categories?post=1386"},{"taxonomy":"post_tag","embeddable":true,"href":"https:\/\/tracesdevoyages.com\/index.php\/wp-json\/wp\/v2\/tags?post=1386"}],"curies":[{"name":"wp","href":"https:\/\/api.w.org\/{rel}","templated":true}]}}