{"id":14836,"date":"2019-04-07T12:21:08","date_gmt":"2019-04-07T10:21:08","guid":{"rendered":"https:\/\/tracesdevoyages.com\/?p=14836"},"modified":"2019-04-07T12:21:08","modified_gmt":"2019-04-07T10:21:08","slug":"5-experiences-pyrenees-orientales","status":"publish","type":"post","link":"https:\/\/tracesdevoyages.com\/index.php\/2019\/04\/07\/5-experiences-pyrenees-orientales\/","title":{"rendered":"5 exp\u00e9riences \u00e0 vivre dans les Pyr\u00e9n\u00e9es Orientales (France)"},"content":{"rendered":"<p><img data-recalc-dims=\"1\" loading=\"lazy\" decoding=\"async\" class=\"aligncenter size-full wp-image-13086\" src=\"https:\/\/i0.wp.com\/tracesdevoyages.com\/wp-content\/uploads\/2018\/12\/Collioure8.jpg?resize=960%2C638&#038;ssl=1\" alt=\"\" width=\"960\" height=\"638\" \/><\/p>\n<p><strong>Visiter <a href=\"https:\/\/www.collioure.com\/\" target=\"_blank\" rel=\"noopener noreferrer\">Collioure<\/a><\/strong>, jolie ville color\u00e9e de bord de mer o\u00f9 est n\u00e9 le fauvisme gr\u00e2ce au peintre Matisse.<\/p>\n<p><strong>Prendre la route du Cap B\u00e9ar<\/strong> et admirer la vue sur la c\u00f4te depuis le phare.<\/p>\n<p><strong>D\u00e9couvrir l&rsquo;histoire de la Retirada<\/strong> en se rendant au <a href=\"http:\/\/www.argeles-sur-mer.com\/decouvrir\/patrimoine-culturel\/memorial-du-camp-d-argeles-sur-mer\" target=\"_blank\" rel=\"noopener noreferrer\">M\u00e9morial du Camp<\/a> et \u00e0 la <a href=\"http:\/\/www.maternitesuissedelne.com\/\" target=\"_blank\" rel=\"noopener noreferrer\">Maternit\u00e9 Suisse<\/a>.<\/p>\n<p><strong>Go\u00fbter aux anchois de la maison <\/strong><a href=\"https:\/\/www.anchois-roque.com\/\" target=\"_blank\" rel=\"noopener noreferrer\"><strong>Roque<\/strong><\/a>, une institution \u00e0 Collioure.<\/p>\n<p><strong>Randonner dans le Massif des Alb\u00e8res<\/strong> et monter jusqu&rsquo;\u00e0 la Tour de la Massane pour une vue \u00e0 180\u00b0 sur la M\u00e9diterran\u00e9e.<\/p>\n<p><img data-recalc-dims=\"1\" loading=\"lazy\" decoding=\"async\" class=\"aligncenter size-full wp-image-13123\" src=\"https:\/\/i0.wp.com\/tracesdevoyages.com\/wp-content\/uploads\/2018\/12\/Maternit%C3%A91.jpg?resize=960%2C638&#038;ssl=1\" alt=\"\" width=\"960\" height=\"638\" \/><\/p>\n<p>Et pour encore plus d&rsquo;id\u00e9es, rendez-vous sur le site de l&rsquo;<a href=\"https:\/\/www.tourisme-pyreneesorientales.com\/\" target=\"_blank\" rel=\"noopener noreferrer\">Office de Tourisme des Pyr\u00e9n\u00e9es Orientales<\/a>.<\/p>\n<hr \/>\n<p>https:\/\/www.pinterest.fr\/pin\/804525920913258004\/<\/p>\n","protected":false},"excerpt":{"rendered":"<p>Visiter Collioure, jolie ville color\u00e9e de bord de mer o\u00f9 est n\u00e9 le fauvisme gr\u00e2ce au peintre Matisse. Prendre la route du Cap B\u00e9ar et admirer la vue sur la c\u00f4te depuis le phare. D\u00e9couvrir l&rsquo;histoire de la Retirada en se rendant au M\u00e9morial du Camp et \u00e0 la Maternit\u00e9 Suisse. Go\u00fbter aux anchois de la maison Roque, une institution \u00e0 Collioure. Randonner dans le Massif des Alb\u00e8res et monter jusqu&rsquo;\u00e0 la Tour de la Massane pour une vue \u00e0 180\u00b0 sur la M\u00e9diterran\u00e9e. Et pour encore plus d&rsquo;id\u00e9es, rendez-vous sur le site de l&rsquo;Office de Tourisme des Pyr\u00e9n\u00e9es Orientales. https:\/\/www.pinterest.fr\/pin\/804525920913258004\/<\/p>\n","protected":false},"author":2,"featured_media":13098,"comment_status":"open","ping_status":"closed","sticky":false,"template":"","format":"standard","meta":{"_jetpack_memberships_contains_paid_content":false,"footnotes":""},"categories":[7,21,22,36,5,6],"tags":[203,310,341],"class_list":["post-14836","post","type-post","status-publish","format-standard","has-post-thumbnail","hentry","category-5-experiences","category-europe","category-france","category-occitanie","category-themes","category-voyages","tag-france","tag-occitanie","tag-pyreneesorientales"],"yoast_head":"<!-- This site is optimized with the Yoast SEO plugin v26.3 - https:\/\/yoast.com\/wordpress\/plugins\/seo\/ -->\n<title>5 exp\u00e9riences \u00e0 vivre dans les Pyr\u00e9n\u00e9es Orientales (France) - Traces de Voyages<\/title>\n<meta name=\"description\" content=\"D\u00e9couvrez nos 5 coups de coeur pour un s\u00e9jour r\u00e9ussi dans les Pyr\u00e9n\u00e9es Orientales en France.\" \/>\n<meta name=\"robots\" content=\"index, follow, max-snippet:-1, max-image-preview:large, max-video-preview:-1\" \/>\n<link rel=\"canonical\" href=\"https:\/\/tracesdevoyages.com\/index.php\/2019\/04\/07\/5-experiences-pyrenees-orientales\/\" \/>\n<meta property=\"og:locale\" content=\"fr_FR\" \/>\n<meta property=\"og:type\" content=\"article\" \/>\n<meta property=\"og:title\" content=\"5 exp\u00e9riences \u00e0 vivre dans les Pyr\u00e9n\u00e9es Orientales (France) - Traces de Voyages\" \/>\n<meta property=\"og:description\" content=\"D\u00e9couvrez nos 5 coups de coeur pour un s\u00e9jour r\u00e9ussi dans les Pyr\u00e9n\u00e9es Orientales en France.\" \/>\n<meta property=\"og:url\" content=\"https:\/\/tracesdevoyages.com\/index.php\/2019\/04\/07\/5-experiences-pyrenees-orientales\/\" \/>\n<meta property=\"og:site_name\" content=\"Traces de Voyages\" \/>\n<meta property=\"article:publisher\" content=\"https:\/\/www.facebook.com\/tracesdevoyages\/\" \/>\n<meta property=\"article:published_time\" content=\"2019-04-07T10:21:08+00:00\" \/>\n<meta name=\"author\" content=\"tracesdevoyages\" \/>\n<meta name=\"twitter:card\" content=\"summary_large_image\" \/>\n<meta name=\"twitter:creator\" content=\"@TracesdeVoyages\" \/>\n<meta name=\"twitter:site\" content=\"@TracesdeVoyages\" \/>\n<meta name=\"twitter:label1\" content=\"\u00c9crit par\" \/>\n\t<meta name=\"twitter:data1\" content=\"tracesdevoyages\" \/>\n\t<meta name=\"twitter:label2\" content=\"Dur\u00e9e de lecture estim\u00e9e\" \/>\n\t<meta name=\"twitter:data2\" content=\"1 minute\" \/>\n<script type=\"application\/ld+json\" class=\"yoast-schema-graph\">{\"@context\":\"https:\/\/schema.org\",\"@graph\":[{\"@type\":\"Article\",\"@id\":\"https:\/\/tracesdevoyages.com\/index.php\/2019\/04\/07\/5-experiences-pyrenees-orientales\/#article\",\"isPartOf\":{\"@id\":\"https:\/\/tracesdevoyages.com\/index.php\/2019\/04\/07\/5-experiences-pyrenees-orientales\/\"},\"author\":{\"name\":\"tracesdevoyages\",\"@id\":\"https:\/\/tracesdevoyages.com\/#\/schema\/person\/407749fd8c63f4e19e1f4d61c3df1dd3\"},\"headline\":\"5 exp\u00e9riences \u00e0 vivre dans les Pyr\u00e9n\u00e9es Orientales (France)\",\"datePublished\":\"2019-04-07T10:21:08+00:00\",\"mainEntityOfPage\":{\"@id\":\"https:\/\/tracesdevoyages.com\/index.php\/2019\/04\/07\/5-experiences-pyrenees-orientales\/\"},\"wordCount\":127,\"commentCount\":0,\"publisher\":{\"@id\":\"https:\/\/tracesdevoyages.com\/#organization\"},\"image\":{\"@id\":\"https:\/\/tracesdevoyages.com\/index.php\/2019\/04\/07\/5-experiences-pyrenees-orientales\/#primaryimage\"},\"thumbnailUrl\":\"\",\"keywords\":[\"France\",\"Occitanie\",\"Pyr\u00e9n\u00e9esOrientales\"],\"articleSection\":[\"5 exp\u00e9riences\",\"Europe\",\"France\",\"Occitanie\",\"Th\u00e8mes\",\"Voyages\"],\"inLanguage\":\"fr-FR\",\"potentialAction\":[{\"@type\":\"CommentAction\",\"name\":\"Comment\",\"target\":[\"https:\/\/tracesdevoyages.com\/index.php\/2019\/04\/07\/5-experiences-pyrenees-orientales\/#respond\"]}]},{\"@type\":\"WebPage\",\"@id\":\"https:\/\/tracesdevoyages.com\/index.php\/2019\/04\/07\/5-experiences-pyrenees-orientales\/\",\"url\":\"https:\/\/tracesdevoyages.com\/index.php\/2019\/04\/07\/5-experiences-pyrenees-orientales\/\",\"name\":\"5 exp\u00e9riences \u00e0 vivre dans les Pyr\u00e9n\u00e9es Orientales (France) - Traces de Voyages\",\"isPartOf\":{\"@id\":\"https:\/\/tracesdevoyages.com\/#website\"},\"primaryImageOfPage\":{\"@id\":\"https:\/\/tracesdevoyages.com\/index.php\/2019\/04\/07\/5-experiences-pyrenees-orientales\/#primaryimage\"},\"image\":{\"@id\":\"https:\/\/tracesdevoyages.com\/index.php\/2019\/04\/07\/5-experiences-pyrenees-orientales\/#primaryimage\"},\"thumbnailUrl\":\"\",\"datePublished\":\"2019-04-07T10:21:08+00:00\",\"description\":\"D\u00e9couvrez nos 5 coups de coeur pour un s\u00e9jour r\u00e9ussi dans les Pyr\u00e9n\u00e9es Orientales en France.\",\"breadcrumb\":{\"@id\":\"https:\/\/tracesdevoyages.com\/index.php\/2019\/04\/07\/5-experiences-pyrenees-orientales\/#breadcrumb\"},\"inLanguage\":\"fr-FR\",\"potentialAction\":[{\"@type\":\"ReadAction\",\"target\":[\"https:\/\/tracesdevoyages.com\/index.php\/2019\/04\/07\/5-experiences-pyrenees-orientales\/\"]}]},{\"@type\":\"ImageObject\",\"inLanguage\":\"fr-FR\",\"@id\":\"https:\/\/tracesdevoyages.com\/index.php\/2019\/04\/07\/5-experiences-pyrenees-orientales\/#primaryimage\",\"url\":\"\",\"contentUrl\":\"\"},{\"@type\":\"BreadcrumbList\",\"@id\":\"https:\/\/tracesdevoyages.com\/index.php\/2019\/04\/07\/5-experiences-pyrenees-orientales\/#breadcrumb\",\"itemListElement\":[{\"@type\":\"ListItem\",\"position\":1,\"name\":\"Accueil\",\"item\":\"https:\/\/tracesdevoyages.com\/\"},{\"@type\":\"ListItem\",\"position\":2,\"name\":\"5 exp\u00e9riences \u00e0 vivre dans les Pyr\u00e9n\u00e9es Orientales (France)\"}]},{\"@type\":\"WebSite\",\"@id\":\"https:\/\/tracesdevoyages.com\/#website\",\"url\":\"https:\/\/tracesdevoyages.com\/\",\"name\":\"Traces de Voyages\",\"description\":\"Blog de voyages\",\"publisher\":{\"@id\":\"https:\/\/tracesdevoyages.com\/#organization\"},\"potentialAction\":[{\"@type\":\"SearchAction\",\"target\":{\"@type\":\"EntryPoint\",\"urlTemplate\":\"https:\/\/tracesdevoyages.com\/?s={search_term_string}\"},\"query-input\":{\"@type\":\"PropertyValueSpecification\",\"valueRequired\":true,\"valueName\":\"search_term_string\"}}],\"inLanguage\":\"fr-FR\"},{\"@type\":\"Organization\",\"@id\":\"https:\/\/tracesdevoyages.com\/#organization\",\"name\":\"Traces de Voyages\",\"url\":\"https:\/\/tracesdevoyages.com\/\",\"logo\":{\"@type\":\"ImageObject\",\"inLanguage\":\"fr-FR\",\"@id\":\"https:\/\/tracesdevoyages.com\/#\/schema\/logo\/image\/\",\"url\":\"https:\/\/i0.wp.com\/tracesdevoyages.com\/wp-content\/uploads\/2025\/01\/cropped-Traces-de-Voyages-LOGO.jpg?fit=512%2C512&ssl=1\",\"contentUrl\":\"https:\/\/i0.wp.com\/tracesdevoyages.com\/wp-content\/uploads\/2025\/01\/cropped-Traces-de-Voyages-LOGO.jpg?fit=512%2C512&ssl=1\",\"width\":512,\"height\":512,\"caption\":\"Traces de Voyages\"},\"image\":{\"@id\":\"https:\/\/tracesdevoyages.com\/#\/schema\/logo\/image\/\"},\"sameAs\":[\"https:\/\/www.facebook.com\/tracesdevoyages\/\",\"https:\/\/x.com\/TracesdeVoyages\",\"https:\/\/www.instagram.com\/tracesdevoyages\/\",\"https:\/\/fr.pinterest.com\/tracesdevoyages\/\",\"https:\/\/www.youtube.com\/channel\/UC240N7Neo4xrJRYcW3UhDaQ\/\"]},{\"@type\":\"Person\",\"@id\":\"https:\/\/tracesdevoyages.com\/#\/schema\/person\/407749fd8c63f4e19e1f4d61c3df1dd3\",\"name\":\"tracesdevoyages\",\"image\":{\"@type\":\"ImageObject\",\"inLanguage\":\"fr-FR\",\"@id\":\"https:\/\/tracesdevoyages.com\/#\/schema\/person\/image\/\",\"url\":\"https:\/\/secure.gravatar.com\/avatar\/89665a7661ade021f231fa4edee45d02595de0df2c6ac04037b09ce699dd6d89?s=96&d=mm&r=g\",\"contentUrl\":\"https:\/\/secure.gravatar.com\/avatar\/89665a7661ade021f231fa4edee45d02595de0df2c6ac04037b09ce699dd6d89?s=96&d=mm&r=g\",\"caption\":\"tracesdevoyages\"},\"url\":\"https:\/\/tracesdevoyages.com\/index.php\/author\/tracesdevoyages\/\"}]}<\/script>\n<!-- \/ Yoast SEO plugin. -->","yoast_head_json":{"title":"5 exp\u00e9riences \u00e0 vivre dans les Pyr\u00e9n\u00e9es Orientales (France) - Traces de Voyages","description":"D\u00e9couvrez nos 5 coups de coeur pour un s\u00e9jour r\u00e9ussi dans les Pyr\u00e9n\u00e9es Orientales en France.","robots":{"index":"index","follow":"follow","max-snippet":"max-snippet:-1","max-image-preview":"max-image-preview:large","max-video-preview":"max-video-preview:-1"},"canonical":"https:\/\/tracesdevoyages.com\/index.php\/2019\/04\/07\/5-experiences-pyrenees-orientales\/","og_locale":"fr_FR","og_type":"article","og_title":"5 exp\u00e9riences \u00e0 vivre dans les Pyr\u00e9n\u00e9es Orientales (France) - Traces de Voyages","og_description":"D\u00e9couvrez nos 5 coups de coeur pour un s\u00e9jour r\u00e9ussi dans les Pyr\u00e9n\u00e9es Orientales en France.","og_url":"https:\/\/tracesdevoyages.com\/index.php\/2019\/04\/07\/5-experiences-pyrenees-orientales\/","og_site_name":"Traces de Voyages","article_publisher":"https:\/\/www.facebook.com\/tracesdevoyages\/","article_published_time":"2019-04-07T10:21:08+00:00","author":"tracesdevoyages","twitter_card":"summary_large_image","twitter_creator":"@TracesdeVoyages","twitter_site":"@TracesdeVoyages","twitter_misc":{"\u00c9crit par":"tracesdevoyages","Dur\u00e9e de lecture estim\u00e9e":"1 minute"},"schema":{"@context":"https:\/\/schema.org","@graph":[{"@type":"Article","@id":"https:\/\/tracesdevoyages.com\/index.php\/2019\/04\/07\/5-experiences-pyrenees-orientales\/#article","isPartOf":{"@id":"https:\/\/tracesdevoyages.com\/index.php\/2019\/04\/07\/5-experiences-pyrenees-orientales\/"},"author":{"name":"tracesdevoyages","@id":"https:\/\/tracesdevoyages.com\/#\/schema\/person\/407749fd8c63f4e19e1f4d61c3df1dd3"},"headline":"5 exp\u00e9riences \u00e0 vivre dans les Pyr\u00e9n\u00e9es Orientales (France)","datePublished":"2019-04-07T10:21:08+00:00","mainEntityOfPage":{"@id":"https:\/\/tracesdevoyages.com\/index.php\/2019\/04\/07\/5-experiences-pyrenees-orientales\/"},"wordCount":127,"commentCount":0,"publisher":{"@id":"https:\/\/tracesdevoyages.com\/#organization"},"image":{"@id":"https:\/\/tracesdevoyages.com\/index.php\/2019\/04\/07\/5-experiences-pyrenees-orientales\/#primaryimage"},"thumbnailUrl":"","keywords":["France","Occitanie","Pyr\u00e9n\u00e9esOrientales"],"articleSection":["5 exp\u00e9riences","Europe","France","Occitanie","Th\u00e8mes","Voyages"],"inLanguage":"fr-FR","potentialAction":[{"@type":"CommentAction","name":"Comment","target":["https:\/\/tracesdevoyages.com\/index.php\/2019\/04\/07\/5-experiences-pyrenees-orientales\/#respond"]}]},{"@type":"WebPage","@id":"https:\/\/tracesdevoyages.com\/index.php\/2019\/04\/07\/5-experiences-pyrenees-orientales\/","url":"https:\/\/tracesdevoyages.com\/index.php\/2019\/04\/07\/5-experiences-pyrenees-orientales\/","name":"5 exp\u00e9riences \u00e0 vivre dans les Pyr\u00e9n\u00e9es Orientales (France) - Traces de Voyages","isPartOf":{"@id":"https:\/\/tracesdevoyages.com\/#website"},"primaryImageOfPage":{"@id":"https:\/\/tracesdevoyages.com\/index.php\/2019\/04\/07\/5-experiences-pyrenees-orientales\/#primaryimage"},"image":{"@id":"https:\/\/tracesdevoyages.com\/index.php\/2019\/04\/07\/5-experiences-pyrenees-orientales\/#primaryimage"},"thumbnailUrl":"","datePublished":"2019-04-07T10:21:08+00:00","description":"D\u00e9couvrez nos 5 coups de coeur pour un s\u00e9jour r\u00e9ussi dans les Pyr\u00e9n\u00e9es Orientales en France.","breadcrumb":{"@id":"https:\/\/tracesdevoyages.com\/index.php\/2019\/04\/07\/5-experiences-pyrenees-orientales\/#breadcrumb"},"inLanguage":"fr-FR","potentialAction":[{"@type":"ReadAction","target":["https:\/\/tracesdevoyages.com\/index.php\/2019\/04\/07\/5-experiences-pyrenees-orientales\/"]}]},{"@type":"ImageObject","inLanguage":"fr-FR","@id":"https:\/\/tracesdevoyages.com\/index.php\/2019\/04\/07\/5-experiences-pyrenees-orientales\/#primaryimage","url":"","contentUrl":""},{"@type":"BreadcrumbList","@id":"https:\/\/tracesdevoyages.com\/index.php\/2019\/04\/07\/5-experiences-pyrenees-orientales\/#breadcrumb","itemListElement":[{"@type":"ListItem","position":1,"name":"Accueil","item":"https:\/\/tracesdevoyages.com\/"},{"@type":"ListItem","position":2,"name":"5 exp\u00e9riences \u00e0 vivre dans les Pyr\u00e9n\u00e9es Orientales (France)"}]},{"@type":"WebSite","@id":"https:\/\/tracesdevoyages.com\/#website","url":"https:\/\/tracesdevoyages.com\/","name":"Traces de Voyages","description":"Blog de voyages","publisher":{"@id":"https:\/\/tracesdevoyages.com\/#organization"},"potentialAction":[{"@type":"SearchAction","target":{"@type":"EntryPoint","urlTemplate":"https:\/\/tracesdevoyages.com\/?s={search_term_string}"},"query-input":{"@type":"PropertyValueSpecification","valueRequired":true,"valueName":"search_term_string"}}],"inLanguage":"fr-FR"},{"@type":"Organization","@id":"https:\/\/tracesdevoyages.com\/#organization","name":"Traces de Voyages","url":"https:\/\/tracesdevoyages.com\/","logo":{"@type":"ImageObject","inLanguage":"fr-FR","@id":"https:\/\/tracesdevoyages.com\/#\/schema\/logo\/image\/","url":"https:\/\/i0.wp.com\/tracesdevoyages.com\/wp-content\/uploads\/2025\/01\/cropped-Traces-de-Voyages-LOGO.jpg?fit=512%2C512&ssl=1","contentUrl":"https:\/\/i0.wp.com\/tracesdevoyages.com\/wp-content\/uploads\/2025\/01\/cropped-Traces-de-Voyages-LOGO.jpg?fit=512%2C512&ssl=1","width":512,"height":512,"caption":"Traces de Voyages"},"image":{"@id":"https:\/\/tracesdevoyages.com\/#\/schema\/logo\/image\/"},"sameAs":["https:\/\/www.facebook.com\/tracesdevoyages\/","https:\/\/x.com\/TracesdeVoyages","https:\/\/www.instagram.com\/tracesdevoyages\/","https:\/\/fr.pinterest.com\/tracesdevoyages\/","https:\/\/www.youtube.com\/channel\/UC240N7Neo4xrJRYcW3UhDaQ\/"]},{"@type":"Person","@id":"https:\/\/tracesdevoyages.com\/#\/schema\/person\/407749fd8c63f4e19e1f4d61c3df1dd3","name":"tracesdevoyages","image":{"@type":"ImageObject","inLanguage":"fr-FR","@id":"https:\/\/tracesdevoyages.com\/#\/schema\/person\/image\/","url":"https:\/\/secure.gravatar.com\/avatar\/89665a7661ade021f231fa4edee45d02595de0df2c6ac04037b09ce699dd6d89?s=96&d=mm&r=g","contentUrl":"https:\/\/secure.gravatar.com\/avatar\/89665a7661ade021f231fa4edee45d02595de0df2c6ac04037b09ce699dd6d89?s=96&d=mm&r=g","caption":"tracesdevoyages"},"url":"https:\/\/tracesdevoyages.com\/index.php\/author\/tracesdevoyages\/"}]}},"jetpack_featured_media_url":"","jetpack_sharing_enabled":true,"_links":{"self":[{"href":"https:\/\/tracesdevoyages.com\/index.php\/wp-json\/wp\/v2\/posts\/14836","targetHints":{"allow":["GET"]}}],"collection":[{"href":"https:\/\/tracesdevoyages.com\/index.php\/wp-json\/wp\/v2\/posts"}],"about":[{"href":"https:\/\/tracesdevoyages.com\/index.php\/wp-json\/wp\/v2\/types\/post"}],"author":[{"embeddable":true,"href":"https:\/\/tracesdevoyages.com\/index.php\/wp-json\/wp\/v2\/users\/2"}],"replies":[{"embeddable":true,"href":"https:\/\/tracesdevoyages.com\/index.php\/wp-json\/wp\/v2\/comments?post=14836"}],"version-history":[{"count":0,"href":"https:\/\/tracesdevoyages.com\/index.php\/wp-json\/wp\/v2\/posts\/14836\/revisions"}],"wp:featuredmedia":[{"embeddable":true,"href":"https:\/\/tracesdevoyages.com\/index.php\/wp-json\/"}],"wp:attachment":[{"href":"https:\/\/tracesdevoyages.com\/index.php\/wp-json\/wp\/v2\/media?parent=14836"}],"wp:term":[{"taxonomy":"category","embeddable":true,"href":"https:\/\/tracesdevoyages.com\/index.php\/wp-json\/wp\/v2\/categories?post=14836"},{"taxonomy":"post_tag","embeddable":true,"href":"https:\/\/tracesdevoyages.com\/index.php\/wp-json\/wp\/v2\/tags?post=14836"}],"curies":[{"name":"wp","href":"https:\/\/api.w.org\/{rel}","templated":true}]}}