{"id":15538,"date":"2019-06-23T14:16:45","date_gmt":"2019-06-23T12:16:45","guid":{"rendered":"https:\/\/tracesdevoyages.com\/?p=15538"},"modified":"2019-06-23T14:16:45","modified_gmt":"2019-06-23T12:16:45","slug":"escapades-souvenirs-bretagne-france","status":"publish","type":"post","link":"https:\/\/tracesdevoyages.com\/index.php\/2019\/06\/23\/escapades-souvenirs-bretagne-france\/","title":{"rendered":"Escapades: Souvenirs de Bretagne (France)"},"content":{"rendered":"<p>La Bretagne a tenu une place importante dans notre enfance, principalement pour M. dont les grands-parents vivaient \u00e0 Saint-Malo. Il a ainsi pass\u00e9 de nombreuses vacances chez eux sur la c\u00f4te Nord. De mon c\u00f4t\u00e9 (Charlotte), mes parents nous ont emmen\u00e9s avec mon fr\u00e8re d\u00e9couvrir diff\u00e9rentes facettes de la r\u00e9gion durant plusieurs ann\u00e9es: la c\u00f4te de Granit Rose, la for\u00eat de Broc\u00e9liande et ses l\u00e9gendes, ainsi que la c\u00f4te Sud.<\/p>\n<p><img data-recalc-dims=\"1\" loading=\"lazy\" decoding=\"async\" class=\"aligncenter size-full wp-image-15546\" src=\"https:\/\/i0.wp.com\/tracesdevoyages.com\/wp-content\/uploads\/2019\/05\/Gouffre-de-Plougrescant-Bretagne.jpg?resize=800%2C1066&#038;ssl=1\" alt=\"\" width=\"800\" height=\"1066\" \/><\/p>\n<p>C&rsquo;est mon histoire et tous les souvenirs qu&rsquo;elle comporte que je vous conte aujourd&rsquo;hui, celle d&rsquo;une jeune femme qui lorsqu&rsquo;elle entendait le mot Bretagne pensait soit \u00e0 la pluie, soit aux l\u00e9gendes entourant le Roi Arthur et ses chevaliers de la table ronde, ou encore aux f\u00e9es et farfadets. Je ne savais pas que la Bretagne \u00e9tait si belle et si diversifi\u00e9e avant de m&rsquo;y rendre. Notre premier voyage fut sur la c\u00f4te de Granit Rose, un lieu merveilleux o\u00f9 l&rsquo;on trouve des rochers color\u00e9s, une mer translucide, des maisons de pierre et une nature verdoyante. La chance nous a accompagn\u00e9s ici puisque je ne me souviens pas avoir vu la pluie, seulement de magnifiques couchers de soleil, de jolies villes et des plages paradisiaques&#8230;<\/p>\n\n<p><img data-recalc-dims=\"1\" loading=\"lazy\" decoding=\"async\" class=\"aligncenter size-full wp-image-15547\" src=\"https:\/\/i0.wp.com\/tracesdevoyages.com\/wp-content\/uploads\/2019\/05\/Locquirec-Bretagne.jpg?resize=960%2C720&#038;ssl=1\" alt=\"\" width=\"960\" height=\"720\" \/><\/p>\n<p>Une autre ann\u00e9e, nous avons d\u00e9couvert avec enchantement la for\u00eat de Broc\u00e9liande abritant le tombeau de Merlin, la fontaine de Barenton, le Ch\u00eane de Guillotin et l&rsquo;arbre d&rsquo;or. Plus au sud, nous nous sommes rendus jusqu&rsquo;aux alignements de Carnac et Pont-Aven o\u00f9 Gargantua aurait laiss\u00e9 son sabot! Moi qui \u00e9tais avide de contes et l\u00e9gendes, je r\u00eavais de me rendre sur ces terres qui en renfermaient de nombreuses. J&rsquo;aurais ador\u00e9 croiser un farfadet, la f\u00e9e M\u00e9lusine, ou m\u00eame un druide au d\u00e9tour d&rsquo;un sentier&#8230; Mon imaginaire a \u00e9t\u00e9 servit car la for\u00eat elle-m\u00eame vous invite \u00e0 la r\u00eaverie.<\/p>\n\n<p><img data-recalc-dims=\"1\" loading=\"lazy\" decoding=\"async\" class=\"aligncenter size-full wp-image-15550\" src=\"https:\/\/i0.wp.com\/tracesdevoyages.com\/wp-content\/uploads\/2019\/05\/Arbre-dOr-Paimpont-Bretagne.jpg?resize=960%2C720&#038;ssl=1\" alt=\"\" width=\"960\" height=\"720\" \/><\/p>\n\n<p>Ce n&rsquo;est que lors de notre dernier voyage sur la c\u00f4te sud que nous avons \u00e9t\u00e9 confront\u00e9s aux caprices de la m\u00e9t\u00e9o. En plein mois d&rsquo;ao\u00fbt, nous avons fait face \u00e0 des temp\u00e9ratures ne d\u00e9passant pas les 12\u00b0 et une pluie battante \u00e0 Pornichet! Et pourtant, c&rsquo;est lors de ce voyage que nous avons d\u00e9gust\u00e9 la meilleur soupe d&rsquo;\u00e9trilles p\u00each\u00e9es \u00e0 pied sur la plage par mon p\u00e8re et mon fr\u00e8re. Comme quoi, peu importe le temps, les souvenirs se forment \u00e0 partir des moments v\u00e9cus avec les gens que l&rsquo;on aime et ce sont eux qui restent \u00e0 tout jamais grav\u00e9s dans nos m\u00e9moires.<\/p>\n\n<hr \/>\n<p style=\"text-align: center;\"><em>N.B. les photos sont celles de mes parents, prises lors de nos voyages en 2005 et 2006.<\/em><\/p>\n<hr \/>\n<h3 style=\"text-align: center;\">Connaissez-vous la Bretagne? Quels sont vos lieux pr\u00e9f\u00e9r\u00e9s?<\/h3>\n<hr \/>\n<p>https:\/\/www.pinterest.fr\/pin\/804525920914771784<\/p>\n","protected":false},"excerpt":{"rendered":"<p>La Bretagne a tenu une place importante dans notre enfance, principalement pour M. dont les grands-parents vivaient \u00e0 Saint-Malo. Il a ainsi pass\u00e9 de nombreuses vacances chez eux sur la c\u00f4te Nord. De mon c\u00f4t\u00e9 (Charlotte), mes parents nous ont emmen\u00e9s avec mon fr\u00e8re d\u00e9couvrir diff\u00e9rentes facettes de la r\u00e9gion durant plusieurs ann\u00e9es: la c\u00f4te de Granit Rose, la for\u00eat de Broc\u00e9liande et ses l\u00e9gendes, ainsi que la c\u00f4te Sud. C&rsquo;est mon histoire et tous les souvenirs qu&rsquo;elle comporte que je vous conte aujourd&rsquo;hui, celle d&rsquo;une jeune femme qui lorsqu&rsquo;elle entendait le mot Bretagne pensait soit \u00e0 la pluie, soit aux l\u00e9gendes entourant le Roi Arthur et ses chevaliers de la table ronde, ou encore aux f\u00e9es et farfadets. Je ne savais pas que la Bretagne \u00e9tait si belle et si diversifi\u00e9e avant de m&rsquo;y rendre. Notre premier voyage fut sur la c\u00f4te de Granit Rose, un lieu merveilleux o\u00f9 l&rsquo;on trouve des rochers color\u00e9s, une mer translucide, des maisons de pierre et une nature verdoyante. La chance nous a accompagn\u00e9s ici puisque je ne me souviens pas avoir vu la pluie, seulement de magnifiques couchers de soleil, de jolies villes et des plages paradisiaques&#8230; Une autre ann\u00e9e, nous avons d\u00e9couvert avec enchantement la for\u00eat de Broc\u00e9liande abritant le tombeau de Merlin, la fontaine de Barenton, le Ch\u00eane de Guillotin et l&rsquo;arbre d&rsquo;or. Plus au sud, nous nous sommes rendus jusqu&rsquo;aux alignements de Carnac et Pont-Aven o\u00f9 Gargantua aurait laiss\u00e9 son sabot! Moi qui \u00e9tais avide de contes et l\u00e9gendes, je r\u00eavais de me rendre sur ces terres qui en renfermaient de nombreuses. J&rsquo;aurais ador\u00e9 croiser un farfadet, la f\u00e9e M\u00e9lusine, ou m\u00eame un druide au d\u00e9tour d&rsquo;un sentier&#8230; Mon imaginaire a \u00e9t\u00e9 servit car la for\u00eat elle-m\u00eame vous invite \u00e0 la r\u00eaverie. Ce n&rsquo;est que lors de notre dernier voyage sur la c\u00f4te sud que nous avons \u00e9t\u00e9 confront\u00e9s aux caprices de la m\u00e9t\u00e9o. En plein mois d&rsquo;ao\u00fbt, nous avons fait face \u00e0 des temp\u00e9ratures ne d\u00e9passant pas les 12\u00b0 et une pluie battante \u00e0 Pornichet! Et pourtant, c&rsquo;est lors de ce voyage que nous avons d\u00e9gust\u00e9 la meilleur soupe d&rsquo;\u00e9trilles p\u00each\u00e9es \u00e0 pied sur la plage par mon p\u00e8re et mon fr\u00e8re. Comme quoi, peu importe le temps, les souvenirs se forment \u00e0 partir des moments v\u00e9cus avec les gens que l&rsquo;on aime et ce sont eux qui restent \u00e0 tout jamais grav\u00e9s dans nos m\u00e9moires. N.B. les photos sont celles de mes parents, prises lors de nos voyages en 2005 et 2006. Connaissez-vous la Bretagne? Quels sont vos lieux pr\u00e9f\u00e9r\u00e9s? https:\/\/www.pinterest.fr\/pin\/804525920914771784<\/p>\n","protected":false},"author":2,"featured_media":15560,"comment_status":"open","ping_status":"closed","sticky":false,"template":"","format":"standard","meta":{"_jetpack_memberships_contains_paid_content":false,"footnotes":""},"categories":[60,20,21,22,32,5,52,6],"tags":[135,203,422],"class_list":["post-15538","post","type-post","status-publish","format-standard","has-post-thumbnail","hentry","category-bretagne","category-escapades","category-europe","category-france","category-nature","category-themes","category-villes","category-voyages","tag-bretagne","tag-france","tag-voyage"],"yoast_head":"<!-- This site is optimized with the Yoast SEO plugin v26.3 - https:\/\/yoast.com\/wordpress\/plugins\/seo\/ -->\n<title>Escapades: Souvenirs de Bretagne (France) - Traces de Voyages<\/title>\n<meta name=\"description\" content=\"Bribes de souvenirs de vancances en famille en Bretagne, une magnifique r\u00e9gion fran\u00e7aise o\u00f9 nous avons pass\u00e9 une partie de notre enfance...\" \/>\n<meta name=\"robots\" content=\"index, follow, max-snippet:-1, max-image-preview:large, max-video-preview:-1\" \/>\n<link rel=\"canonical\" href=\"https:\/\/tracesdevoyages.com\/index.php\/2019\/06\/23\/escapades-souvenirs-bretagne-france\/\" \/>\n<meta property=\"og:locale\" content=\"fr_FR\" \/>\n<meta property=\"og:type\" content=\"article\" \/>\n<meta property=\"og:title\" content=\"Escapades: Souvenirs de Bretagne (France) - Traces de Voyages\" \/>\n<meta property=\"og:description\" content=\"Bribes de souvenirs de vancances en famille en Bretagne, une magnifique r\u00e9gion fran\u00e7aise o\u00f9 nous avons pass\u00e9 une partie de notre enfance...\" \/>\n<meta property=\"og:url\" content=\"https:\/\/tracesdevoyages.com\/index.php\/2019\/06\/23\/escapades-souvenirs-bretagne-france\/\" \/>\n<meta property=\"og:site_name\" content=\"Traces de Voyages\" \/>\n<meta property=\"article:publisher\" content=\"https:\/\/www.facebook.com\/tracesdevoyages\/\" \/>\n<meta property=\"article:published_time\" content=\"2019-06-23T12:16:45+00:00\" \/>\n<meta name=\"author\" content=\"tracesdevoyages\" \/>\n<meta name=\"twitter:card\" content=\"summary_large_image\" \/>\n<meta name=\"twitter:creator\" content=\"@TracesdeVoyages\" \/>\n<meta name=\"twitter:site\" content=\"@TracesdeVoyages\" \/>\n<meta name=\"twitter:label1\" content=\"\u00c9crit par\" \/>\n\t<meta name=\"twitter:data1\" content=\"tracesdevoyages\" \/>\n\t<meta name=\"twitter:label2\" content=\"Dur\u00e9e de lecture estim\u00e9e\" \/>\n\t<meta name=\"twitter:data2\" content=\"2 minutes\" \/>\n<script type=\"application\/ld+json\" class=\"yoast-schema-graph\">{\"@context\":\"https:\/\/schema.org\",\"@graph\":[{\"@type\":\"Article\",\"@id\":\"https:\/\/tracesdevoyages.com\/index.php\/2019\/06\/23\/escapades-souvenirs-bretagne-france\/#article\",\"isPartOf\":{\"@id\":\"https:\/\/tracesdevoyages.com\/index.php\/2019\/06\/23\/escapades-souvenirs-bretagne-france\/\"},\"author\":{\"name\":\"tracesdevoyages\",\"@id\":\"https:\/\/tracesdevoyages.com\/#\/schema\/person\/407749fd8c63f4e19e1f4d61c3df1dd3\"},\"headline\":\"Escapades: Souvenirs de Bretagne (France)\",\"datePublished\":\"2019-06-23T12:16:45+00:00\",\"mainEntityOfPage\":{\"@id\":\"https:\/\/tracesdevoyages.com\/index.php\/2019\/06\/23\/escapades-souvenirs-bretagne-france\/\"},\"wordCount\":510,\"commentCount\":0,\"publisher\":{\"@id\":\"https:\/\/tracesdevoyages.com\/#organization\"},\"image\":{\"@id\":\"https:\/\/tracesdevoyages.com\/index.php\/2019\/06\/23\/escapades-souvenirs-bretagne-france\/#primaryimage\"},\"thumbnailUrl\":\"\",\"keywords\":[\"Bretagne\",\"France\",\"Voyage\"],\"articleSection\":[\"Bretagne\",\"Escapades\",\"Europe\",\"France\",\"Nature\",\"Th\u00e8mes\",\"Villes\",\"Voyages\"],\"inLanguage\":\"fr-FR\",\"potentialAction\":[{\"@type\":\"CommentAction\",\"name\":\"Comment\",\"target\":[\"https:\/\/tracesdevoyages.com\/index.php\/2019\/06\/23\/escapades-souvenirs-bretagne-france\/#respond\"]}]},{\"@type\":\"WebPage\",\"@id\":\"https:\/\/tracesdevoyages.com\/index.php\/2019\/06\/23\/escapades-souvenirs-bretagne-france\/\",\"url\":\"https:\/\/tracesdevoyages.com\/index.php\/2019\/06\/23\/escapades-souvenirs-bretagne-france\/\",\"name\":\"Escapades: Souvenirs de Bretagne (France) - Traces de Voyages\",\"isPartOf\":{\"@id\":\"https:\/\/tracesdevoyages.com\/#website\"},\"primaryImageOfPage\":{\"@id\":\"https:\/\/tracesdevoyages.com\/index.php\/2019\/06\/23\/escapades-souvenirs-bretagne-france\/#primaryimage\"},\"image\":{\"@id\":\"https:\/\/tracesdevoyages.com\/index.php\/2019\/06\/23\/escapades-souvenirs-bretagne-france\/#primaryimage\"},\"thumbnailUrl\":\"\",\"datePublished\":\"2019-06-23T12:16:45+00:00\",\"description\":\"Bribes de souvenirs de vancances en famille en Bretagne, une magnifique r\u00e9gion fran\u00e7aise o\u00f9 nous avons pass\u00e9 une partie de notre enfance...\",\"breadcrumb\":{\"@id\":\"https:\/\/tracesdevoyages.com\/index.php\/2019\/06\/23\/escapades-souvenirs-bretagne-france\/#breadcrumb\"},\"inLanguage\":\"fr-FR\",\"potentialAction\":[{\"@type\":\"ReadAction\",\"target\":[\"https:\/\/tracesdevoyages.com\/index.php\/2019\/06\/23\/escapades-souvenirs-bretagne-france\/\"]}]},{\"@type\":\"ImageObject\",\"inLanguage\":\"fr-FR\",\"@id\":\"https:\/\/tracesdevoyages.com\/index.php\/2019\/06\/23\/escapades-souvenirs-bretagne-france\/#primaryimage\",\"url\":\"\",\"contentUrl\":\"\"},{\"@type\":\"BreadcrumbList\",\"@id\":\"https:\/\/tracesdevoyages.com\/index.php\/2019\/06\/23\/escapades-souvenirs-bretagne-france\/#breadcrumb\",\"itemListElement\":[{\"@type\":\"ListItem\",\"position\":1,\"name\":\"Accueil\",\"item\":\"https:\/\/tracesdevoyages.com\/\"},{\"@type\":\"ListItem\",\"position\":2,\"name\":\"Escapades: Souvenirs de Bretagne (France)\"}]},{\"@type\":\"WebSite\",\"@id\":\"https:\/\/tracesdevoyages.com\/#website\",\"url\":\"https:\/\/tracesdevoyages.com\/\",\"name\":\"Traces de Voyages\",\"description\":\"Blog de voyages\",\"publisher\":{\"@id\":\"https:\/\/tracesdevoyages.com\/#organization\"},\"potentialAction\":[{\"@type\":\"SearchAction\",\"target\":{\"@type\":\"EntryPoint\",\"urlTemplate\":\"https:\/\/tracesdevoyages.com\/?s={search_term_string}\"},\"query-input\":{\"@type\":\"PropertyValueSpecification\",\"valueRequired\":true,\"valueName\":\"search_term_string\"}}],\"inLanguage\":\"fr-FR\"},{\"@type\":\"Organization\",\"@id\":\"https:\/\/tracesdevoyages.com\/#organization\",\"name\":\"Traces de Voyages\",\"url\":\"https:\/\/tracesdevoyages.com\/\",\"logo\":{\"@type\":\"ImageObject\",\"inLanguage\":\"fr-FR\",\"@id\":\"https:\/\/tracesdevoyages.com\/#\/schema\/logo\/image\/\",\"url\":\"https:\/\/i0.wp.com\/tracesdevoyages.com\/wp-content\/uploads\/2025\/01\/cropped-Traces-de-Voyages-LOGO.jpg?fit=512%2C512&ssl=1\",\"contentUrl\":\"https:\/\/i0.wp.com\/tracesdevoyages.com\/wp-content\/uploads\/2025\/01\/cropped-Traces-de-Voyages-LOGO.jpg?fit=512%2C512&ssl=1\",\"width\":512,\"height\":512,\"caption\":\"Traces de Voyages\"},\"image\":{\"@id\":\"https:\/\/tracesdevoyages.com\/#\/schema\/logo\/image\/\"},\"sameAs\":[\"https:\/\/www.facebook.com\/tracesdevoyages\/\",\"https:\/\/x.com\/TracesdeVoyages\",\"https:\/\/www.instagram.com\/tracesdevoyages\/\",\"https:\/\/fr.pinterest.com\/tracesdevoyages\/\",\"https:\/\/www.youtube.com\/channel\/UC240N7Neo4xrJRYcW3UhDaQ\/\"]},{\"@type\":\"Person\",\"@id\":\"https:\/\/tracesdevoyages.com\/#\/schema\/person\/407749fd8c63f4e19e1f4d61c3df1dd3\",\"name\":\"tracesdevoyages\",\"image\":{\"@type\":\"ImageObject\",\"inLanguage\":\"fr-FR\",\"@id\":\"https:\/\/tracesdevoyages.com\/#\/schema\/person\/image\/\",\"url\":\"https:\/\/secure.gravatar.com\/avatar\/89665a7661ade021f231fa4edee45d02595de0df2c6ac04037b09ce699dd6d89?s=96&d=mm&r=g\",\"contentUrl\":\"https:\/\/secure.gravatar.com\/avatar\/89665a7661ade021f231fa4edee45d02595de0df2c6ac04037b09ce699dd6d89?s=96&d=mm&r=g\",\"caption\":\"tracesdevoyages\"},\"url\":\"https:\/\/tracesdevoyages.com\/index.php\/author\/tracesdevoyages\/\"}]}<\/script>\n<!-- \/ Yoast SEO plugin. -->","yoast_head_json":{"title":"Escapades: Souvenirs de Bretagne (France) - Traces de Voyages","description":"Bribes de souvenirs de vancances en famille en Bretagne, une magnifique r\u00e9gion fran\u00e7aise o\u00f9 nous avons pass\u00e9 une partie de notre enfance...","robots":{"index":"index","follow":"follow","max-snippet":"max-snippet:-1","max-image-preview":"max-image-preview:large","max-video-preview":"max-video-preview:-1"},"canonical":"https:\/\/tracesdevoyages.com\/index.php\/2019\/06\/23\/escapades-souvenirs-bretagne-france\/","og_locale":"fr_FR","og_type":"article","og_title":"Escapades: Souvenirs de Bretagne (France) - Traces de Voyages","og_description":"Bribes de souvenirs de vancances en famille en Bretagne, une magnifique r\u00e9gion fran\u00e7aise o\u00f9 nous avons pass\u00e9 une partie de notre enfance...","og_url":"https:\/\/tracesdevoyages.com\/index.php\/2019\/06\/23\/escapades-souvenirs-bretagne-france\/","og_site_name":"Traces de Voyages","article_publisher":"https:\/\/www.facebook.com\/tracesdevoyages\/","article_published_time":"2019-06-23T12:16:45+00:00","author":"tracesdevoyages","twitter_card":"summary_large_image","twitter_creator":"@TracesdeVoyages","twitter_site":"@TracesdeVoyages","twitter_misc":{"\u00c9crit par":"tracesdevoyages","Dur\u00e9e de lecture estim\u00e9e":"2 minutes"},"schema":{"@context":"https:\/\/schema.org","@graph":[{"@type":"Article","@id":"https:\/\/tracesdevoyages.com\/index.php\/2019\/06\/23\/escapades-souvenirs-bretagne-france\/#article","isPartOf":{"@id":"https:\/\/tracesdevoyages.com\/index.php\/2019\/06\/23\/escapades-souvenirs-bretagne-france\/"},"author":{"name":"tracesdevoyages","@id":"https:\/\/tracesdevoyages.com\/#\/schema\/person\/407749fd8c63f4e19e1f4d61c3df1dd3"},"headline":"Escapades: Souvenirs de Bretagne (France)","datePublished":"2019-06-23T12:16:45+00:00","mainEntityOfPage":{"@id":"https:\/\/tracesdevoyages.com\/index.php\/2019\/06\/23\/escapades-souvenirs-bretagne-france\/"},"wordCount":510,"commentCount":0,"publisher":{"@id":"https:\/\/tracesdevoyages.com\/#organization"},"image":{"@id":"https:\/\/tracesdevoyages.com\/index.php\/2019\/06\/23\/escapades-souvenirs-bretagne-france\/#primaryimage"},"thumbnailUrl":"","keywords":["Bretagne","France","Voyage"],"articleSection":["Bretagne","Escapades","Europe","France","Nature","Th\u00e8mes","Villes","Voyages"],"inLanguage":"fr-FR","potentialAction":[{"@type":"CommentAction","name":"Comment","target":["https:\/\/tracesdevoyages.com\/index.php\/2019\/06\/23\/escapades-souvenirs-bretagne-france\/#respond"]}]},{"@type":"WebPage","@id":"https:\/\/tracesdevoyages.com\/index.php\/2019\/06\/23\/escapades-souvenirs-bretagne-france\/","url":"https:\/\/tracesdevoyages.com\/index.php\/2019\/06\/23\/escapades-souvenirs-bretagne-france\/","name":"Escapades: Souvenirs de Bretagne (France) - Traces de Voyages","isPartOf":{"@id":"https:\/\/tracesdevoyages.com\/#website"},"primaryImageOfPage":{"@id":"https:\/\/tracesdevoyages.com\/index.php\/2019\/06\/23\/escapades-souvenirs-bretagne-france\/#primaryimage"},"image":{"@id":"https:\/\/tracesdevoyages.com\/index.php\/2019\/06\/23\/escapades-souvenirs-bretagne-france\/#primaryimage"},"thumbnailUrl":"","datePublished":"2019-06-23T12:16:45+00:00","description":"Bribes de souvenirs de vancances en famille en Bretagne, une magnifique r\u00e9gion fran\u00e7aise o\u00f9 nous avons pass\u00e9 une partie de notre enfance...","breadcrumb":{"@id":"https:\/\/tracesdevoyages.com\/index.php\/2019\/06\/23\/escapades-souvenirs-bretagne-france\/#breadcrumb"},"inLanguage":"fr-FR","potentialAction":[{"@type":"ReadAction","target":["https:\/\/tracesdevoyages.com\/index.php\/2019\/06\/23\/escapades-souvenirs-bretagne-france\/"]}]},{"@type":"ImageObject","inLanguage":"fr-FR","@id":"https:\/\/tracesdevoyages.com\/index.php\/2019\/06\/23\/escapades-souvenirs-bretagne-france\/#primaryimage","url":"","contentUrl":""},{"@type":"BreadcrumbList","@id":"https:\/\/tracesdevoyages.com\/index.php\/2019\/06\/23\/escapades-souvenirs-bretagne-france\/#breadcrumb","itemListElement":[{"@type":"ListItem","position":1,"name":"Accueil","item":"https:\/\/tracesdevoyages.com\/"},{"@type":"ListItem","position":2,"name":"Escapades: Souvenirs de Bretagne (France)"}]},{"@type":"WebSite","@id":"https:\/\/tracesdevoyages.com\/#website","url":"https:\/\/tracesdevoyages.com\/","name":"Traces de Voyages","description":"Blog de voyages","publisher":{"@id":"https:\/\/tracesdevoyages.com\/#organization"},"potentialAction":[{"@type":"SearchAction","target":{"@type":"EntryPoint","urlTemplate":"https:\/\/tracesdevoyages.com\/?s={search_term_string}"},"query-input":{"@type":"PropertyValueSpecification","valueRequired":true,"valueName":"search_term_string"}}],"inLanguage":"fr-FR"},{"@type":"Organization","@id":"https:\/\/tracesdevoyages.com\/#organization","name":"Traces de Voyages","url":"https:\/\/tracesdevoyages.com\/","logo":{"@type":"ImageObject","inLanguage":"fr-FR","@id":"https:\/\/tracesdevoyages.com\/#\/schema\/logo\/image\/","url":"https:\/\/i0.wp.com\/tracesdevoyages.com\/wp-content\/uploads\/2025\/01\/cropped-Traces-de-Voyages-LOGO.jpg?fit=512%2C512&ssl=1","contentUrl":"https:\/\/i0.wp.com\/tracesdevoyages.com\/wp-content\/uploads\/2025\/01\/cropped-Traces-de-Voyages-LOGO.jpg?fit=512%2C512&ssl=1","width":512,"height":512,"caption":"Traces de Voyages"},"image":{"@id":"https:\/\/tracesdevoyages.com\/#\/schema\/logo\/image\/"},"sameAs":["https:\/\/www.facebook.com\/tracesdevoyages\/","https:\/\/x.com\/TracesdeVoyages","https:\/\/www.instagram.com\/tracesdevoyages\/","https:\/\/fr.pinterest.com\/tracesdevoyages\/","https:\/\/www.youtube.com\/channel\/UC240N7Neo4xrJRYcW3UhDaQ\/"]},{"@type":"Person","@id":"https:\/\/tracesdevoyages.com\/#\/schema\/person\/407749fd8c63f4e19e1f4d61c3df1dd3","name":"tracesdevoyages","image":{"@type":"ImageObject","inLanguage":"fr-FR","@id":"https:\/\/tracesdevoyages.com\/#\/schema\/person\/image\/","url":"https:\/\/secure.gravatar.com\/avatar\/89665a7661ade021f231fa4edee45d02595de0df2c6ac04037b09ce699dd6d89?s=96&d=mm&r=g","contentUrl":"https:\/\/secure.gravatar.com\/avatar\/89665a7661ade021f231fa4edee45d02595de0df2c6ac04037b09ce699dd6d89?s=96&d=mm&r=g","caption":"tracesdevoyages"},"url":"https:\/\/tracesdevoyages.com\/index.php\/author\/tracesdevoyages\/"}]}},"jetpack_featured_media_url":"","jetpack_sharing_enabled":true,"_links":{"self":[{"href":"https:\/\/tracesdevoyages.com\/index.php\/wp-json\/wp\/v2\/posts\/15538","targetHints":{"allow":["GET"]}}],"collection":[{"href":"https:\/\/tracesdevoyages.com\/index.php\/wp-json\/wp\/v2\/posts"}],"about":[{"href":"https:\/\/tracesdevoyages.com\/index.php\/wp-json\/wp\/v2\/types\/post"}],"author":[{"embeddable":true,"href":"https:\/\/tracesdevoyages.com\/index.php\/wp-json\/wp\/v2\/users\/2"}],"replies":[{"embeddable":true,"href":"https:\/\/tracesdevoyages.com\/index.php\/wp-json\/wp\/v2\/comments?post=15538"}],"version-history":[{"count":0,"href":"https:\/\/tracesdevoyages.com\/index.php\/wp-json\/wp\/v2\/posts\/15538\/revisions"}],"wp:featuredmedia":[{"embeddable":true,"href":"https:\/\/tracesdevoyages.com\/index.php\/wp-json\/"}],"wp:attachment":[{"href":"https:\/\/tracesdevoyages.com\/index.php\/wp-json\/wp\/v2\/media?parent=15538"}],"wp:term":[{"taxonomy":"category","embeddable":true,"href":"https:\/\/tracesdevoyages.com\/index.php\/wp-json\/wp\/v2\/categories?post=15538"},{"taxonomy":"post_tag","embeddable":true,"href":"https:\/\/tracesdevoyages.com\/index.php\/wp-json\/wp\/v2\/tags?post=15538"}],"curies":[{"name":"wp","href":"https:\/\/api.w.org\/{rel}","templated":true}]}}