{"id":15598,"date":"2019-07-07T16:29:39","date_gmt":"2019-07-07T14:29:39","guid":{"rendered":"https:\/\/tracesdevoyages.com\/?p=15598"},"modified":"2019-07-07T16:29:39","modified_gmt":"2019-07-07T14:29:39","slug":"5-experiences-var-france","status":"publish","type":"post","link":"https:\/\/tracesdevoyages.com\/index.php\/2019\/07\/07\/5-experiences-var-france\/","title":{"rendered":"5 exp\u00e9riences \u00e0 vivre dans le Var (France)"},"content":{"rendered":"<p><img data-recalc-dims=\"1\" loading=\"lazy\" decoding=\"async\" class=\"aligncenter size-full wp-image-14141\" src=\"https:\/\/i0.wp.com\/tracesdevoyages.com\/wp-content\/uploads\/2017\/01\/St-Tropez1.jpg?resize=960%2C638&#038;ssl=1\" alt=\"\" width=\"960\" height=\"638\" \/><\/p>\n<p><strong>Visiter les jolis villages de <a href=\"https:\/\/www.grimaud-provence.com\/\" target=\"_blank\" rel=\"noopener noreferrer\">Port Grimaud<\/a>, <a href=\"https:\/\/gassin.eu\/fr\/\" target=\"_blank\" rel=\"noopener noreferrer\">Gassin<\/a> et <a href=\"https:\/\/www.ramatuelle-tourisme.com\/\" target=\"_blank\" rel=\"noopener noreferrer\">Ramatuelle<\/a>.<\/strong> Villages perch\u00e9s ou port color\u00e9, ces lieux comptent parmi nos endroits pr\u00e9f\u00e9r\u00e9s en France.<\/p>\n<p><strong>Prendre la route D61 jusqu&rsquo;\u00e0 Ramatuelle<\/strong> et admirez le panorama sur la mer m\u00e9diterran\u00e9e. Le paysage m\u00eale collines bois\u00e9es, maquis et vignobles avant de vous offrir une vue superbe sur le Golfe.<\/p>\n<p><strong>Se baigner et chiller sur la plage de <a href=\"https:\/\/www.ramatuelle-tourisme.com\/fr\/decouvrir-la-presquile\/cote-mer\/\" target=\"_blank\" rel=\"noopener noreferrer\">Pampelonne<\/a><\/strong>. De nombreux bar-restaurants et clubs priv\u00e9s sillonnent la plage, profitez-en pour vous prendre un transat et piquer une t\u00eate dans l&rsquo;eau turquoise.<\/p>\n<p><strong>Go\u00fbter aux glaces de <a href=\"http:\/\/barbarac.fr\/\" target=\"_blank\" rel=\"noopener noreferrer\">Barbarac<\/a> \u00e0 Saint-Tropez.<\/strong> De d\u00e9licieuses glaces italiennes avec de multiples parfums \u00e0 base de cr\u00e8me et lait bio.<\/p>\n<p><strong>Se balader dans les rues de <a href=\"https:\/\/www.sainttropeztourisme.com\/fr\/\" target=\"_blank\" rel=\"noopener noreferrer\">Saint-Tropez<\/a><\/strong>. L&rsquo;ancienne citadelle du 16 \u00e8me si\u00e8cle devenue village de p\u00eacheur est \u00e0 pr\u00e9sent un spot tr\u00e8s convoit\u00e9 des c\u00e9l\u00e9brit\u00e9s et l&rsquo;on comprend pourquoi vu sa beaut\u00e9.<\/p>\n<p><img data-recalc-dims=\"1\" loading=\"lazy\" decoding=\"async\" class=\"aligncenter size-full wp-image-14148\" src=\"https:\/\/i0.wp.com\/tracesdevoyages.com\/wp-content\/uploads\/2017\/01\/St-Tropez7.jpg?resize=960%2C638&#038;ssl=1\" alt=\"\" width=\"960\" height=\"638\" \/><\/p>\n<p>Pour plus d&rsquo;id\u00e9es, n&rsquo;h\u00e9sitez pas \u00e0 consulter notre article sur le <a href=\"https:\/\/tracesdevoyages.com\/2017\/01\/22\/comme-un-local-dans-le-golfe-de-saint-tropez\/\" target=\"_blank\" rel=\"noopener noreferrer\">Golfe de Saint-Tropez<\/a> et \u00e0 visiter le site de l&rsquo;<a href=\"https:\/\/tracesdevoyages.com\/2017\/01\/22\/comme-un-local-dans-le-golfe-de-saint-tropez\/\" target=\"_blank\" rel=\"noopener noreferrer\">Office de Tourisme du Var<\/a>.<\/p>\n<hr \/>\n<p>https:\/\/www.pinterest.fr\/pin\/804525920915090467<\/p>\n","protected":false},"excerpt":{"rendered":"<p>Visiter les jolis villages de Port Grimaud, Gassin et Ramatuelle. Villages perch\u00e9s ou port color\u00e9, ces lieux comptent parmi nos endroits pr\u00e9f\u00e9r\u00e9s en France. Prendre la route D61 jusqu&rsquo;\u00e0 Ramatuelle et admirez le panorama sur la mer m\u00e9diterran\u00e9e. Le paysage m\u00eale collines bois\u00e9es, maquis et vignobles avant de vous offrir une vue superbe sur le Golfe. Se baigner et chiller sur la plage de Pampelonne. De nombreux bar-restaurants et clubs priv\u00e9s sillonnent la plage, profitez-en pour vous prendre un transat et piquer une t\u00eate dans l&rsquo;eau turquoise. Go\u00fbter aux glaces de Barbarac \u00e0 Saint-Tropez. De d\u00e9licieuses glaces italiennes avec de multiples parfums \u00e0 base de cr\u00e8me et lait bio. Se balader dans les rues de Saint-Tropez. L&rsquo;ancienne citadelle du 16 \u00e8me si\u00e8cle devenue village de p\u00eacheur est \u00e0 pr\u00e9sent un spot tr\u00e8s convoit\u00e9 des c\u00e9l\u00e9brit\u00e9s et l&rsquo;on comprend pourquoi vu sa beaut\u00e9. Pour plus d&rsquo;id\u00e9es, n&rsquo;h\u00e9sitez pas \u00e0 consulter notre article sur le Golfe de Saint-Tropez et \u00e0 visiter le site de l&rsquo;Office de Tourisme du Var. https:\/\/www.pinterest.fr\/pin\/804525920915090467<\/p>\n","protected":false},"author":2,"featured_media":14146,"comment_status":"open","ping_status":"closed","sticky":false,"template":"","format":"standard","meta":{"_jetpack_memberships_contains_paid_content":false,"footnotes":""},"categories":[7,21,22,41,5,6],"tags":[203,320,410],"class_list":["post-15598","post","type-post","status-publish","format-standard","has-post-thumbnail","hentry","category-5-experiences","category-europe","category-france","category-provence-alpes-cote-d-azur","category-themes","category-voyages","tag-france","tag-paca","tag-var"],"yoast_head":"<!-- This site is optimized with the Yoast SEO plugin v26.3 - https:\/\/yoast.com\/wordpress\/plugins\/seo\/ -->\n<title>5 exp\u00e9riences \u00e0 vivre dans le Var (France) - Traces de Voyages<\/title>\n<meta name=\"description\" content=\"Vous partez bient\u00f4t en vacances dans le Var? D\u00e9couvrez nos 5 exp\u00e9riences coup de coeur du c\u00f4t\u00e9 du Golfe de Saint-Tropez...\" \/>\n<meta name=\"robots\" content=\"index, follow, max-snippet:-1, max-image-preview:large, max-video-preview:-1\" \/>\n<link rel=\"canonical\" href=\"https:\/\/tracesdevoyages.com\/index.php\/2019\/07\/07\/5-experiences-var-france\/\" \/>\n<meta property=\"og:locale\" content=\"fr_FR\" \/>\n<meta property=\"og:type\" content=\"article\" \/>\n<meta property=\"og:title\" content=\"5 exp\u00e9riences \u00e0 vivre dans le Var (France) - Traces de Voyages\" \/>\n<meta property=\"og:description\" content=\"Vous partez bient\u00f4t en vacances dans le Var? D\u00e9couvrez nos 5 exp\u00e9riences coup de coeur du c\u00f4t\u00e9 du Golfe de Saint-Tropez...\" \/>\n<meta property=\"og:url\" content=\"https:\/\/tracesdevoyages.com\/index.php\/2019\/07\/07\/5-experiences-var-france\/\" \/>\n<meta property=\"og:site_name\" content=\"Traces de Voyages\" \/>\n<meta property=\"article:publisher\" content=\"https:\/\/www.facebook.com\/tracesdevoyages\/\" \/>\n<meta property=\"article:published_time\" content=\"2019-07-07T14:29:39+00:00\" \/>\n<meta name=\"author\" content=\"tracesdevoyages\" \/>\n<meta name=\"twitter:card\" content=\"summary_large_image\" \/>\n<meta name=\"twitter:creator\" content=\"@TracesdeVoyages\" \/>\n<meta name=\"twitter:site\" content=\"@TracesdeVoyages\" \/>\n<meta name=\"twitter:label1\" content=\"\u00c9crit par\" \/>\n\t<meta name=\"twitter:data1\" content=\"tracesdevoyages\" \/>\n\t<meta name=\"twitter:label2\" content=\"Dur\u00e9e de lecture estim\u00e9e\" \/>\n\t<meta name=\"twitter:data2\" content=\"1 minute\" \/>\n<script type=\"application\/ld+json\" class=\"yoast-schema-graph\">{\"@context\":\"https:\/\/schema.org\",\"@graph\":[{\"@type\":\"Article\",\"@id\":\"https:\/\/tracesdevoyages.com\/index.php\/2019\/07\/07\/5-experiences-var-france\/#article\",\"isPartOf\":{\"@id\":\"https:\/\/tracesdevoyages.com\/index.php\/2019\/07\/07\/5-experiences-var-france\/\"},\"author\":{\"name\":\"tracesdevoyages\",\"@id\":\"https:\/\/tracesdevoyages.com\/#\/schema\/person\/407749fd8c63f4e19e1f4d61c3df1dd3\"},\"headline\":\"5 exp\u00e9riences \u00e0 vivre dans le Var (France)\",\"datePublished\":\"2019-07-07T14:29:39+00:00\",\"mainEntityOfPage\":{\"@id\":\"https:\/\/tracesdevoyages.com\/index.php\/2019\/07\/07\/5-experiences-var-france\/\"},\"wordCount\":201,\"commentCount\":0,\"publisher\":{\"@id\":\"https:\/\/tracesdevoyages.com\/#organization\"},\"image\":{\"@id\":\"https:\/\/tracesdevoyages.com\/index.php\/2019\/07\/07\/5-experiences-var-france\/#primaryimage\"},\"thumbnailUrl\":\"\",\"keywords\":[\"France\",\"PACA\",\"Var\"],\"articleSection\":[\"5 exp\u00e9riences\",\"Europe\",\"France\",\"Provence-Alpes-C\u00f4te d'Azur\",\"Th\u00e8mes\",\"Voyages\"],\"inLanguage\":\"fr-FR\",\"potentialAction\":[{\"@type\":\"CommentAction\",\"name\":\"Comment\",\"target\":[\"https:\/\/tracesdevoyages.com\/index.php\/2019\/07\/07\/5-experiences-var-france\/#respond\"]}]},{\"@type\":\"WebPage\",\"@id\":\"https:\/\/tracesdevoyages.com\/index.php\/2019\/07\/07\/5-experiences-var-france\/\",\"url\":\"https:\/\/tracesdevoyages.com\/index.php\/2019\/07\/07\/5-experiences-var-france\/\",\"name\":\"5 exp\u00e9riences \u00e0 vivre dans le Var (France) - Traces de Voyages\",\"isPartOf\":{\"@id\":\"https:\/\/tracesdevoyages.com\/#website\"},\"primaryImageOfPage\":{\"@id\":\"https:\/\/tracesdevoyages.com\/index.php\/2019\/07\/07\/5-experiences-var-france\/#primaryimage\"},\"image\":{\"@id\":\"https:\/\/tracesdevoyages.com\/index.php\/2019\/07\/07\/5-experiences-var-france\/#primaryimage\"},\"thumbnailUrl\":\"\",\"datePublished\":\"2019-07-07T14:29:39+00:00\",\"description\":\"Vous partez bient\u00f4t en vacances dans le Var? D\u00e9couvrez nos 5 exp\u00e9riences coup de coeur du c\u00f4t\u00e9 du Golfe de Saint-Tropez...\",\"breadcrumb\":{\"@id\":\"https:\/\/tracesdevoyages.com\/index.php\/2019\/07\/07\/5-experiences-var-france\/#breadcrumb\"},\"inLanguage\":\"fr-FR\",\"potentialAction\":[{\"@type\":\"ReadAction\",\"target\":[\"https:\/\/tracesdevoyages.com\/index.php\/2019\/07\/07\/5-experiences-var-france\/\"]}]},{\"@type\":\"ImageObject\",\"inLanguage\":\"fr-FR\",\"@id\":\"https:\/\/tracesdevoyages.com\/index.php\/2019\/07\/07\/5-experiences-var-france\/#primaryimage\",\"url\":\"\",\"contentUrl\":\"\"},{\"@type\":\"BreadcrumbList\",\"@id\":\"https:\/\/tracesdevoyages.com\/index.php\/2019\/07\/07\/5-experiences-var-france\/#breadcrumb\",\"itemListElement\":[{\"@type\":\"ListItem\",\"position\":1,\"name\":\"Accueil\",\"item\":\"https:\/\/tracesdevoyages.com\/\"},{\"@type\":\"ListItem\",\"position\":2,\"name\":\"5 exp\u00e9riences \u00e0 vivre dans le Var (France)\"}]},{\"@type\":\"WebSite\",\"@id\":\"https:\/\/tracesdevoyages.com\/#website\",\"url\":\"https:\/\/tracesdevoyages.com\/\",\"name\":\"Traces de Voyages\",\"description\":\"Blog de voyages\",\"publisher\":{\"@id\":\"https:\/\/tracesdevoyages.com\/#organization\"},\"potentialAction\":[{\"@type\":\"SearchAction\",\"target\":{\"@type\":\"EntryPoint\",\"urlTemplate\":\"https:\/\/tracesdevoyages.com\/?s={search_term_string}\"},\"query-input\":{\"@type\":\"PropertyValueSpecification\",\"valueRequired\":true,\"valueName\":\"search_term_string\"}}],\"inLanguage\":\"fr-FR\"},{\"@type\":\"Organization\",\"@id\":\"https:\/\/tracesdevoyages.com\/#organization\",\"name\":\"Traces de Voyages\",\"url\":\"https:\/\/tracesdevoyages.com\/\",\"logo\":{\"@type\":\"ImageObject\",\"inLanguage\":\"fr-FR\",\"@id\":\"https:\/\/tracesdevoyages.com\/#\/schema\/logo\/image\/\",\"url\":\"https:\/\/i0.wp.com\/tracesdevoyages.com\/wp-content\/uploads\/2025\/01\/cropped-Traces-de-Voyages-LOGO.jpg?fit=512%2C512&ssl=1\",\"contentUrl\":\"https:\/\/i0.wp.com\/tracesdevoyages.com\/wp-content\/uploads\/2025\/01\/cropped-Traces-de-Voyages-LOGO.jpg?fit=512%2C512&ssl=1\",\"width\":512,\"height\":512,\"caption\":\"Traces de Voyages\"},\"image\":{\"@id\":\"https:\/\/tracesdevoyages.com\/#\/schema\/logo\/image\/\"},\"sameAs\":[\"https:\/\/www.facebook.com\/tracesdevoyages\/\",\"https:\/\/x.com\/TracesdeVoyages\",\"https:\/\/www.instagram.com\/tracesdevoyages\/\",\"https:\/\/fr.pinterest.com\/tracesdevoyages\/\",\"https:\/\/www.youtube.com\/channel\/UC240N7Neo4xrJRYcW3UhDaQ\/\"]},{\"@type\":\"Person\",\"@id\":\"https:\/\/tracesdevoyages.com\/#\/schema\/person\/407749fd8c63f4e19e1f4d61c3df1dd3\",\"name\":\"tracesdevoyages\",\"image\":{\"@type\":\"ImageObject\",\"inLanguage\":\"fr-FR\",\"@id\":\"https:\/\/tracesdevoyages.com\/#\/schema\/person\/image\/\",\"url\":\"https:\/\/secure.gravatar.com\/avatar\/89665a7661ade021f231fa4edee45d02595de0df2c6ac04037b09ce699dd6d89?s=96&d=mm&r=g\",\"contentUrl\":\"https:\/\/secure.gravatar.com\/avatar\/89665a7661ade021f231fa4edee45d02595de0df2c6ac04037b09ce699dd6d89?s=96&d=mm&r=g\",\"caption\":\"tracesdevoyages\"},\"url\":\"https:\/\/tracesdevoyages.com\/index.php\/author\/tracesdevoyages\/\"}]}<\/script>\n<!-- \/ Yoast SEO plugin. -->","yoast_head_json":{"title":"5 exp\u00e9riences \u00e0 vivre dans le Var (France) - Traces de Voyages","description":"Vous partez bient\u00f4t en vacances dans le Var? D\u00e9couvrez nos 5 exp\u00e9riences coup de coeur du c\u00f4t\u00e9 du Golfe de Saint-Tropez...","robots":{"index":"index","follow":"follow","max-snippet":"max-snippet:-1","max-image-preview":"max-image-preview:large","max-video-preview":"max-video-preview:-1"},"canonical":"https:\/\/tracesdevoyages.com\/index.php\/2019\/07\/07\/5-experiences-var-france\/","og_locale":"fr_FR","og_type":"article","og_title":"5 exp\u00e9riences \u00e0 vivre dans le Var (France) - Traces de Voyages","og_description":"Vous partez bient\u00f4t en vacances dans le Var? D\u00e9couvrez nos 5 exp\u00e9riences coup de coeur du c\u00f4t\u00e9 du Golfe de Saint-Tropez...","og_url":"https:\/\/tracesdevoyages.com\/index.php\/2019\/07\/07\/5-experiences-var-france\/","og_site_name":"Traces de Voyages","article_publisher":"https:\/\/www.facebook.com\/tracesdevoyages\/","article_published_time":"2019-07-07T14:29:39+00:00","author":"tracesdevoyages","twitter_card":"summary_large_image","twitter_creator":"@TracesdeVoyages","twitter_site":"@TracesdeVoyages","twitter_misc":{"\u00c9crit par":"tracesdevoyages","Dur\u00e9e de lecture estim\u00e9e":"1 minute"},"schema":{"@context":"https:\/\/schema.org","@graph":[{"@type":"Article","@id":"https:\/\/tracesdevoyages.com\/index.php\/2019\/07\/07\/5-experiences-var-france\/#article","isPartOf":{"@id":"https:\/\/tracesdevoyages.com\/index.php\/2019\/07\/07\/5-experiences-var-france\/"},"author":{"name":"tracesdevoyages","@id":"https:\/\/tracesdevoyages.com\/#\/schema\/person\/407749fd8c63f4e19e1f4d61c3df1dd3"},"headline":"5 exp\u00e9riences \u00e0 vivre dans le Var (France)","datePublished":"2019-07-07T14:29:39+00:00","mainEntityOfPage":{"@id":"https:\/\/tracesdevoyages.com\/index.php\/2019\/07\/07\/5-experiences-var-france\/"},"wordCount":201,"commentCount":0,"publisher":{"@id":"https:\/\/tracesdevoyages.com\/#organization"},"image":{"@id":"https:\/\/tracesdevoyages.com\/index.php\/2019\/07\/07\/5-experiences-var-france\/#primaryimage"},"thumbnailUrl":"","keywords":["France","PACA","Var"],"articleSection":["5 exp\u00e9riences","Europe","France","Provence-Alpes-C\u00f4te d'Azur","Th\u00e8mes","Voyages"],"inLanguage":"fr-FR","potentialAction":[{"@type":"CommentAction","name":"Comment","target":["https:\/\/tracesdevoyages.com\/index.php\/2019\/07\/07\/5-experiences-var-france\/#respond"]}]},{"@type":"WebPage","@id":"https:\/\/tracesdevoyages.com\/index.php\/2019\/07\/07\/5-experiences-var-france\/","url":"https:\/\/tracesdevoyages.com\/index.php\/2019\/07\/07\/5-experiences-var-france\/","name":"5 exp\u00e9riences \u00e0 vivre dans le Var (France) - Traces de Voyages","isPartOf":{"@id":"https:\/\/tracesdevoyages.com\/#website"},"primaryImageOfPage":{"@id":"https:\/\/tracesdevoyages.com\/index.php\/2019\/07\/07\/5-experiences-var-france\/#primaryimage"},"image":{"@id":"https:\/\/tracesdevoyages.com\/index.php\/2019\/07\/07\/5-experiences-var-france\/#primaryimage"},"thumbnailUrl":"","datePublished":"2019-07-07T14:29:39+00:00","description":"Vous partez bient\u00f4t en vacances dans le Var? D\u00e9couvrez nos 5 exp\u00e9riences coup de coeur du c\u00f4t\u00e9 du Golfe de Saint-Tropez...","breadcrumb":{"@id":"https:\/\/tracesdevoyages.com\/index.php\/2019\/07\/07\/5-experiences-var-france\/#breadcrumb"},"inLanguage":"fr-FR","potentialAction":[{"@type":"ReadAction","target":["https:\/\/tracesdevoyages.com\/index.php\/2019\/07\/07\/5-experiences-var-france\/"]}]},{"@type":"ImageObject","inLanguage":"fr-FR","@id":"https:\/\/tracesdevoyages.com\/index.php\/2019\/07\/07\/5-experiences-var-france\/#primaryimage","url":"","contentUrl":""},{"@type":"BreadcrumbList","@id":"https:\/\/tracesdevoyages.com\/index.php\/2019\/07\/07\/5-experiences-var-france\/#breadcrumb","itemListElement":[{"@type":"ListItem","position":1,"name":"Accueil","item":"https:\/\/tracesdevoyages.com\/"},{"@type":"ListItem","position":2,"name":"5 exp\u00e9riences \u00e0 vivre dans le Var (France)"}]},{"@type":"WebSite","@id":"https:\/\/tracesdevoyages.com\/#website","url":"https:\/\/tracesdevoyages.com\/","name":"Traces de Voyages","description":"Blog de voyages","publisher":{"@id":"https:\/\/tracesdevoyages.com\/#organization"},"potentialAction":[{"@type":"SearchAction","target":{"@type":"EntryPoint","urlTemplate":"https:\/\/tracesdevoyages.com\/?s={search_term_string}"},"query-input":{"@type":"PropertyValueSpecification","valueRequired":true,"valueName":"search_term_string"}}],"inLanguage":"fr-FR"},{"@type":"Organization","@id":"https:\/\/tracesdevoyages.com\/#organization","name":"Traces de Voyages","url":"https:\/\/tracesdevoyages.com\/","logo":{"@type":"ImageObject","inLanguage":"fr-FR","@id":"https:\/\/tracesdevoyages.com\/#\/schema\/logo\/image\/","url":"https:\/\/i0.wp.com\/tracesdevoyages.com\/wp-content\/uploads\/2025\/01\/cropped-Traces-de-Voyages-LOGO.jpg?fit=512%2C512&ssl=1","contentUrl":"https:\/\/i0.wp.com\/tracesdevoyages.com\/wp-content\/uploads\/2025\/01\/cropped-Traces-de-Voyages-LOGO.jpg?fit=512%2C512&ssl=1","width":512,"height":512,"caption":"Traces de Voyages"},"image":{"@id":"https:\/\/tracesdevoyages.com\/#\/schema\/logo\/image\/"},"sameAs":["https:\/\/www.facebook.com\/tracesdevoyages\/","https:\/\/x.com\/TracesdeVoyages","https:\/\/www.instagram.com\/tracesdevoyages\/","https:\/\/fr.pinterest.com\/tracesdevoyages\/","https:\/\/www.youtube.com\/channel\/UC240N7Neo4xrJRYcW3UhDaQ\/"]},{"@type":"Person","@id":"https:\/\/tracesdevoyages.com\/#\/schema\/person\/407749fd8c63f4e19e1f4d61c3df1dd3","name":"tracesdevoyages","image":{"@type":"ImageObject","inLanguage":"fr-FR","@id":"https:\/\/tracesdevoyages.com\/#\/schema\/person\/image\/","url":"https:\/\/secure.gravatar.com\/avatar\/89665a7661ade021f231fa4edee45d02595de0df2c6ac04037b09ce699dd6d89?s=96&d=mm&r=g","contentUrl":"https:\/\/secure.gravatar.com\/avatar\/89665a7661ade021f231fa4edee45d02595de0df2c6ac04037b09ce699dd6d89?s=96&d=mm&r=g","caption":"tracesdevoyages"},"url":"https:\/\/tracesdevoyages.com\/index.php\/author\/tracesdevoyages\/"}]}},"jetpack_featured_media_url":"","jetpack_sharing_enabled":true,"_links":{"self":[{"href":"https:\/\/tracesdevoyages.com\/index.php\/wp-json\/wp\/v2\/posts\/15598","targetHints":{"allow":["GET"]}}],"collection":[{"href":"https:\/\/tracesdevoyages.com\/index.php\/wp-json\/wp\/v2\/posts"}],"about":[{"href":"https:\/\/tracesdevoyages.com\/index.php\/wp-json\/wp\/v2\/types\/post"}],"author":[{"embeddable":true,"href":"https:\/\/tracesdevoyages.com\/index.php\/wp-json\/wp\/v2\/users\/2"}],"replies":[{"embeddable":true,"href":"https:\/\/tracesdevoyages.com\/index.php\/wp-json\/wp\/v2\/comments?post=15598"}],"version-history":[{"count":0,"href":"https:\/\/tracesdevoyages.com\/index.php\/wp-json\/wp\/v2\/posts\/15598\/revisions"}],"wp:featuredmedia":[{"embeddable":true,"href":"https:\/\/tracesdevoyages.com\/index.php\/wp-json\/"}],"wp:attachment":[{"href":"https:\/\/tracesdevoyages.com\/index.php\/wp-json\/wp\/v2\/media?parent=15598"}],"wp:term":[{"taxonomy":"category","embeddable":true,"href":"https:\/\/tracesdevoyages.com\/index.php\/wp-json\/wp\/v2\/categories?post=15598"},{"taxonomy":"post_tag","embeddable":true,"href":"https:\/\/tracesdevoyages.com\/index.php\/wp-json\/wp\/v2\/tags?post=15598"}],"curies":[{"name":"wp","href":"https:\/\/api.w.org\/{rel}","templated":true}]}}