{"id":15608,"date":"2019-07-14T14:31:26","date_gmt":"2019-07-14T12:31:26","guid":{"rendered":"https:\/\/tracesdevoyages.com\/?p=15608"},"modified":"2019-07-14T14:31:26","modified_gmt":"2019-07-14T12:31:26","slug":"escapades-souvenirs-irlande","status":"publish","type":"post","link":"https:\/\/tracesdevoyages.com\/index.php\/2019\/07\/14\/escapades-souvenirs-irlande\/","title":{"rendered":"Escapades: Souvenirs d&rsquo;Irlande"},"content":{"rendered":"<p>En 2006, Charlotte a eu la chance de partir en s\u00e9jour linguistique en Irlande \u00e0 Sligo. Ce fut une super exp\u00e9rience o\u00f9 les matin\u00e9es \u00e9taient d\u00e9di\u00e9es aux cours de langue et les apr\u00e8s-midi \u00e0 la d\u00e9couverte du pays et la pratique d&rsquo;activit\u00e9s. C&rsquo;est ainsi que j&rsquo;ai pu d\u00e9couvrir ce magnifique pays o\u00f9 M. a v\u00e9cu quelques mois \u00e0 Kilkenny, plus au sud. Je voulais donc partager avec vous quelques souvenirs de ce s\u00e9jour et vous dire pourquoi je r\u00eave d&rsquo;y retourner. Ne me jugez pas trop s\u00e9v\u00e8rement pour la qualit\u00e9 des photos, il s&rsquo;agissait de mon tout premier appareil photo argentique et j&rsquo;avais 17 ans&#8230;<\/p>\n<p>La ville o\u00f9 j&rsquo;ai s\u00e9journ\u00e9, Sligo, est une jolie petite ville du comt\u00e9 du m\u00eame nom de le nord-ouest du pays, sur la c\u00f4te. Construite au bord de la rivi\u00e8re Garavogue, \u00e0 l&rsquo;endroit m\u00eame o\u00f9 celle-ci se jette dans la mer d&rsquo;un c\u00f4t\u00e9 et prend sa source dans le Lac de Lough Gill de l&rsquo;autre, la ville est entour\u00e9e d&rsquo;eau ce qui en fait un lieu privil\u00e9gi\u00e9 pour les fruits de mer. L&rsquo;architecture est typique des villes irlandaises avec des devantures tr\u00e8s color\u00e9es et petits carreaux aux fen\u00eatres, des rues parfois encore pav\u00e9es et des pubs o\u00f9 il fait bon prendre une bi\u00e8re et manger un fish &amp; chips! Il y a une belle atmosph\u00e8re de d\u00e9tente et convivialit\u00e9 dans cette ville, les gens sont souriants, joviaux et donc, fort sympathiques. J&rsquo;ai ador\u00e9 me promener dans ses rues, longer la rivi\u00e8re et m&rsquo;installer \u00e0 la terrasse du Bar Garavogue en fin de journ\u00e9e.<\/p>\n\n<p>Autour de la ville, la nature est magnifique. Je suis tomb\u00e9e sous le charme des paysages fa\u00e7onn\u00e9s par la montagne Ben Bulben qui domine le paysage face \u00e0 l&rsquo;oc\u00e9an (<em>photo en couverture de cet article<\/em>). Il y a \u00e9galement une super balade \u00e0 faire autour du Lac de Lough Gill et si vous \u00eates amateur d&rsquo;\u00e9quitation, rendez-vous aux \u00e9curies du Ch\u00e2teau de Markree pour une promenade \u00e0 cheval. Au fait, c&rsquo;est ici que je suis mont\u00e9e sur une planche de surf pour la premi\u00e8re fois en prenant une le\u00e7on avec une des \u00e9coles situ\u00e9e face \u00e0 la plage de Strandhill. Pr\u00e9voyez une bonne combinaison par contre, m\u00eame en ao\u00fbt, elle \u00e9tait froide!<\/p>\n\n<p>Enfin, je ne saurais que trop vous conseiller d&rsquo;aller jusqu&rsquo;\u00e0 Keem Beach \u00e0 Achill Island dans le comt\u00e9 de Mayo. Il vous faudra environ 2h30 de route pour l&rsquo;atteindre mais vous ne serez pas d\u00e9\u00e7us. Le paysage tr\u00e8s escarp\u00e9 de la c\u00f4te offre de superbes panoramas depuis les falaises. Sur la route, arr\u00eatez-vous dans la jolie ville de Westport et ses devantures color\u00e9es.<\/p>\n\n<p>Enfin, pensez \u00e0 pr\u00e9voir un weekend \u00e0 Dublin pour d\u00e9couvrir la capitale. Mes incontournables? Temple Bar o\u00f9 vous trouverez de nombreux pubs, Le Square du Parlement et Trinty College aux anciens b\u00e2timents, arpenter la rue O&rsquo;Connell et ses nombreuses boutiques, la rue Kildare pour ses jolis b\u00e2timents et portes color\u00e9es, et vous pr\u00e9lasser dans le parc Saint-Sephen&rsquo;s Green.<\/p>\n\n\n\n<p>J&rsquo;esp\u00e8re que ces quelques lignes sauront vous convaincre de d\u00e9couvrir ce magnifique pays \u00e0 votre tour. N&rsquo;h\u00e9sitez pas \u00e0 vous directement sur le site de l&rsquo;<a href=\"https:\/\/www.ireland.com\/fr-fr\/\" target=\"_blank\" rel=\"noopener noreferrer\">office de tourisme d&rsquo;Irlande<\/a> pour pr\u00e9parer votre voyage.<\/p>\n<hr \/>\n<p>https:\/\/www.pinterest.fr\/pin\/804525920915240224<\/p>\n","protected":false},"excerpt":{"rendered":"<p>En 2006, Charlotte a eu la chance de partir en s\u00e9jour linguistique en Irlande \u00e0 Sligo. Ce fut une super exp\u00e9rience o\u00f9 les matin\u00e9es \u00e9taient d\u00e9di\u00e9es aux cours de langue et les apr\u00e8s-midi \u00e0 la d\u00e9couverte du pays et la pratique d&rsquo;activit\u00e9s. C&rsquo;est ainsi que j&rsquo;ai pu d\u00e9couvrir ce magnifique pays o\u00f9 M. a v\u00e9cu quelques mois \u00e0 Kilkenny, plus au sud. Je voulais donc partager avec vous quelques souvenirs de ce s\u00e9jour et vous dire pourquoi je r\u00eave d&rsquo;y retourner. Ne me jugez pas trop s\u00e9v\u00e8rement pour la qualit\u00e9 des photos, il s&rsquo;agissait de mon tout premier appareil photo argentique et j&rsquo;avais 17 ans&#8230; La ville o\u00f9 j&rsquo;ai s\u00e9journ\u00e9, Sligo, est une jolie petite ville du comt\u00e9 du m\u00eame nom de le nord-ouest du pays, sur la c\u00f4te. Construite au bord de la rivi\u00e8re Garavogue, \u00e0 l&rsquo;endroit m\u00eame o\u00f9 celle-ci se jette dans la mer d&rsquo;un c\u00f4t\u00e9 et prend sa source dans le Lac de Lough Gill de l&rsquo;autre, la ville est entour\u00e9e d&rsquo;eau ce qui en fait un lieu privil\u00e9gi\u00e9 pour les fruits de mer. L&rsquo;architecture est typique des villes irlandaises avec des devantures tr\u00e8s color\u00e9es et petits carreaux aux fen\u00eatres, des rues parfois encore pav\u00e9es et des pubs o\u00f9 il fait bon prendre une bi\u00e8re et manger un fish &amp; chips! Il y a une belle atmosph\u00e8re de d\u00e9tente et convivialit\u00e9 dans cette ville, les gens sont souriants, joviaux et donc, fort sympathiques. J&rsquo;ai ador\u00e9 me promener dans ses rues, longer la rivi\u00e8re et m&rsquo;installer \u00e0 la terrasse du Bar Garavogue en fin de journ\u00e9e. Autour de la ville, la nature est magnifique. Je suis tomb\u00e9e sous le charme des paysages fa\u00e7onn\u00e9s par la montagne Ben Bulben qui domine le paysage face \u00e0 l&rsquo;oc\u00e9an (photo en couverture de cet article). Il y a \u00e9galement une super balade \u00e0 faire autour du Lac de Lough Gill et si vous \u00eates amateur d&rsquo;\u00e9quitation, rendez-vous aux \u00e9curies du Ch\u00e2teau de Markree pour une promenade \u00e0 cheval. Au fait, c&rsquo;est ici que je suis mont\u00e9e sur une planche de surf pour la premi\u00e8re fois en prenant une le\u00e7on avec une des \u00e9coles situ\u00e9e face \u00e0 la plage de Strandhill. Pr\u00e9voyez une bonne combinaison par contre, m\u00eame en ao\u00fbt, elle \u00e9tait froide! Enfin, je ne saurais que trop vous conseiller d&rsquo;aller jusqu&rsquo;\u00e0 Keem Beach \u00e0 Achill Island dans le comt\u00e9 de Mayo. Il vous faudra environ 2h30 de route pour l&rsquo;atteindre mais vous ne serez pas d\u00e9\u00e7us. Le paysage tr\u00e8s escarp\u00e9 de la c\u00f4te offre de superbes panoramas depuis les falaises. Sur la route, arr\u00eatez-vous dans la jolie ville de Westport et ses devantures color\u00e9es. Enfin, pensez \u00e0 pr\u00e9voir un weekend \u00e0 Dublin pour d\u00e9couvrir la capitale. Mes incontournables? Temple Bar o\u00f9 vous trouverez de nombreux pubs, Le Square du Parlement et Trinty College aux anciens b\u00e2timents, arpenter la rue O&rsquo;Connell et ses nombreuses boutiques, la rue Kildare pour ses jolis b\u00e2timents et portes color\u00e9es, et vous pr\u00e9lasser dans le parc Saint-Sephen&rsquo;s Green. J&rsquo;esp\u00e8re que ces quelques lignes sauront vous convaincre de d\u00e9couvrir ce magnifique pays \u00e0 votre tour. N&rsquo;h\u00e9sitez pas \u00e0 vous directement sur le site de l&rsquo;office de tourisme d&rsquo;Irlande pour pr\u00e9parer votre voyage. https:\/\/www.pinterest.fr\/pin\/804525920915240224<\/p>\n","protected":false},"author":2,"featured_media":15610,"comment_status":"open","ping_status":"closed","sticky":false,"template":"","format":"standard","meta":{"_jetpack_memberships_contains_paid_content":false,"footnotes":""},"categories":[20,21,28,32,5,52,6],"tags":[190,235],"class_list":["post-15608","post","type-post","status-publish","format-standard","has-post-thumbnail","hentry","category-escapades","category-europe","category-irlande","category-nature","category-themes","category-villes","category-voyages","tag-europe","tag-irlande"],"yoast_head":"<!-- This site is optimized with the Yoast SEO plugin v26.3 - https:\/\/yoast.com\/wordpress\/plugins\/seo\/ -->\n<title>Escapades: Souvenirs d&#039;Irlande - Traces de Voyages<\/title>\n<meta name=\"description\" content=\"Quelques souvenirs et images d&#039;un s\u00e9jour linguistique en Irlande fait par Charlotte il y a longtemps. Une magnifique d\u00e9couverte du c\u00f4t\u00e9 de Sligo...\" \/>\n<meta name=\"robots\" content=\"index, follow, max-snippet:-1, max-image-preview:large, max-video-preview:-1\" \/>\n<link rel=\"canonical\" href=\"https:\/\/tracesdevoyages.com\/index.php\/2019\/07\/14\/escapades-souvenirs-irlande\/\" \/>\n<meta property=\"og:locale\" content=\"fr_FR\" \/>\n<meta property=\"og:type\" content=\"article\" \/>\n<meta property=\"og:title\" content=\"Escapades: Souvenirs d&#039;Irlande - Traces de Voyages\" \/>\n<meta property=\"og:description\" content=\"Quelques souvenirs et images d&#039;un s\u00e9jour linguistique en Irlande fait par Charlotte il y a longtemps. Une magnifique d\u00e9couverte du c\u00f4t\u00e9 de Sligo...\" \/>\n<meta property=\"og:url\" content=\"https:\/\/tracesdevoyages.com\/index.php\/2019\/07\/14\/escapades-souvenirs-irlande\/\" \/>\n<meta property=\"og:site_name\" content=\"Traces de Voyages\" \/>\n<meta property=\"article:publisher\" content=\"https:\/\/www.facebook.com\/tracesdevoyages\/\" \/>\n<meta property=\"article:published_time\" content=\"2019-07-14T12:31:26+00:00\" \/>\n<meta name=\"author\" content=\"tracesdevoyages\" \/>\n<meta name=\"twitter:card\" content=\"summary_large_image\" \/>\n<meta name=\"twitter:creator\" content=\"@TracesdeVoyages\" \/>\n<meta name=\"twitter:site\" content=\"@TracesdeVoyages\" \/>\n<meta name=\"twitter:label1\" content=\"\u00c9crit par\" \/>\n\t<meta name=\"twitter:data1\" content=\"tracesdevoyages\" \/>\n\t<meta name=\"twitter:label2\" content=\"Dur\u00e9e de lecture estim\u00e9e\" \/>\n\t<meta name=\"twitter:data2\" content=\"3 minutes\" \/>\n<script type=\"application\/ld+json\" class=\"yoast-schema-graph\">{\"@context\":\"https:\/\/schema.org\",\"@graph\":[{\"@type\":\"Article\",\"@id\":\"https:\/\/tracesdevoyages.com\/index.php\/2019\/07\/14\/escapades-souvenirs-irlande\/#article\",\"isPartOf\":{\"@id\":\"https:\/\/tracesdevoyages.com\/index.php\/2019\/07\/14\/escapades-souvenirs-irlande\/\"},\"author\":{\"name\":\"tracesdevoyages\",\"@id\":\"https:\/\/tracesdevoyages.com\/#\/schema\/person\/407749fd8c63f4e19e1f4d61c3df1dd3\"},\"headline\":\"Escapades: Souvenirs d&rsquo;Irlande\",\"datePublished\":\"2019-07-14T12:31:26+00:00\",\"mainEntityOfPage\":{\"@id\":\"https:\/\/tracesdevoyages.com\/index.php\/2019\/07\/14\/escapades-souvenirs-irlande\/\"},\"wordCount\":628,\"commentCount\":0,\"publisher\":{\"@id\":\"https:\/\/tracesdevoyages.com\/#organization\"},\"image\":{\"@id\":\"https:\/\/tracesdevoyages.com\/index.php\/2019\/07\/14\/escapades-souvenirs-irlande\/#primaryimage\"},\"thumbnailUrl\":\"\",\"keywords\":[\"Europe\",\"Irlande\"],\"articleSection\":[\"Escapades\",\"Europe\",\"Irlande\",\"Nature\",\"Th\u00e8mes\",\"Villes\",\"Voyages\"],\"inLanguage\":\"fr-FR\",\"potentialAction\":[{\"@type\":\"CommentAction\",\"name\":\"Comment\",\"target\":[\"https:\/\/tracesdevoyages.com\/index.php\/2019\/07\/14\/escapades-souvenirs-irlande\/#respond\"]}]},{\"@type\":\"WebPage\",\"@id\":\"https:\/\/tracesdevoyages.com\/index.php\/2019\/07\/14\/escapades-souvenirs-irlande\/\",\"url\":\"https:\/\/tracesdevoyages.com\/index.php\/2019\/07\/14\/escapades-souvenirs-irlande\/\",\"name\":\"Escapades: Souvenirs d'Irlande - Traces de Voyages\",\"isPartOf\":{\"@id\":\"https:\/\/tracesdevoyages.com\/#website\"},\"primaryImageOfPage\":{\"@id\":\"https:\/\/tracesdevoyages.com\/index.php\/2019\/07\/14\/escapades-souvenirs-irlande\/#primaryimage\"},\"image\":{\"@id\":\"https:\/\/tracesdevoyages.com\/index.php\/2019\/07\/14\/escapades-souvenirs-irlande\/#primaryimage\"},\"thumbnailUrl\":\"\",\"datePublished\":\"2019-07-14T12:31:26+00:00\",\"description\":\"Quelques souvenirs et images d'un s\u00e9jour linguistique en Irlande fait par Charlotte il y a longtemps. Une magnifique d\u00e9couverte du c\u00f4t\u00e9 de Sligo...\",\"breadcrumb\":{\"@id\":\"https:\/\/tracesdevoyages.com\/index.php\/2019\/07\/14\/escapades-souvenirs-irlande\/#breadcrumb\"},\"inLanguage\":\"fr-FR\",\"potentialAction\":[{\"@type\":\"ReadAction\",\"target\":[\"https:\/\/tracesdevoyages.com\/index.php\/2019\/07\/14\/escapades-souvenirs-irlande\/\"]}]},{\"@type\":\"ImageObject\",\"inLanguage\":\"fr-FR\",\"@id\":\"https:\/\/tracesdevoyages.com\/index.php\/2019\/07\/14\/escapades-souvenirs-irlande\/#primaryimage\",\"url\":\"\",\"contentUrl\":\"\"},{\"@type\":\"BreadcrumbList\",\"@id\":\"https:\/\/tracesdevoyages.com\/index.php\/2019\/07\/14\/escapades-souvenirs-irlande\/#breadcrumb\",\"itemListElement\":[{\"@type\":\"ListItem\",\"position\":1,\"name\":\"Accueil\",\"item\":\"https:\/\/tracesdevoyages.com\/\"},{\"@type\":\"ListItem\",\"position\":2,\"name\":\"Escapades: Souvenirs d&rsquo;Irlande\"}]},{\"@type\":\"WebSite\",\"@id\":\"https:\/\/tracesdevoyages.com\/#website\",\"url\":\"https:\/\/tracesdevoyages.com\/\",\"name\":\"Traces de Voyages\",\"description\":\"Blog de voyages\",\"publisher\":{\"@id\":\"https:\/\/tracesdevoyages.com\/#organization\"},\"potentialAction\":[{\"@type\":\"SearchAction\",\"target\":{\"@type\":\"EntryPoint\",\"urlTemplate\":\"https:\/\/tracesdevoyages.com\/?s={search_term_string}\"},\"query-input\":{\"@type\":\"PropertyValueSpecification\",\"valueRequired\":true,\"valueName\":\"search_term_string\"}}],\"inLanguage\":\"fr-FR\"},{\"@type\":\"Organization\",\"@id\":\"https:\/\/tracesdevoyages.com\/#organization\",\"name\":\"Traces de Voyages\",\"url\":\"https:\/\/tracesdevoyages.com\/\",\"logo\":{\"@type\":\"ImageObject\",\"inLanguage\":\"fr-FR\",\"@id\":\"https:\/\/tracesdevoyages.com\/#\/schema\/logo\/image\/\",\"url\":\"https:\/\/i0.wp.com\/tracesdevoyages.com\/wp-content\/uploads\/2025\/01\/cropped-Traces-de-Voyages-LOGO.jpg?fit=512%2C512&ssl=1\",\"contentUrl\":\"https:\/\/i0.wp.com\/tracesdevoyages.com\/wp-content\/uploads\/2025\/01\/cropped-Traces-de-Voyages-LOGO.jpg?fit=512%2C512&ssl=1\",\"width\":512,\"height\":512,\"caption\":\"Traces de Voyages\"},\"image\":{\"@id\":\"https:\/\/tracesdevoyages.com\/#\/schema\/logo\/image\/\"},\"sameAs\":[\"https:\/\/www.facebook.com\/tracesdevoyages\/\",\"https:\/\/x.com\/TracesdeVoyages\",\"https:\/\/www.instagram.com\/tracesdevoyages\/\",\"https:\/\/fr.pinterest.com\/tracesdevoyages\/\",\"https:\/\/www.youtube.com\/channel\/UC240N7Neo4xrJRYcW3UhDaQ\/\"]},{\"@type\":\"Person\",\"@id\":\"https:\/\/tracesdevoyages.com\/#\/schema\/person\/407749fd8c63f4e19e1f4d61c3df1dd3\",\"name\":\"tracesdevoyages\",\"image\":{\"@type\":\"ImageObject\",\"inLanguage\":\"fr-FR\",\"@id\":\"https:\/\/tracesdevoyages.com\/#\/schema\/person\/image\/\",\"url\":\"https:\/\/secure.gravatar.com\/avatar\/89665a7661ade021f231fa4edee45d02595de0df2c6ac04037b09ce699dd6d89?s=96&d=mm&r=g\",\"contentUrl\":\"https:\/\/secure.gravatar.com\/avatar\/89665a7661ade021f231fa4edee45d02595de0df2c6ac04037b09ce699dd6d89?s=96&d=mm&r=g\",\"caption\":\"tracesdevoyages\"},\"url\":\"https:\/\/tracesdevoyages.com\/index.php\/author\/tracesdevoyages\/\"}]}<\/script>\n<!-- \/ Yoast SEO plugin. -->","yoast_head_json":{"title":"Escapades: Souvenirs d'Irlande - Traces de Voyages","description":"Quelques souvenirs et images d'un s\u00e9jour linguistique en Irlande fait par Charlotte il y a longtemps. Une magnifique d\u00e9couverte du c\u00f4t\u00e9 de Sligo...","robots":{"index":"index","follow":"follow","max-snippet":"max-snippet:-1","max-image-preview":"max-image-preview:large","max-video-preview":"max-video-preview:-1"},"canonical":"https:\/\/tracesdevoyages.com\/index.php\/2019\/07\/14\/escapades-souvenirs-irlande\/","og_locale":"fr_FR","og_type":"article","og_title":"Escapades: Souvenirs d'Irlande - Traces de Voyages","og_description":"Quelques souvenirs et images d'un s\u00e9jour linguistique en Irlande fait par Charlotte il y a longtemps. Une magnifique d\u00e9couverte du c\u00f4t\u00e9 de Sligo...","og_url":"https:\/\/tracesdevoyages.com\/index.php\/2019\/07\/14\/escapades-souvenirs-irlande\/","og_site_name":"Traces de Voyages","article_publisher":"https:\/\/www.facebook.com\/tracesdevoyages\/","article_published_time":"2019-07-14T12:31:26+00:00","author":"tracesdevoyages","twitter_card":"summary_large_image","twitter_creator":"@TracesdeVoyages","twitter_site":"@TracesdeVoyages","twitter_misc":{"\u00c9crit par":"tracesdevoyages","Dur\u00e9e de lecture estim\u00e9e":"3 minutes"},"schema":{"@context":"https:\/\/schema.org","@graph":[{"@type":"Article","@id":"https:\/\/tracesdevoyages.com\/index.php\/2019\/07\/14\/escapades-souvenirs-irlande\/#article","isPartOf":{"@id":"https:\/\/tracesdevoyages.com\/index.php\/2019\/07\/14\/escapades-souvenirs-irlande\/"},"author":{"name":"tracesdevoyages","@id":"https:\/\/tracesdevoyages.com\/#\/schema\/person\/407749fd8c63f4e19e1f4d61c3df1dd3"},"headline":"Escapades: Souvenirs d&rsquo;Irlande","datePublished":"2019-07-14T12:31:26+00:00","mainEntityOfPage":{"@id":"https:\/\/tracesdevoyages.com\/index.php\/2019\/07\/14\/escapades-souvenirs-irlande\/"},"wordCount":628,"commentCount":0,"publisher":{"@id":"https:\/\/tracesdevoyages.com\/#organization"},"image":{"@id":"https:\/\/tracesdevoyages.com\/index.php\/2019\/07\/14\/escapades-souvenirs-irlande\/#primaryimage"},"thumbnailUrl":"","keywords":["Europe","Irlande"],"articleSection":["Escapades","Europe","Irlande","Nature","Th\u00e8mes","Villes","Voyages"],"inLanguage":"fr-FR","potentialAction":[{"@type":"CommentAction","name":"Comment","target":["https:\/\/tracesdevoyages.com\/index.php\/2019\/07\/14\/escapades-souvenirs-irlande\/#respond"]}]},{"@type":"WebPage","@id":"https:\/\/tracesdevoyages.com\/index.php\/2019\/07\/14\/escapades-souvenirs-irlande\/","url":"https:\/\/tracesdevoyages.com\/index.php\/2019\/07\/14\/escapades-souvenirs-irlande\/","name":"Escapades: Souvenirs d'Irlande - Traces de Voyages","isPartOf":{"@id":"https:\/\/tracesdevoyages.com\/#website"},"primaryImageOfPage":{"@id":"https:\/\/tracesdevoyages.com\/index.php\/2019\/07\/14\/escapades-souvenirs-irlande\/#primaryimage"},"image":{"@id":"https:\/\/tracesdevoyages.com\/index.php\/2019\/07\/14\/escapades-souvenirs-irlande\/#primaryimage"},"thumbnailUrl":"","datePublished":"2019-07-14T12:31:26+00:00","description":"Quelques souvenirs et images d'un s\u00e9jour linguistique en Irlande fait par Charlotte il y a longtemps. Une magnifique d\u00e9couverte du c\u00f4t\u00e9 de Sligo...","breadcrumb":{"@id":"https:\/\/tracesdevoyages.com\/index.php\/2019\/07\/14\/escapades-souvenirs-irlande\/#breadcrumb"},"inLanguage":"fr-FR","potentialAction":[{"@type":"ReadAction","target":["https:\/\/tracesdevoyages.com\/index.php\/2019\/07\/14\/escapades-souvenirs-irlande\/"]}]},{"@type":"ImageObject","inLanguage":"fr-FR","@id":"https:\/\/tracesdevoyages.com\/index.php\/2019\/07\/14\/escapades-souvenirs-irlande\/#primaryimage","url":"","contentUrl":""},{"@type":"BreadcrumbList","@id":"https:\/\/tracesdevoyages.com\/index.php\/2019\/07\/14\/escapades-souvenirs-irlande\/#breadcrumb","itemListElement":[{"@type":"ListItem","position":1,"name":"Accueil","item":"https:\/\/tracesdevoyages.com\/"},{"@type":"ListItem","position":2,"name":"Escapades: Souvenirs d&rsquo;Irlande"}]},{"@type":"WebSite","@id":"https:\/\/tracesdevoyages.com\/#website","url":"https:\/\/tracesdevoyages.com\/","name":"Traces de Voyages","description":"Blog de voyages","publisher":{"@id":"https:\/\/tracesdevoyages.com\/#organization"},"potentialAction":[{"@type":"SearchAction","target":{"@type":"EntryPoint","urlTemplate":"https:\/\/tracesdevoyages.com\/?s={search_term_string}"},"query-input":{"@type":"PropertyValueSpecification","valueRequired":true,"valueName":"search_term_string"}}],"inLanguage":"fr-FR"},{"@type":"Organization","@id":"https:\/\/tracesdevoyages.com\/#organization","name":"Traces de Voyages","url":"https:\/\/tracesdevoyages.com\/","logo":{"@type":"ImageObject","inLanguage":"fr-FR","@id":"https:\/\/tracesdevoyages.com\/#\/schema\/logo\/image\/","url":"https:\/\/i0.wp.com\/tracesdevoyages.com\/wp-content\/uploads\/2025\/01\/cropped-Traces-de-Voyages-LOGO.jpg?fit=512%2C512&ssl=1","contentUrl":"https:\/\/i0.wp.com\/tracesdevoyages.com\/wp-content\/uploads\/2025\/01\/cropped-Traces-de-Voyages-LOGO.jpg?fit=512%2C512&ssl=1","width":512,"height":512,"caption":"Traces de Voyages"},"image":{"@id":"https:\/\/tracesdevoyages.com\/#\/schema\/logo\/image\/"},"sameAs":["https:\/\/www.facebook.com\/tracesdevoyages\/","https:\/\/x.com\/TracesdeVoyages","https:\/\/www.instagram.com\/tracesdevoyages\/","https:\/\/fr.pinterest.com\/tracesdevoyages\/","https:\/\/www.youtube.com\/channel\/UC240N7Neo4xrJRYcW3UhDaQ\/"]},{"@type":"Person","@id":"https:\/\/tracesdevoyages.com\/#\/schema\/person\/407749fd8c63f4e19e1f4d61c3df1dd3","name":"tracesdevoyages","image":{"@type":"ImageObject","inLanguage":"fr-FR","@id":"https:\/\/tracesdevoyages.com\/#\/schema\/person\/image\/","url":"https:\/\/secure.gravatar.com\/avatar\/89665a7661ade021f231fa4edee45d02595de0df2c6ac04037b09ce699dd6d89?s=96&d=mm&r=g","contentUrl":"https:\/\/secure.gravatar.com\/avatar\/89665a7661ade021f231fa4edee45d02595de0df2c6ac04037b09ce699dd6d89?s=96&d=mm&r=g","caption":"tracesdevoyages"},"url":"https:\/\/tracesdevoyages.com\/index.php\/author\/tracesdevoyages\/"}]}},"jetpack_featured_media_url":"","jetpack_sharing_enabled":true,"_links":{"self":[{"href":"https:\/\/tracesdevoyages.com\/index.php\/wp-json\/wp\/v2\/posts\/15608","targetHints":{"allow":["GET"]}}],"collection":[{"href":"https:\/\/tracesdevoyages.com\/index.php\/wp-json\/wp\/v2\/posts"}],"about":[{"href":"https:\/\/tracesdevoyages.com\/index.php\/wp-json\/wp\/v2\/types\/post"}],"author":[{"embeddable":true,"href":"https:\/\/tracesdevoyages.com\/index.php\/wp-json\/wp\/v2\/users\/2"}],"replies":[{"embeddable":true,"href":"https:\/\/tracesdevoyages.com\/index.php\/wp-json\/wp\/v2\/comments?post=15608"}],"version-history":[{"count":0,"href":"https:\/\/tracesdevoyages.com\/index.php\/wp-json\/wp\/v2\/posts\/15608\/revisions"}],"wp:featuredmedia":[{"embeddable":true,"href":"https:\/\/tracesdevoyages.com\/index.php\/wp-json\/"}],"wp:attachment":[{"href":"https:\/\/tracesdevoyages.com\/index.php\/wp-json\/wp\/v2\/media?parent=15608"}],"wp:term":[{"taxonomy":"category","embeddable":true,"href":"https:\/\/tracesdevoyages.com\/index.php\/wp-json\/wp\/v2\/categories?post=15608"},{"taxonomy":"post_tag","embeddable":true,"href":"https:\/\/tracesdevoyages.com\/index.php\/wp-json\/wp\/v2\/tags?post=15608"}],"curies":[{"name":"wp","href":"https:\/\/api.w.org\/{rel}","templated":true}]}}