{"id":15729,"date":"2019-06-30T15:12:22","date_gmt":"2019-06-30T13:12:22","guid":{"rendered":"https:\/\/tracesdevoyages.com\/?p=15729"},"modified":"2019-06-30T15:12:22","modified_gmt":"2019-06-30T13:12:22","slug":"le-mail-charente-maritime-france","status":"publish","type":"post","link":"https:\/\/tracesdevoyages.com\/index.php\/2019\/06\/30\/le-mail-charente-maritime-france\/","title":{"rendered":"Le Mail (Charente-Maritime &#8211; France)"},"content":{"rendered":"<p>La Rochelle, c&rsquo;est une belle histoire d&rsquo;amour que nous avons avec cette ville et elle ne cesse de nous \u00e9merveiller, rayonnant par ses multiples facettes dont l&rsquo;une nous tient beaucoup \u00e0 c\u0153ur: la gastronomie. Si certaines adresses perdurent avec le temps, d&rsquo;autres disparaissent pour laisser place \u00e0 de nouvelles. Celle dont nous vous parlons aujourd&rsquo;hui existe depuis plus d&rsquo;un si\u00e8cle et pourtant, nous venons \u00e0 peine de la d\u00e9couvrir&#8230;<\/p>\n<p>A proximit\u00e9 du Vieux-Port et face \u00e0 la mer, sur l&rsquo;All\u00e9e du Mail dont il a prit le nom, le restaurant Le Mail cr\u00e9\u00e9 en 1906 est un lieu embl\u00e9matique de son quartier et charg\u00e9 d&rsquo;histoire. Rachet\u00e9 il y a un an par Herv\u00e9 &amp; Patricia Brandt, il a \u00e9t\u00e9 enti\u00e8rement r\u00e9nov\u00e9 tout en conservant l&rsquo;esprit brasserie d&rsquo;antan afin de rappeler la m\u00e9moire du lieu \u00e0 travers de nombreux d\u00e9tails: velours, laiton, miroirs, et carrelage noir et blanc. Une tr\u00e8s belle d\u00e9coration \u00e0 la fois chic et confortable agr\u00e9ment\u00e9e d&rsquo;une lumi\u00e8re naturelle exceptionnelle avec ses 34 m\u00e8tres lin\u00e9aires de baies vitr\u00e9es basculantes donnant sur les all\u00e9es arbor\u00e9es et l&rsquo;oc\u00e9an. La r\u00e9novation a \u00e9t\u00e9 faite en collaboration avec des artisans locaux et l&rsquo;on retrouve d&rsquo;ailleurs quelques clins d\u2019\u0153il \u00e0 notre beau d\u00e9partement \u00e0 travers certains d\u00e9tails: couteaux et fourchettes Farol, tables avec tablettes coulissantes Leclab, pots de table \u00e0 fleur de sel en ardoises ayant servi \u00e0 la collecte d&rsquo;hu\u00eetres sur Ol\u00e9ron, mais aussi, table ext\u00e9rieure et table haute int\u00e9rieure r\u00e9alis\u00e9es \u00e0 partir des anciens lambris en Red Cedar du plafond pos\u00e9 en 1959.<\/p>\n\n<p>La carte changeant au fil des saisons est \u00e9labor\u00e9e \u00e0 partir de produits frais et locaux. Les plats vont \u00e0 l&rsquo;essentiel avec une cuisine simple et ma\u00eetris\u00e9e qui met en avant les aliments. Aux fourneaux, Olivier Giraud, chef de cuisine natif de la r\u00e9gion qui poss\u00e8de une parfaite ma\u00eetrise des cuissons et sait s\u00e9lectionner les mati\u00e8res premi\u00e8res d&rsquo;exception. Nous avons \u00e9t\u00e9 enchant\u00e9s par le Menu du March\u00e9 qui outre son tr\u00e8s bon rapport qualit\u00e9\/prix, ravira vos papilles: Amuse-bouche, Croustillant de Maigre, Foie Gras, Darne d&rsquo;Emissole, Sabl\u00e9 au beurre&#8230;<\/p>\n\n<p>Nous avons \u00e9galement \u00e9t\u00e9 touch\u00e9s par la gentillesse et la disponibilit\u00e9 de nos h\u00f4tes, Herv\u00e9 et Patricia, qui se sont montr\u00e9s tr\u00e8s attentionn\u00e9s et \u00e0 l&rsquo;\u00e9coute, particuli\u00e8rement avec moi et mes nombreuses allergies alimentaires. Originaires de l&rsquo;Est de la France, ils se sont install\u00e9s \u00e0 La Rochelle il y a 20 ans et r\u00e9alisent aujourd\u2019hui leur r\u00eave en ouvrant leur propre \u00e9tablissement. Cuisinier et sommelier de formation, Herv\u00e9 a travaill\u00e9 au restaurant <em>Buerehiesel<\/em> (autrefois 2 \u00e9toiles Michelin) avant de rencontrer Patricia \u00e0 Neuch\u00e2tel. Ils partent ensuite en Normandie travailler dans le Groupe Barri\u00e8re, puis \u00e0 Villeneuve de Marsan dans le Relais &amp; Ch\u00e2teaux d&rsquo;H\u00e9l\u00e8ne Darroze avant d&rsquo;arriver \u00e0 La Rochelle. Ma\u00eetre d&rsquo;H\u00f4tel aux Flots \u00e0 son arriv\u00e9e en 1999, Herv\u00e9 devient Directeur G\u00e9n\u00e9ral et Associ\u00e9 de Gr\u00e9gory Coutanceau sur l&rsquo;ensemble du Groupe en rachetant des parts en 2007. Dix ans plus tard, il quitte le groupe et gr\u00e2ce \u00e0 la famille Lance, cr\u00e9\u00e9 son propre \u00e9tablissement avec Patricia: Le Mail.<\/p>\n<p>C&rsquo;est une tr\u00e8s belle r\u00e9ussite et nous esp\u00e9rons sinc\u00e8rement que les Rochelais et visiteurs sauront appr\u00e9cier leur travail autant que nous afin de leur permettre de faire partie de ces lieux qui nous sont chers et qui perdurent dans le temps. Une chose est s\u00fbre, nous reviendrons avec grand plaisir go\u00fbter aux produits de notre belle r\u00e9gion tout au long des saisons&#8230;<\/p>\n<blockquote><p><img data-recalc-dims=\"1\" loading=\"lazy\" decoding=\"async\" class=\"size-medium wp-image-15743 alignleft\" src=\"https:\/\/i0.wp.com\/tracesdevoyages.com\/wp-content\/uploads\/2019\/06\/Le-Mail2-169x300.jpg?resize=169%2C300&#038;ssl=1\" alt=\"\" width=\"169\" height=\"300\" \/><\/p>\n<p>&nbsp;<\/p>\n<p>Le Mail<\/p>\n<p>16 All\u00e9e du Mail<\/p>\n<p>17000 La Rochelle<\/p>\n<p>05.46.34.12.52<\/p>\n<p><a href=\"https:\/\/www.restaurant-le-mail.com\/\" target=\"_blank\" rel=\"noopener noreferrer\">Site Web<\/a><\/p>\n<p>&nbsp;<\/p><\/blockquote>\n<p>&nbsp;<\/p>\n<p>&nbsp;<\/p>\n<hr \/>\n<p>https:\/\/www.pinterest.fr\/pin\/804525920914926381\/<\/p>\n","protected":false},"excerpt":{"rendered":"<p>La Rochelle, c&rsquo;est une belle histoire d&rsquo;amour que nous avons avec cette ville et elle ne cesse de nous \u00e9merveiller, rayonnant par ses multiples facettes dont l&rsquo;une nous tient beaucoup \u00e0 c\u0153ur: la gastronomie. Si certaines adresses perdurent avec le temps, d&rsquo;autres disparaissent pour laisser place \u00e0 de nouvelles. Celle dont nous vous parlons aujourd&rsquo;hui existe depuis plus d&rsquo;un si\u00e8cle et pourtant, nous venons \u00e0 peine de la d\u00e9couvrir&#8230; A proximit\u00e9 du Vieux-Port et face \u00e0 la mer, sur l&rsquo;All\u00e9e du Mail dont il a prit le nom, le restaurant Le Mail cr\u00e9\u00e9 en 1906 est un lieu embl\u00e9matique de son quartier et charg\u00e9 d&rsquo;histoire. Rachet\u00e9 il y a un an par Herv\u00e9 &amp; Patricia Brandt, il a \u00e9t\u00e9 enti\u00e8rement r\u00e9nov\u00e9 tout en conservant l&rsquo;esprit brasserie d&rsquo;antan afin de rappeler la m\u00e9moire du lieu \u00e0 travers de nombreux d\u00e9tails: velours, laiton, miroirs, et carrelage noir et blanc. Une tr\u00e8s belle d\u00e9coration \u00e0 la fois chic et confortable agr\u00e9ment\u00e9e d&rsquo;une lumi\u00e8re naturelle exceptionnelle avec ses 34 m\u00e8tres lin\u00e9aires de baies vitr\u00e9es basculantes donnant sur les all\u00e9es arbor\u00e9es et l&rsquo;oc\u00e9an. La r\u00e9novation a \u00e9t\u00e9 faite en collaboration avec des artisans locaux et l&rsquo;on retrouve d&rsquo;ailleurs quelques clins d\u2019\u0153il \u00e0 notre beau d\u00e9partement \u00e0 travers certains d\u00e9tails: couteaux et fourchettes Farol, tables avec tablettes coulissantes Leclab, pots de table \u00e0 fleur de sel en ardoises ayant servi \u00e0 la collecte d&rsquo;hu\u00eetres sur Ol\u00e9ron, mais aussi, table ext\u00e9rieure et table haute int\u00e9rieure r\u00e9alis\u00e9es \u00e0 partir des anciens lambris en Red Cedar du plafond pos\u00e9 en 1959. La carte changeant au fil des saisons est \u00e9labor\u00e9e \u00e0 partir de produits frais et locaux. Les plats vont \u00e0 l&rsquo;essentiel avec une cuisine simple et ma\u00eetris\u00e9e qui met en avant les aliments. Aux fourneaux, Olivier Giraud, chef de cuisine natif de la r\u00e9gion qui poss\u00e8de une parfaite ma\u00eetrise des cuissons et sait s\u00e9lectionner les mati\u00e8res premi\u00e8res d&rsquo;exception. Nous avons \u00e9t\u00e9 enchant\u00e9s par le Menu du March\u00e9 qui outre son tr\u00e8s bon rapport qualit\u00e9\/prix, ravira vos papilles: Amuse-bouche, Croustillant de Maigre, Foie Gras, Darne d&rsquo;Emissole, Sabl\u00e9 au beurre&#8230; Nous avons \u00e9galement \u00e9t\u00e9 touch\u00e9s par la gentillesse et la disponibilit\u00e9 de nos h\u00f4tes, Herv\u00e9 et Patricia, qui se sont montr\u00e9s tr\u00e8s attentionn\u00e9s et \u00e0 l&rsquo;\u00e9coute, particuli\u00e8rement avec moi et mes nombreuses allergies alimentaires. Originaires de l&rsquo;Est de la France, ils se sont install\u00e9s \u00e0 La Rochelle il y a 20 ans et r\u00e9alisent aujourd\u2019hui leur r\u00eave en ouvrant leur propre \u00e9tablissement. Cuisinier et sommelier de formation, Herv\u00e9 a travaill\u00e9 au restaurant Buerehiesel (autrefois 2 \u00e9toiles Michelin) avant de rencontrer Patricia \u00e0 Neuch\u00e2tel. Ils partent ensuite en Normandie travailler dans le Groupe Barri\u00e8re, puis \u00e0 Villeneuve de Marsan dans le Relais &amp; Ch\u00e2teaux d&rsquo;H\u00e9l\u00e8ne Darroze avant d&rsquo;arriver \u00e0 La Rochelle. Ma\u00eetre d&rsquo;H\u00f4tel aux Flots \u00e0 son arriv\u00e9e en 1999, Herv\u00e9 devient Directeur G\u00e9n\u00e9ral et Associ\u00e9 de Gr\u00e9gory Coutanceau sur l&rsquo;ensemble du Groupe en rachetant des parts en 2007. Dix ans plus tard, il quitte le groupe et gr\u00e2ce \u00e0 la famille Lance, cr\u00e9\u00e9 son propre \u00e9tablissement avec Patricia: Le Mail. C&rsquo;est une tr\u00e8s belle r\u00e9ussite et nous esp\u00e9rons sinc\u00e8rement que les Rochelais et visiteurs sauront appr\u00e9cier leur travail autant que nous afin de leur permettre de faire partie de ces lieux qui nous sont chers et qui perdurent dans le temps. Une chose est s\u00fbre, nous reviendrons avec grand plaisir go\u00fbter aux produits de notre belle r\u00e9gion tout au long des saisons&#8230; &nbsp; Le Mail 16 All\u00e9e du Mail 17000 La Rochelle 05.46.34.12.52 Site Web &nbsp; &nbsp; &nbsp; https:\/\/www.pinterest.fr\/pin\/804525920914926381\/<\/p>\n","protected":false},"author":2,"featured_media":15730,"comment_status":"open","ping_status":"closed","sticky":false,"template":"","format":"standard","meta":{"_jetpack_memberships_contains_paid_content":false,"footnotes":""},"categories":[2,21,22,35,4,6],"tags":[152,203,251,346],"class_list":["post-15729","post","type-post","status-publish","format-standard","has-post-thumbnail","hentry","category-carnet-dadresses","category-europe","category-france","category-nouvelle-aquitaine","category-restauration","category-voyages","tag-charentemaritime","tag-france","tag-larochelle","tag-restaurant"],"yoast_head":"<!-- This site is optimized with the Yoast SEO plugin v26.3 - https:\/\/yoast.com\/wordpress\/plugins\/seo\/ -->\n<title>Le Mail (Charente-Maritime - France) - Traces de Voyages<\/title>\n<meta name=\"description\" content=\"Pour un repas d&#039;exception dans un cadre lumineux et un environnement calme \u00e0 La Rochelle, Le Mail est notre coup de c\u0153ur!\" \/>\n<meta name=\"robots\" content=\"index, follow, max-snippet:-1, max-image-preview:large, max-video-preview:-1\" \/>\n<link rel=\"canonical\" href=\"https:\/\/tracesdevoyages.com\/index.php\/2019\/06\/30\/le-mail-charente-maritime-france\/\" \/>\n<meta property=\"og:locale\" content=\"fr_FR\" \/>\n<meta property=\"og:type\" content=\"article\" \/>\n<meta property=\"og:title\" content=\"Le Mail (Charente-Maritime - France) - Traces de Voyages\" \/>\n<meta property=\"og:description\" content=\"Pour un repas d&#039;exception dans un cadre lumineux et un environnement calme \u00e0 La Rochelle, Le Mail est notre coup de c\u0153ur!\" \/>\n<meta property=\"og:url\" content=\"https:\/\/tracesdevoyages.com\/index.php\/2019\/06\/30\/le-mail-charente-maritime-france\/\" \/>\n<meta property=\"og:site_name\" content=\"Traces de Voyages\" \/>\n<meta property=\"article:publisher\" content=\"https:\/\/www.facebook.com\/tracesdevoyages\/\" \/>\n<meta property=\"article:published_time\" content=\"2019-06-30T13:12:22+00:00\" \/>\n<meta name=\"author\" content=\"tracesdevoyages\" \/>\n<meta name=\"twitter:card\" content=\"summary_large_image\" \/>\n<meta name=\"twitter:creator\" content=\"@TracesdeVoyages\" \/>\n<meta name=\"twitter:site\" content=\"@TracesdeVoyages\" \/>\n<meta name=\"twitter:label1\" content=\"\u00c9crit par\" \/>\n\t<meta name=\"twitter:data1\" content=\"tracesdevoyages\" \/>\n\t<meta name=\"twitter:label2\" content=\"Dur\u00e9e de lecture estim\u00e9e\" \/>\n\t<meta name=\"twitter:data2\" content=\"3 minutes\" \/>\n<script type=\"application\/ld+json\" class=\"yoast-schema-graph\">{\"@context\":\"https:\/\/schema.org\",\"@graph\":[{\"@type\":\"Article\",\"@id\":\"https:\/\/tracesdevoyages.com\/index.php\/2019\/06\/30\/le-mail-charente-maritime-france\/#article\",\"isPartOf\":{\"@id\":\"https:\/\/tracesdevoyages.com\/index.php\/2019\/06\/30\/le-mail-charente-maritime-france\/\"},\"author\":{\"name\":\"tracesdevoyages\",\"@id\":\"https:\/\/tracesdevoyages.com\/#\/schema\/person\/407749fd8c63f4e19e1f4d61c3df1dd3\"},\"headline\":\"Le Mail (Charente-Maritime &#8211; France)\",\"datePublished\":\"2019-06-30T13:12:22+00:00\",\"mainEntityOfPage\":{\"@id\":\"https:\/\/tracesdevoyages.com\/index.php\/2019\/06\/30\/le-mail-charente-maritime-france\/\"},\"wordCount\":666,\"commentCount\":0,\"publisher\":{\"@id\":\"https:\/\/tracesdevoyages.com\/#organization\"},\"image\":{\"@id\":\"https:\/\/tracesdevoyages.com\/index.php\/2019\/06\/30\/le-mail-charente-maritime-france\/#primaryimage\"},\"thumbnailUrl\":\"\",\"keywords\":[\"CharenteMaritime\",\"France\",\"LaRochelle\",\"Restaurant\"],\"articleSection\":[\"Carnet d'Adresses\",\"Europe\",\"France\",\"Nouvelle-Aquitaine\",\"Restauration\",\"Voyages\"],\"inLanguage\":\"fr-FR\",\"potentialAction\":[{\"@type\":\"CommentAction\",\"name\":\"Comment\",\"target\":[\"https:\/\/tracesdevoyages.com\/index.php\/2019\/06\/30\/le-mail-charente-maritime-france\/#respond\"]}]},{\"@type\":\"WebPage\",\"@id\":\"https:\/\/tracesdevoyages.com\/index.php\/2019\/06\/30\/le-mail-charente-maritime-france\/\",\"url\":\"https:\/\/tracesdevoyages.com\/index.php\/2019\/06\/30\/le-mail-charente-maritime-france\/\",\"name\":\"Le Mail (Charente-Maritime - France) - Traces de Voyages\",\"isPartOf\":{\"@id\":\"https:\/\/tracesdevoyages.com\/#website\"},\"primaryImageOfPage\":{\"@id\":\"https:\/\/tracesdevoyages.com\/index.php\/2019\/06\/30\/le-mail-charente-maritime-france\/#primaryimage\"},\"image\":{\"@id\":\"https:\/\/tracesdevoyages.com\/index.php\/2019\/06\/30\/le-mail-charente-maritime-france\/#primaryimage\"},\"thumbnailUrl\":\"\",\"datePublished\":\"2019-06-30T13:12:22+00:00\",\"description\":\"Pour un repas d'exception dans un cadre lumineux et un environnement calme \u00e0 La Rochelle, Le Mail est notre coup de c\u0153ur!\",\"breadcrumb\":{\"@id\":\"https:\/\/tracesdevoyages.com\/index.php\/2019\/06\/30\/le-mail-charente-maritime-france\/#breadcrumb\"},\"inLanguage\":\"fr-FR\",\"potentialAction\":[{\"@type\":\"ReadAction\",\"target\":[\"https:\/\/tracesdevoyages.com\/index.php\/2019\/06\/30\/le-mail-charente-maritime-france\/\"]}]},{\"@type\":\"ImageObject\",\"inLanguage\":\"fr-FR\",\"@id\":\"https:\/\/tracesdevoyages.com\/index.php\/2019\/06\/30\/le-mail-charente-maritime-france\/#primaryimage\",\"url\":\"\",\"contentUrl\":\"\"},{\"@type\":\"BreadcrumbList\",\"@id\":\"https:\/\/tracesdevoyages.com\/index.php\/2019\/06\/30\/le-mail-charente-maritime-france\/#breadcrumb\",\"itemListElement\":[{\"@type\":\"ListItem\",\"position\":1,\"name\":\"Accueil\",\"item\":\"https:\/\/tracesdevoyages.com\/\"},{\"@type\":\"ListItem\",\"position\":2,\"name\":\"Le Mail (Charente-Maritime &#8211; France)\"}]},{\"@type\":\"WebSite\",\"@id\":\"https:\/\/tracesdevoyages.com\/#website\",\"url\":\"https:\/\/tracesdevoyages.com\/\",\"name\":\"Traces de Voyages\",\"description\":\"Blog de voyages\",\"publisher\":{\"@id\":\"https:\/\/tracesdevoyages.com\/#organization\"},\"potentialAction\":[{\"@type\":\"SearchAction\",\"target\":{\"@type\":\"EntryPoint\",\"urlTemplate\":\"https:\/\/tracesdevoyages.com\/?s={search_term_string}\"},\"query-input\":{\"@type\":\"PropertyValueSpecification\",\"valueRequired\":true,\"valueName\":\"search_term_string\"}}],\"inLanguage\":\"fr-FR\"},{\"@type\":\"Organization\",\"@id\":\"https:\/\/tracesdevoyages.com\/#organization\",\"name\":\"Traces de Voyages\",\"url\":\"https:\/\/tracesdevoyages.com\/\",\"logo\":{\"@type\":\"ImageObject\",\"inLanguage\":\"fr-FR\",\"@id\":\"https:\/\/tracesdevoyages.com\/#\/schema\/logo\/image\/\",\"url\":\"https:\/\/i0.wp.com\/tracesdevoyages.com\/wp-content\/uploads\/2025\/01\/cropped-Traces-de-Voyages-LOGO.jpg?fit=512%2C512&ssl=1\",\"contentUrl\":\"https:\/\/i0.wp.com\/tracesdevoyages.com\/wp-content\/uploads\/2025\/01\/cropped-Traces-de-Voyages-LOGO.jpg?fit=512%2C512&ssl=1\",\"width\":512,\"height\":512,\"caption\":\"Traces de Voyages\"},\"image\":{\"@id\":\"https:\/\/tracesdevoyages.com\/#\/schema\/logo\/image\/\"},\"sameAs\":[\"https:\/\/www.facebook.com\/tracesdevoyages\/\",\"https:\/\/x.com\/TracesdeVoyages\",\"https:\/\/www.instagram.com\/tracesdevoyages\/\",\"https:\/\/fr.pinterest.com\/tracesdevoyages\/\",\"https:\/\/www.youtube.com\/channel\/UC240N7Neo4xrJRYcW3UhDaQ\/\"]},{\"@type\":\"Person\",\"@id\":\"https:\/\/tracesdevoyages.com\/#\/schema\/person\/407749fd8c63f4e19e1f4d61c3df1dd3\",\"name\":\"tracesdevoyages\",\"image\":{\"@type\":\"ImageObject\",\"inLanguage\":\"fr-FR\",\"@id\":\"https:\/\/tracesdevoyages.com\/#\/schema\/person\/image\/\",\"url\":\"https:\/\/secure.gravatar.com\/avatar\/89665a7661ade021f231fa4edee45d02595de0df2c6ac04037b09ce699dd6d89?s=96&d=mm&r=g\",\"contentUrl\":\"https:\/\/secure.gravatar.com\/avatar\/89665a7661ade021f231fa4edee45d02595de0df2c6ac04037b09ce699dd6d89?s=96&d=mm&r=g\",\"caption\":\"tracesdevoyages\"},\"url\":\"https:\/\/tracesdevoyages.com\/index.php\/author\/tracesdevoyages\/\"}]}<\/script>\n<!-- \/ Yoast SEO plugin. -->","yoast_head_json":{"title":"Le Mail (Charente-Maritime - France) - Traces de Voyages","description":"Pour un repas d'exception dans un cadre lumineux et un environnement calme \u00e0 La Rochelle, Le Mail est notre coup de c\u0153ur!","robots":{"index":"index","follow":"follow","max-snippet":"max-snippet:-1","max-image-preview":"max-image-preview:large","max-video-preview":"max-video-preview:-1"},"canonical":"https:\/\/tracesdevoyages.com\/index.php\/2019\/06\/30\/le-mail-charente-maritime-france\/","og_locale":"fr_FR","og_type":"article","og_title":"Le Mail (Charente-Maritime - France) - Traces de Voyages","og_description":"Pour un repas d'exception dans un cadre lumineux et un environnement calme \u00e0 La Rochelle, Le Mail est notre coup de c\u0153ur!","og_url":"https:\/\/tracesdevoyages.com\/index.php\/2019\/06\/30\/le-mail-charente-maritime-france\/","og_site_name":"Traces de Voyages","article_publisher":"https:\/\/www.facebook.com\/tracesdevoyages\/","article_published_time":"2019-06-30T13:12:22+00:00","author":"tracesdevoyages","twitter_card":"summary_large_image","twitter_creator":"@TracesdeVoyages","twitter_site":"@TracesdeVoyages","twitter_misc":{"\u00c9crit par":"tracesdevoyages","Dur\u00e9e de lecture estim\u00e9e":"3 minutes"},"schema":{"@context":"https:\/\/schema.org","@graph":[{"@type":"Article","@id":"https:\/\/tracesdevoyages.com\/index.php\/2019\/06\/30\/le-mail-charente-maritime-france\/#article","isPartOf":{"@id":"https:\/\/tracesdevoyages.com\/index.php\/2019\/06\/30\/le-mail-charente-maritime-france\/"},"author":{"name":"tracesdevoyages","@id":"https:\/\/tracesdevoyages.com\/#\/schema\/person\/407749fd8c63f4e19e1f4d61c3df1dd3"},"headline":"Le Mail (Charente-Maritime &#8211; France)","datePublished":"2019-06-30T13:12:22+00:00","mainEntityOfPage":{"@id":"https:\/\/tracesdevoyages.com\/index.php\/2019\/06\/30\/le-mail-charente-maritime-france\/"},"wordCount":666,"commentCount":0,"publisher":{"@id":"https:\/\/tracesdevoyages.com\/#organization"},"image":{"@id":"https:\/\/tracesdevoyages.com\/index.php\/2019\/06\/30\/le-mail-charente-maritime-france\/#primaryimage"},"thumbnailUrl":"","keywords":["CharenteMaritime","France","LaRochelle","Restaurant"],"articleSection":["Carnet d'Adresses","Europe","France","Nouvelle-Aquitaine","Restauration","Voyages"],"inLanguage":"fr-FR","potentialAction":[{"@type":"CommentAction","name":"Comment","target":["https:\/\/tracesdevoyages.com\/index.php\/2019\/06\/30\/le-mail-charente-maritime-france\/#respond"]}]},{"@type":"WebPage","@id":"https:\/\/tracesdevoyages.com\/index.php\/2019\/06\/30\/le-mail-charente-maritime-france\/","url":"https:\/\/tracesdevoyages.com\/index.php\/2019\/06\/30\/le-mail-charente-maritime-france\/","name":"Le Mail (Charente-Maritime - France) - Traces de Voyages","isPartOf":{"@id":"https:\/\/tracesdevoyages.com\/#website"},"primaryImageOfPage":{"@id":"https:\/\/tracesdevoyages.com\/index.php\/2019\/06\/30\/le-mail-charente-maritime-france\/#primaryimage"},"image":{"@id":"https:\/\/tracesdevoyages.com\/index.php\/2019\/06\/30\/le-mail-charente-maritime-france\/#primaryimage"},"thumbnailUrl":"","datePublished":"2019-06-30T13:12:22+00:00","description":"Pour un repas d'exception dans un cadre lumineux et un environnement calme \u00e0 La Rochelle, Le Mail est notre coup de c\u0153ur!","breadcrumb":{"@id":"https:\/\/tracesdevoyages.com\/index.php\/2019\/06\/30\/le-mail-charente-maritime-france\/#breadcrumb"},"inLanguage":"fr-FR","potentialAction":[{"@type":"ReadAction","target":["https:\/\/tracesdevoyages.com\/index.php\/2019\/06\/30\/le-mail-charente-maritime-france\/"]}]},{"@type":"ImageObject","inLanguage":"fr-FR","@id":"https:\/\/tracesdevoyages.com\/index.php\/2019\/06\/30\/le-mail-charente-maritime-france\/#primaryimage","url":"","contentUrl":""},{"@type":"BreadcrumbList","@id":"https:\/\/tracesdevoyages.com\/index.php\/2019\/06\/30\/le-mail-charente-maritime-france\/#breadcrumb","itemListElement":[{"@type":"ListItem","position":1,"name":"Accueil","item":"https:\/\/tracesdevoyages.com\/"},{"@type":"ListItem","position":2,"name":"Le Mail (Charente-Maritime &#8211; France)"}]},{"@type":"WebSite","@id":"https:\/\/tracesdevoyages.com\/#website","url":"https:\/\/tracesdevoyages.com\/","name":"Traces de Voyages","description":"Blog de voyages","publisher":{"@id":"https:\/\/tracesdevoyages.com\/#organization"},"potentialAction":[{"@type":"SearchAction","target":{"@type":"EntryPoint","urlTemplate":"https:\/\/tracesdevoyages.com\/?s={search_term_string}"},"query-input":{"@type":"PropertyValueSpecification","valueRequired":true,"valueName":"search_term_string"}}],"inLanguage":"fr-FR"},{"@type":"Organization","@id":"https:\/\/tracesdevoyages.com\/#organization","name":"Traces de Voyages","url":"https:\/\/tracesdevoyages.com\/","logo":{"@type":"ImageObject","inLanguage":"fr-FR","@id":"https:\/\/tracesdevoyages.com\/#\/schema\/logo\/image\/","url":"https:\/\/i0.wp.com\/tracesdevoyages.com\/wp-content\/uploads\/2025\/01\/cropped-Traces-de-Voyages-LOGO.jpg?fit=512%2C512&ssl=1","contentUrl":"https:\/\/i0.wp.com\/tracesdevoyages.com\/wp-content\/uploads\/2025\/01\/cropped-Traces-de-Voyages-LOGO.jpg?fit=512%2C512&ssl=1","width":512,"height":512,"caption":"Traces de Voyages"},"image":{"@id":"https:\/\/tracesdevoyages.com\/#\/schema\/logo\/image\/"},"sameAs":["https:\/\/www.facebook.com\/tracesdevoyages\/","https:\/\/x.com\/TracesdeVoyages","https:\/\/www.instagram.com\/tracesdevoyages\/","https:\/\/fr.pinterest.com\/tracesdevoyages\/","https:\/\/www.youtube.com\/channel\/UC240N7Neo4xrJRYcW3UhDaQ\/"]},{"@type":"Person","@id":"https:\/\/tracesdevoyages.com\/#\/schema\/person\/407749fd8c63f4e19e1f4d61c3df1dd3","name":"tracesdevoyages","image":{"@type":"ImageObject","inLanguage":"fr-FR","@id":"https:\/\/tracesdevoyages.com\/#\/schema\/person\/image\/","url":"https:\/\/secure.gravatar.com\/avatar\/89665a7661ade021f231fa4edee45d02595de0df2c6ac04037b09ce699dd6d89?s=96&d=mm&r=g","contentUrl":"https:\/\/secure.gravatar.com\/avatar\/89665a7661ade021f231fa4edee45d02595de0df2c6ac04037b09ce699dd6d89?s=96&d=mm&r=g","caption":"tracesdevoyages"},"url":"https:\/\/tracesdevoyages.com\/index.php\/author\/tracesdevoyages\/"}]}},"jetpack_featured_media_url":"","jetpack_sharing_enabled":true,"_links":{"self":[{"href":"https:\/\/tracesdevoyages.com\/index.php\/wp-json\/wp\/v2\/posts\/15729","targetHints":{"allow":["GET"]}}],"collection":[{"href":"https:\/\/tracesdevoyages.com\/index.php\/wp-json\/wp\/v2\/posts"}],"about":[{"href":"https:\/\/tracesdevoyages.com\/index.php\/wp-json\/wp\/v2\/types\/post"}],"author":[{"embeddable":true,"href":"https:\/\/tracesdevoyages.com\/index.php\/wp-json\/wp\/v2\/users\/2"}],"replies":[{"embeddable":true,"href":"https:\/\/tracesdevoyages.com\/index.php\/wp-json\/wp\/v2\/comments?post=15729"}],"version-history":[{"count":0,"href":"https:\/\/tracesdevoyages.com\/index.php\/wp-json\/wp\/v2\/posts\/15729\/revisions"}],"wp:featuredmedia":[{"embeddable":true,"href":"https:\/\/tracesdevoyages.com\/index.php\/wp-json\/"}],"wp:attachment":[{"href":"https:\/\/tracesdevoyages.com\/index.php\/wp-json\/wp\/v2\/media?parent=15729"}],"wp:term":[{"taxonomy":"category","embeddable":true,"href":"https:\/\/tracesdevoyages.com\/index.php\/wp-json\/wp\/v2\/categories?post=15729"},{"taxonomy":"post_tag","embeddable":true,"href":"https:\/\/tracesdevoyages.com\/index.php\/wp-json\/wp\/v2\/tags?post=15729"}],"curies":[{"name":"wp","href":"https:\/\/api.w.org\/{rel}","templated":true}]}}