{"id":15748,"date":"2019-07-21T15:19:45","date_gmt":"2019-07-21T13:19:45","guid":{"rendered":"https:\/\/tracesdevoyages.com\/?p=15748"},"modified":"2019-07-21T15:19:45","modified_gmt":"2019-07-21T13:19:45","slug":"vivres-charente-maritime-france","status":"publish","type":"post","link":"https:\/\/tracesdevoyages.com\/index.php\/2019\/07\/21\/vivres-charente-maritime-france\/","title":{"rendered":"Vivre[s] (Charente-Maritime &#8211; France)"},"content":{"rendered":"<p>Situ\u00e9 dans l&rsquo;ancienne Halle aux Vivres de Rochefort, Vivre[s] est le nouveau restaurant de Gr\u00e9gory Coutanceau qui met en valeur les produits locaux et la cuisson au feu de bois. Une tr\u00e8s belle adresse qui se d\u00e9cline en quatre exp\u00e9riences&#8230;<\/p>\n<p>Vivre[s], c&rsquo;est avant tout l&rsquo;histoire d&rsquo;un lieu, celle du Quai aux Vivres de la ville de Rochefort en Charente-Maritime. Class\u00e9 Monument Historique, cet ensemble de b\u00e2timents fut autrefois un h\u00f4pital militaire, un commissariat de la marine, puis, des logements de cadres et d&rsquo;officiers de l&rsquo;administration. Depuis plus de 4 ans, un grand chantier de restauration vise \u00e0 lui redonner une seconde vie en cr\u00e9ant des logements, mais aussi, un magnifique complexe gastronomique gr\u00e2ce \u00e0 l&rsquo;arriv\u00e9e du Chef Rochelais Gr\u00e9gory Coutanceau.<\/p>\n\n<p>Le r\u00e9sultat? Un cadre d&rsquo;exception et une architecture m\u00ealant parfaitement la pierre blanche au b\u00e9ton et au verre. Ouvert tout au long de la journ\u00e9e, du petit d\u00e9jeuner au d\u00eener, l&rsquo;exp\u00e9rience se d\u00e9cline sous 4 univers: un roof-top avec un potager suspendu pour profiter du soleil et de la vue sur les quais, un restaurant tr\u00e8s lumineux avec une cuisine ouverte, un bar \u00e0 vin dans les caves vo\u00fbt\u00e9es et une salle de r\u00e9ception pouvant accueillir jusqu&rsquo;\u00e0 200 personnes.<\/p>\n\n<p>C\u00f4t\u00e9 cuisine, la carte met en avant les produits du terroir avec une cuisson au feu de bois, une technique plus proche de la cuisine d&rsquo;antan qui donne aux aliments un go\u00fbt in\u00e9galable. Nous avons choisi le Menu Vivre[s] qui offre une tr\u00e8s belle succession de plats propos\u00e9s \u00e0 la carte. Si vous passez par Rochefort, ne manquez pas de go\u00fbter \u00e0 votre tour \u00e0 l&rsquo;exp\u00e9rience Vivre[s]&#8230;<\/p>\n\n<blockquote><p>Vivre[s]<\/p>\n<p>14 Quai aux Vivres<\/p>\n<p>17300 Rochefort<\/p>\n<p>05.54.70.02.90<\/p>\n<p><a href=\"https:\/\/vivres.net\/\" target=\"_blank\" rel=\"noopener noreferrer\">Site Web<\/a><\/p><\/blockquote>\n<hr \/>\n<p>https:\/\/www.pinterest.fr\/pin\/804525920915400822<\/p>\n","protected":false},"excerpt":{"rendered":"<p>Situ\u00e9 dans l&rsquo;ancienne Halle aux Vivres de Rochefort, Vivre[s] est le nouveau restaurant de Gr\u00e9gory Coutanceau qui met en valeur les produits locaux et la cuisson au feu de bois. Une tr\u00e8s belle adresse qui se d\u00e9cline en quatre exp\u00e9riences&#8230; Vivre[s], c&rsquo;est avant tout l&rsquo;histoire d&rsquo;un lieu, celle du Quai aux Vivres de la ville de Rochefort en Charente-Maritime. Class\u00e9 Monument Historique, cet ensemble de b\u00e2timents fut autrefois un h\u00f4pital militaire, un commissariat de la marine, puis, des logements de cadres et d&rsquo;officiers de l&rsquo;administration. Depuis plus de 4 ans, un grand chantier de restauration vise \u00e0 lui redonner une seconde vie en cr\u00e9ant des logements, mais aussi, un magnifique complexe gastronomique gr\u00e2ce \u00e0 l&rsquo;arriv\u00e9e du Chef Rochelais Gr\u00e9gory Coutanceau. Le r\u00e9sultat? Un cadre d&rsquo;exception et une architecture m\u00ealant parfaitement la pierre blanche au b\u00e9ton et au verre. Ouvert tout au long de la journ\u00e9e, du petit d\u00e9jeuner au d\u00eener, l&rsquo;exp\u00e9rience se d\u00e9cline sous 4 univers: un roof-top avec un potager suspendu pour profiter du soleil et de la vue sur les quais, un restaurant tr\u00e8s lumineux avec une cuisine ouverte, un bar \u00e0 vin dans les caves vo\u00fbt\u00e9es et une salle de r\u00e9ception pouvant accueillir jusqu&rsquo;\u00e0 200 personnes. C\u00f4t\u00e9 cuisine, la carte met en avant les produits du terroir avec une cuisson au feu de bois, une technique plus proche de la cuisine d&rsquo;antan qui donne aux aliments un go\u00fbt in\u00e9galable. Nous avons choisi le Menu Vivre[s] qui offre une tr\u00e8s belle succession de plats propos\u00e9s \u00e0 la carte. Si vous passez par Rochefort, ne manquez pas de go\u00fbter \u00e0 votre tour \u00e0 l&rsquo;exp\u00e9rience Vivre[s]&#8230; Vivre[s] 14 Quai aux Vivres 17300 Rochefort 05.54.70.02.90 Site Web https:\/\/www.pinterest.fr\/pin\/804525920915400822<\/p>\n","protected":false},"author":2,"featured_media":15749,"comment_status":"open","ping_status":"closed","sticky":false,"template":"","format":"standard","meta":{"_jetpack_memberships_contains_paid_content":false,"footnotes":""},"categories":[2,21,22,35,4,6],"tags":[152,203,346,351],"class_list":["post-15748","post","type-post","status-publish","format-standard","has-post-thumbnail","hentry","category-carnet-dadresses","category-europe","category-france","category-nouvelle-aquitaine","category-restauration","category-voyages","tag-charentemaritime","tag-france","tag-restaurant","tag-rochefort"],"yoast_head":"<!-- This site is optimized with the Yoast SEO plugin v26.3 - https:\/\/yoast.com\/wordpress\/plugins\/seo\/ -->\n<title>Vivre[s] (Charente-Maritime - France) - Traces de Voyages<\/title>\n<meta name=\"description\" content=\"Dans l&#039;ancienne Halle aux Vivres de Rochefort, le restaurant Vivre[s] de Gr\u00e9gory Coutanceau met en valeur les produits locaux et la cuisson au feu de bois.\" \/>\n<meta name=\"robots\" content=\"index, follow, max-snippet:-1, max-image-preview:large, max-video-preview:-1\" \/>\n<link rel=\"canonical\" href=\"https:\/\/tracesdevoyages.com\/index.php\/2019\/07\/21\/vivres-charente-maritime-france\/\" \/>\n<meta property=\"og:locale\" content=\"fr_FR\" \/>\n<meta property=\"og:type\" content=\"article\" \/>\n<meta property=\"og:title\" content=\"Vivre[s] (Charente-Maritime - France) - Traces de Voyages\" \/>\n<meta property=\"og:description\" content=\"Dans l&#039;ancienne Halle aux Vivres de Rochefort, le restaurant Vivre[s] de Gr\u00e9gory Coutanceau met en valeur les produits locaux et la cuisson au feu de bois.\" \/>\n<meta property=\"og:url\" content=\"https:\/\/tracesdevoyages.com\/index.php\/2019\/07\/21\/vivres-charente-maritime-france\/\" \/>\n<meta property=\"og:site_name\" content=\"Traces de Voyages\" \/>\n<meta property=\"article:publisher\" content=\"https:\/\/www.facebook.com\/tracesdevoyages\/\" \/>\n<meta property=\"article:published_time\" content=\"2019-07-21T13:19:45+00:00\" \/>\n<meta name=\"author\" content=\"tracesdevoyages\" \/>\n<meta name=\"twitter:card\" content=\"summary_large_image\" \/>\n<meta name=\"twitter:creator\" content=\"@TracesdeVoyages\" \/>\n<meta name=\"twitter:site\" content=\"@TracesdeVoyages\" \/>\n<meta name=\"twitter:label1\" content=\"\u00c9crit par\" \/>\n\t<meta name=\"twitter:data1\" content=\"tracesdevoyages\" \/>\n\t<meta name=\"twitter:label2\" content=\"Dur\u00e9e de lecture estim\u00e9e\" \/>\n\t<meta name=\"twitter:data2\" content=\"2 minutes\" \/>\n<script type=\"application\/ld+json\" class=\"yoast-schema-graph\">{\"@context\":\"https:\/\/schema.org\",\"@graph\":[{\"@type\":\"Article\",\"@id\":\"https:\/\/tracesdevoyages.com\/index.php\/2019\/07\/21\/vivres-charente-maritime-france\/#article\",\"isPartOf\":{\"@id\":\"https:\/\/tracesdevoyages.com\/index.php\/2019\/07\/21\/vivres-charente-maritime-france\/\"},\"author\":{\"name\":\"tracesdevoyages\",\"@id\":\"https:\/\/tracesdevoyages.com\/#\/schema\/person\/407749fd8c63f4e19e1f4d61c3df1dd3\"},\"headline\":\"Vivre[s] (Charente-Maritime &#8211; France)\",\"datePublished\":\"2019-07-21T13:19:45+00:00\",\"mainEntityOfPage\":{\"@id\":\"https:\/\/tracesdevoyages.com\/index.php\/2019\/07\/21\/vivres-charente-maritime-france\/\"},\"wordCount\":333,\"commentCount\":2,\"publisher\":{\"@id\":\"https:\/\/tracesdevoyages.com\/#organization\"},\"image\":{\"@id\":\"https:\/\/tracesdevoyages.com\/index.php\/2019\/07\/21\/vivres-charente-maritime-france\/#primaryimage\"},\"thumbnailUrl\":\"\",\"keywords\":[\"CharenteMaritime\",\"France\",\"Restaurant\",\"Rochefort\"],\"articleSection\":[\"Carnet d'Adresses\",\"Europe\",\"France\",\"Nouvelle-Aquitaine\",\"Restauration\",\"Voyages\"],\"inLanguage\":\"fr-FR\",\"potentialAction\":[{\"@type\":\"CommentAction\",\"name\":\"Comment\",\"target\":[\"https:\/\/tracesdevoyages.com\/index.php\/2019\/07\/21\/vivres-charente-maritime-france\/#respond\"]}]},{\"@type\":\"WebPage\",\"@id\":\"https:\/\/tracesdevoyages.com\/index.php\/2019\/07\/21\/vivres-charente-maritime-france\/\",\"url\":\"https:\/\/tracesdevoyages.com\/index.php\/2019\/07\/21\/vivres-charente-maritime-france\/\",\"name\":\"Vivre[s] (Charente-Maritime - France) - Traces de Voyages\",\"isPartOf\":{\"@id\":\"https:\/\/tracesdevoyages.com\/#website\"},\"primaryImageOfPage\":{\"@id\":\"https:\/\/tracesdevoyages.com\/index.php\/2019\/07\/21\/vivres-charente-maritime-france\/#primaryimage\"},\"image\":{\"@id\":\"https:\/\/tracesdevoyages.com\/index.php\/2019\/07\/21\/vivres-charente-maritime-france\/#primaryimage\"},\"thumbnailUrl\":\"\",\"datePublished\":\"2019-07-21T13:19:45+00:00\",\"description\":\"Dans l'ancienne Halle aux Vivres de Rochefort, le restaurant Vivre[s] de Gr\u00e9gory Coutanceau met en valeur les produits locaux et la cuisson au feu de bois.\",\"breadcrumb\":{\"@id\":\"https:\/\/tracesdevoyages.com\/index.php\/2019\/07\/21\/vivres-charente-maritime-france\/#breadcrumb\"},\"inLanguage\":\"fr-FR\",\"potentialAction\":[{\"@type\":\"ReadAction\",\"target\":[\"https:\/\/tracesdevoyages.com\/index.php\/2019\/07\/21\/vivres-charente-maritime-france\/\"]}]},{\"@type\":\"ImageObject\",\"inLanguage\":\"fr-FR\",\"@id\":\"https:\/\/tracesdevoyages.com\/index.php\/2019\/07\/21\/vivres-charente-maritime-france\/#primaryimage\",\"url\":\"\",\"contentUrl\":\"\"},{\"@type\":\"BreadcrumbList\",\"@id\":\"https:\/\/tracesdevoyages.com\/index.php\/2019\/07\/21\/vivres-charente-maritime-france\/#breadcrumb\",\"itemListElement\":[{\"@type\":\"ListItem\",\"position\":1,\"name\":\"Accueil\",\"item\":\"https:\/\/tracesdevoyages.com\/\"},{\"@type\":\"ListItem\",\"position\":2,\"name\":\"Vivre[s] (Charente-Maritime &#8211; France)\"}]},{\"@type\":\"WebSite\",\"@id\":\"https:\/\/tracesdevoyages.com\/#website\",\"url\":\"https:\/\/tracesdevoyages.com\/\",\"name\":\"Traces de Voyages\",\"description\":\"Blog de voyages\",\"publisher\":{\"@id\":\"https:\/\/tracesdevoyages.com\/#organization\"},\"potentialAction\":[{\"@type\":\"SearchAction\",\"target\":{\"@type\":\"EntryPoint\",\"urlTemplate\":\"https:\/\/tracesdevoyages.com\/?s={search_term_string}\"},\"query-input\":{\"@type\":\"PropertyValueSpecification\",\"valueRequired\":true,\"valueName\":\"search_term_string\"}}],\"inLanguage\":\"fr-FR\"},{\"@type\":\"Organization\",\"@id\":\"https:\/\/tracesdevoyages.com\/#organization\",\"name\":\"Traces de Voyages\",\"url\":\"https:\/\/tracesdevoyages.com\/\",\"logo\":{\"@type\":\"ImageObject\",\"inLanguage\":\"fr-FR\",\"@id\":\"https:\/\/tracesdevoyages.com\/#\/schema\/logo\/image\/\",\"url\":\"https:\/\/i0.wp.com\/tracesdevoyages.com\/wp-content\/uploads\/2025\/01\/cropped-Traces-de-Voyages-LOGO.jpg?fit=512%2C512&ssl=1\",\"contentUrl\":\"https:\/\/i0.wp.com\/tracesdevoyages.com\/wp-content\/uploads\/2025\/01\/cropped-Traces-de-Voyages-LOGO.jpg?fit=512%2C512&ssl=1\",\"width\":512,\"height\":512,\"caption\":\"Traces de Voyages\"},\"image\":{\"@id\":\"https:\/\/tracesdevoyages.com\/#\/schema\/logo\/image\/\"},\"sameAs\":[\"https:\/\/www.facebook.com\/tracesdevoyages\/\",\"https:\/\/x.com\/TracesdeVoyages\",\"https:\/\/www.instagram.com\/tracesdevoyages\/\",\"https:\/\/fr.pinterest.com\/tracesdevoyages\/\",\"https:\/\/www.youtube.com\/channel\/UC240N7Neo4xrJRYcW3UhDaQ\/\"]},{\"@type\":\"Person\",\"@id\":\"https:\/\/tracesdevoyages.com\/#\/schema\/person\/407749fd8c63f4e19e1f4d61c3df1dd3\",\"name\":\"tracesdevoyages\",\"image\":{\"@type\":\"ImageObject\",\"inLanguage\":\"fr-FR\",\"@id\":\"https:\/\/tracesdevoyages.com\/#\/schema\/person\/image\/\",\"url\":\"https:\/\/secure.gravatar.com\/avatar\/89665a7661ade021f231fa4edee45d02595de0df2c6ac04037b09ce699dd6d89?s=96&d=mm&r=g\",\"contentUrl\":\"https:\/\/secure.gravatar.com\/avatar\/89665a7661ade021f231fa4edee45d02595de0df2c6ac04037b09ce699dd6d89?s=96&d=mm&r=g\",\"caption\":\"tracesdevoyages\"},\"url\":\"https:\/\/tracesdevoyages.com\/index.php\/author\/tracesdevoyages\/\"}]}<\/script>\n<!-- \/ Yoast SEO plugin. -->","yoast_head_json":{"title":"Vivre[s] (Charente-Maritime - France) - Traces de Voyages","description":"Dans l'ancienne Halle aux Vivres de Rochefort, le restaurant Vivre[s] de Gr\u00e9gory Coutanceau met en valeur les produits locaux et la cuisson au feu de bois.","robots":{"index":"index","follow":"follow","max-snippet":"max-snippet:-1","max-image-preview":"max-image-preview:large","max-video-preview":"max-video-preview:-1"},"canonical":"https:\/\/tracesdevoyages.com\/index.php\/2019\/07\/21\/vivres-charente-maritime-france\/","og_locale":"fr_FR","og_type":"article","og_title":"Vivre[s] (Charente-Maritime - France) - Traces de Voyages","og_description":"Dans l'ancienne Halle aux Vivres de Rochefort, le restaurant Vivre[s] de Gr\u00e9gory Coutanceau met en valeur les produits locaux et la cuisson au feu de bois.","og_url":"https:\/\/tracesdevoyages.com\/index.php\/2019\/07\/21\/vivres-charente-maritime-france\/","og_site_name":"Traces de Voyages","article_publisher":"https:\/\/www.facebook.com\/tracesdevoyages\/","article_published_time":"2019-07-21T13:19:45+00:00","author":"tracesdevoyages","twitter_card":"summary_large_image","twitter_creator":"@TracesdeVoyages","twitter_site":"@TracesdeVoyages","twitter_misc":{"\u00c9crit par":"tracesdevoyages","Dur\u00e9e de lecture estim\u00e9e":"2 minutes"},"schema":{"@context":"https:\/\/schema.org","@graph":[{"@type":"Article","@id":"https:\/\/tracesdevoyages.com\/index.php\/2019\/07\/21\/vivres-charente-maritime-france\/#article","isPartOf":{"@id":"https:\/\/tracesdevoyages.com\/index.php\/2019\/07\/21\/vivres-charente-maritime-france\/"},"author":{"name":"tracesdevoyages","@id":"https:\/\/tracesdevoyages.com\/#\/schema\/person\/407749fd8c63f4e19e1f4d61c3df1dd3"},"headline":"Vivre[s] (Charente-Maritime &#8211; France)","datePublished":"2019-07-21T13:19:45+00:00","mainEntityOfPage":{"@id":"https:\/\/tracesdevoyages.com\/index.php\/2019\/07\/21\/vivres-charente-maritime-france\/"},"wordCount":333,"commentCount":2,"publisher":{"@id":"https:\/\/tracesdevoyages.com\/#organization"},"image":{"@id":"https:\/\/tracesdevoyages.com\/index.php\/2019\/07\/21\/vivres-charente-maritime-france\/#primaryimage"},"thumbnailUrl":"","keywords":["CharenteMaritime","France","Restaurant","Rochefort"],"articleSection":["Carnet d'Adresses","Europe","France","Nouvelle-Aquitaine","Restauration","Voyages"],"inLanguage":"fr-FR","potentialAction":[{"@type":"CommentAction","name":"Comment","target":["https:\/\/tracesdevoyages.com\/index.php\/2019\/07\/21\/vivres-charente-maritime-france\/#respond"]}]},{"@type":"WebPage","@id":"https:\/\/tracesdevoyages.com\/index.php\/2019\/07\/21\/vivres-charente-maritime-france\/","url":"https:\/\/tracesdevoyages.com\/index.php\/2019\/07\/21\/vivres-charente-maritime-france\/","name":"Vivre[s] (Charente-Maritime - France) - Traces de Voyages","isPartOf":{"@id":"https:\/\/tracesdevoyages.com\/#website"},"primaryImageOfPage":{"@id":"https:\/\/tracesdevoyages.com\/index.php\/2019\/07\/21\/vivres-charente-maritime-france\/#primaryimage"},"image":{"@id":"https:\/\/tracesdevoyages.com\/index.php\/2019\/07\/21\/vivres-charente-maritime-france\/#primaryimage"},"thumbnailUrl":"","datePublished":"2019-07-21T13:19:45+00:00","description":"Dans l'ancienne Halle aux Vivres de Rochefort, le restaurant Vivre[s] de Gr\u00e9gory Coutanceau met en valeur les produits locaux et la cuisson au feu de bois.","breadcrumb":{"@id":"https:\/\/tracesdevoyages.com\/index.php\/2019\/07\/21\/vivres-charente-maritime-france\/#breadcrumb"},"inLanguage":"fr-FR","potentialAction":[{"@type":"ReadAction","target":["https:\/\/tracesdevoyages.com\/index.php\/2019\/07\/21\/vivres-charente-maritime-france\/"]}]},{"@type":"ImageObject","inLanguage":"fr-FR","@id":"https:\/\/tracesdevoyages.com\/index.php\/2019\/07\/21\/vivres-charente-maritime-france\/#primaryimage","url":"","contentUrl":""},{"@type":"BreadcrumbList","@id":"https:\/\/tracesdevoyages.com\/index.php\/2019\/07\/21\/vivres-charente-maritime-france\/#breadcrumb","itemListElement":[{"@type":"ListItem","position":1,"name":"Accueil","item":"https:\/\/tracesdevoyages.com\/"},{"@type":"ListItem","position":2,"name":"Vivre[s] (Charente-Maritime &#8211; France)"}]},{"@type":"WebSite","@id":"https:\/\/tracesdevoyages.com\/#website","url":"https:\/\/tracesdevoyages.com\/","name":"Traces de Voyages","description":"Blog de voyages","publisher":{"@id":"https:\/\/tracesdevoyages.com\/#organization"},"potentialAction":[{"@type":"SearchAction","target":{"@type":"EntryPoint","urlTemplate":"https:\/\/tracesdevoyages.com\/?s={search_term_string}"},"query-input":{"@type":"PropertyValueSpecification","valueRequired":true,"valueName":"search_term_string"}}],"inLanguage":"fr-FR"},{"@type":"Organization","@id":"https:\/\/tracesdevoyages.com\/#organization","name":"Traces de Voyages","url":"https:\/\/tracesdevoyages.com\/","logo":{"@type":"ImageObject","inLanguage":"fr-FR","@id":"https:\/\/tracesdevoyages.com\/#\/schema\/logo\/image\/","url":"https:\/\/i0.wp.com\/tracesdevoyages.com\/wp-content\/uploads\/2025\/01\/cropped-Traces-de-Voyages-LOGO.jpg?fit=512%2C512&ssl=1","contentUrl":"https:\/\/i0.wp.com\/tracesdevoyages.com\/wp-content\/uploads\/2025\/01\/cropped-Traces-de-Voyages-LOGO.jpg?fit=512%2C512&ssl=1","width":512,"height":512,"caption":"Traces de Voyages"},"image":{"@id":"https:\/\/tracesdevoyages.com\/#\/schema\/logo\/image\/"},"sameAs":["https:\/\/www.facebook.com\/tracesdevoyages\/","https:\/\/x.com\/TracesdeVoyages","https:\/\/www.instagram.com\/tracesdevoyages\/","https:\/\/fr.pinterest.com\/tracesdevoyages\/","https:\/\/www.youtube.com\/channel\/UC240N7Neo4xrJRYcW3UhDaQ\/"]},{"@type":"Person","@id":"https:\/\/tracesdevoyages.com\/#\/schema\/person\/407749fd8c63f4e19e1f4d61c3df1dd3","name":"tracesdevoyages","image":{"@type":"ImageObject","inLanguage":"fr-FR","@id":"https:\/\/tracesdevoyages.com\/#\/schema\/person\/image\/","url":"https:\/\/secure.gravatar.com\/avatar\/89665a7661ade021f231fa4edee45d02595de0df2c6ac04037b09ce699dd6d89?s=96&d=mm&r=g","contentUrl":"https:\/\/secure.gravatar.com\/avatar\/89665a7661ade021f231fa4edee45d02595de0df2c6ac04037b09ce699dd6d89?s=96&d=mm&r=g","caption":"tracesdevoyages"},"url":"https:\/\/tracesdevoyages.com\/index.php\/author\/tracesdevoyages\/"}]}},"jetpack_featured_media_url":"","jetpack_sharing_enabled":true,"_links":{"self":[{"href":"https:\/\/tracesdevoyages.com\/index.php\/wp-json\/wp\/v2\/posts\/15748","targetHints":{"allow":["GET"]}}],"collection":[{"href":"https:\/\/tracesdevoyages.com\/index.php\/wp-json\/wp\/v2\/posts"}],"about":[{"href":"https:\/\/tracesdevoyages.com\/index.php\/wp-json\/wp\/v2\/types\/post"}],"author":[{"embeddable":true,"href":"https:\/\/tracesdevoyages.com\/index.php\/wp-json\/wp\/v2\/users\/2"}],"replies":[{"embeddable":true,"href":"https:\/\/tracesdevoyages.com\/index.php\/wp-json\/wp\/v2\/comments?post=15748"}],"version-history":[{"count":0,"href":"https:\/\/tracesdevoyages.com\/index.php\/wp-json\/wp\/v2\/posts\/15748\/revisions"}],"wp:featuredmedia":[{"embeddable":true,"href":"https:\/\/tracesdevoyages.com\/index.php\/wp-json\/"}],"wp:attachment":[{"href":"https:\/\/tracesdevoyages.com\/index.php\/wp-json\/wp\/v2\/media?parent=15748"}],"wp:term":[{"taxonomy":"category","embeddable":true,"href":"https:\/\/tracesdevoyages.com\/index.php\/wp-json\/wp\/v2\/categories?post=15748"},{"taxonomy":"post_tag","embeddable":true,"href":"https:\/\/tracesdevoyages.com\/index.php\/wp-json\/wp\/v2\/tags?post=15748"}],"curies":[{"name":"wp","href":"https:\/\/api.w.org\/{rel}","templated":true}]}}