{"id":16149,"date":"2019-10-27T11:31:59","date_gmt":"2019-10-27T10:31:59","guid":{"rendered":"https:\/\/tracesdevoyages.com\/?p=16149"},"modified":"2019-10-27T11:31:59","modified_gmt":"2019-10-27T10:31:59","slug":"escapades-nuit-des-chateaux-ebaupinay","status":"publish","type":"post","link":"https:\/\/tracesdevoyages.com\/index.php\/2019\/10\/27\/escapades-nuit-des-chateaux-ebaupinay\/","title":{"rendered":"Escapades: La Nuit des Ch\u00e2teaux \u00e0 l&rsquo;\u00c9baupinay"},"content":{"rendered":"<p>Le 19 Octobre 2019, 100 ch\u00e2teaux \u00e0 travers toute la France ont ouvert leurs portes en nocturne \u00e0 l&rsquo;occasion de la toute premi\u00e8re <a href=\"https:\/\/www.nuitdeschateaux.com\/\" target=\"_blank\" rel=\"noopener noreferrer\">Nuit des Ch\u00e2teaux<\/a>. Cet \u00e9v\u00e9nement a \u00e9t\u00e9 cr\u00e9\u00e9 par la soci\u00e9t\u00e9 <a href=\"https:\/\/dartagnans.fr\/\" target=\"_blank\" rel=\"noopener noreferrer\">Dartagnans<\/a>, premier acteur num\u00e9rique d\u00e9di\u00e9 \u00e0 la pr\u00e9servation du patrimoine et <a href=\"https:\/\/www.dartngo.fr\/\" target=\"_blank\" rel=\"noopener noreferrer\">Dartngo<\/a>, plateforme de r\u00e9servation d&rsquo;exp\u00e9riences culturelles. Leur but commun: pr\u00e9server le patrimoine de nos r\u00e9gions \u00e0 travers des campagnes de financement participatif et des exp\u00e9riences culturelles. C&rsquo;est dans cette optique qu&rsquo;est n\u00e9e l&rsquo;id\u00e9e de cr\u00e9er la Nuit des Ch\u00e2teaux dont 90% des recettes servent directement \u00e0 pr\u00e9server les monuments visit\u00e9s. A l&rsquo;occasion de cet \u00e9v\u00e9nement, des centaines de ch\u00e2teaux ont r\u00e9pondus pr\u00e9sents, proposant aux visiteurs des exp\u00e9riences vari\u00e9es: visites \u00e0 la bougie, concerts, illuminations, spectacles vivants, etc&#8230;<\/p>\n\n<p>C&rsquo;est au Ch\u00e2teau de l&rsquo;<a href=\"https:\/\/www.ebaupinay.com\/\" target=\"_blank\" rel=\"noopener noreferrer\">\u00c9baupinay<\/a> dans les Deux-S\u00e8vres que nous avons choisi de passer la soir\u00e9e, un monument en cours de restauration qui avait fait la Une de plusieurs m\u00e9dias lors de la campagne de financement participatif lanc\u00e9e il y a quelques ann\u00e9es: \u00ab\u00a0Devenez ch\u00e2telain pour 50\u20ac\u00a0\u00bb. Au total, 11858 personnes repr\u00e9sentant 96 nationalit\u00e9s \u00e0 travers le monde se sont mobilis\u00e9es pour sauver l&rsquo;\u00e9difice! Le b\u00e2timent? Un ch\u00e2teau fort du 14\u00e8me si\u00e8cle cass\u00e9 Monument Historique qui apr\u00e8s avoir br\u00fbl\u00e9 en 1796 pendant les guerres de Vend\u00e9e attendait toujours sa renaissance&#8230;<\/p>\n\n<p>Pour la Nuit des Ch\u00e2teaux, de nombreux propri\u00e9taires, b\u00e9n\u00e9voles et passionn\u00e9s se sont mobilis\u00e9s afin de redonner vie \u00e0 ce lieu lors d&rsquo;une soir\u00e9e sp\u00e9ciale Moyen-\u00c2ge. Eclairage \u00e0 la chandelle et au feu de bois, tentes am\u00e9nag\u00e9es en mini espaces d&rsquo;exposition sur la vie au Ch\u00e2teau autrefois, figurants et passionn\u00e9s v\u00eatus en tenues d&rsquo;\u00e9poque, troubadours et m\u00e9nestrels ambulants, combattants de b\u00e9hourd et grande tabl\u00e9e o\u00f9 se restaurer de mets oubli\u00e9s et hypocras&#8230; La pluie aura finalement eu raison de nous puisque le site est en cours de r\u00e9habilitation et donc, en ext\u00e9rieur. N\u00e9anmoins, ce fut une belle exp\u00e9rience et nous sommes heureux d&rsquo;avoir d\u00e9couvert ce lieu charg\u00e9 d&rsquo;histoire de notre r\u00e9gion. Vivement l&rsquo;ann\u00e9e prochaine pour de nouvelles d\u00e9couvertes!<\/p>\n\n<hr \/>\n<p>https:\/\/www.pinterest.fr\/pin\/804525920917607353<\/p>\n","protected":false},"excerpt":{"rendered":"<p>Le 19 Octobre 2019, 100 ch\u00e2teaux \u00e0 travers toute la France ont ouvert leurs portes en nocturne \u00e0 l&rsquo;occasion de la toute premi\u00e8re Nuit des Ch\u00e2teaux. Cet \u00e9v\u00e9nement a \u00e9t\u00e9 cr\u00e9\u00e9 par la soci\u00e9t\u00e9 Dartagnans, premier acteur num\u00e9rique d\u00e9di\u00e9 \u00e0 la pr\u00e9servation du patrimoine et Dartngo, plateforme de r\u00e9servation d&rsquo;exp\u00e9riences culturelles. Leur but commun: pr\u00e9server le patrimoine de nos r\u00e9gions \u00e0 travers des campagnes de financement participatif et des exp\u00e9riences culturelles. C&rsquo;est dans cette optique qu&rsquo;est n\u00e9e l&rsquo;id\u00e9e de cr\u00e9er la Nuit des Ch\u00e2teaux dont 90% des recettes servent directement \u00e0 pr\u00e9server les monuments visit\u00e9s. A l&rsquo;occasion de cet \u00e9v\u00e9nement, des centaines de ch\u00e2teaux ont r\u00e9pondus pr\u00e9sents, proposant aux visiteurs des exp\u00e9riences vari\u00e9es: visites \u00e0 la bougie, concerts, illuminations, spectacles vivants, etc&#8230; C&rsquo;est au Ch\u00e2teau de l&rsquo;\u00c9baupinay dans les Deux-S\u00e8vres que nous avons choisi de passer la soir\u00e9e, un monument en cours de restauration qui avait fait la Une de plusieurs m\u00e9dias lors de la campagne de financement participatif lanc\u00e9e il y a quelques ann\u00e9es: \u00ab\u00a0Devenez ch\u00e2telain pour 50\u20ac\u00a0\u00bb. Au total, 11858 personnes repr\u00e9sentant 96 nationalit\u00e9s \u00e0 travers le monde se sont mobilis\u00e9es pour sauver l&rsquo;\u00e9difice! Le b\u00e2timent? Un ch\u00e2teau fort du 14\u00e8me si\u00e8cle cass\u00e9 Monument Historique qui apr\u00e8s avoir br\u00fbl\u00e9 en 1796 pendant les guerres de Vend\u00e9e attendait toujours sa renaissance&#8230; Pour la Nuit des Ch\u00e2teaux, de nombreux propri\u00e9taires, b\u00e9n\u00e9voles et passionn\u00e9s se sont mobilis\u00e9s afin de redonner vie \u00e0 ce lieu lors d&rsquo;une soir\u00e9e sp\u00e9ciale Moyen-\u00c2ge. Eclairage \u00e0 la chandelle et au feu de bois, tentes am\u00e9nag\u00e9es en mini espaces d&rsquo;exposition sur la vie au Ch\u00e2teau autrefois, figurants et passionn\u00e9s v\u00eatus en tenues d&rsquo;\u00e9poque, troubadours et m\u00e9nestrels ambulants, combattants de b\u00e9hourd et grande tabl\u00e9e o\u00f9 se restaurer de mets oubli\u00e9s et hypocras&#8230; La pluie aura finalement eu raison de nous puisque le site est en cours de r\u00e9habilitation et donc, en ext\u00e9rieur. N\u00e9anmoins, ce fut une belle exp\u00e9rience et nous sommes heureux d&rsquo;avoir d\u00e9couvert ce lieu charg\u00e9 d&rsquo;histoire de notre r\u00e9gion. Vivement l&rsquo;ann\u00e9e prochaine pour de nouvelles d\u00e9couvertes! https:\/\/www.pinterest.fr\/pin\/804525920917607353<\/p>\n","protected":false},"author":2,"featured_media":16152,"comment_status":"open","ping_status":"closed","sticky":false,"template":"","format":"standard","meta":{"_jetpack_memberships_contains_paid_content":false,"footnotes":""},"categories":[64,20,21,22,35,5,6],"tags":[153,177,203],"class_list":["post-16149","post","type-post","status-publish","format-standard","has-post-thumbnail","hentry","category-culture","category-escapades","category-europe","category-france","category-nouvelle-aquitaine","category-themes","category-voyages","tag-chateaux","tag-deux-sevres","tag-france"],"yoast_head":"<!-- This site is optimized with the Yoast SEO plugin v26.3 - https:\/\/yoast.com\/wordpress\/plugins\/seo\/ -->\n<title>Escapades: La Nuit des Ch\u00e2teaux \u00e0 l&#039;\u00c9baupinay - Traces de Voyages<\/title>\n<meta name=\"description\" content=\"En octobre, nous avons particip\u00e9 \u00e0 la premi\u00e8re Nuit des Ch\u00e2teaux organis\u00e9e en France. Retour en images sur cet \u00e9v\u00e9nement que nous avons pass\u00e9 \u00e0 l&#039;\u00c9baupinay.\" \/>\n<meta name=\"robots\" content=\"index, follow, max-snippet:-1, max-image-preview:large, max-video-preview:-1\" \/>\n<link rel=\"canonical\" href=\"https:\/\/tracesdevoyages.com\/index.php\/2019\/10\/27\/escapades-nuit-des-chateaux-ebaupinay\/\" \/>\n<meta property=\"og:locale\" content=\"fr_FR\" \/>\n<meta property=\"og:type\" content=\"article\" \/>\n<meta property=\"og:title\" content=\"Escapades: La Nuit des Ch\u00e2teaux \u00e0 l&#039;\u00c9baupinay - Traces de Voyages\" \/>\n<meta property=\"og:description\" content=\"En octobre, nous avons particip\u00e9 \u00e0 la premi\u00e8re Nuit des Ch\u00e2teaux organis\u00e9e en France. Retour en images sur cet \u00e9v\u00e9nement que nous avons pass\u00e9 \u00e0 l&#039;\u00c9baupinay.\" \/>\n<meta property=\"og:url\" content=\"https:\/\/tracesdevoyages.com\/index.php\/2019\/10\/27\/escapades-nuit-des-chateaux-ebaupinay\/\" \/>\n<meta property=\"og:site_name\" content=\"Traces de Voyages\" \/>\n<meta property=\"article:publisher\" content=\"https:\/\/www.facebook.com\/tracesdevoyages\/\" \/>\n<meta property=\"article:published_time\" content=\"2019-10-27T10:31:59+00:00\" \/>\n<meta name=\"author\" content=\"tracesdevoyages\" \/>\n<meta name=\"twitter:card\" content=\"summary_large_image\" \/>\n<meta name=\"twitter:creator\" content=\"@TracesdeVoyages\" \/>\n<meta name=\"twitter:site\" content=\"@TracesdeVoyages\" \/>\n<meta name=\"twitter:label1\" content=\"\u00c9crit par\" \/>\n\t<meta name=\"twitter:data1\" content=\"tracesdevoyages\" \/>\n\t<meta name=\"twitter:label2\" content=\"Dur\u00e9e de lecture estim\u00e9e\" \/>\n\t<meta name=\"twitter:data2\" content=\"2 minutes\" \/>\n<script type=\"application\/ld+json\" class=\"yoast-schema-graph\">{\"@context\":\"https:\/\/schema.org\",\"@graph\":[{\"@type\":\"Article\",\"@id\":\"https:\/\/tracesdevoyages.com\/index.php\/2019\/10\/27\/escapades-nuit-des-chateaux-ebaupinay\/#article\",\"isPartOf\":{\"@id\":\"https:\/\/tracesdevoyages.com\/index.php\/2019\/10\/27\/escapades-nuit-des-chateaux-ebaupinay\/\"},\"author\":{\"name\":\"tracesdevoyages\",\"@id\":\"https:\/\/tracesdevoyages.com\/#\/schema\/person\/407749fd8c63f4e19e1f4d61c3df1dd3\"},\"headline\":\"Escapades: La Nuit des Ch\u00e2teaux \u00e0 l&rsquo;\u00c9baupinay\",\"datePublished\":\"2019-10-27T10:31:59+00:00\",\"mainEntityOfPage\":{\"@id\":\"https:\/\/tracesdevoyages.com\/index.php\/2019\/10\/27\/escapades-nuit-des-chateaux-ebaupinay\/\"},\"wordCount\":422,\"commentCount\":0,\"publisher\":{\"@id\":\"https:\/\/tracesdevoyages.com\/#organization\"},\"image\":{\"@id\":\"https:\/\/tracesdevoyages.com\/index.php\/2019\/10\/27\/escapades-nuit-des-chateaux-ebaupinay\/#primaryimage\"},\"thumbnailUrl\":\"\",\"keywords\":[\"Ch\u00e2teaux\",\"Deux-S\u00e8vres\",\"France\"],\"articleSection\":[\"Culture\",\"Escapades\",\"Europe\",\"France\",\"Nouvelle-Aquitaine\",\"Th\u00e8mes\",\"Voyages\"],\"inLanguage\":\"fr-FR\",\"potentialAction\":[{\"@type\":\"CommentAction\",\"name\":\"Comment\",\"target\":[\"https:\/\/tracesdevoyages.com\/index.php\/2019\/10\/27\/escapades-nuit-des-chateaux-ebaupinay\/#respond\"]}]},{\"@type\":\"WebPage\",\"@id\":\"https:\/\/tracesdevoyages.com\/index.php\/2019\/10\/27\/escapades-nuit-des-chateaux-ebaupinay\/\",\"url\":\"https:\/\/tracesdevoyages.com\/index.php\/2019\/10\/27\/escapades-nuit-des-chateaux-ebaupinay\/\",\"name\":\"Escapades: La Nuit des Ch\u00e2teaux \u00e0 l'\u00c9baupinay - Traces de Voyages\",\"isPartOf\":{\"@id\":\"https:\/\/tracesdevoyages.com\/#website\"},\"primaryImageOfPage\":{\"@id\":\"https:\/\/tracesdevoyages.com\/index.php\/2019\/10\/27\/escapades-nuit-des-chateaux-ebaupinay\/#primaryimage\"},\"image\":{\"@id\":\"https:\/\/tracesdevoyages.com\/index.php\/2019\/10\/27\/escapades-nuit-des-chateaux-ebaupinay\/#primaryimage\"},\"thumbnailUrl\":\"\",\"datePublished\":\"2019-10-27T10:31:59+00:00\",\"description\":\"En octobre, nous avons particip\u00e9 \u00e0 la premi\u00e8re Nuit des Ch\u00e2teaux organis\u00e9e en France. Retour en images sur cet \u00e9v\u00e9nement que nous avons pass\u00e9 \u00e0 l'\u00c9baupinay.\",\"breadcrumb\":{\"@id\":\"https:\/\/tracesdevoyages.com\/index.php\/2019\/10\/27\/escapades-nuit-des-chateaux-ebaupinay\/#breadcrumb\"},\"inLanguage\":\"fr-FR\",\"potentialAction\":[{\"@type\":\"ReadAction\",\"target\":[\"https:\/\/tracesdevoyages.com\/index.php\/2019\/10\/27\/escapades-nuit-des-chateaux-ebaupinay\/\"]}]},{\"@type\":\"ImageObject\",\"inLanguage\":\"fr-FR\",\"@id\":\"https:\/\/tracesdevoyages.com\/index.php\/2019\/10\/27\/escapades-nuit-des-chateaux-ebaupinay\/#primaryimage\",\"url\":\"\",\"contentUrl\":\"\"},{\"@type\":\"BreadcrumbList\",\"@id\":\"https:\/\/tracesdevoyages.com\/index.php\/2019\/10\/27\/escapades-nuit-des-chateaux-ebaupinay\/#breadcrumb\",\"itemListElement\":[{\"@type\":\"ListItem\",\"position\":1,\"name\":\"Accueil\",\"item\":\"https:\/\/tracesdevoyages.com\/\"},{\"@type\":\"ListItem\",\"position\":2,\"name\":\"Escapades: La Nuit des Ch\u00e2teaux \u00e0 l&rsquo;\u00c9baupinay\"}]},{\"@type\":\"WebSite\",\"@id\":\"https:\/\/tracesdevoyages.com\/#website\",\"url\":\"https:\/\/tracesdevoyages.com\/\",\"name\":\"Traces de Voyages\",\"description\":\"Blog de voyages\",\"publisher\":{\"@id\":\"https:\/\/tracesdevoyages.com\/#organization\"},\"potentialAction\":[{\"@type\":\"SearchAction\",\"target\":{\"@type\":\"EntryPoint\",\"urlTemplate\":\"https:\/\/tracesdevoyages.com\/?s={search_term_string}\"},\"query-input\":{\"@type\":\"PropertyValueSpecification\",\"valueRequired\":true,\"valueName\":\"search_term_string\"}}],\"inLanguage\":\"fr-FR\"},{\"@type\":\"Organization\",\"@id\":\"https:\/\/tracesdevoyages.com\/#organization\",\"name\":\"Traces de Voyages\",\"url\":\"https:\/\/tracesdevoyages.com\/\",\"logo\":{\"@type\":\"ImageObject\",\"inLanguage\":\"fr-FR\",\"@id\":\"https:\/\/tracesdevoyages.com\/#\/schema\/logo\/image\/\",\"url\":\"https:\/\/i0.wp.com\/tracesdevoyages.com\/wp-content\/uploads\/2025\/01\/cropped-Traces-de-Voyages-LOGO.jpg?fit=512%2C512&ssl=1\",\"contentUrl\":\"https:\/\/i0.wp.com\/tracesdevoyages.com\/wp-content\/uploads\/2025\/01\/cropped-Traces-de-Voyages-LOGO.jpg?fit=512%2C512&ssl=1\",\"width\":512,\"height\":512,\"caption\":\"Traces de Voyages\"},\"image\":{\"@id\":\"https:\/\/tracesdevoyages.com\/#\/schema\/logo\/image\/\"},\"sameAs\":[\"https:\/\/www.facebook.com\/tracesdevoyages\/\",\"https:\/\/x.com\/TracesdeVoyages\",\"https:\/\/www.instagram.com\/tracesdevoyages\/\",\"https:\/\/fr.pinterest.com\/tracesdevoyages\/\",\"https:\/\/www.youtube.com\/channel\/UC240N7Neo4xrJRYcW3UhDaQ\/\"]},{\"@type\":\"Person\",\"@id\":\"https:\/\/tracesdevoyages.com\/#\/schema\/person\/407749fd8c63f4e19e1f4d61c3df1dd3\",\"name\":\"tracesdevoyages\",\"image\":{\"@type\":\"ImageObject\",\"inLanguage\":\"fr-FR\",\"@id\":\"https:\/\/tracesdevoyages.com\/#\/schema\/person\/image\/\",\"url\":\"https:\/\/secure.gravatar.com\/avatar\/89665a7661ade021f231fa4edee45d02595de0df2c6ac04037b09ce699dd6d89?s=96&d=mm&r=g\",\"contentUrl\":\"https:\/\/secure.gravatar.com\/avatar\/89665a7661ade021f231fa4edee45d02595de0df2c6ac04037b09ce699dd6d89?s=96&d=mm&r=g\",\"caption\":\"tracesdevoyages\"},\"url\":\"https:\/\/tracesdevoyages.com\/index.php\/author\/tracesdevoyages\/\"}]}<\/script>\n<!-- \/ Yoast SEO plugin. -->","yoast_head_json":{"title":"Escapades: La Nuit des Ch\u00e2teaux \u00e0 l'\u00c9baupinay - Traces de Voyages","description":"En octobre, nous avons particip\u00e9 \u00e0 la premi\u00e8re Nuit des Ch\u00e2teaux organis\u00e9e en France. Retour en images sur cet \u00e9v\u00e9nement que nous avons pass\u00e9 \u00e0 l'\u00c9baupinay.","robots":{"index":"index","follow":"follow","max-snippet":"max-snippet:-1","max-image-preview":"max-image-preview:large","max-video-preview":"max-video-preview:-1"},"canonical":"https:\/\/tracesdevoyages.com\/index.php\/2019\/10\/27\/escapades-nuit-des-chateaux-ebaupinay\/","og_locale":"fr_FR","og_type":"article","og_title":"Escapades: La Nuit des Ch\u00e2teaux \u00e0 l'\u00c9baupinay - Traces de Voyages","og_description":"En octobre, nous avons particip\u00e9 \u00e0 la premi\u00e8re Nuit des Ch\u00e2teaux organis\u00e9e en France. Retour en images sur cet \u00e9v\u00e9nement que nous avons pass\u00e9 \u00e0 l'\u00c9baupinay.","og_url":"https:\/\/tracesdevoyages.com\/index.php\/2019\/10\/27\/escapades-nuit-des-chateaux-ebaupinay\/","og_site_name":"Traces de Voyages","article_publisher":"https:\/\/www.facebook.com\/tracesdevoyages\/","article_published_time":"2019-10-27T10:31:59+00:00","author":"tracesdevoyages","twitter_card":"summary_large_image","twitter_creator":"@TracesdeVoyages","twitter_site":"@TracesdeVoyages","twitter_misc":{"\u00c9crit par":"tracesdevoyages","Dur\u00e9e de lecture estim\u00e9e":"2 minutes"},"schema":{"@context":"https:\/\/schema.org","@graph":[{"@type":"Article","@id":"https:\/\/tracesdevoyages.com\/index.php\/2019\/10\/27\/escapades-nuit-des-chateaux-ebaupinay\/#article","isPartOf":{"@id":"https:\/\/tracesdevoyages.com\/index.php\/2019\/10\/27\/escapades-nuit-des-chateaux-ebaupinay\/"},"author":{"name":"tracesdevoyages","@id":"https:\/\/tracesdevoyages.com\/#\/schema\/person\/407749fd8c63f4e19e1f4d61c3df1dd3"},"headline":"Escapades: La Nuit des Ch\u00e2teaux \u00e0 l&rsquo;\u00c9baupinay","datePublished":"2019-10-27T10:31:59+00:00","mainEntityOfPage":{"@id":"https:\/\/tracesdevoyages.com\/index.php\/2019\/10\/27\/escapades-nuit-des-chateaux-ebaupinay\/"},"wordCount":422,"commentCount":0,"publisher":{"@id":"https:\/\/tracesdevoyages.com\/#organization"},"image":{"@id":"https:\/\/tracesdevoyages.com\/index.php\/2019\/10\/27\/escapades-nuit-des-chateaux-ebaupinay\/#primaryimage"},"thumbnailUrl":"","keywords":["Ch\u00e2teaux","Deux-S\u00e8vres","France"],"articleSection":["Culture","Escapades","Europe","France","Nouvelle-Aquitaine","Th\u00e8mes","Voyages"],"inLanguage":"fr-FR","potentialAction":[{"@type":"CommentAction","name":"Comment","target":["https:\/\/tracesdevoyages.com\/index.php\/2019\/10\/27\/escapades-nuit-des-chateaux-ebaupinay\/#respond"]}]},{"@type":"WebPage","@id":"https:\/\/tracesdevoyages.com\/index.php\/2019\/10\/27\/escapades-nuit-des-chateaux-ebaupinay\/","url":"https:\/\/tracesdevoyages.com\/index.php\/2019\/10\/27\/escapades-nuit-des-chateaux-ebaupinay\/","name":"Escapades: La Nuit des Ch\u00e2teaux \u00e0 l'\u00c9baupinay - Traces de Voyages","isPartOf":{"@id":"https:\/\/tracesdevoyages.com\/#website"},"primaryImageOfPage":{"@id":"https:\/\/tracesdevoyages.com\/index.php\/2019\/10\/27\/escapades-nuit-des-chateaux-ebaupinay\/#primaryimage"},"image":{"@id":"https:\/\/tracesdevoyages.com\/index.php\/2019\/10\/27\/escapades-nuit-des-chateaux-ebaupinay\/#primaryimage"},"thumbnailUrl":"","datePublished":"2019-10-27T10:31:59+00:00","description":"En octobre, nous avons particip\u00e9 \u00e0 la premi\u00e8re Nuit des Ch\u00e2teaux organis\u00e9e en France. Retour en images sur cet \u00e9v\u00e9nement que nous avons pass\u00e9 \u00e0 l'\u00c9baupinay.","breadcrumb":{"@id":"https:\/\/tracesdevoyages.com\/index.php\/2019\/10\/27\/escapades-nuit-des-chateaux-ebaupinay\/#breadcrumb"},"inLanguage":"fr-FR","potentialAction":[{"@type":"ReadAction","target":["https:\/\/tracesdevoyages.com\/index.php\/2019\/10\/27\/escapades-nuit-des-chateaux-ebaupinay\/"]}]},{"@type":"ImageObject","inLanguage":"fr-FR","@id":"https:\/\/tracesdevoyages.com\/index.php\/2019\/10\/27\/escapades-nuit-des-chateaux-ebaupinay\/#primaryimage","url":"","contentUrl":""},{"@type":"BreadcrumbList","@id":"https:\/\/tracesdevoyages.com\/index.php\/2019\/10\/27\/escapades-nuit-des-chateaux-ebaupinay\/#breadcrumb","itemListElement":[{"@type":"ListItem","position":1,"name":"Accueil","item":"https:\/\/tracesdevoyages.com\/"},{"@type":"ListItem","position":2,"name":"Escapades: La Nuit des Ch\u00e2teaux \u00e0 l&rsquo;\u00c9baupinay"}]},{"@type":"WebSite","@id":"https:\/\/tracesdevoyages.com\/#website","url":"https:\/\/tracesdevoyages.com\/","name":"Traces de Voyages","description":"Blog de voyages","publisher":{"@id":"https:\/\/tracesdevoyages.com\/#organization"},"potentialAction":[{"@type":"SearchAction","target":{"@type":"EntryPoint","urlTemplate":"https:\/\/tracesdevoyages.com\/?s={search_term_string}"},"query-input":{"@type":"PropertyValueSpecification","valueRequired":true,"valueName":"search_term_string"}}],"inLanguage":"fr-FR"},{"@type":"Organization","@id":"https:\/\/tracesdevoyages.com\/#organization","name":"Traces de Voyages","url":"https:\/\/tracesdevoyages.com\/","logo":{"@type":"ImageObject","inLanguage":"fr-FR","@id":"https:\/\/tracesdevoyages.com\/#\/schema\/logo\/image\/","url":"https:\/\/i0.wp.com\/tracesdevoyages.com\/wp-content\/uploads\/2025\/01\/cropped-Traces-de-Voyages-LOGO.jpg?fit=512%2C512&ssl=1","contentUrl":"https:\/\/i0.wp.com\/tracesdevoyages.com\/wp-content\/uploads\/2025\/01\/cropped-Traces-de-Voyages-LOGO.jpg?fit=512%2C512&ssl=1","width":512,"height":512,"caption":"Traces de Voyages"},"image":{"@id":"https:\/\/tracesdevoyages.com\/#\/schema\/logo\/image\/"},"sameAs":["https:\/\/www.facebook.com\/tracesdevoyages\/","https:\/\/x.com\/TracesdeVoyages","https:\/\/www.instagram.com\/tracesdevoyages\/","https:\/\/fr.pinterest.com\/tracesdevoyages\/","https:\/\/www.youtube.com\/channel\/UC240N7Neo4xrJRYcW3UhDaQ\/"]},{"@type":"Person","@id":"https:\/\/tracesdevoyages.com\/#\/schema\/person\/407749fd8c63f4e19e1f4d61c3df1dd3","name":"tracesdevoyages","image":{"@type":"ImageObject","inLanguage":"fr-FR","@id":"https:\/\/tracesdevoyages.com\/#\/schema\/person\/image\/","url":"https:\/\/secure.gravatar.com\/avatar\/89665a7661ade021f231fa4edee45d02595de0df2c6ac04037b09ce699dd6d89?s=96&d=mm&r=g","contentUrl":"https:\/\/secure.gravatar.com\/avatar\/89665a7661ade021f231fa4edee45d02595de0df2c6ac04037b09ce699dd6d89?s=96&d=mm&r=g","caption":"tracesdevoyages"},"url":"https:\/\/tracesdevoyages.com\/index.php\/author\/tracesdevoyages\/"}]}},"jetpack_featured_media_url":"","jetpack_sharing_enabled":true,"_links":{"self":[{"href":"https:\/\/tracesdevoyages.com\/index.php\/wp-json\/wp\/v2\/posts\/16149","targetHints":{"allow":["GET"]}}],"collection":[{"href":"https:\/\/tracesdevoyages.com\/index.php\/wp-json\/wp\/v2\/posts"}],"about":[{"href":"https:\/\/tracesdevoyages.com\/index.php\/wp-json\/wp\/v2\/types\/post"}],"author":[{"embeddable":true,"href":"https:\/\/tracesdevoyages.com\/index.php\/wp-json\/wp\/v2\/users\/2"}],"replies":[{"embeddable":true,"href":"https:\/\/tracesdevoyages.com\/index.php\/wp-json\/wp\/v2\/comments?post=16149"}],"version-history":[{"count":0,"href":"https:\/\/tracesdevoyages.com\/index.php\/wp-json\/wp\/v2\/posts\/16149\/revisions"}],"wp:featuredmedia":[{"embeddable":true,"href":"https:\/\/tracesdevoyages.com\/index.php\/wp-json\/"}],"wp:attachment":[{"href":"https:\/\/tracesdevoyages.com\/index.php\/wp-json\/wp\/v2\/media?parent=16149"}],"wp:term":[{"taxonomy":"category","embeddable":true,"href":"https:\/\/tracesdevoyages.com\/index.php\/wp-json\/wp\/v2\/categories?post=16149"},{"taxonomy":"post_tag","embeddable":true,"href":"https:\/\/tracesdevoyages.com\/index.php\/wp-json\/wp\/v2\/tags?post=16149"}],"curies":[{"name":"wp","href":"https:\/\/api.w.org\/{rel}","templated":true}]}}