{"id":16280,"date":"2019-12-15T15:25:57","date_gmt":"2019-12-15T14:25:57","guid":{"rendered":"https:\/\/tracesdevoyages.com\/?p=16280"},"modified":"2019-12-15T15:25:57","modified_gmt":"2019-12-15T14:25:57","slug":"article-collaboratif-ou-partir-a-noel","status":"publish","type":"post","link":"https:\/\/tracesdevoyages.com\/index.php\/2019\/12\/15\/article-collaboratif-ou-partir-a-noel\/","title":{"rendered":"Article Collaboratif: O\u00f9 partir \u00e0 No\u00ebl?"},"content":{"rendered":"<p>Les f\u00eates de fin d&rsquo;ann\u00e9e arrivent et nombreux sont ceux qui choisissent de les passer ailleurs, profiter de cette p\u00e9riode pour voyager et d\u00e9couvrir de nouveaux horizons. Nous avons donc demand\u00e9 \u00e0 d&rsquo;autres blogueurs voyage de se joindre \u00e0 nous pour vous parler de leurs destinations pr\u00e9f\u00e9r\u00e9es pour passer No\u00ebl.<\/p>\n<hr \/>\n\n<h4>Cologne (Allemagne) par R\u00e9my de <a href=\"https:\/\/www.noteauvoyageur.eu\/\" target=\"_blank\" rel=\"noopener noreferrer\">Note au Voyageur<\/a>:<\/h4>\n<p>L&rsquo;Allemagne, ou l&rsquo;autre pays du March\u00e9 de No\u00ebl. Cette tradition n&rsquo;est pas prise \u00e0 la l\u00e9g\u00e8re chez nos voisins d&rsquo;Outre-Rhin et j&rsquo;ai d\u00e9cid\u00e9 de m&rsquo;en rendre compte par moi-m\u00eame en partant \u00e0 la d\u00e9couverte de Cologne. Je dois bien l&rsquo;avouer, les march\u00e9s de No\u00ebl n&rsquo;\u00e9taient qu&rsquo;une excuse pour d\u00e9couvrir la ville mais j&rsquo;ai jou\u00e9 le jeu \u00e0 fond en les passant tous en revue. Tous ? Il y a en effet pas moins de sept march\u00e9s de No\u00ebl diff\u00e9rents r\u00e9partis aux quatre coins de la ville et j&rsquo;ai d\u00e9cid\u00e9 de relever le d\u00e9fi de tous les voir en une journ\u00e9e ! Moi qui ne suis habituellement pas friand de vin chaud ou de tartiflette mang\u00e9e \u00e0 la sauvette, j&rsquo;ai fr\u00f4l\u00e9 l&rsquo;overdose&#8230; Alors pourquoi visiter Cologne \u00e0 la p\u00e9riode des f\u00eates de fin d&rsquo;ann\u00e9e si on n&rsquo;est pas sp\u00e9cialement fan des march\u00e9s de No\u00ebl ? Peut-\u00eatre parce que j&rsquo;avais lu certains commentaires peu flatteurs sur la ville, qui lui reprochaient par exemple une atmosph\u00e8re grise et triste. En misant sur No\u00ebl, je ne prenais donc pas beaucoup de risque. Mais je me suis aussi rendu compte que, quelle que soit la saison, Cologne ne m\u00e9rite pas sa mauvaise r\u00e9putation. A No\u00ebl, c&rsquo;est m\u00eame magique lorsque la nuit tombe sur la fameuse Cath\u00e9drale de Cologne et que le sapin qui tr\u00f4ne \u00e0 ses pieds s&rsquo;illumine. Et tant mieux si c&rsquo;est l&rsquo;occasion de c\u00f4toyer quelques anges, personnages de contes de f\u00e9e et autres figures \u00e0 barbe blanche !<\/p>\n<p>Son article: <a href=\"https:\/\/www.noteauvoyageur.eu\/aux-marches-de-noel-de-cologne\/\" target=\"_blank\" rel=\"noopener noreferrer\">Aux march\u00e9s de No\u00ebl de Cologne<\/a><\/p>\n<hr \/>\n\n<h4>Le Costa Rica par Christophe &amp; Sandrine de <a href=\"https:\/\/www.chrissandvoyage.com\/\" target=\"_blank\" rel=\"noopener noreferrer\">Chrissand Voyage<\/a>:<\/h4>\n<p>Oubliez vos souvenirs de No\u00ebl avec la neige, le froid et les sapins et partez d\u00e9couvrir les cocotiers, les plages et la chaleur du Costa Rica. La p\u00e9riode hivernale est la plus propice pour visiter ce pays d\u2019Am\u00e9rique centrale o\u00f9 l\u2019essentiel du tourisme est ax\u00e9 sur l\u2019\u00e9cologie, la faune et la flore. Sur sa c\u00f4te cara\u00efbe c\u2019est \u00e9galement le moment de l\u2019\u00e9closion des tortues qui rejoignent, non sans mal, la mer du c\u00f4t\u00e9 de Tortuguero. La m\u00e9t\u00e9o affiche un grand soleil sur l\u2019ensemble du pays et des temp\u00e9ratures positives de plus de 20\u00b0C. C\u2019est une exp\u00e9rience \u00e0 vivre de passer les f\u00eates de fin d\u2019ann\u00e9e au Costa Rica o\u00f9 les maisons et villages arborent les couleurs de No\u00ebl. On \u00e9change vite nos \u00e9charpes, bonnets et gants pour le maillot de bain, la cr\u00e8me solaire et les lunettes de soleil. C\u2019est un style diff\u00e9rent mais passer les f\u00eates de No\u00ebl au soleil a \u00e9galement son charme. Voir le p\u00e8re No\u00ebl avec son manteau et son traineau d\u00e9filer dans des villages du Costa Rica avec un thermom\u00e8tre affichant les 30\u00b0C, c\u2019est atypique. Apr\u00e8s ce voyage, quelques ann\u00e9es apr\u00e8s on garde un bon souvenir de ce No\u00ebl au Costa Rica m\u00eame si je trouve que, peut-\u00eatre par habitude, le meilleur endroit pour f\u00eater No\u00ebl est bien chez soit devant la chemin\u00e9e et avec de la neige dehors.<\/p>\n<p>Leur article: <a href=\"https:\/\/www.chrissandvoyage.com\/costa-rica.php\" target=\"_blank\" rel=\"noopener noreferrer\">Carnet de voyage de 12 jours au Costa Rica<\/a><\/p>\n<hr \/>\n\n<h4>Koh Rong Samloen (Cambodge) par Coco &amp; Steph de <a href=\"http:\/\/www.lesamoureuxdumonde.com\/\" target=\"_blank\" rel=\"noopener noreferrer\">Les Amoureux du Monde<\/a>:<\/h4>\n<p>Koh\u00a0Rong\u00a0Saloem est une \u00eele cambodgienne qui offre des plages sublimes. Un endroit parfait pour passer les f\u00eates de fin d\u2019ann\u00e9e les pieds dans l\u2019eau\u00a0! En d\u00e9barquant sur la plage de\u00a0Koh\u00a0Rong\u00a0Samloem, 4 jours avant No\u00ebl, on a tout de suite senti qu\u2019on serait bien ici.\u00a0Un bateau nous attendait sur le ponton pour nous emmener directement au pied de notre h\u00f4tel.\u00a0La nuit commen\u00e7ait \u00e0 tomber mais rien que le fait de sentir le sable blanc sous nos pieds fut un vrai bonheur. D\u2019ailleurs, on ne mettra plus de chaussures durant nos 4 jours sur l\u2019\u00eele.\u00a0Au programme de ces f\u00eates de fin d\u2019ann\u00e9e\u00a0: farniente sur les jolies plages de Saracen Bay sur les transats ou les hamacs, baignade dans une eau \u00e0 28\u00b0 et d\u00eener les pieds dans le sable. Lazy\u00a0beach\u00a0est une autre jolie plage qui se trouve de l\u2019autre c\u00f4t\u00e9 de l\u2019\u00eele. Pour cela, il faut emprunter un sentier bien am\u00e9nag\u00e9 \u00e0 travers la jungle. Pas besoin de chaussures, on marche soit dans le sable, soit sur des petits sentiers de terre sableux. Ici, vous profiterez d\u2019un sable dor\u00e9, d\u2019une eau couleur vert \u00e9meraude et d\u2019un ensoleillement excellent. Un tr\u00e8s bon spot pour les couchers de soleil. Pour ce 24 d\u00e9cembre peu ordinaire, vous pouvez compter sur les petites attentions du Sweet\u00a0Dreams\u00a0o\u00f9 tous les clients ont eu droit \u00e0 un verre de champagne offert et m\u00eame un petit cadeau. Et pour votre d\u00eener du r\u00e9veillon, laissez-vous tenter par un menu barbecue sur la plage, sp\u00e9cialement d\u00e9cor\u00e9e aux couleurs de No\u00ebl\u00a0! Offrez-vous un bain de nuit au milieu des \u00e9toiles, enfin plut\u00f4t au milieu des planctons ! Sous l\u2019eau, d\u00e8s qu&rsquo;on nage ou qu&rsquo;on bouge un peu, des milliards de petits points lumineux s\u2019agitent autour de vous, c&rsquo;est fascinant !\u00a0Il para\u00eet qu&rsquo;on ne peut voir les planctons que dans certains endroits du monde donc si vous \u00eates dans le coin, on vous recommande fortement de vivre cette exp\u00e9rience unique !<\/p>\n<p>Leur article: <a href=\"http:\/\/www.lesamoureuxdumonde.com\/noel-au-cambodge-sur-lile-paradisiaque-de-koh-rong-samloem\/\" target=\"_blank\" rel=\"noopener noreferrer\">No\u00ebl au Cambodge sur l&rsquo;\u00eele paradisiaque de Koh Rong Samloen<\/a><\/p>\n<hr \/>\n\n<h4>Montr\u00e9al (Canada) par Charlotte &amp; M. de <a href=\"https:\/\/tracesdevoyages.com\/\" target=\"_blank\" rel=\"noopener noreferrer\">Traces de Voyages<\/a>:<\/h4>\n<p>Impossible de ne pas penser au Canada lorsque l&rsquo;on parle de No\u00ebl: de belles d\u00e9corations et de la neige en quantit\u00e9 avec toutes les activit\u00e9s li\u00e9es. Charlotte a eu la chance de passer les f\u00eates de fin d&rsquo;ann\u00e9e dans son deuxi\u00e8me pays avec sa famille il y a quelques ann\u00e9es et ce fut un merveilleux souvenir. Montr\u00e9al est une ville fascinante qui le devient encore plus pendant les f\u00eates, non seulement les quartiers et commerces sont illumin\u00e9s, mais aussi, de nombreuses activit\u00e9s hivernales apparaissent. A cette p\u00e9riode, l&rsquo;on peut patiner sur le fleuve gel\u00e9 dans le Vieux-Port; faire de la luge au Lac des Castors, du ski de fond ou du tra\u00eeneau \u00e0 cheval dans les sentiers du Parc Mont-Royal; des tours en cal\u00e8che dans les rues du Vieux-Montr\u00e9al; manger de la tire \u00e0 l&rsquo;\u00e9rable, boire un vin chaud ou un chocolat chaud en se baladant dans le march\u00e9 de No\u00ebl; profiter des installations du Square Jacques Cartier o\u00f9 d\u00e9gustations, concerts et expositions se c\u00f4toient; assister \u00e0 une repr\u00e9sentation de Casse-Noisette \u00e0 la Place des Arts ou une messe dans la Basilique&#8230; Venir \u00e0 Montr\u00e9al en hiver, c&rsquo;est d\u00e9couvrir les joies de la saison, \u00e0 condition d&rsquo;\u00eatre bien couvert car les temp\u00e9ratures peuvent avoisiner les -15\u00b0 voir ressenti -30\u00b0, pour l&rsquo;avoir v\u00e9cu, c&rsquo;est tr\u00e8s froid donc couvrez-vous bien! Et si vous prolongez votre s\u00e9jour jusqu&rsquo;en janvier, en manquez pas la f\u00eate des lumi\u00e8res qui illumine les fa\u00e7ades de la ville en ext\u00e9rieur, mais aussi, certaines parties de la ville souterraine o\u00f9 des artistes exposent leurs cr\u00e9ations. Autre \u00e9v\u00e9nement \u00e0 ne pas manquer si vous aimez la musique \u00e9lectronique: l&rsquo;Igloofest, un festival \u00e9lectro sur les Quais du Vieux-Port avec des installations givr\u00e9es tous les weekends de janvier!<\/p>\n<p>Notre article: <a href=\"https:\/\/tracesdevoyages.com\/2016\/04\/19\/comme-un-local-vivez-montreal\/\" target=\"_blank\" rel=\"noopener noreferrer\">Comme un local: Vivez Montr\u00e9al!<\/a><\/p>\n<hr \/>\n\n<h4>Prague (R\u00e9publique Tch\u00e8que) par Aur\u00e9lie de <a href=\"https:\/\/sauts-de-puce.fr\/\" target=\"_blank\" rel=\"noopener noreferrer\">Sauts de Puce<\/a>:<\/h4>\n<p>Quand on parle de voyager en hiver, deux \u00e9coles s&rsquo;affrontent : aller chercher le soleil, ou profiter du froid et de ses ambiances. M\u00eame si je suis une grande frileuse, c&rsquo;est arm\u00e9e de mon bonnet \u00e0 pompon que je vous partage mon plus beau souvenir de city-trip : Prague. Ayant trouv\u00e9 un h\u00f4tel pas trop excentr\u00e9, j&rsquo;ai choisi de d\u00e9couvrir la capitale Tch\u00e8que \u00e0 pieds.<\/p>\n<p>Un choix que je n&rsquo;ai pas regrett\u00e9, car si les longues minutes de marche m&rsquo;ont certainement priv\u00e9 de temps pour quelques visites suppl\u00e9mentaires, le charme de la ville compense largement les mus\u00e9es auxquels j&rsquo;ai fait d\u00e9faut. Prague est magnifique ! Les monuments de la vieille ville alternent avec de superbes maisons aux couleurs pastelles pour le plaisir des yeux. Et la lumi\u00e8re hivernale sublime incontestablement ce d\u00e9cor ! La derni\u00e8re touche en p\u00e9riode de f\u00eates sont bien sur les d\u00e9corations et march\u00e9s de no\u00ebl. On les croise un peu partout, rajoutant leur touche festive \u00e0 la promenade. Un autre plaisir, lors de la visite de la ville dans le froid hivernal, est de pousser la porte d&rsquo;un caf\u00e9, une de ces adresses mi salon de th\u00e9, mi restaurant. Ouvrir la porte et me sentir envahir par la vague de chaleur de l&rsquo;\u00e9tablissement, avant de b\u00e9atement siroter un chocolat chaud, fait partie de mes petits plaisir hivernaux. Enfin si on voyage \u00e0 no\u00ebl, c&rsquo;est aussi pour les r\u00e9veillons. Sachez que Prague propose une large offre de soir\u00e9es et excursions \u00e0 ces occasions. Du concert de musique classique, \u00e0 la soir\u00e9e dans une taverne, en passant par des croisi\u00e8res sur la Vltava, l&rsquo;offre est large ! Par contre, Prague fait partie des grandes destinations pour les f\u00eates, donc on est loin d&rsquo;\u00eatre seuls\u2026 Mais on oublie vite la foule quand on marche le nez en l&rsquo;air, des \u00e9toiles plein les yeux.<\/p>\n<p>Son article: <a href=\"https:\/\/sauts-de-puce.fr\/visiter-prague-en-hiver\/\" target=\"_blank\" rel=\"noopener noreferrer\">Visiter Prague en hiver<\/a><\/p>\n<hr \/>\n\n<h4>Vienne (Autriche) par Cindy de <a href=\"https:\/\/eatmytravel.fr\/\" target=\"_blank\" rel=\"noopener noreferrer\">Eat My Travel<\/a>:<\/h4>\n<p>Vienne, capitale de l\u2019Autriche, se pare de ses plus belles couleurs et guirlandes lumineuses quand vient le temps des f\u00eates. C&rsquo;est une ville romantique, \u00e0 l\u2019architecture typique de l\u2019Europe de l\u2019est. J\u2019ai d\u00e9couvert cette ville pendant les f\u00eates et l\u2019ambiance qui y r\u00e8gne est magique. C\u2019est la p\u00e9riode id\u00e9ale pour d\u00e9couvrir la ville : les touristes y sont peu nombreux, l\u2019ambiance y est chaleureuse et les d\u00e9corations surprenantes. A partir de mi-novembre Vienne se transforme en ville de f\u00eate. Toutes les rues sont d\u00e9cor\u00e9es, j\u2019ai rarement vu autant de d\u00e9corations et de lumi\u00e8res en un m\u00eame endroit. Le charme de la ville se transforme au gr\u00e9 des illuminations. Plusieurs march\u00e9s de No\u00ebl s\u2019installent sur les places principales de la ville avec leurs chalets et odeurs de vin chaud et fromages fondus. Devant l\u2019h\u00f4tel de ville, se tient le plus grand march\u00e9 de No\u00ebl de la ville. On y trouve \u00e9galement une grande patinoire ! Faire du patin \u00e0 glace \u00e0 No\u00ebl est une tradition importante pour les viennois. Petits et grands profitent de cette immense patinoire pour s\u2019amuser tout en \u00e9coutant les musiques de No\u00ebl qui r\u00e9sonnent dans les hauts parleurs de la ville. Exactement ce dont on r\u00eave \u00e0 No\u00ebl. Vienne pendant les f\u00eates est exactement comme on imaginerait une ville o\u00f9 tout n\u2019est que f\u00e9\u00e9rie et merveilleux. Si vous aimez No\u00ebl alors vous adorerez le passer \u00e0 Vienne, ou juste vous y rendre \u00e0 cette p\u00e9riode et profitez de l\u2019ambiance !<\/p>\n<p>Son article: <a href=\"https:\/\/eatmytravel.fr\/partir-en-week-end-a-vienne-pendant-les-fetes\/\" target=\"_blank\" rel=\"noopener noreferrer\">Partir en week-end \u00e0 Vienne pendant les f\u00eates<\/a><\/p>\n<hr \/>\n<h3 style=\"text-align: center;\">Et vous, quelle est votre destination pr\u00e9f\u00e9r\u00e9e pendant les f\u00eates? Celle qui vous fait r\u00eaver?<\/h3>\n","protected":false},"excerpt":{"rendered":"<p>Les f\u00eates de fin d&rsquo;ann\u00e9e arrivent et nombreux sont ceux qui choisissent de les passer ailleurs, profiter de cette p\u00e9riode pour voyager et d\u00e9couvrir de nouveaux horizons. Nous avons donc demand\u00e9 \u00e0 d&rsquo;autres blogueurs voyage de se joindre \u00e0 nous pour vous parler de leurs destinations pr\u00e9f\u00e9r\u00e9es pour passer No\u00ebl. Cologne (Allemagne) par R\u00e9my de Note au Voyageur: L&rsquo;Allemagne, ou l&rsquo;autre pays du March\u00e9 de No\u00ebl. Cette tradition n&rsquo;est pas prise \u00e0 la l\u00e9g\u00e8re chez nos voisins d&rsquo;Outre-Rhin et j&rsquo;ai d\u00e9cid\u00e9 de m&rsquo;en rendre compte par moi-m\u00eame en partant \u00e0 la d\u00e9couverte de Cologne. Je dois bien l&rsquo;avouer, les march\u00e9s de No\u00ebl n&rsquo;\u00e9taient qu&rsquo;une excuse pour d\u00e9couvrir la ville mais j&rsquo;ai jou\u00e9 le jeu \u00e0 fond en les passant tous en revue. Tous ? Il y a en effet pas moins de sept march\u00e9s de No\u00ebl diff\u00e9rents r\u00e9partis aux quatre coins de la ville et j&rsquo;ai d\u00e9cid\u00e9 de relever le d\u00e9fi de tous les voir en une journ\u00e9e ! Moi qui ne suis habituellement pas friand de vin chaud ou de tartiflette mang\u00e9e \u00e0 la sauvette, j&rsquo;ai fr\u00f4l\u00e9 l&rsquo;overdose&#8230; Alors pourquoi visiter Cologne \u00e0 la p\u00e9riode des f\u00eates de fin d&rsquo;ann\u00e9e si on n&rsquo;est pas sp\u00e9cialement fan des march\u00e9s de No\u00ebl ? Peut-\u00eatre parce que j&rsquo;avais lu certains commentaires peu flatteurs sur la ville, qui lui reprochaient par exemple une atmosph\u00e8re grise et triste. En misant sur No\u00ebl, je ne prenais donc pas beaucoup de risque. Mais je me suis aussi rendu compte que, quelle que soit la saison, Cologne ne m\u00e9rite pas sa mauvaise r\u00e9putation. A No\u00ebl, c&rsquo;est m\u00eame magique lorsque la nuit tombe sur la fameuse Cath\u00e9drale de Cologne et que le sapin qui tr\u00f4ne \u00e0 ses pieds s&rsquo;illumine. Et tant mieux si c&rsquo;est l&rsquo;occasion de c\u00f4toyer quelques anges, personnages de contes de f\u00e9e et autres figures \u00e0 barbe blanche ! Son article: Aux march\u00e9s de No\u00ebl de Cologne Le Costa Rica par Christophe &amp; Sandrine de Chrissand Voyage: Oubliez vos souvenirs de No\u00ebl avec la neige, le froid et les sapins et partez d\u00e9couvrir les cocotiers, les plages et la chaleur du Costa Rica. La p\u00e9riode hivernale est la plus propice pour visiter ce pays d\u2019Am\u00e9rique centrale o\u00f9 l\u2019essentiel du tourisme est ax\u00e9 sur l\u2019\u00e9cologie, la faune et la flore. Sur sa c\u00f4te cara\u00efbe c\u2019est \u00e9galement le moment de l\u2019\u00e9closion des tortues qui rejoignent, non sans mal, la mer du c\u00f4t\u00e9 de Tortuguero. La m\u00e9t\u00e9o affiche un grand soleil sur l\u2019ensemble du pays et des temp\u00e9ratures positives de plus de 20\u00b0C. C\u2019est une exp\u00e9rience \u00e0 vivre de passer les f\u00eates de fin d\u2019ann\u00e9e au Costa Rica o\u00f9 les maisons et villages arborent les couleurs de No\u00ebl. On \u00e9change vite nos \u00e9charpes, bonnets et gants pour le maillot de bain, la cr\u00e8me solaire et les lunettes de soleil. C\u2019est un style diff\u00e9rent mais passer les f\u00eates de No\u00ebl au soleil a \u00e9galement son charme. Voir le p\u00e8re No\u00ebl avec son manteau et son traineau d\u00e9filer dans des villages du Costa Rica avec un thermom\u00e8tre affichant les 30\u00b0C, c\u2019est atypique. Apr\u00e8s ce voyage, quelques ann\u00e9es apr\u00e8s on garde un bon souvenir de ce No\u00ebl au Costa Rica m\u00eame si je trouve que, peut-\u00eatre par habitude, le meilleur endroit pour f\u00eater No\u00ebl est bien chez soit devant la chemin\u00e9e et avec de la neige dehors. Leur article: Carnet de voyage de 12 jours au Costa Rica Koh Rong Samloen (Cambodge) par Coco &amp; Steph de Les Amoureux du Monde: Koh\u00a0Rong\u00a0Saloem est une \u00eele cambodgienne qui offre des plages sublimes. Un endroit parfait pour passer les f\u00eates de fin d\u2019ann\u00e9e les pieds dans l\u2019eau\u00a0! En d\u00e9barquant sur la plage de\u00a0Koh\u00a0Rong\u00a0Samloem, 4 jours avant No\u00ebl, on a tout de suite senti qu\u2019on serait bien ici.\u00a0Un bateau nous attendait sur le ponton pour nous emmener directement au pied de notre h\u00f4tel.\u00a0La nuit commen\u00e7ait \u00e0 tomber mais rien que le fait de sentir le sable blanc sous nos pieds fut un vrai bonheur. D\u2019ailleurs, on ne mettra plus de chaussures durant nos 4 jours sur l\u2019\u00eele.\u00a0Au programme de ces f\u00eates de fin d\u2019ann\u00e9e\u00a0: farniente sur les jolies plages de Saracen Bay sur les transats ou les hamacs, baignade dans une eau \u00e0 28\u00b0 et d\u00eener les pieds dans le sable. Lazy\u00a0beach\u00a0est une autre jolie plage qui se trouve de l\u2019autre c\u00f4t\u00e9 de l\u2019\u00eele. Pour cela, il faut emprunter un sentier bien am\u00e9nag\u00e9 \u00e0 travers la jungle. Pas besoin de chaussures, on marche soit dans le sable, soit sur des petits sentiers de terre sableux. Ici, vous profiterez d\u2019un sable dor\u00e9, d\u2019une eau couleur vert \u00e9meraude et d\u2019un ensoleillement excellent. Un tr\u00e8s bon spot pour les couchers de soleil. Pour ce 24 d\u00e9cembre peu ordinaire, vous pouvez compter sur les petites attentions du Sweet\u00a0Dreams\u00a0o\u00f9 tous les clients ont eu droit \u00e0 un verre de champagne offert et m\u00eame un petit cadeau. Et pour votre d\u00eener du r\u00e9veillon, laissez-vous tenter par un menu barbecue sur la plage, sp\u00e9cialement d\u00e9cor\u00e9e aux couleurs de No\u00ebl\u00a0! Offrez-vous un bain de nuit au milieu des \u00e9toiles, enfin plut\u00f4t au milieu des planctons ! Sous l\u2019eau, d\u00e8s qu&rsquo;on nage ou qu&rsquo;on bouge un peu, des milliards de petits points lumineux s\u2019agitent autour de vous, c&rsquo;est fascinant !\u00a0Il para\u00eet qu&rsquo;on ne peut voir les planctons que dans certains endroits du monde donc si vous \u00eates dans le coin, on vous recommande fortement de vivre cette exp\u00e9rience unique ! Leur article: No\u00ebl au Cambodge sur l&rsquo;\u00eele paradisiaque de Koh Rong Samloen Montr\u00e9al (Canada) par Charlotte &amp; M. de Traces de Voyages: Impossible de ne pas penser au Canada lorsque l&rsquo;on parle de No\u00ebl: de belles d\u00e9corations et de la neige en quantit\u00e9 avec toutes les activit\u00e9s li\u00e9es. Charlotte a eu la chance de passer les f\u00eates de fin d&rsquo;ann\u00e9e dans son deuxi\u00e8me pays avec sa famille il y a quelques ann\u00e9es et ce fut un merveilleux souvenir. Montr\u00e9al est une ville fascinante qui le devient encore plus pendant les f\u00eates, non seulement les quartiers et commerces sont illumin\u00e9s, mais aussi, de nombreuses activit\u00e9s hivernales apparaissent. A cette p\u00e9riode, l&rsquo;on peut patiner sur le fleuve gel\u00e9 dans le Vieux-Port; faire de la luge au Lac des Castors, du ski de fond ou du tra\u00eeneau \u00e0 cheval dans les sentiers du Parc Mont-Royal; des tours en cal\u00e8che dans les rues du Vieux-Montr\u00e9al; manger de la tire \u00e0 l&rsquo;\u00e9rable, boire un vin chaud ou un chocolat chaud en se baladant dans le march\u00e9 de No\u00ebl; profiter des installations du Square Jacques Cartier o\u00f9 d\u00e9gustations, concerts et expositions se c\u00f4toient; assister \u00e0 une repr\u00e9sentation de Casse-Noisette \u00e0 la Place des Arts ou une messe dans la Basilique&#8230; Venir \u00e0 Montr\u00e9al en hiver, c&rsquo;est d\u00e9couvrir les joies de la saison, \u00e0 condition d&rsquo;\u00eatre bien couvert car les temp\u00e9ratures peuvent avoisiner les -15\u00b0 voir ressenti -30\u00b0, pour l&rsquo;avoir v\u00e9cu, c&rsquo;est tr\u00e8s froid donc couvrez-vous bien! Et si vous prolongez votre s\u00e9jour jusqu&rsquo;en janvier, en manquez pas la f\u00eate des lumi\u00e8res qui illumine les fa\u00e7ades de la ville en ext\u00e9rieur, mais aussi, certaines parties de la ville souterraine o\u00f9 des artistes exposent leurs cr\u00e9ations. Autre \u00e9v\u00e9nement \u00e0 ne pas manquer si vous aimez la musique \u00e9lectronique: l&rsquo;Igloofest, un festival \u00e9lectro sur les Quais du Vieux-Port avec des installations givr\u00e9es tous les weekends de janvier! Notre article: Comme un local: Vivez Montr\u00e9al! Prague (R\u00e9publique Tch\u00e8que) par Aur\u00e9lie de Sauts de Puce: Quand on parle de voyager en hiver, deux \u00e9coles s&rsquo;affrontent : aller chercher le soleil, ou profiter du froid et de ses ambiances. M\u00eame si je suis une grande frileuse, c&rsquo;est arm\u00e9e de mon bonnet \u00e0 pompon que je vous partage mon plus beau souvenir de city-trip : Prague. Ayant trouv\u00e9 un h\u00f4tel pas trop excentr\u00e9, j&rsquo;ai choisi de d\u00e9couvrir la capitale Tch\u00e8que \u00e0 pieds. Un choix que je n&rsquo;ai pas regrett\u00e9, car si les longues minutes de marche m&rsquo;ont certainement priv\u00e9 de temps pour quelques visites suppl\u00e9mentaires, le charme de la ville compense largement les mus\u00e9es auxquels j&rsquo;ai fait d\u00e9faut. Prague est magnifique ! Les monuments de la vieille ville alternent avec de superbes maisons aux couleurs pastelles pour le plaisir des yeux. Et la lumi\u00e8re hivernale sublime incontestablement ce d\u00e9cor ! La derni\u00e8re touche en p\u00e9riode de f\u00eates sont bien sur les d\u00e9corations et march\u00e9s de no\u00ebl. On les croise un peu partout, rajoutant leur touche festive \u00e0 la promenade. Un autre plaisir, lors de la visite de la ville dans le froid hivernal, est de pousser la porte d&rsquo;un caf\u00e9, une de ces adresses mi salon de th\u00e9, mi restaurant. Ouvrir la porte et me sentir envahir par la vague de chaleur de l&rsquo;\u00e9tablissement, avant de b\u00e9atement siroter un chocolat chaud, fait partie de mes petits plaisir hivernaux. Enfin si on voyage \u00e0 no\u00ebl, c&rsquo;est aussi pour les r\u00e9veillons. Sachez que Prague propose une large offre de soir\u00e9es et excursions \u00e0 ces occasions. Du concert de musique classique, \u00e0 la soir\u00e9e dans une taverne, en passant par des croisi\u00e8res sur la Vltava, l&rsquo;offre est large ! Par contre, Prague fait partie des grandes destinations pour les f\u00eates, donc on est loin d&rsquo;\u00eatre seuls\u2026 Mais on oublie vite la foule quand on marche le nez en l&rsquo;air, des \u00e9toiles plein les yeux. Son article: Visiter Prague en hiver Vienne (Autriche) par Cindy de Eat My Travel: Vienne, capitale de l\u2019Autriche, se pare de ses plus belles couleurs et guirlandes lumineuses quand vient le temps des f\u00eates. C&rsquo;est une ville romantique, \u00e0 l\u2019architecture typique de l\u2019Europe de l\u2019est. J\u2019ai d\u00e9couvert cette ville pendant les f\u00eates et l\u2019ambiance qui y r\u00e8gne est magique. C\u2019est la p\u00e9riode id\u00e9ale pour d\u00e9couvrir la ville : les touristes y sont peu nombreux, l\u2019ambiance y est chaleureuse et les d\u00e9corations surprenantes. A partir de mi-novembre Vienne se transforme en ville de f\u00eate. Toutes les rues sont d\u00e9cor\u00e9es, j\u2019ai rarement vu autant de d\u00e9corations et de lumi\u00e8res en un m\u00eame endroit. Le charme de la ville se transforme au gr\u00e9 des illuminations. Plusieurs march\u00e9s de No\u00ebl s\u2019installent sur les places principales de la ville avec leurs chalets et odeurs de vin chaud et fromages fondus. Devant l\u2019h\u00f4tel de ville, se tient le plus grand march\u00e9 de No\u00ebl de la ville. On y trouve \u00e9galement une grande patinoire ! Faire du patin \u00e0 glace \u00e0 No\u00ebl est une tradition importante pour les viennois. Petits et grands profitent de cette immense patinoire pour s\u2019amuser tout en \u00e9coutant les musiques de No\u00ebl qui r\u00e9sonnent dans les hauts parleurs de la ville. Exactement ce dont on r\u00eave \u00e0 No\u00ebl. Vienne pendant les f\u00eates est exactement comme on imaginerait une ville o\u00f9 tout n\u2019est que f\u00e9\u00e9rie et merveilleux. Si vous aimez No\u00ebl alors vous adorerez le passer \u00e0 Vienne, ou juste vous y rendre \u00e0 cette p\u00e9riode et profitez de l\u2019ambiance ! Son article: Partir en week-end \u00e0 Vienne pendant les f\u00eates Et vous, quelle est votre destination pr\u00e9f\u00e9r\u00e9e pendant les f\u00eates? Celle qui vous fait r\u00eaver?<\/p>\n","protected":false},"author":2,"featured_media":16287,"comment_status":"open","ping_status":"closed","sticky":false,"template":"","format":"standard","meta":{"_jetpack_memberships_contains_paid_content":false,"footnotes":""},"categories":[27,5],"tags":[87,109,140,142,167,286,303,338,422],"class_list":["post-16280","post","type-post","status-publish","format-standard","has-post-thumbnail","hentry","category-interviews-articles-collaboratifs","category-themes","tag-allemagne","tag-autriche","tag-cambodge","tag-canada","tag-costarica","tag-montreal","tag-noel","tag-prague","tag-voyage"],"yoast_head":"<!-- This site is optimized with the Yoast SEO plugin v26.3 - https:\/\/yoast.com\/wordpress\/plugins\/seo\/ -->\n<title>Article Collaboratif: O\u00f9 partir \u00e0 No\u00ebl? - Traces de Voyages<\/title>\n<meta name=\"description\" content=\"Nous avons donc demand\u00e9 \u00e0 d&#039;autres blogueurs voyage de se joindre \u00e0 nous pour vous parler de leurs destinations pr\u00e9f\u00e9r\u00e9es pour passer No\u00ebl.\" \/>\n<meta name=\"robots\" content=\"index, follow, max-snippet:-1, max-image-preview:large, max-video-preview:-1\" \/>\n<link rel=\"canonical\" href=\"https:\/\/tracesdevoyages.com\/index.php\/2019\/12\/15\/article-collaboratif-ou-partir-a-noel\/\" \/>\n<meta property=\"og:locale\" content=\"fr_FR\" \/>\n<meta property=\"og:type\" content=\"article\" \/>\n<meta property=\"og:title\" content=\"Article Collaboratif: O\u00f9 partir \u00e0 No\u00ebl? - Traces de Voyages\" \/>\n<meta property=\"og:description\" content=\"Nous avons donc demand\u00e9 \u00e0 d&#039;autres blogueurs voyage de se joindre \u00e0 nous pour vous parler de leurs destinations pr\u00e9f\u00e9r\u00e9es pour passer No\u00ebl.\" \/>\n<meta property=\"og:url\" content=\"https:\/\/tracesdevoyages.com\/index.php\/2019\/12\/15\/article-collaboratif-ou-partir-a-noel\/\" \/>\n<meta property=\"og:site_name\" content=\"Traces de Voyages\" \/>\n<meta property=\"article:publisher\" content=\"https:\/\/www.facebook.com\/tracesdevoyages\/\" \/>\n<meta property=\"article:published_time\" content=\"2019-12-15T14:25:57+00:00\" \/>\n<meta name=\"author\" content=\"tracesdevoyages\" \/>\n<meta name=\"twitter:card\" content=\"summary_large_image\" \/>\n<meta name=\"twitter:creator\" content=\"@TracesdeVoyages\" \/>\n<meta name=\"twitter:site\" content=\"@TracesdeVoyages\" \/>\n<meta name=\"twitter:label1\" content=\"\u00c9crit par\" \/>\n\t<meta name=\"twitter:data1\" content=\"tracesdevoyages\" \/>\n\t<meta name=\"twitter:label2\" content=\"Dur\u00e9e de lecture estim\u00e9e\" \/>\n\t<meta name=\"twitter:data2\" content=\"10 minutes\" \/>\n<script type=\"application\/ld+json\" class=\"yoast-schema-graph\">{\"@context\":\"https:\/\/schema.org\",\"@graph\":[{\"@type\":\"Article\",\"@id\":\"https:\/\/tracesdevoyages.com\/index.php\/2019\/12\/15\/article-collaboratif-ou-partir-a-noel\/#article\",\"isPartOf\":{\"@id\":\"https:\/\/tracesdevoyages.com\/index.php\/2019\/12\/15\/article-collaboratif-ou-partir-a-noel\/\"},\"author\":{\"name\":\"tracesdevoyages\",\"@id\":\"https:\/\/tracesdevoyages.com\/#\/schema\/person\/407749fd8c63f4e19e1f4d61c3df1dd3\"},\"headline\":\"Article Collaboratif: O\u00f9 partir \u00e0 No\u00ebl?\",\"datePublished\":\"2019-12-15T14:25:57+00:00\",\"mainEntityOfPage\":{\"@id\":\"https:\/\/tracesdevoyages.com\/index.php\/2019\/12\/15\/article-collaboratif-ou-partir-a-noel\/\"},\"wordCount\":2074,\"commentCount\":2,\"publisher\":{\"@id\":\"https:\/\/tracesdevoyages.com\/#organization\"},\"image\":{\"@id\":\"https:\/\/tracesdevoyages.com\/index.php\/2019\/12\/15\/article-collaboratif-ou-partir-a-noel\/#primaryimage\"},\"thumbnailUrl\":\"\",\"keywords\":[\"Allemagne\",\"Autriche\",\"Cambodge\",\"Canada\",\"CostaRica\",\"montr\u00e9al\",\"No\u00ebl\",\"Prague\",\"Voyage\"],\"articleSection\":[\"Interviews &amp; Articles Collaboratifs\",\"Th\u00e8mes\"],\"inLanguage\":\"fr-FR\",\"potentialAction\":[{\"@type\":\"CommentAction\",\"name\":\"Comment\",\"target\":[\"https:\/\/tracesdevoyages.com\/index.php\/2019\/12\/15\/article-collaboratif-ou-partir-a-noel\/#respond\"]}]},{\"@type\":\"WebPage\",\"@id\":\"https:\/\/tracesdevoyages.com\/index.php\/2019\/12\/15\/article-collaboratif-ou-partir-a-noel\/\",\"url\":\"https:\/\/tracesdevoyages.com\/index.php\/2019\/12\/15\/article-collaboratif-ou-partir-a-noel\/\",\"name\":\"Article Collaboratif: O\u00f9 partir \u00e0 No\u00ebl? - Traces de Voyages\",\"isPartOf\":{\"@id\":\"https:\/\/tracesdevoyages.com\/#website\"},\"primaryImageOfPage\":{\"@id\":\"https:\/\/tracesdevoyages.com\/index.php\/2019\/12\/15\/article-collaboratif-ou-partir-a-noel\/#primaryimage\"},\"image\":{\"@id\":\"https:\/\/tracesdevoyages.com\/index.php\/2019\/12\/15\/article-collaboratif-ou-partir-a-noel\/#primaryimage\"},\"thumbnailUrl\":\"\",\"datePublished\":\"2019-12-15T14:25:57+00:00\",\"description\":\"Nous avons donc demand\u00e9 \u00e0 d'autres blogueurs voyage de se joindre \u00e0 nous pour vous parler de leurs destinations pr\u00e9f\u00e9r\u00e9es pour passer No\u00ebl.\",\"breadcrumb\":{\"@id\":\"https:\/\/tracesdevoyages.com\/index.php\/2019\/12\/15\/article-collaboratif-ou-partir-a-noel\/#breadcrumb\"},\"inLanguage\":\"fr-FR\",\"potentialAction\":[{\"@type\":\"ReadAction\",\"target\":[\"https:\/\/tracesdevoyages.com\/index.php\/2019\/12\/15\/article-collaboratif-ou-partir-a-noel\/\"]}]},{\"@type\":\"ImageObject\",\"inLanguage\":\"fr-FR\",\"@id\":\"https:\/\/tracesdevoyages.com\/index.php\/2019\/12\/15\/article-collaboratif-ou-partir-a-noel\/#primaryimage\",\"url\":\"\",\"contentUrl\":\"\"},{\"@type\":\"BreadcrumbList\",\"@id\":\"https:\/\/tracesdevoyages.com\/index.php\/2019\/12\/15\/article-collaboratif-ou-partir-a-noel\/#breadcrumb\",\"itemListElement\":[{\"@type\":\"ListItem\",\"position\":1,\"name\":\"Accueil\",\"item\":\"https:\/\/tracesdevoyages.com\/\"},{\"@type\":\"ListItem\",\"position\":2,\"name\":\"Article Collaboratif: O\u00f9 partir \u00e0 No\u00ebl?\"}]},{\"@type\":\"WebSite\",\"@id\":\"https:\/\/tracesdevoyages.com\/#website\",\"url\":\"https:\/\/tracesdevoyages.com\/\",\"name\":\"Traces de Voyages\",\"description\":\"Blog de voyages\",\"publisher\":{\"@id\":\"https:\/\/tracesdevoyages.com\/#organization\"},\"potentialAction\":[{\"@type\":\"SearchAction\",\"target\":{\"@type\":\"EntryPoint\",\"urlTemplate\":\"https:\/\/tracesdevoyages.com\/?s={search_term_string}\"},\"query-input\":{\"@type\":\"PropertyValueSpecification\",\"valueRequired\":true,\"valueName\":\"search_term_string\"}}],\"inLanguage\":\"fr-FR\"},{\"@type\":\"Organization\",\"@id\":\"https:\/\/tracesdevoyages.com\/#organization\",\"name\":\"Traces de Voyages\",\"url\":\"https:\/\/tracesdevoyages.com\/\",\"logo\":{\"@type\":\"ImageObject\",\"inLanguage\":\"fr-FR\",\"@id\":\"https:\/\/tracesdevoyages.com\/#\/schema\/logo\/image\/\",\"url\":\"https:\/\/i0.wp.com\/tracesdevoyages.com\/wp-content\/uploads\/2025\/01\/cropped-Traces-de-Voyages-LOGO.jpg?fit=512%2C512&ssl=1\",\"contentUrl\":\"https:\/\/i0.wp.com\/tracesdevoyages.com\/wp-content\/uploads\/2025\/01\/cropped-Traces-de-Voyages-LOGO.jpg?fit=512%2C512&ssl=1\",\"width\":512,\"height\":512,\"caption\":\"Traces de Voyages\"},\"image\":{\"@id\":\"https:\/\/tracesdevoyages.com\/#\/schema\/logo\/image\/\"},\"sameAs\":[\"https:\/\/www.facebook.com\/tracesdevoyages\/\",\"https:\/\/x.com\/TracesdeVoyages\",\"https:\/\/www.instagram.com\/tracesdevoyages\/\",\"https:\/\/fr.pinterest.com\/tracesdevoyages\/\",\"https:\/\/www.youtube.com\/channel\/UC240N7Neo4xrJRYcW3UhDaQ\/\"]},{\"@type\":\"Person\",\"@id\":\"https:\/\/tracesdevoyages.com\/#\/schema\/person\/407749fd8c63f4e19e1f4d61c3df1dd3\",\"name\":\"tracesdevoyages\",\"image\":{\"@type\":\"ImageObject\",\"inLanguage\":\"fr-FR\",\"@id\":\"https:\/\/tracesdevoyages.com\/#\/schema\/person\/image\/\",\"url\":\"https:\/\/secure.gravatar.com\/avatar\/89665a7661ade021f231fa4edee45d02595de0df2c6ac04037b09ce699dd6d89?s=96&d=mm&r=g\",\"contentUrl\":\"https:\/\/secure.gravatar.com\/avatar\/89665a7661ade021f231fa4edee45d02595de0df2c6ac04037b09ce699dd6d89?s=96&d=mm&r=g\",\"caption\":\"tracesdevoyages\"},\"url\":\"https:\/\/tracesdevoyages.com\/index.php\/author\/tracesdevoyages\/\"}]}<\/script>\n<!-- \/ Yoast SEO plugin. -->","yoast_head_json":{"title":"Article Collaboratif: O\u00f9 partir \u00e0 No\u00ebl? - Traces de Voyages","description":"Nous avons donc demand\u00e9 \u00e0 d'autres blogueurs voyage de se joindre \u00e0 nous pour vous parler de leurs destinations pr\u00e9f\u00e9r\u00e9es pour passer No\u00ebl.","robots":{"index":"index","follow":"follow","max-snippet":"max-snippet:-1","max-image-preview":"max-image-preview:large","max-video-preview":"max-video-preview:-1"},"canonical":"https:\/\/tracesdevoyages.com\/index.php\/2019\/12\/15\/article-collaboratif-ou-partir-a-noel\/","og_locale":"fr_FR","og_type":"article","og_title":"Article Collaboratif: O\u00f9 partir \u00e0 No\u00ebl? - Traces de Voyages","og_description":"Nous avons donc demand\u00e9 \u00e0 d'autres blogueurs voyage de se joindre \u00e0 nous pour vous parler de leurs destinations pr\u00e9f\u00e9r\u00e9es pour passer No\u00ebl.","og_url":"https:\/\/tracesdevoyages.com\/index.php\/2019\/12\/15\/article-collaboratif-ou-partir-a-noel\/","og_site_name":"Traces de Voyages","article_publisher":"https:\/\/www.facebook.com\/tracesdevoyages\/","article_published_time":"2019-12-15T14:25:57+00:00","author":"tracesdevoyages","twitter_card":"summary_large_image","twitter_creator":"@TracesdeVoyages","twitter_site":"@TracesdeVoyages","twitter_misc":{"\u00c9crit par":"tracesdevoyages","Dur\u00e9e de lecture estim\u00e9e":"10 minutes"},"schema":{"@context":"https:\/\/schema.org","@graph":[{"@type":"Article","@id":"https:\/\/tracesdevoyages.com\/index.php\/2019\/12\/15\/article-collaboratif-ou-partir-a-noel\/#article","isPartOf":{"@id":"https:\/\/tracesdevoyages.com\/index.php\/2019\/12\/15\/article-collaboratif-ou-partir-a-noel\/"},"author":{"name":"tracesdevoyages","@id":"https:\/\/tracesdevoyages.com\/#\/schema\/person\/407749fd8c63f4e19e1f4d61c3df1dd3"},"headline":"Article Collaboratif: O\u00f9 partir \u00e0 No\u00ebl?","datePublished":"2019-12-15T14:25:57+00:00","mainEntityOfPage":{"@id":"https:\/\/tracesdevoyages.com\/index.php\/2019\/12\/15\/article-collaboratif-ou-partir-a-noel\/"},"wordCount":2074,"commentCount":2,"publisher":{"@id":"https:\/\/tracesdevoyages.com\/#organization"},"image":{"@id":"https:\/\/tracesdevoyages.com\/index.php\/2019\/12\/15\/article-collaboratif-ou-partir-a-noel\/#primaryimage"},"thumbnailUrl":"","keywords":["Allemagne","Autriche","Cambodge","Canada","CostaRica","montr\u00e9al","No\u00ebl","Prague","Voyage"],"articleSection":["Interviews &amp; Articles Collaboratifs","Th\u00e8mes"],"inLanguage":"fr-FR","potentialAction":[{"@type":"CommentAction","name":"Comment","target":["https:\/\/tracesdevoyages.com\/index.php\/2019\/12\/15\/article-collaboratif-ou-partir-a-noel\/#respond"]}]},{"@type":"WebPage","@id":"https:\/\/tracesdevoyages.com\/index.php\/2019\/12\/15\/article-collaboratif-ou-partir-a-noel\/","url":"https:\/\/tracesdevoyages.com\/index.php\/2019\/12\/15\/article-collaboratif-ou-partir-a-noel\/","name":"Article Collaboratif: O\u00f9 partir \u00e0 No\u00ebl? - Traces de Voyages","isPartOf":{"@id":"https:\/\/tracesdevoyages.com\/#website"},"primaryImageOfPage":{"@id":"https:\/\/tracesdevoyages.com\/index.php\/2019\/12\/15\/article-collaboratif-ou-partir-a-noel\/#primaryimage"},"image":{"@id":"https:\/\/tracesdevoyages.com\/index.php\/2019\/12\/15\/article-collaboratif-ou-partir-a-noel\/#primaryimage"},"thumbnailUrl":"","datePublished":"2019-12-15T14:25:57+00:00","description":"Nous avons donc demand\u00e9 \u00e0 d'autres blogueurs voyage de se joindre \u00e0 nous pour vous parler de leurs destinations pr\u00e9f\u00e9r\u00e9es pour passer No\u00ebl.","breadcrumb":{"@id":"https:\/\/tracesdevoyages.com\/index.php\/2019\/12\/15\/article-collaboratif-ou-partir-a-noel\/#breadcrumb"},"inLanguage":"fr-FR","potentialAction":[{"@type":"ReadAction","target":["https:\/\/tracesdevoyages.com\/index.php\/2019\/12\/15\/article-collaboratif-ou-partir-a-noel\/"]}]},{"@type":"ImageObject","inLanguage":"fr-FR","@id":"https:\/\/tracesdevoyages.com\/index.php\/2019\/12\/15\/article-collaboratif-ou-partir-a-noel\/#primaryimage","url":"","contentUrl":""},{"@type":"BreadcrumbList","@id":"https:\/\/tracesdevoyages.com\/index.php\/2019\/12\/15\/article-collaboratif-ou-partir-a-noel\/#breadcrumb","itemListElement":[{"@type":"ListItem","position":1,"name":"Accueil","item":"https:\/\/tracesdevoyages.com\/"},{"@type":"ListItem","position":2,"name":"Article Collaboratif: O\u00f9 partir \u00e0 No\u00ebl?"}]},{"@type":"WebSite","@id":"https:\/\/tracesdevoyages.com\/#website","url":"https:\/\/tracesdevoyages.com\/","name":"Traces de Voyages","description":"Blog de voyages","publisher":{"@id":"https:\/\/tracesdevoyages.com\/#organization"},"potentialAction":[{"@type":"SearchAction","target":{"@type":"EntryPoint","urlTemplate":"https:\/\/tracesdevoyages.com\/?s={search_term_string}"},"query-input":{"@type":"PropertyValueSpecification","valueRequired":true,"valueName":"search_term_string"}}],"inLanguage":"fr-FR"},{"@type":"Organization","@id":"https:\/\/tracesdevoyages.com\/#organization","name":"Traces de Voyages","url":"https:\/\/tracesdevoyages.com\/","logo":{"@type":"ImageObject","inLanguage":"fr-FR","@id":"https:\/\/tracesdevoyages.com\/#\/schema\/logo\/image\/","url":"https:\/\/i0.wp.com\/tracesdevoyages.com\/wp-content\/uploads\/2025\/01\/cropped-Traces-de-Voyages-LOGO.jpg?fit=512%2C512&ssl=1","contentUrl":"https:\/\/i0.wp.com\/tracesdevoyages.com\/wp-content\/uploads\/2025\/01\/cropped-Traces-de-Voyages-LOGO.jpg?fit=512%2C512&ssl=1","width":512,"height":512,"caption":"Traces de Voyages"},"image":{"@id":"https:\/\/tracesdevoyages.com\/#\/schema\/logo\/image\/"},"sameAs":["https:\/\/www.facebook.com\/tracesdevoyages\/","https:\/\/x.com\/TracesdeVoyages","https:\/\/www.instagram.com\/tracesdevoyages\/","https:\/\/fr.pinterest.com\/tracesdevoyages\/","https:\/\/www.youtube.com\/channel\/UC240N7Neo4xrJRYcW3UhDaQ\/"]},{"@type":"Person","@id":"https:\/\/tracesdevoyages.com\/#\/schema\/person\/407749fd8c63f4e19e1f4d61c3df1dd3","name":"tracesdevoyages","image":{"@type":"ImageObject","inLanguage":"fr-FR","@id":"https:\/\/tracesdevoyages.com\/#\/schema\/person\/image\/","url":"https:\/\/secure.gravatar.com\/avatar\/89665a7661ade021f231fa4edee45d02595de0df2c6ac04037b09ce699dd6d89?s=96&d=mm&r=g","contentUrl":"https:\/\/secure.gravatar.com\/avatar\/89665a7661ade021f231fa4edee45d02595de0df2c6ac04037b09ce699dd6d89?s=96&d=mm&r=g","caption":"tracesdevoyages"},"url":"https:\/\/tracesdevoyages.com\/index.php\/author\/tracesdevoyages\/"}]}},"jetpack_featured_media_url":"","jetpack_sharing_enabled":true,"_links":{"self":[{"href":"https:\/\/tracesdevoyages.com\/index.php\/wp-json\/wp\/v2\/posts\/16280","targetHints":{"allow":["GET"]}}],"collection":[{"href":"https:\/\/tracesdevoyages.com\/index.php\/wp-json\/wp\/v2\/posts"}],"about":[{"href":"https:\/\/tracesdevoyages.com\/index.php\/wp-json\/wp\/v2\/types\/post"}],"author":[{"embeddable":true,"href":"https:\/\/tracesdevoyages.com\/index.php\/wp-json\/wp\/v2\/users\/2"}],"replies":[{"embeddable":true,"href":"https:\/\/tracesdevoyages.com\/index.php\/wp-json\/wp\/v2\/comments?post=16280"}],"version-history":[{"count":0,"href":"https:\/\/tracesdevoyages.com\/index.php\/wp-json\/wp\/v2\/posts\/16280\/revisions"}],"wp:featuredmedia":[{"embeddable":true,"href":"https:\/\/tracesdevoyages.com\/index.php\/wp-json\/"}],"wp:attachment":[{"href":"https:\/\/tracesdevoyages.com\/index.php\/wp-json\/wp\/v2\/media?parent=16280"}],"wp:term":[{"taxonomy":"category","embeddable":true,"href":"https:\/\/tracesdevoyages.com\/index.php\/wp-json\/wp\/v2\/categories?post=16280"},{"taxonomy":"post_tag","embeddable":true,"href":"https:\/\/tracesdevoyages.com\/index.php\/wp-json\/wp\/v2\/tags?post=16280"}],"curies":[{"name":"wp","href":"https:\/\/api.w.org\/{rel}","templated":true}]}}