{"id":2652,"date":"2016-10-09T10:50:16","date_gmt":"2016-10-09T09:50:16","guid":{"rendered":"http:\/\/tracesdevoyages.com\/?p=2652"},"modified":"2016-10-09T10:50:16","modified_gmt":"2016-10-09T09:50:16","slug":"interview-anne-claire-expatriee-a-haifa","status":"publish","type":"post","link":"https:\/\/tracesdevoyages.com\/index.php\/2016\/10\/09\/interview-anne-claire-expatriee-a-haifa\/","title":{"rendered":"INTERVIEW: Anne Claire, expatri\u00e9e \u00e0 Ha\u00effa"},"content":{"rendered":"<p>Aujourd&rsquo;hui nous, accueillons Anne-Claire qui vit \u00e0 <strong><a href=\"http:\/\/www.otisrael.com\/Tourism_Fra\/Articles\/Discover%20Israel\/Cities\/Pages\/Haifa.aspx\" target=\"_blank\" rel=\"noopener\">Ha\u00effa<\/a><\/strong> en <strong><a href=\"http:\/\/www.otisrael.com\/Tourism_Fra\/Pages\/default.aspx\" target=\"_blank\" rel=\"noopener\">Isra\u00ebl<\/a><\/strong> depuis maintenant 2 ans et demi. Nous nous sommes rencontr\u00e9es en 2007 lorsque nous faisions nos \u00e9tudes \u00e0 <em>La Rochelle<\/em>, nous \u00e9tions alors dans la m\u00eame classe. A pr\u00e9sent mari\u00e9e et maman, elle a gentiment accept\u00e9 de nous parler de son nouveau pays.<\/p>\n<h3><em>D\u2019o\u00f9 viens-tu\u00a0?<\/em><\/h3>\n<p>Je viens de la r\u00e9gion parisienne. J&rsquo;ai grandi \u00e0 <em>Chaville<\/em>, une ville au bord d&rsquo;une grande for\u00eat mais \u00e9galement aux portes de <em>Paris<\/em>.<\/p>\n<h3><em>Depuis quand vis-tu \u00e0 Ha\u00effa ?<\/em><\/h3>\n<p>Je vis \u00e0 <em>Ha\u00effa<\/em> depuis que je suis arriv\u00e9e en<em> Isra\u00ebl<\/em> en Janvier 2014. J&rsquo;ai fait ce que l&rsquo;on appelle l&rsquo;Aliyah. En tant que juive, j&rsquo;avais le droit depuis ma naissance de demander la nationalit\u00e9 isra\u00e9lienne. C&rsquo;est donc ce que j&rsquo;ai fait apr\u00e8s avoir fini mes \u00e9tudes \u00e0 <em>Sup de Co La Rochelle<\/em>.<\/p>\n<h3><em>Cites-nous 3 raisons pour lesquelles tu as choisi de vivre ici\u00a0:<\/em><\/h3>\n<p>Il y a d&rsquo;abord le choix du pays, j&rsquo;ai \u00e9galement ici une bonne partie de ma famille. Par ailleurs, j&rsquo;ai fait 2 de mes stages\u00a0en<em> Isra\u00ebl<\/em> et j&rsquo;ai commenc\u00e9 \u00e0 me cr\u00e9er un r\u00e9seau. En plus de cela, les opportunit\u00e9s professionnelles me semblaient ici plus int\u00e9ressantes qu&rsquo;en <em>France.<\/em><\/p>\n<p>Ensuite, il y a le choix de la ville de <em>Ha\u00effa<\/em>. Il s&rsquo;agit du deuxi\u00e8me plus grand port de commerce du pays apr\u00e8s celui de <em>Ashdod.<\/em> M&rsquo;\u00e9tant sp\u00e9cialis\u00e9e dans l&rsquo;import-export, le port \u00e9tait pour moi un avantage important. Il faut aussi pr\u00e9ciser qu&rsquo;en plus du port, il y a aussi de nombreuses plages \u00e0 <em>Ha\u00effa<\/em>. D&rsquo;autre part, la ville est construite sur la montagne du <a href=\"http:\/\/www.otisrael.com\/Tourism_Fra\/Articles\/Discover%20Israel\/Regions\/Pages\/Mount%20Carmel%20-%20The%20Evergreen%20Mountain.aspx\" target=\"_blank\" rel=\"noopener\"><strong>Mont Carmel<\/strong><\/a>. <em>Ha\u00effa<\/em> regroupe donc \u00e0 la fois un port, la plage et la montagne. Tout cela \u00e0 deux pas de la <strong><a href=\"http:\/\/www.otisrael.com\/Tourism_Fra\/Articles\/Discover%20Israel\/Regions\/Pages\/The%20Galilee.aspx\" target=\"_blank\" rel=\"noopener\">Galil\u00e9e<\/a><\/strong> et du <strong><a href=\"http:\/\/www.otisrael.com\/Tourism_Fra\/Articles\/Discover%20Israel\/Regions\/Pages\/Ramat%20Hagolan.aspx\" target=\"_blank\" rel=\"noopener\">Golan<\/a><\/strong>. Nous sommes \u00e0 une grosse heure de voiture du <strong><a href=\"http:\/\/www.destinationliban.com\/\" target=\"_blank\" rel=\"noopener\">Liban<\/a><\/strong> au Nord et de <a href=\"http:\/\/www.otisrael.com\/Tourism_Fra\/Articles\/Discover%20Israel\/Cities\/Pages\/Tel%20Aviv%20-%20The%20White%20City.aspx\" target=\"_blank\" rel=\"noopener\"><strong>Tel Aviv<\/strong> <\/a>au Sud. Il s&rsquo;agit \u00e9galement de la plus importante ville du Nord d&rsquo;<em>Isra\u00ebl<\/em>.<\/p>\n<h3><em>3 choses qui te manquent de chez toi\u00a0:<\/em><\/h3>\n<p>L<em>&lsquo;Isra\u00ebl<\/em> est devenu mon chez moi \u00e0 part enti\u00e8re. Je ne peux pas vraiment dire que je regrette quelque chose de <em>France<\/em> si ce n&rsquo;est un bon croissant au beurre et mes 2 petites s\u0153urs. Je r\u00eave qu&rsquo;elles viennent elles aussi s&rsquo;installer ici.<\/p>\n<figure id=\"attachment_2717\" aria-describedby=\"caption-attachment-2717\" style=\"width: 948px\" class=\"wp-caption alignnone\"><img data-recalc-dims=\"1\" loading=\"lazy\" decoding=\"async\" class=\"alignnone size-full wp-image-2717\" src=\"https:\/\/tracesdevoyages.files.wordpress.com\/2016\/10\/couchc3a9-de-soleil-sur-le-lac-tiberiad-depuis-le-plateau-du-golan.jpg?resize=948%2C720\" alt=\"couche-de-soleil-sur-le-lac-tiberiad-depuis-le-plateau-du-golan\" width=\"948\" height=\"720\" \/><figcaption id=\"caption-attachment-2717\" class=\"wp-caption-text\">Coucher de soleil sur le Lac Tiberiad depuis le plateau du Golan<\/figcaption><\/figure>\n<h3><em>Ton plus beau souvenir ici\u00a0et le pire\u00a0:<\/em><\/h3>\n<p>Je dois regrouper mon plus beau et mon pire souvenir en un seul. Cela s&rsquo;est pass\u00e9 pendant l&rsquo;\u00e9t\u00e9 2014. L&rsquo;op\u00e9ration \u00ab\u00a0Bordures Protectrices\u00a0\u00bb a \u00e9t\u00e9 mon premier coup de fouet avec la r\u00e9alit\u00e9 de la guerre \u00e0 l&rsquo;isra\u00e9lienne. Une guerre que les civils ne ressentent g\u00e9n\u00e9ralement pas mais qui est pourtant bien r\u00e9elle.<\/p>\n<p>Cet \u00e9t\u00e9 l\u00e0, les sir\u00e8nes d&rsquo;alerte des roquettes n&rsquo;ont pas cess\u00e9 de retentir de jour comme de nuit. A <em>Ha\u00effa<\/em> nous \u00e9tions suffisamment \u00e9loign\u00e9s de <strong>Gaza<\/strong> pour que les roquettes n&rsquo;arrivent pas jusqu&rsquo;\u00e0 nous. Cependant, ma famille et mes amis qui habitent plus pr\u00e8s \u00e9taient en danger permanent. En me rendant \u00e0 <em>Tel Aviv<\/em> ou \u00e0 <em>J\u00e9rusalem<\/em> il me fallait toujours savoir quoi faire et o\u00f9 me mettre \u00e0 l&rsquo;abri en cas de besoin. Il y avait aussi la peur que mon mari soit appel\u00e9 par l&rsquo;arm\u00e9e. Ici les hommes sont r\u00e9servistes jusqu&rsquo;\u00e0 leurs 40 ans. Mon mari est combattant parachutiste. Son bataillon pouvait \u00e0 tout moment \u00eatre appel\u00e9 \u00e0 entrer dans <em>Gaza<\/em>. Heureusement il n&rsquo;a pas \u00e9t\u00e9 appel\u00e9 cette ann\u00e9e-l\u00e0 mais de nombreux amis et hommes de ma famille ont eux \u00e9t\u00e9 appel\u00e9s.<\/p>\n<p>Mon plus beau souvenir est la mobilisation g\u00e9n\u00e9rale des civils pour les soldats. Pendant les p\u00e9riodes comme celles-ci, chaque soldat est un h\u00e9ros. Peu importe son grade ou son poste. Aux soldats que l&rsquo;on croise dans la rue on offre une bouteille d&rsquo;eau ou une glace (Il fait tr\u00e8s chaud en \u00e9t\u00e9 en <em>Isra\u00ebl<\/em>). Des colis \u00e9taient envoy\u00e9s au front et dans les bases militaires de la part des entreprises, des \u00e9coles, des associations, des maisons de retraite&#8230; Dans les colis on faisait partir des lettres d&rsquo;encouragement, des bonbons, des chips, des sous-v\u00eatements neufs de toutes les tailles. Du d\u00e9odorant, du gel douche, des brosses \u00e0 dents, des lingettes rafraichissantes et des produits d&rsquo;hygi\u00e8ne f\u00e9minine pour les combattantes&#8230; Tous ce qui pouvait nous sembler utile. C&rsquo;\u00e9tait beau. Le pays entier \u00e9tait uni pour ses soldats mais aussi pour les familles des soldats. Les femmes dont les maris avaient \u00e9t\u00e9 appel\u00e9s \u00e9taient aid\u00e9es par tout le quartier pour s&rsquo;occuper des enfants (beaucoup d&rsquo;\u00e9coles ont d\u00fb fermer leurs portes).<\/p>\n<p>Cependant dans toute cette entraide et cette union s&rsquo;est produit un drame. Hagay, le mari de ma cousine a lui aussi \u00e9t\u00e9 appel\u00e9 \u00e0 combattre. Son unit\u00e9 est entr\u00e9e dans <em>Gaza<\/em>. L&rsquo;op\u00e9ration s&rsquo;est pour ainsi dire, pass\u00e9e correctement, jusqu&rsquo;\u00e0 ce qu&rsquo;il re\u00e7oive l&rsquo;ordre de sortir. Hagay est officier il devait donc \u00eatre le dernier de son bataillon \u00e0 sortir. Ses soldats sont sortis mais lui n&rsquo;en a pas eu le temps. Une roquette est tomb\u00e9e pr\u00e8s de lui. Les \u00e9clats lui sont rentr\u00e9s dans la t\u00eate et il a d\u00fb \u00eatre \u00e9vacu\u00e9 en urgence. Depuis Hagay est entre la vie et la mort. Cela fait 2 ans. Il est la derni\u00e8re victime de l&rsquo;op\u00e9ration Bordures Protectrices et il n&rsquo;a pour ainsi dire, aucune chance de r\u00e9mission.<\/p>\n<p>Cet \u00e9t\u00e9 l\u00e0, Hagay \u00e9tait p\u00e8re d&rsquo;un petit gar\u00e7on et sa femme venait de donner naissance \u00e0 une petite fille. Maintenant, Hagay ne se l\u00e8vera jamais de son lit. Il ne jouera jamais au foot avec son fils. Il ne conduira jamais sa fille par la main pour son premier jour d&rsquo;\u00e9cole. Il n&rsquo;aura pas non plus d&rsquo;autre enfant. Hagay c&rsquo;est le h\u00e9ros d&rsquo;un \u00e9t\u00e9 qu&rsquo;on a fini par oublier. Hagay c&rsquo;est un mec simple qui aura tout donn\u00e9 pour que ses enfants et ses compatriotes vivent en paix.<\/p>\n<h3><em>Pour les futurs voyageurs, 3 lieux \u00e0 visiter :<\/em><\/h3>\n<p>Je ne peux pas donner 3 lieux \u00e0 visiter \u00e0 <em>Ha\u00effa<\/em> mais je peux en donner des quantit\u00e9s \u00e0 visiter en<em> Isra\u00ebl<\/em> (voir plus bas).<\/p>\n<p><em>Ha\u00effa<\/em> est la capitale internationale de la religion Baha\u00ef. Les Baha\u00ef sont peu connus en <em>France<\/em>. Ils sont \u00e0 mi-chemin entre une secte et une religion. Ce qui est int\u00e9ressant \u00e0 visiter ce sont <a href=\"http:\/\/www.otisrael.com\/Tourism_Fra\/Tourist%20Information\/attractions\/Pages\/Bahai%20World%20Center.aspx\" target=\"_blank\" rel=\"noopener\"><strong>les jardins de leur temple<\/strong><\/a>. Tout un flanc du Mont Carmel en plein centre-ville de <em>Ha\u00effa<\/em> est occup\u00e9 par de magnifiques jardins parfaitement entretenus pleins de fleurs multicolores. Il y a aussi une myst\u00e9rieuse coupole dor\u00e9e strictement interdite qui n&rsquo;est pas Baha\u00ef. Les Baha\u00efs aiment entretenir le myst\u00e8re sur eux-m\u00eames, leur religion et leur richesse.<\/p>\n<h3><em>3 lieux o\u00f9 manger\u00a0:<\/em><\/h3>\n<p>Le premier des restos de<em> Ha\u00effa<\/em> et de loin le plus chic c&rsquo;est <a href=\"http:\/\/hanamal%20HYPERLINK &quot;http:\/\/hanamal24.rest.co.il\/en\/home\/&quot;24 HYPERLINK &quot;http:\/\/hanamal24.rest.co.il\/en\/home\/&quot;.rest.co.il\/en\/home\/\" target=\"_blank\" rel=\"noopener\"><strong>Hanamal 24<\/strong><\/a>. Si le maire de <em>Ha\u00effa<\/em> ou toute autre personne d&rsquo;importance doit faire un repas d&rsquo;affaires, alors ce sera au <em>Hanamal 24<\/em>. Le chef Ran ROSH a \u00e9tudi\u00e9 \u00e0 l&rsquo;Institut Paul Bocuse de <em>Lyon<\/em> et \u00e0 travaill\u00e9 \u00e0 La <em>Belle Otero<\/em> \u00e0<em> Cannes<\/em> (2 \u00e9toiles au guide Michelin). Le propri\u00e9taire Guy AVITAL est devenu un ami via des relations professionnelles que nous avons en commun. Il s&rsquo;agit d&rsquo;une cuisine d&rsquo;inspiration italienne revisit\u00e9e \u00e0 la mode Isra\u00e9lienne. On se r\u00e9gale.<\/p>\n<p>Le second resto serait<strong> <a href=\"http:\/\/www. HYPERLINK &quot;http:\/\/www.2eat.co.il\/eng\/dona-rosa\/&quot;2 HYPERLINK &quot;http:\/\/www.2eat.co.il\/eng\/dona-rosa\/&quot;eat.co.il\/eng\/dona-rosa\/\" target=\"_blank\" rel=\"noopener\">Dona Rosa<\/a><\/strong>. Un resto de viandes argentines. La communaut\u00e9 argentine est relativement importante en <em>Isra\u00ebl<\/em> et les argentins ont apport\u00e9 dans leurs valises le mat\u00e9 mais aussi la viande de qualit\u00e9. N&rsquo;ayant jamais mis les pieds en <em>Argentine<\/em>, je ne peux pas comparer la qualit\u00e9 de la viande d&rsquo;ici et de l\u00e0-bas mais une chose est s\u00fbre, pour moi qui suis une carnivore, <em>Dona Rosa<\/em> c&rsquo;est l&rsquo;adresse \u00e0 ne pas manquer. Les pi\u00e8ces y sont d\u00e9coup\u00e9es \u00e0 la mode argentine et il s&rsquo;agit de l&rsquo;un des rares endroits o\u00f9 l&rsquo;on peut commander un asado. Un vrai !<\/p>\n<p>Enfin le troisi\u00e8me resto serait ce que l&rsquo;on appelle une Humusseria. Pas vraiment un resto mais pas un fast-food non plus. C&rsquo;est un endroit comme il y en a des centaines en <em>Isra\u00ebl<\/em> et \u00e0 <em>Ha\u00effa<\/em>. Dans les humusserias on mange du humus et uniquement du humus. Les tables sont rarement d\u00e9barrass\u00e9es quand on s&rsquo;assoit et si elles le sont, alors elles sont collantes. C&rsquo;est ce qui prouve la renomm\u00e9e de la dite humusseria. La meilleur humusseria de Ha\u00effa c&rsquo;est <strong><a href=\"https:\/\/www.google.com\/maps\/d\/viewer?mid=1XScuCH9jWSeLHFT4vufah-Zz5uw&amp;hl=en_US\" target=\"_blank\" rel=\"noopener\">Abu Maroon<\/a><\/strong>.<\/p>\n<h3><em>\u00a03 sp\u00e9cialit\u00e9s culinaires\u00a0:<\/em><\/h3>\n<p><em>Le humus<\/em>:\u00a0une p\u00e2te de pois chiche avec beauuuuucoup d&rsquo;huile d&rsquo;olive. Il peut \u00eatre accompagn\u00e9 d&rsquo;un peu de viande hach\u00e9e, de pignons de pin ou de champignons saut\u00e9s. Il est servi avec une assiette de frites et une salade isra\u00e9lienne (tomates et concombres citronn\u00e9s coup\u00e9s en tout petits d\u00e9s). Le humus se mange sans couverts. Il \u00ab\u00a0s&rsquo;essuies\u00a0\u00bb avec une pita (pain typique, plat et creux). C&rsquo;est un plat copieux et bon march\u00e9. Bien affam\u00e9 est celui qui essuiera toute son assiette, finira ses frites et sa salade. Quand on d\u00e9boutonne sa braguette et que l&rsquo;on s&rsquo;affale sur sa chaise, c&rsquo;est le signal pour que le serveur vienne d\u00e9barrasser la table sans prendre la peine de demander si l&rsquo;on a fini. Le humus se mange chez les arabes. Les meilleurs humus d&rsquo;<em>Isra\u00ebl<\/em> se trouvent \u00e0 <em>Ha\u00effa<\/em>,<em> J\u00e9rusalem<\/em> ou<em> Jaffa<\/em>.<\/p>\n<p><em>La Shawarma:<\/em> un genre de kebab de mouton en g\u00e9n\u00e9ral mais elle peut aussi \u00eatre au poulet. Elle est servie dans une pita (le m\u00eame pain plat et creux qui sert \u00e0 essuyer le humus). Avant de mettre la viande dans la pita, on tartine le pain de humus (encore et toujours), de salade isra\u00e9lienne, de sauce \u00e0 l&rsquo;ail et on y fourre quelques cornichons. Par-dessus la viande on coule un peu de thrina (sauce de s\u00e9same). On rajoutera de la thrina presque \u00e0 chaque bouch\u00e9e donn\u00e9e dans la shawarma. La shawarma est un street-food au m\u00eame titre que le bien connu falafel. C&rsquo;est le repas tout en un qu&rsquo;on avale \u00e0 la pause d\u00e9jeun\u00e9.<\/p>\n<p><em>Le Sabikh<\/em>: ressemble un peu \u00e0 la shawarma. L\u00e0 encore il s&rsquo;agit d&rsquo;un tout en un servit dans une pita que l&rsquo;on avale \u00e0 la pause d\u00e9jeun\u00e9. Cette fois on y trouve de la pomme de terre cuite \u00e0 l&rsquo;eau, de l&rsquo;aubergine frite, un \u0153uf dur, des cornichons, de la thrina et de la sauce amba (la sauce amba est une sauce d&rsquo;origine indienne \u00e0 base de mangue et de cumin). L\u00e0 encore ce n&rsquo;est vraiment pas un repas di\u00e9t\u00e9tique&#8230;<\/p>\n<figure id=\"attachment_media-10\" aria-describedby=\"caption-attachment-media-10\" style=\"width: 1277px\" class=\"wp-caption alignnone\"><img data-recalc-dims=\"1\" loading=\"lazy\" decoding=\"async\" class=\"alignnone size-full wp-image-2721\" src=\"https:\/\/tracesdevoyages.files.wordpress.com\/2016\/10\/jardins-bahac3af-et-le-port-de-hac3affa.jpg?resize=960%2C541\" alt=\"Jardins Baha\u00ef et le port de Ha\u00effa.jpg\" width=\"960\" height=\"541\" \/><figcaption id=\"caption-attachment-media-10\" class=\"wp-caption-text\">Les Jardins Baha\u00ef et au fond, le port de Ha\u00effa<\/figcaption><\/figure>\n<h3>\u00a0<em>3 lieux o\u00f9 sortir\u00a0:<\/em><\/h3>\n<p>Sur ce point, je ne suis pas de bon conseil. Je ne \u00ab\u00a0sors\u00a0\u00bb pas. Par contre je vais \u00e0 ce que l&rsquo;on appelle des messibat t\u00e9va. Il s&rsquo;agit de genre de free party souvent dans le <a href=\"http:\/\/www.otisrael.com\/Tourism_Fra\/Articles\/Discover%20Israel\/Regions\/Pages\/Neguev.aspx\"><strong>D\u00e9sert du N\u00e9guev<\/strong><\/a>. La f\u00eate commence en g\u00e9n\u00e9ral le vendredi soir et se fini en fin d&rsquo;apr\u00e8s-midi le samedi (le weekend en <em>Isra\u00ebl<\/em> est du vendredi au samedi et non du samedi au dimanche). Dans ces f\u00eates on dance toute la nuit sur de la transe. On plante sa tante pour quelques heures afin de pouvoir piquer un somme si besoin et r\u00e9attaquer la piste de dance plus tard.<\/p>\n<p>Il y a aussi beaucoup de festivals en <em>Isra\u00ebl<\/em>. Des festivals de toute sorte, y compris accessibles avec des enfants voir des b\u00e9b\u00e9s. Le dernier festival o\u00f9 je suis all\u00e9 \u00e0 dur\u00e9 3 jours, j&rsquo;\u00e9tais enceinte de 8 mois et ma belle-s\u0153ur avait avec elle ses 3 enfants (de 3 \u00e0 6 ans). Il s&rsquo;agissait d&rsquo;un festival autour des sons et de la musique qui soignent, ou comment la musique peut \u00eatre utilis\u00e9e comme th\u00e9rapie. Il y avait des concerts, des ateliers, de la m\u00e9ditation, des explications sur des instruments de musique \u00ab\u00a0m\u00e9dicale\u00a0\u00bb ou bien sacr\u00e9e comme le didj\u00e9ridoo, le hang ou le shofar.<\/p>\n<h3><em>3 choses insolites\u00a0:<\/em><\/h3>\n<p>Des choses insolites en <em>Isra\u00ebl<\/em> il y en a plein. Je pourrais commencer par <strong>J\u00e9rusalem<\/strong>. La ville elle-m\u00eame est insolite. En changeant de trottoir on a l&rsquo;impression de changer de r\u00e9gion du monde. Un instant on croise des hommes en djellaba qui boivent un caf\u00e9 noir et en tournant au coin de la rue un pop orthodoxe. Un peu plus loin des enfants juifs religieux, kipa sur la t\u00eate et p\u00e9ottes aux coins des oreilles sont accroupis et jouent aux billes dans la rue.<\/p>\n<p>Je pourrais continuer avec la <a href=\"http:\/\/www.otisrael.com\/Tourism_Fra\/Articles\/Discover%20Israel\/Regions\/Pages\/Dead%20Sea.aspx\" target=\"_blank\" rel=\"noopener\"><strong>mer morte<\/strong><\/a> qui compte comme l&rsquo;une des sept merveilles du monde. Il s&rsquo;agit du point le plus bas du monde sous le niveau de la mer. La densit\u00e9 en sel de l&rsquo;eau est tellement importante qu&rsquo;il est impossible de nager dans cette mer ferm\u00e9e. On y flotte comme si l&rsquo;on portait une bou\u00e9e. L&rsquo;eau est huileuse et la boue charg\u00e9e en min\u00e9raux est utilis\u00e9e dans le traitement des maladies de peau comme le psoriasis par exemple. Cette particularit\u00e9 aura contribu\u00e9 \u00e0 la renomm\u00e9e mais aussi \u00e0 la mise en danger du site de la mer morte. Tout le long des plages, des complexes h\u00f4teliers se sont construits et des cures hors de prix sont propos\u00e9es aux touristes du monde entier. D&rsquo;ann\u00e9es en ann\u00e9es le niveau de la mer morte de ne cesse de baisser et des pr\u00e9visions plus au moins pessimistes affirment que d&rsquo;ici 40 ans la mer sera compl\u00e8tement ass\u00e9ch\u00e9e.<\/p>\n<p>Enfin, il y a un ph\u00e9nom\u00e8ne tr\u00e8s peu connu hors d<em>&lsquo;Isra\u00ebl<\/em> qui sont les inondations qui ont lieu dans le <em>D\u00e9sert du Negev<\/em>. A l&rsquo;arriv\u00e9 des premi\u00e8res pluies de l&rsquo;ann\u00e9e, des torrents d&rsquo;eau arrivent dans les canyons. Il faut \u00eatre bien avertis et ne pas se trouver sur la trajectoire de ces torrents au risque de se noyer en plein d\u00e9sert. Oui oui \ud83d\ude42 L&rsquo;eau fini par infiltrer les sols et disparait laissant un petit velours d&rsquo;herbes sur son passage qui sera rapidement brul\u00e9 par le soleil jusqu&rsquo;\u00e0 la prochaine inondation.<\/p>\n<h3><em>3 objets \u00e0 emmener pour son s\u00e9jour ici\u00a0:<\/em><\/h3>\n<p>Une bonne paire de chaussures. Des sandales de marche en \u00e9t\u00e9 ou bien des chaussures de randonn\u00e9e en hivers. En g\u00e9n\u00e9ral les isra\u00e9liens aiment marcher, se promener. Ils y sont aussi pour la plus part initi\u00e9s durant leur service militaire. D&rsquo;autre part, le pays \u00e9tant \u00ab\u00a0\u00e0 taille humaine\u00a0\u00bb il y a de tr\u00e8s nombreux itin\u00e9raires class\u00e9s selon leur difficult\u00e9 et leur longueur. Le plus c\u00e9l\u00e8bre est la <strong><a href=\"https:\/\/www.elal.com\/fr\/Elal-Destinations\/Israel\/Suggested-Itineraries\/Pages\/Israel-National-Trail.aspx\" target=\"_blank\" rel=\"noopener\">Shvil Isra\u00ebl<\/a><\/strong> (traduire par : le sentier d&rsquo;Isra\u00ebl). Il s&rsquo;agit d&rsquo;un sentier qui traverse tout le pays du nord au sud en passant par les villes principales.<\/p>\n<p>Un smart phone. <em>Isra\u00ebl<\/em> est un pays ultra d\u00e9velopp\u00e9 et connect\u00e9. Les isra\u00e9liens ont souvent plus d&rsquo;un t\u00e9l\u00e9phone par personne. Tout passe par les applications et il y a du wifi dans la majorit\u00e9 des lieux publics.<\/p>\n<p>Un maillot de bain. Que vous veniez en <em>Isra\u00ebl<\/em> en \u00e9t\u00e9 ou en hiver, vous trouverez toujours o\u00f9 vous baigner. En \u00e9t\u00e9 il y a \u00e9videmment la plage, le <a href=\"http:\/\/www.otisrael.com\/Tourism_Fra\/Articles\/Discover%20Israel\/Regions\/Pages\/KINNERETH.aspx\" target=\"_blank\" rel=\"noopener\"><strong>Lac de Tiberiad<\/strong><\/a>, le <strong><a href=\"http:\/\/www.otisrael.com\/Tourism_Fra\/Articles\/mustgo\/Pages\/Experience%20of%20the%20jordan's%20river.aspx\" target=\"_blank\" rel=\"noopener\">Jourdain<\/a><\/strong> ainsi que tous ses affluents. En hiver il y a les sources d&rsquo;eau chaude soufr\u00e9es de <a href=\"http:\/\/hamat-gader.com\/en\/\" target=\"_blank\" rel=\"noopener\">H<strong>amat Gader<\/strong><\/a>. L\u00e0, \u00e0 la fronti\u00e8re <em>Syrienne<\/em> vous pouvez vous pr\u00e9lasser dans une eau presque trop chaude en observant la nature alentour. Difficile \u00e0 croire que de l&rsquo;autre c\u00f4t\u00e9 de la fronti\u00e8re (que l&rsquo;on voit depuis les sources) se passe l&rsquo;un des plus grands drames de notre \u00e9poque.<\/p>\n<figure id=\"attachment_media-12\" aria-describedby=\"caption-attachment-media-12\" style=\"width: 1275px\" class=\"wp-caption alignnone\"><img data-recalc-dims=\"1\" loading=\"lazy\" decoding=\"async\" class=\"alignnone size-full wp-image-2726\" src=\"https:\/\/tracesdevoyages.files.wordpress.com\/2016\/10\/rosh-hanikra-cc3b4te-israc3a9lienne-depuis-la-frontic3a8re-avec-le-liban.jpg?resize=960%2C542\" alt=\"Rosh Hanikra - C\u00f4te Isra\u00e9lienne depuis la fronti\u00e8re avec le Liban.jpg\" width=\"960\" height=\"542\" \/><figcaption id=\"caption-attachment-media-12\" class=\"wp-caption-text\">Rosh Anikra: la c\u00f4te Isra\u00e9lienne\u00a0depuis la fronti\u00e8re\u00a0avec le\u00a0Liban<\/figcaption><\/figure>\n<p>&nbsp;<\/p>\n<h3><em>3 souvenirs \u00e0 ramener\u00a0chez soi :<\/em><\/h3>\n<p>Les isra\u00e9liens eux-m\u00eames, les amiti\u00e9s que vous vous ferez sur place. Les isra\u00e9liens sont de gens qui vont droit au but, ils sont droits et sinc\u00e8res, si quelqu&rsquo;un d\u00e9cide d&rsquo;\u00eatre votre ami, c&rsquo;est sans conditions et vous pourrez compter sur cette personne \u00e0 tout moment. Sachez \u00e9galement que cette personne comptera sur vous.<\/p>\n<p>Apprendre \u00e0 vivre les choses avec intensit\u00e9. En <em>Isra\u00ebl,<\/em> demain est incertain alors ce qui peut se faire ou \u00eatre v\u00e9cu aujourd&rsquo;hui doit absolument l&rsquo;\u00eatre aujourd&rsquo;hui et \u00e0 200%. Si l&rsquo;on fait la f\u00eate, c&rsquo;est jusqu&rsquo;au bout. Si l&rsquo;on se dispute, c&rsquo;est compl\u00e8tement. Si l&rsquo;on s&rsquo;aime c&rsquo;est de toutes ses forces. On ne perd pas son temps avec des choses \u00e0 moiti\u00e9.<\/p>\n<p>Enfin, la d\u00e9brouillardise. Le mot \u00ab\u00a0impossible\u00a0\u00bb est inacceptable en <em>Isra\u00ebl<\/em>. Si le pays a pu partir de rien il y a 68 ans et arriver l\u00e0 o\u00f9 il est aujourd&rsquo;hui c&rsquo;est par ce que les isra\u00e9liens refusent de renoncer. Dans tous les domaines (surtout professionnels) l\u00e0 o\u00f9 on dira que ce n&rsquo;est pas possible par ce que c&rsquo;est impossible, l&rsquo;isra\u00e9lien cherchera \u00e0 prouver que c&rsquo;est possible, par esprit de contradiction. Peut-\u00eatre qu&rsquo;il fera plein de d\u00e9tours, peut-\u00eatre qu&rsquo;il bidouillera ici et l\u00e0 mais au final il y arrivera. Shimon Perez (ancien pr\u00e9sident d&rsquo;Isra\u00ebl) qui vient de mourir disait \u00ab\u00a0c&rsquo;est l\u00e0 o\u00f9 il n&rsquo;y a rien que tout reste \u00e0 faire\u00a0\u00bb.<\/p>\n<hr \/>\n<h5>Textes: Charlotte &amp;\u00a0Anne Claire\u00a0\/ Photos: \u00a9Anne Claire<\/h5>\n","protected":false},"excerpt":{"rendered":"<p>Vous voulez en savoir plus sur l&rsquo;Isra\u00ebl? Anne Claire, expatri\u00e9e \u00e0 Ha\u00effa depuis 2 ans et demi, nous parle sa vie l\u00e0-bas et ses bons plans pour les futurs voyageurs!<\/p>\n","protected":false},"author":2,"featured_media":2716,"comment_status":"open","ping_status":"open","sticky":false,"template":"","format":"standard","meta":{"_jetpack_memberships_contains_paid_content":false,"footnotes":""},"categories":[11,27,29,5,6],"tags":[126,129,188,191,192,212,233,238,346,394,422],"class_list":["post-2652","post","type-post","status-publish","format-standard","has-post-thumbnail","hentry","category-asie","category-interviews-articles-collaboratifs","category-israel","category-themes","category-voyages","tag-blog","tag-blogvoyage","tag-escapade","tag-evasion","tag-expatriation","tag-haifa","tag-interview","tag-israel","tag-restaurant","tag-tourisme","tag-voyage"],"yoast_head":"<!-- This site is optimized with the Yoast SEO plugin v26.3 - https:\/\/yoast.com\/wordpress\/plugins\/seo\/ -->\n<title>INTERVIEW: Anne Claire, expatri\u00e9e \u00e0 Ha\u00effa - Traces de Voyages<\/title>\n<meta name=\"robots\" content=\"index, follow, max-snippet:-1, max-image-preview:large, max-video-preview:-1\" \/>\n<link rel=\"canonical\" href=\"https:\/\/tracesdevoyages.com\/index.php\/2016\/10\/09\/interview-anne-claire-expatriee-a-haifa\/\" \/>\n<meta property=\"og:locale\" content=\"fr_FR\" \/>\n<meta property=\"og:type\" content=\"article\" \/>\n<meta property=\"og:title\" content=\"INTERVIEW: Anne Claire, expatri\u00e9e \u00e0 Ha\u00effa - Traces de Voyages\" \/>\n<meta property=\"og:description\" content=\"Vous voulez en savoir plus sur l&#039;Isra\u00ebl? Anne Claire, expatri\u00e9e \u00e0 Ha\u00effa depuis 2 ans et demi, nous parle sa vie l\u00e0-bas et ses bons plans pour les futurs voyageurs!\" \/>\n<meta property=\"og:url\" content=\"https:\/\/tracesdevoyages.com\/index.php\/2016\/10\/09\/interview-anne-claire-expatriee-a-haifa\/\" \/>\n<meta property=\"og:site_name\" content=\"Traces de Voyages\" \/>\n<meta property=\"article:publisher\" content=\"https:\/\/www.facebook.com\/tracesdevoyages\/\" \/>\n<meta property=\"article:published_time\" content=\"2016-10-09T09:50:16+00:00\" \/>\n<meta name=\"author\" content=\"tracesdevoyages\" \/>\n<meta name=\"twitter:card\" content=\"summary_large_image\" \/>\n<meta name=\"twitter:creator\" content=\"@TracesdeVoyages\" \/>\n<meta name=\"twitter:site\" content=\"@TracesdeVoyages\" \/>\n<meta name=\"twitter:label1\" content=\"\u00c9crit par\" \/>\n\t<meta name=\"twitter:data1\" content=\"tracesdevoyages\" \/>\n\t<meta name=\"twitter:label2\" content=\"Dur\u00e9e de lecture estim\u00e9e\" \/>\n\t<meta name=\"twitter:data2\" content=\"15 minutes\" \/>\n<script type=\"application\/ld+json\" class=\"yoast-schema-graph\">{\"@context\":\"https:\/\/schema.org\",\"@graph\":[{\"@type\":\"Article\",\"@id\":\"https:\/\/tracesdevoyages.com\/index.php\/2016\/10\/09\/interview-anne-claire-expatriee-a-haifa\/#article\",\"isPartOf\":{\"@id\":\"https:\/\/tracesdevoyages.com\/index.php\/2016\/10\/09\/interview-anne-claire-expatriee-a-haifa\/\"},\"author\":{\"name\":\"tracesdevoyages\",\"@id\":\"https:\/\/tracesdevoyages.com\/#\/schema\/person\/407749fd8c63f4e19e1f4d61c3df1dd3\"},\"headline\":\"INTERVIEW: Anne Claire, expatri\u00e9e \u00e0 Ha\u00effa\",\"datePublished\":\"2016-10-09T09:50:16+00:00\",\"mainEntityOfPage\":{\"@id\":\"https:\/\/tracesdevoyages.com\/index.php\/2016\/10\/09\/interview-anne-claire-expatriee-a-haifa\/\"},\"wordCount\":3057,\"commentCount\":0,\"publisher\":{\"@id\":\"https:\/\/tracesdevoyages.com\/#organization\"},\"image\":{\"@id\":\"https:\/\/tracesdevoyages.com\/index.php\/2016\/10\/09\/interview-anne-claire-expatriee-a-haifa\/#primaryimage\"},\"thumbnailUrl\":\"\",\"keywords\":[\"Blog\",\"Blogvoyage\",\"Escapade\",\"Evasion\",\"expatriation\",\"Haifa\",\"interview\",\"Isra\u00ebl\",\"Restaurant\",\"Tourisme\",\"Voyage\"],\"articleSection\":[\"Asie\",\"Interviews &amp; Articles Collaboratifs\",\"Isra\u00ebl\",\"Th\u00e8mes\",\"Voyages\"],\"inLanguage\":\"fr-FR\",\"potentialAction\":[{\"@type\":\"CommentAction\",\"name\":\"Comment\",\"target\":[\"https:\/\/tracesdevoyages.com\/index.php\/2016\/10\/09\/interview-anne-claire-expatriee-a-haifa\/#respond\"]}]},{\"@type\":\"WebPage\",\"@id\":\"https:\/\/tracesdevoyages.com\/index.php\/2016\/10\/09\/interview-anne-claire-expatriee-a-haifa\/\",\"url\":\"https:\/\/tracesdevoyages.com\/index.php\/2016\/10\/09\/interview-anne-claire-expatriee-a-haifa\/\",\"name\":\"INTERVIEW: Anne Claire, expatri\u00e9e \u00e0 Ha\u00effa - Traces de Voyages\",\"isPartOf\":{\"@id\":\"https:\/\/tracesdevoyages.com\/#website\"},\"primaryImageOfPage\":{\"@id\":\"https:\/\/tracesdevoyages.com\/index.php\/2016\/10\/09\/interview-anne-claire-expatriee-a-haifa\/#primaryimage\"},\"image\":{\"@id\":\"https:\/\/tracesdevoyages.com\/index.php\/2016\/10\/09\/interview-anne-claire-expatriee-a-haifa\/#primaryimage\"},\"thumbnailUrl\":\"\",\"datePublished\":\"2016-10-09T09:50:16+00:00\",\"breadcrumb\":{\"@id\":\"https:\/\/tracesdevoyages.com\/index.php\/2016\/10\/09\/interview-anne-claire-expatriee-a-haifa\/#breadcrumb\"},\"inLanguage\":\"fr-FR\",\"potentialAction\":[{\"@type\":\"ReadAction\",\"target\":[\"https:\/\/tracesdevoyages.com\/index.php\/2016\/10\/09\/interview-anne-claire-expatriee-a-haifa\/\"]}]},{\"@type\":\"ImageObject\",\"inLanguage\":\"fr-FR\",\"@id\":\"https:\/\/tracesdevoyages.com\/index.php\/2016\/10\/09\/interview-anne-claire-expatriee-a-haifa\/#primaryimage\",\"url\":\"\",\"contentUrl\":\"\"},{\"@type\":\"BreadcrumbList\",\"@id\":\"https:\/\/tracesdevoyages.com\/index.php\/2016\/10\/09\/interview-anne-claire-expatriee-a-haifa\/#breadcrumb\",\"itemListElement\":[{\"@type\":\"ListItem\",\"position\":1,\"name\":\"Accueil\",\"item\":\"https:\/\/tracesdevoyages.com\/\"},{\"@type\":\"ListItem\",\"position\":2,\"name\":\"INTERVIEW: Anne Claire, expatri\u00e9e \u00e0 Ha\u00effa\"}]},{\"@type\":\"WebSite\",\"@id\":\"https:\/\/tracesdevoyages.com\/#website\",\"url\":\"https:\/\/tracesdevoyages.com\/\",\"name\":\"Traces de Voyages\",\"description\":\"Blog de voyages\",\"publisher\":{\"@id\":\"https:\/\/tracesdevoyages.com\/#organization\"},\"potentialAction\":[{\"@type\":\"SearchAction\",\"target\":{\"@type\":\"EntryPoint\",\"urlTemplate\":\"https:\/\/tracesdevoyages.com\/?s={search_term_string}\"},\"query-input\":{\"@type\":\"PropertyValueSpecification\",\"valueRequired\":true,\"valueName\":\"search_term_string\"}}],\"inLanguage\":\"fr-FR\"},{\"@type\":\"Organization\",\"@id\":\"https:\/\/tracesdevoyages.com\/#organization\",\"name\":\"Traces de Voyages\",\"url\":\"https:\/\/tracesdevoyages.com\/\",\"logo\":{\"@type\":\"ImageObject\",\"inLanguage\":\"fr-FR\",\"@id\":\"https:\/\/tracesdevoyages.com\/#\/schema\/logo\/image\/\",\"url\":\"https:\/\/i0.wp.com\/tracesdevoyages.com\/wp-content\/uploads\/2025\/01\/cropped-Traces-de-Voyages-LOGO.jpg?fit=512%2C512&ssl=1\",\"contentUrl\":\"https:\/\/i0.wp.com\/tracesdevoyages.com\/wp-content\/uploads\/2025\/01\/cropped-Traces-de-Voyages-LOGO.jpg?fit=512%2C512&ssl=1\",\"width\":512,\"height\":512,\"caption\":\"Traces de Voyages\"},\"image\":{\"@id\":\"https:\/\/tracesdevoyages.com\/#\/schema\/logo\/image\/\"},\"sameAs\":[\"https:\/\/www.facebook.com\/tracesdevoyages\/\",\"https:\/\/x.com\/TracesdeVoyages\",\"https:\/\/www.instagram.com\/tracesdevoyages\/\",\"https:\/\/fr.pinterest.com\/tracesdevoyages\/\",\"https:\/\/www.youtube.com\/channel\/UC240N7Neo4xrJRYcW3UhDaQ\/\"]},{\"@type\":\"Person\",\"@id\":\"https:\/\/tracesdevoyages.com\/#\/schema\/person\/407749fd8c63f4e19e1f4d61c3df1dd3\",\"name\":\"tracesdevoyages\",\"image\":{\"@type\":\"ImageObject\",\"inLanguage\":\"fr-FR\",\"@id\":\"https:\/\/tracesdevoyages.com\/#\/schema\/person\/image\/\",\"url\":\"https:\/\/secure.gravatar.com\/avatar\/89665a7661ade021f231fa4edee45d02595de0df2c6ac04037b09ce699dd6d89?s=96&d=mm&r=g\",\"contentUrl\":\"https:\/\/secure.gravatar.com\/avatar\/89665a7661ade021f231fa4edee45d02595de0df2c6ac04037b09ce699dd6d89?s=96&d=mm&r=g\",\"caption\":\"tracesdevoyages\"},\"url\":\"https:\/\/tracesdevoyages.com\/index.php\/author\/tracesdevoyages\/\"}]}<\/script>\n<!-- \/ Yoast SEO plugin. -->","yoast_head_json":{"title":"INTERVIEW: Anne Claire, expatri\u00e9e \u00e0 Ha\u00effa - Traces de Voyages","robots":{"index":"index","follow":"follow","max-snippet":"max-snippet:-1","max-image-preview":"max-image-preview:large","max-video-preview":"max-video-preview:-1"},"canonical":"https:\/\/tracesdevoyages.com\/index.php\/2016\/10\/09\/interview-anne-claire-expatriee-a-haifa\/","og_locale":"fr_FR","og_type":"article","og_title":"INTERVIEW: Anne Claire, expatri\u00e9e \u00e0 Ha\u00effa - Traces de Voyages","og_description":"Vous voulez en savoir plus sur l'Isra\u00ebl? Anne Claire, expatri\u00e9e \u00e0 Ha\u00effa depuis 2 ans et demi, nous parle sa vie l\u00e0-bas et ses bons plans pour les futurs voyageurs!","og_url":"https:\/\/tracesdevoyages.com\/index.php\/2016\/10\/09\/interview-anne-claire-expatriee-a-haifa\/","og_site_name":"Traces de Voyages","article_publisher":"https:\/\/www.facebook.com\/tracesdevoyages\/","article_published_time":"2016-10-09T09:50:16+00:00","author":"tracesdevoyages","twitter_card":"summary_large_image","twitter_creator":"@TracesdeVoyages","twitter_site":"@TracesdeVoyages","twitter_misc":{"\u00c9crit par":"tracesdevoyages","Dur\u00e9e de lecture estim\u00e9e":"15 minutes"},"schema":{"@context":"https:\/\/schema.org","@graph":[{"@type":"Article","@id":"https:\/\/tracesdevoyages.com\/index.php\/2016\/10\/09\/interview-anne-claire-expatriee-a-haifa\/#article","isPartOf":{"@id":"https:\/\/tracesdevoyages.com\/index.php\/2016\/10\/09\/interview-anne-claire-expatriee-a-haifa\/"},"author":{"name":"tracesdevoyages","@id":"https:\/\/tracesdevoyages.com\/#\/schema\/person\/407749fd8c63f4e19e1f4d61c3df1dd3"},"headline":"INTERVIEW: Anne Claire, expatri\u00e9e \u00e0 Ha\u00effa","datePublished":"2016-10-09T09:50:16+00:00","mainEntityOfPage":{"@id":"https:\/\/tracesdevoyages.com\/index.php\/2016\/10\/09\/interview-anne-claire-expatriee-a-haifa\/"},"wordCount":3057,"commentCount":0,"publisher":{"@id":"https:\/\/tracesdevoyages.com\/#organization"},"image":{"@id":"https:\/\/tracesdevoyages.com\/index.php\/2016\/10\/09\/interview-anne-claire-expatriee-a-haifa\/#primaryimage"},"thumbnailUrl":"","keywords":["Blog","Blogvoyage","Escapade","Evasion","expatriation","Haifa","interview","Isra\u00ebl","Restaurant","Tourisme","Voyage"],"articleSection":["Asie","Interviews &amp; Articles Collaboratifs","Isra\u00ebl","Th\u00e8mes","Voyages"],"inLanguage":"fr-FR","potentialAction":[{"@type":"CommentAction","name":"Comment","target":["https:\/\/tracesdevoyages.com\/index.php\/2016\/10\/09\/interview-anne-claire-expatriee-a-haifa\/#respond"]}]},{"@type":"WebPage","@id":"https:\/\/tracesdevoyages.com\/index.php\/2016\/10\/09\/interview-anne-claire-expatriee-a-haifa\/","url":"https:\/\/tracesdevoyages.com\/index.php\/2016\/10\/09\/interview-anne-claire-expatriee-a-haifa\/","name":"INTERVIEW: Anne Claire, expatri\u00e9e \u00e0 Ha\u00effa - Traces de Voyages","isPartOf":{"@id":"https:\/\/tracesdevoyages.com\/#website"},"primaryImageOfPage":{"@id":"https:\/\/tracesdevoyages.com\/index.php\/2016\/10\/09\/interview-anne-claire-expatriee-a-haifa\/#primaryimage"},"image":{"@id":"https:\/\/tracesdevoyages.com\/index.php\/2016\/10\/09\/interview-anne-claire-expatriee-a-haifa\/#primaryimage"},"thumbnailUrl":"","datePublished":"2016-10-09T09:50:16+00:00","breadcrumb":{"@id":"https:\/\/tracesdevoyages.com\/index.php\/2016\/10\/09\/interview-anne-claire-expatriee-a-haifa\/#breadcrumb"},"inLanguage":"fr-FR","potentialAction":[{"@type":"ReadAction","target":["https:\/\/tracesdevoyages.com\/index.php\/2016\/10\/09\/interview-anne-claire-expatriee-a-haifa\/"]}]},{"@type":"ImageObject","inLanguage":"fr-FR","@id":"https:\/\/tracesdevoyages.com\/index.php\/2016\/10\/09\/interview-anne-claire-expatriee-a-haifa\/#primaryimage","url":"","contentUrl":""},{"@type":"BreadcrumbList","@id":"https:\/\/tracesdevoyages.com\/index.php\/2016\/10\/09\/interview-anne-claire-expatriee-a-haifa\/#breadcrumb","itemListElement":[{"@type":"ListItem","position":1,"name":"Accueil","item":"https:\/\/tracesdevoyages.com\/"},{"@type":"ListItem","position":2,"name":"INTERVIEW: Anne Claire, expatri\u00e9e \u00e0 Ha\u00effa"}]},{"@type":"WebSite","@id":"https:\/\/tracesdevoyages.com\/#website","url":"https:\/\/tracesdevoyages.com\/","name":"Traces de Voyages","description":"Blog de voyages","publisher":{"@id":"https:\/\/tracesdevoyages.com\/#organization"},"potentialAction":[{"@type":"SearchAction","target":{"@type":"EntryPoint","urlTemplate":"https:\/\/tracesdevoyages.com\/?s={search_term_string}"},"query-input":{"@type":"PropertyValueSpecification","valueRequired":true,"valueName":"search_term_string"}}],"inLanguage":"fr-FR"},{"@type":"Organization","@id":"https:\/\/tracesdevoyages.com\/#organization","name":"Traces de Voyages","url":"https:\/\/tracesdevoyages.com\/","logo":{"@type":"ImageObject","inLanguage":"fr-FR","@id":"https:\/\/tracesdevoyages.com\/#\/schema\/logo\/image\/","url":"https:\/\/i0.wp.com\/tracesdevoyages.com\/wp-content\/uploads\/2025\/01\/cropped-Traces-de-Voyages-LOGO.jpg?fit=512%2C512&ssl=1","contentUrl":"https:\/\/i0.wp.com\/tracesdevoyages.com\/wp-content\/uploads\/2025\/01\/cropped-Traces-de-Voyages-LOGO.jpg?fit=512%2C512&ssl=1","width":512,"height":512,"caption":"Traces de Voyages"},"image":{"@id":"https:\/\/tracesdevoyages.com\/#\/schema\/logo\/image\/"},"sameAs":["https:\/\/www.facebook.com\/tracesdevoyages\/","https:\/\/x.com\/TracesdeVoyages","https:\/\/www.instagram.com\/tracesdevoyages\/","https:\/\/fr.pinterest.com\/tracesdevoyages\/","https:\/\/www.youtube.com\/channel\/UC240N7Neo4xrJRYcW3UhDaQ\/"]},{"@type":"Person","@id":"https:\/\/tracesdevoyages.com\/#\/schema\/person\/407749fd8c63f4e19e1f4d61c3df1dd3","name":"tracesdevoyages","image":{"@type":"ImageObject","inLanguage":"fr-FR","@id":"https:\/\/tracesdevoyages.com\/#\/schema\/person\/image\/","url":"https:\/\/secure.gravatar.com\/avatar\/89665a7661ade021f231fa4edee45d02595de0df2c6ac04037b09ce699dd6d89?s=96&d=mm&r=g","contentUrl":"https:\/\/secure.gravatar.com\/avatar\/89665a7661ade021f231fa4edee45d02595de0df2c6ac04037b09ce699dd6d89?s=96&d=mm&r=g","caption":"tracesdevoyages"},"url":"https:\/\/tracesdevoyages.com\/index.php\/author\/tracesdevoyages\/"}]}},"jetpack_featured_media_url":"","jetpack_sharing_enabled":true,"_links":{"self":[{"href":"https:\/\/tracesdevoyages.com\/index.php\/wp-json\/wp\/v2\/posts\/2652","targetHints":{"allow":["GET"]}}],"collection":[{"href":"https:\/\/tracesdevoyages.com\/index.php\/wp-json\/wp\/v2\/posts"}],"about":[{"href":"https:\/\/tracesdevoyages.com\/index.php\/wp-json\/wp\/v2\/types\/post"}],"author":[{"embeddable":true,"href":"https:\/\/tracesdevoyages.com\/index.php\/wp-json\/wp\/v2\/users\/2"}],"replies":[{"embeddable":true,"href":"https:\/\/tracesdevoyages.com\/index.php\/wp-json\/wp\/v2\/comments?post=2652"}],"version-history":[{"count":0,"href":"https:\/\/tracesdevoyages.com\/index.php\/wp-json\/wp\/v2\/posts\/2652\/revisions"}],"wp:featuredmedia":[{"embeddable":true,"href":"https:\/\/tracesdevoyages.com\/index.php\/wp-json\/"}],"wp:attachment":[{"href":"https:\/\/tracesdevoyages.com\/index.php\/wp-json\/wp\/v2\/media?parent=2652"}],"wp:term":[{"taxonomy":"category","embeddable":true,"href":"https:\/\/tracesdevoyages.com\/index.php\/wp-json\/wp\/v2\/categories?post=2652"},{"taxonomy":"post_tag","embeddable":true,"href":"https:\/\/tracesdevoyages.com\/index.php\/wp-json\/wp\/v2\/tags?post=2652"}],"curies":[{"name":"wp","href":"https:\/\/api.w.org\/{rel}","templated":true}]}}