{"id":311,"date":"2016-04-18T11:52:02","date_gmt":"2016-04-18T10:52:02","guid":{"rendered":"http:\/\/tracesdevoyages.com\/?p=311"},"modified":"2025-01-12T21:27:19","modified_gmt":"2025-01-12T20:27:19","slug":"recits-daventures-ma-rando-de-8h-au-parc-national-des-gorges-de-riviere-noire-sur-lile-maurice","status":"publish","type":"post","link":"https:\/\/tracesdevoyages.com\/index.php\/2016\/04\/18\/recits-daventures-ma-rando-de-8h-au-parc-national-des-gorges-de-riviere-noire-sur-lile-maurice\/","title":{"rendered":"R\u00e9cits d&rsquo;Aventures: Notre rando de 8h au Parc National des Gorges de Rivi\u00e8re Noire sur l&rsquo;\u00cele Maurice"},"content":{"rendered":"<p>Nous inaugurons ici une toute nouvelle cat\u00e9gorie d&rsquo;articles sur\u00a0le blog: Les R\u00e9cits d&rsquo;Aventures. Vous y trouverez nos exp\u00e9riences de voyages les plus fortes, celles qui nous ont le plus marqu\u00e9 et ont donn\u00e9 lieu \u00e0 ces petits fragments d&rsquo;histoires \u00e0 travers le monde. En esp\u00e9rant que cela vous plaise, et vous souhaitant une\u00a0bonne lecture.<\/p>\n<hr \/>\n<p>Un beau matin, nous avons d\u00e9cid\u00e9 de partir en randonn\u00e9e dans le <a href=\"https:\/\/www.tripadvisor.fr\/Attraction_Review-g293816-d472664-Reviews-Black_River_Gorges_National_Park-Mauritius.html\" target=\"_blank\" rel=\"noopener noreferrer\">Parc National des Gorges \u00e0 Rivi\u00e8re Noire <\/a>sur <a href=\"http:\/\/www.tourism-mauritius.mu\/fr\/\" target=\"_blank\" rel=\"noopener noreferrer\">l&rsquo;\u00cele Maurice<\/a>, avec \u00e0 la cl\u00e9, une cascade. C&rsquo;est donc vers 10h que nous sommes partis de chez nous \u00e0 pied (n&rsquo;ayant pas de moyen de locomotion et les bus n&rsquo;\u00e9tant pas tr\u00e8s fiables au niveau des horaires) et que nous avons commenc\u00e9 notre p\u00e9riple vers la jungle.<\/p>\n<p>Apr\u00e8s avoir pass\u00e9 les bidonvilles, les logements sociaux et, quel contraste, la marina en construction, nous avons enfin d\u00e9bouch\u00e9 sur une petite route de campagne au milieu des cannes \u00e0 sucre. Au bout de quelques kilom\u00e8tres, la route commen\u00e7a \u00e0 grimper \u00e0 travers la for\u00eat tropicale et ses habitants les moustiques. La vue \u00e9tait d\u00e9j\u00e0 impressionnante: des arbres dans les tons verts fluo \u00e0 perte de vue sur des vallons et en contrebas de la route sur laquelle nous avancions: la rivi\u00e8re.<\/p>\n<p><img data-recalc-dims=\"1\" loading=\"lazy\" decoding=\"async\" class=\"aligncenter size-large wp-image-16630\" src=\"https:\/\/i0.wp.com\/tracesdevoyages.com\/wp-content\/uploads\/2016\/04\/Maurice-National-Park1.jpg?resize=960%2C638\" alt=\"\" width=\"960\" height=\"638\" srcset=\"https:\/\/i0.wp.com\/tracesdevoyages.com\/wp-content\/uploads\/2016\/04\/Maurice-National-Park1.jpg?resize=1024%2C680&amp;ssl=1 1024w, https:\/\/i0.wp.com\/tracesdevoyages.com\/wp-content\/uploads\/2016\/04\/Maurice-National-Park1.jpg?resize=300%2C199&amp;ssl=1 300w, https:\/\/i0.wp.com\/tracesdevoyages.com\/wp-content\/uploads\/2016\/04\/Maurice-National-Park1.jpg?resize=768%2C510&amp;ssl=1 768w, https:\/\/i0.wp.com\/tracesdevoyages.com\/wp-content\/uploads\/2016\/04\/Maurice-National-Park1.jpg?resize=1140%2C757&amp;ssl=1 1140w, https:\/\/i0.wp.com\/tracesdevoyages.com\/wp-content\/uploads\/2016\/04\/Maurice-National-Park1.jpg?w=1200&amp;ssl=1 1200w\" sizes=\"auto, (max-width: 960px) 100vw, 960px\" \/><\/p>\n<p>&nbsp;<\/p>\n<p>A midi nous \u00e9tions arriv\u00e9s \u00e0 l&rsquo;entr\u00e9e du parc. Au milieu d&rsquo;arbres g\u00e9ants, un petit panneau en bois sur lequel se trouvait la carte des sentiers nous indiqua que celui menant aux cascades serait trop long pour le temps dont nous disposions. Mais, apr\u00e8s avoir regard\u00e9 plus attentivement, nous avons pu remarquer qu&rsquo;un ancien sentier menait \u00e0 une autre cascade et malgr\u00e9 la mise en garde du garde forestier sur l&rsquo;impraticabilit\u00e9 du sentier, nous nous sommes aventur\u00e9s dans l&rsquo;inconnu, sans plan, ni boussole et avec des t\u00e9l\u00e9phones affichant un r\u00e9seau inexistant&#8230; Pas tr\u00e8s prudent tout \u00e7a, qu&rsquo;\u00e0 cela ne tienne, nous la voulions cette cascade, et quoi de plus agr\u00e9able que de se promener seuls \u00e0 travers la jungle?<\/p>\n<p>Nous avons donc entam\u00e9 notre progression sur cette piste au d\u00e9part bien d\u00e9gag\u00e9e \u00e0 travers la for\u00eat, marchant tranquillement pendant 1h jusqu&rsquo;\u00e0 une petite rivi\u00e8re au milieu de laquelle se trouvait une grande roche plate qui s&rsquo;offrait \u00e0 nous pour le d\u00e9jeuner. Apr\u00e8s cette courte pause, nous sommes repartis dans la jungle devenue de plus en plus hostile: le sentier \u00e9tait \u00e0 peine visible, nous avions du mal \u00e0 rep\u00e9rer les petits monticules de pierres servant au balisage tant la v\u00e9g\u00e9tation \u00e9tait luxuriante, les cours d&rsquo;eau \u00e0 traverser ne se comptaient plus et le d\u00e9nivel\u00e9 devenait de plus en plus difficile avec un sol de terre humide sur lequel j&rsquo;avais du mal \u00e0 avancer munie de mes converses.<\/p>\n<p><img data-recalc-dims=\"1\" loading=\"lazy\" decoding=\"async\" class=\"aligncenter size-large wp-image-16632\" src=\"https:\/\/i0.wp.com\/tracesdevoyages.com\/wp-content\/uploads\/2016\/04\/Maurice-National-Park2.jpg?resize=960%2C638\" alt=\"\" width=\"960\" height=\"638\" srcset=\"https:\/\/i0.wp.com\/tracesdevoyages.com\/wp-content\/uploads\/2016\/04\/Maurice-National-Park2.jpg?resize=1024%2C680&amp;ssl=1 1024w, https:\/\/i0.wp.com\/tracesdevoyages.com\/wp-content\/uploads\/2016\/04\/Maurice-National-Park2.jpg?resize=300%2C199&amp;ssl=1 300w, https:\/\/i0.wp.com\/tracesdevoyages.com\/wp-content\/uploads\/2016\/04\/Maurice-National-Park2.jpg?resize=768%2C510&amp;ssl=1 768w, https:\/\/i0.wp.com\/tracesdevoyages.com\/wp-content\/uploads\/2016\/04\/Maurice-National-Park2.jpg?resize=1140%2C757&amp;ssl=1 1140w, https:\/\/i0.wp.com\/tracesdevoyages.com\/wp-content\/uploads\/2016\/04\/Maurice-National-Park2.jpg?w=1200&amp;ssl=1 1200w\" sizes=\"auto, (max-width: 960px) 100vw, 960px\" \/><\/p>\n<p>&nbsp;<\/p>\n<p>Deux heures plus tard, apr\u00e8s avoir escalad\u00e9 des rochers et un \u00e9ni\u00e8me mur de terre, mon corps et mon mental ont dit stop et j&rsquo;ai fondu en larmes. Il \u00e9tait \u00e0 pr\u00e9sent 15h, cela faisait donc 5h que nous marchions, la nuit n&rsquo;allait pas tarder \u00e0 tomber (il fait nuit entre 17h et 17h30 l\u00e0-bas), il fallait penser au retour et toujours pas de cascade&#8230; Me voyant ainsi pr\u00eate \u00e0 abandonner si pr\u00e8s du but, mon compagnon, plus fort que moi physiquement et mentalement, s&rsquo;est approch\u00e9, m&rsquo;a prise dans ses bras et me regardant m&rsquo;a dit: \u00ab\u00a0Fais-moi confiance\u00a0\u00bb.<\/p>\n<p>C&rsquo;est alors que j&rsquo;ai pris tout mon courage et que je lui ai confi\u00e9. Nous \u00e9tions donc repartis et vingt minutes plus tard, nous l&rsquo;avons trouv\u00e9e: la cascade! Nous nous sommes alors sentis comme L\u00e9onardo Di Caprio d\u00e9couvrant la plage, apr\u00e8s tant d&rsquo;efforts, se retrouver seuls au bout du monde dans un lieu st\u00e9rile\u00a0de toute civilisation\u00a0aussi beau \u00e9tait un sentiment magique. Etant \u00e0 pr\u00e9sent press\u00e9s par le temps pour faire le chemin du retour, nous ne sommes rest\u00e9s que trente minutes le temps d&rsquo;une douche sous cette eau pure et sommes repartis en sens inverse.<\/p>\n<p><img data-recalc-dims=\"1\" loading=\"lazy\" decoding=\"async\" class=\"aligncenter size-large wp-image-16633\" src=\"https:\/\/i0.wp.com\/tracesdevoyages.com\/wp-content\/uploads\/2016\/04\/Maurice-National-Park3.jpg?resize=960%2C638\" alt=\"\" width=\"960\" height=\"638\" srcset=\"https:\/\/i0.wp.com\/tracesdevoyages.com\/wp-content\/uploads\/2016\/04\/Maurice-National-Park3.jpg?resize=1024%2C680&amp;ssl=1 1024w, https:\/\/i0.wp.com\/tracesdevoyages.com\/wp-content\/uploads\/2016\/04\/Maurice-National-Park3.jpg?resize=300%2C199&amp;ssl=1 300w, https:\/\/i0.wp.com\/tracesdevoyages.com\/wp-content\/uploads\/2016\/04\/Maurice-National-Park3.jpg?resize=768%2C510&amp;ssl=1 768w, https:\/\/i0.wp.com\/tracesdevoyages.com\/wp-content\/uploads\/2016\/04\/Maurice-National-Park3.jpg?resize=1140%2C757&amp;ssl=1 1140w, https:\/\/i0.wp.com\/tracesdevoyages.com\/wp-content\/uploads\/2016\/04\/Maurice-National-Park3.jpg?w=1200&amp;ssl=1 1200w\" sizes=\"auto, (max-width: 960px) 100vw, 960px\" \/><\/p>\n<p>&nbsp;<\/p>\n<p>Il fut agr\u00e9able de r\u00e9aliser que l&rsquo;ascension pour venir ici se transformait en descente rapide vers le point de d\u00e9part, aussi, en moins de deux\u00a0heures nous \u00e9tions de retour \u00e0 l&rsquo;entr\u00e9e du parc o\u00f9 le dernier bus pour la ville attendait. Heureux \u00e0 cette vision d&rsquo;espoir d&rsquo;un retour sans douleur pour nos pieds, nous nous sommes mis \u00e0 courir en direction du bus en agitant les bras, esp\u00e9rant qu&rsquo;il nous vois et nous attendent. Et sous nos yeux, il a d\u00e9marr\u00e9 et s&rsquo;est \u00e9loign\u00e9 \u00e0 travers la for\u00eat&#8230; Haletants, les bras tombants le long du corps, les pieds ancr\u00e9s dans le goudron et la bouche ouverte, nous avons donc du nous rendre \u00e0 l&rsquo;\u00e9vidence qu&rsquo;il fallait maintenant rentrer \u00e0 pied.<\/p>\n<p>Et nous sommes donc partis, c\u00f4te \u00e0 c\u00f4te, \u00e9clair\u00e9s \u00e0 la lumi\u00e8re d&rsquo;une lampe de poche sur la petite route de campagne sinueuse \u00e0 travers la for\u00eat, puis, les cannes \u00e0 sucre. A 18h30, alors qu&rsquo;il faisait nuit, nous \u00e9tions face au premier arr\u00eat de bus de la civilisation, fatigu\u00e9s par cette journ\u00e9e, lorsqu&rsquo;un miracle se produisit: un bus plein \u00e0 craquer s&rsquo;arr\u00eata juste devant nous. Et c&rsquo;est avec joie et soulagement que nous sommes mont\u00e9s afin de parcourir les derniers kilom\u00e8tres debout sur quatre roues.<\/p>\n<hr \/>\n<p><em>N.B: En 2013, mon compagnon et moi-m\u00eame avons v\u00e9cu un peu plus d&rsquo;un mois dans le village de Rivi\u00e8re Noire \u00e0 l&rsquo;\u00cele Maurice, j&rsquo;y \u00e9tais pour une mission humanitaire au <a href=\"http:\/\/lepontdutamarinier.wix.com\/lepontdutamarinier\" target=\"_blank\" rel=\"noopener noreferrer\">Pont du Tamarinier<\/a>, association qui s&rsquo;occupe de fournir des logements aux plus d\u00e9munis, aider les communaut\u00e9s par diverses actions\u00a0et\u00a0apporter du soutien scolaire aux enfants. Bien que l&rsquo;\u00cele Maurice soit connue pour ses plages et h\u00f4tels de luxe, on oubli bien souvent qu&rsquo;une grande partie de la population de l&rsquo;\u00cele vit dans des conditions pr\u00e9caires.<\/em><\/p>\n<p><img data-recalc-dims=\"1\" loading=\"lazy\" decoding=\"async\" class=\"aligncenter size-large wp-image-16634\" src=\"https:\/\/i0.wp.com\/tracesdevoyages.com\/wp-content\/uploads\/2016\/04\/Maurice-Pont-du-Tamarinier.jpg?resize=960%2C638\" alt=\"\" width=\"960\" height=\"638\" srcset=\"https:\/\/i0.wp.com\/tracesdevoyages.com\/wp-content\/uploads\/2016\/04\/Maurice-Pont-du-Tamarinier.jpg?resize=1024%2C680&amp;ssl=1 1024w, https:\/\/i0.wp.com\/tracesdevoyages.com\/wp-content\/uploads\/2016\/04\/Maurice-Pont-du-Tamarinier.jpg?resize=300%2C199&amp;ssl=1 300w, https:\/\/i0.wp.com\/tracesdevoyages.com\/wp-content\/uploads\/2016\/04\/Maurice-Pont-du-Tamarinier.jpg?resize=768%2C510&amp;ssl=1 768w, https:\/\/i0.wp.com\/tracesdevoyages.com\/wp-content\/uploads\/2016\/04\/Maurice-Pont-du-Tamarinier.jpg?resize=1140%2C757&amp;ssl=1 1140w, https:\/\/i0.wp.com\/tracesdevoyages.com\/wp-content\/uploads\/2016\/04\/Maurice-Pont-du-Tamarinier.jpg?w=1200&amp;ssl=1 1200w\" sizes=\"auto, (max-width: 960px) 100vw, 960px\" \/><\/p>\n<p>&nbsp;<\/p>\n<hr \/>\n<p>https:\/\/www.pinterest.fr\/pin\/804525920912538214<\/p>\n","protected":false},"excerpt":{"rendered":"<p>D\u00e9couvertes, \u00e9motions, peur et \u00e9merveillement&#8230; Je vous raconte notre exp\u00e9rience au c\u0153ur de la jungle!<\/p>\n","protected":false},"author":2,"featured_media":16629,"comment_status":"open","ping_status":"open","sticky":false,"template":"","format":"standard","meta":{"_jetpack_memberships_contains_paid_content":false,"footnotes":""},"categories":[8,25,43,5,6],"tags":[110,126,191,225,226,279,296,324,344,394,422],"class_list":["post-311","post","type-post","status-publish","format-standard","has-post-thumbnail","hentry","category-afrique","category-ile-maurice","category-recits-daventures","category-themes","category-voyages","tag-aventure","tag-blog","tag-evasion","tag-ile","tag-ilemaurice","tag-mauritius","tag-nature","tag-parc","tag-rando","tag-tourisme","tag-voyage"],"yoast_head":"<!-- This site is optimized with the Yoast SEO plugin v26.3 - https:\/\/yoast.com\/wordpress\/plugins\/seo\/ -->\n<title>R\u00e9cits d&#039;Aventures: Notre rando de 8h au Parc National des Gorges de Rivi\u00e8re Noire sur l&#039;\u00cele Maurice - Traces de Voyages<\/title>\n<meta name=\"robots\" content=\"index, follow, max-snippet:-1, max-image-preview:large, max-video-preview:-1\" \/>\n<link rel=\"canonical\" href=\"https:\/\/tracesdevoyages.com\/index.php\/2016\/04\/18\/recits-daventures-ma-rando-de-8h-au-parc-national-des-gorges-de-riviere-noire-sur-lile-maurice\/\" \/>\n<meta property=\"og:locale\" content=\"fr_FR\" \/>\n<meta property=\"og:type\" content=\"article\" \/>\n<meta property=\"og:title\" content=\"R\u00e9cits d&#039;Aventures: Notre rando de 8h au Parc National des Gorges de Rivi\u00e8re Noire sur l&#039;\u00cele Maurice - Traces de Voyages\" \/>\n<meta property=\"og:description\" content=\"D\u00e9couvertes, \u00e9motions, peur et \u00e9merveillement... Je vous raconte notre exp\u00e9rience au c\u0153ur de la jungle!\" \/>\n<meta property=\"og:url\" content=\"https:\/\/tracesdevoyages.com\/index.php\/2016\/04\/18\/recits-daventures-ma-rando-de-8h-au-parc-national-des-gorges-de-riviere-noire-sur-lile-maurice\/\" \/>\n<meta property=\"og:site_name\" content=\"Traces de Voyages\" \/>\n<meta property=\"article:publisher\" content=\"https:\/\/www.facebook.com\/tracesdevoyages\/\" \/>\n<meta property=\"article:published_time\" content=\"2016-04-18T10:52:02+00:00\" \/>\n<meta property=\"article:modified_time\" content=\"2025-01-12T20:27:19+00:00\" \/>\n<meta property=\"og:image\" content=\"https:\/\/i0.wp.com\/tracesdevoyages.com\/wp-content\/uploads\/2016\/04\/Maurice-National-Park-couverture.jpg?fit=2000%2C1328&ssl=1\" \/>\n\t<meta property=\"og:image:width\" content=\"2000\" \/>\n\t<meta property=\"og:image:height\" content=\"1328\" \/>\n\t<meta property=\"og:image:type\" content=\"image\/jpeg\" \/>\n<meta name=\"author\" content=\"tracesdevoyages\" \/>\n<meta name=\"twitter:card\" content=\"summary_large_image\" \/>\n<meta name=\"twitter:creator\" content=\"@TracesdeVoyages\" \/>\n<meta name=\"twitter:site\" content=\"@TracesdeVoyages\" \/>\n<meta name=\"twitter:label1\" content=\"\u00c9crit par\" \/>\n\t<meta name=\"twitter:data1\" content=\"tracesdevoyages\" \/>\n\t<meta name=\"twitter:label2\" content=\"Dur\u00e9e de lecture estim\u00e9e\" \/>\n\t<meta name=\"twitter:data2\" content=\"5 minutes\" \/>\n<script type=\"application\/ld+json\" class=\"yoast-schema-graph\">{\"@context\":\"https:\/\/schema.org\",\"@graph\":[{\"@type\":\"Article\",\"@id\":\"https:\/\/tracesdevoyages.com\/index.php\/2016\/04\/18\/recits-daventures-ma-rando-de-8h-au-parc-national-des-gorges-de-riviere-noire-sur-lile-maurice\/#article\",\"isPartOf\":{\"@id\":\"https:\/\/tracesdevoyages.com\/index.php\/2016\/04\/18\/recits-daventures-ma-rando-de-8h-au-parc-national-des-gorges-de-riviere-noire-sur-lile-maurice\/\"},\"author\":{\"name\":\"tracesdevoyages\",\"@id\":\"https:\/\/tracesdevoyages.com\/#\/schema\/person\/407749fd8c63f4e19e1f4d61c3df1dd3\"},\"headline\":\"R\u00e9cits d&rsquo;Aventures: Notre rando de 8h au Parc National des Gorges de Rivi\u00e8re Noire sur l&rsquo;\u00cele Maurice\",\"datePublished\":\"2016-04-18T10:52:02+00:00\",\"dateModified\":\"2025-01-12T20:27:19+00:00\",\"mainEntityOfPage\":{\"@id\":\"https:\/\/tracesdevoyages.com\/index.php\/2016\/04\/18\/recits-daventures-ma-rando-de-8h-au-parc-national-des-gorges-de-riviere-noire-sur-lile-maurice\/\"},\"wordCount\":1049,\"commentCount\":20,\"publisher\":{\"@id\":\"https:\/\/tracesdevoyages.com\/#organization\"},\"image\":{\"@id\":\"https:\/\/tracesdevoyages.com\/index.php\/2016\/04\/18\/recits-daventures-ma-rando-de-8h-au-parc-national-des-gorges-de-riviere-noire-sur-lile-maurice\/#primaryimage\"},\"thumbnailUrl\":\"https:\/\/i0.wp.com\/tracesdevoyages.com\/wp-content\/uploads\/2016\/04\/Maurice-National-Park-couverture.jpg?fit=2000%2C1328&ssl=1\",\"keywords\":[\"Aventure\",\"Blog\",\"Evasion\",\"\u00cele\",\"\u00celeMaurice\",\"Mauritius\",\"Nature\",\"Parc\",\"Rando\",\"Tourisme\",\"Voyage\"],\"articleSection\":[\"Afrique\",\"\u00cele Maurice\",\"R\u00e9cits d'Aventures\",\"Th\u00e8mes\",\"Voyages\"],\"inLanguage\":\"fr-FR\",\"potentialAction\":[{\"@type\":\"CommentAction\",\"name\":\"Comment\",\"target\":[\"https:\/\/tracesdevoyages.com\/index.php\/2016\/04\/18\/recits-daventures-ma-rando-de-8h-au-parc-national-des-gorges-de-riviere-noire-sur-lile-maurice\/#respond\"]}]},{\"@type\":\"WebPage\",\"@id\":\"https:\/\/tracesdevoyages.com\/index.php\/2016\/04\/18\/recits-daventures-ma-rando-de-8h-au-parc-national-des-gorges-de-riviere-noire-sur-lile-maurice\/\",\"url\":\"https:\/\/tracesdevoyages.com\/index.php\/2016\/04\/18\/recits-daventures-ma-rando-de-8h-au-parc-national-des-gorges-de-riviere-noire-sur-lile-maurice\/\",\"name\":\"R\u00e9cits d'Aventures: Notre rando de 8h au Parc National des Gorges de Rivi\u00e8re Noire sur l'\u00cele Maurice - Traces de Voyages\",\"isPartOf\":{\"@id\":\"https:\/\/tracesdevoyages.com\/#website\"},\"primaryImageOfPage\":{\"@id\":\"https:\/\/tracesdevoyages.com\/index.php\/2016\/04\/18\/recits-daventures-ma-rando-de-8h-au-parc-national-des-gorges-de-riviere-noire-sur-lile-maurice\/#primaryimage\"},\"image\":{\"@id\":\"https:\/\/tracesdevoyages.com\/index.php\/2016\/04\/18\/recits-daventures-ma-rando-de-8h-au-parc-national-des-gorges-de-riviere-noire-sur-lile-maurice\/#primaryimage\"},\"thumbnailUrl\":\"https:\/\/i0.wp.com\/tracesdevoyages.com\/wp-content\/uploads\/2016\/04\/Maurice-National-Park-couverture.jpg?fit=2000%2C1328&ssl=1\",\"datePublished\":\"2016-04-18T10:52:02+00:00\",\"dateModified\":\"2025-01-12T20:27:19+00:00\",\"breadcrumb\":{\"@id\":\"https:\/\/tracesdevoyages.com\/index.php\/2016\/04\/18\/recits-daventures-ma-rando-de-8h-au-parc-national-des-gorges-de-riviere-noire-sur-lile-maurice\/#breadcrumb\"},\"inLanguage\":\"fr-FR\",\"potentialAction\":[{\"@type\":\"ReadAction\",\"target\":[\"https:\/\/tracesdevoyages.com\/index.php\/2016\/04\/18\/recits-daventures-ma-rando-de-8h-au-parc-national-des-gorges-de-riviere-noire-sur-lile-maurice\/\"]}]},{\"@type\":\"ImageObject\",\"inLanguage\":\"fr-FR\",\"@id\":\"https:\/\/tracesdevoyages.com\/index.php\/2016\/04\/18\/recits-daventures-ma-rando-de-8h-au-parc-national-des-gorges-de-riviere-noire-sur-lile-maurice\/#primaryimage\",\"url\":\"https:\/\/i0.wp.com\/tracesdevoyages.com\/wp-content\/uploads\/2016\/04\/Maurice-National-Park-couverture.jpg?fit=2000%2C1328&ssl=1\",\"contentUrl\":\"https:\/\/i0.wp.com\/tracesdevoyages.com\/wp-content\/uploads\/2016\/04\/Maurice-National-Park-couverture.jpg?fit=2000%2C1328&ssl=1\",\"width\":2000,\"height\":1328},{\"@type\":\"BreadcrumbList\",\"@id\":\"https:\/\/tracesdevoyages.com\/index.php\/2016\/04\/18\/recits-daventures-ma-rando-de-8h-au-parc-national-des-gorges-de-riviere-noire-sur-lile-maurice\/#breadcrumb\",\"itemListElement\":[{\"@type\":\"ListItem\",\"position\":1,\"name\":\"Accueil\",\"item\":\"https:\/\/tracesdevoyages.com\/\"},{\"@type\":\"ListItem\",\"position\":2,\"name\":\"R\u00e9cits d&rsquo;Aventures: Notre rando de 8h au Parc National des Gorges de Rivi\u00e8re Noire sur l&rsquo;\u00cele Maurice\"}]},{\"@type\":\"WebSite\",\"@id\":\"https:\/\/tracesdevoyages.com\/#website\",\"url\":\"https:\/\/tracesdevoyages.com\/\",\"name\":\"Traces de Voyages\",\"description\":\"Blog de voyages\",\"publisher\":{\"@id\":\"https:\/\/tracesdevoyages.com\/#organization\"},\"potentialAction\":[{\"@type\":\"SearchAction\",\"target\":{\"@type\":\"EntryPoint\",\"urlTemplate\":\"https:\/\/tracesdevoyages.com\/?s={search_term_string}\"},\"query-input\":{\"@type\":\"PropertyValueSpecification\",\"valueRequired\":true,\"valueName\":\"search_term_string\"}}],\"inLanguage\":\"fr-FR\"},{\"@type\":\"Organization\",\"@id\":\"https:\/\/tracesdevoyages.com\/#organization\",\"name\":\"Traces de Voyages\",\"url\":\"https:\/\/tracesdevoyages.com\/\",\"logo\":{\"@type\":\"ImageObject\",\"inLanguage\":\"fr-FR\",\"@id\":\"https:\/\/tracesdevoyages.com\/#\/schema\/logo\/image\/\",\"url\":\"https:\/\/i0.wp.com\/tracesdevoyages.com\/wp-content\/uploads\/2025\/01\/cropped-Traces-de-Voyages-LOGO.jpg?fit=512%2C512&ssl=1\",\"contentUrl\":\"https:\/\/i0.wp.com\/tracesdevoyages.com\/wp-content\/uploads\/2025\/01\/cropped-Traces-de-Voyages-LOGO.jpg?fit=512%2C512&ssl=1\",\"width\":512,\"height\":512,\"caption\":\"Traces de Voyages\"},\"image\":{\"@id\":\"https:\/\/tracesdevoyages.com\/#\/schema\/logo\/image\/\"},\"sameAs\":[\"https:\/\/www.facebook.com\/tracesdevoyages\/\",\"https:\/\/x.com\/TracesdeVoyages\",\"https:\/\/www.instagram.com\/tracesdevoyages\/\",\"https:\/\/fr.pinterest.com\/tracesdevoyages\/\",\"https:\/\/www.youtube.com\/channel\/UC240N7Neo4xrJRYcW3UhDaQ\/\"]},{\"@type\":\"Person\",\"@id\":\"https:\/\/tracesdevoyages.com\/#\/schema\/person\/407749fd8c63f4e19e1f4d61c3df1dd3\",\"name\":\"tracesdevoyages\",\"image\":{\"@type\":\"ImageObject\",\"inLanguage\":\"fr-FR\",\"@id\":\"https:\/\/tracesdevoyages.com\/#\/schema\/person\/image\/\",\"url\":\"https:\/\/secure.gravatar.com\/avatar\/89665a7661ade021f231fa4edee45d02595de0df2c6ac04037b09ce699dd6d89?s=96&d=mm&r=g\",\"contentUrl\":\"https:\/\/secure.gravatar.com\/avatar\/89665a7661ade021f231fa4edee45d02595de0df2c6ac04037b09ce699dd6d89?s=96&d=mm&r=g\",\"caption\":\"tracesdevoyages\"},\"url\":\"https:\/\/tracesdevoyages.com\/index.php\/author\/tracesdevoyages\/\"}]}<\/script>\n<!-- \/ Yoast SEO plugin. -->","yoast_head_json":{"title":"R\u00e9cits d'Aventures: Notre rando de 8h au Parc National des Gorges de Rivi\u00e8re Noire sur l'\u00cele Maurice - Traces de Voyages","robots":{"index":"index","follow":"follow","max-snippet":"max-snippet:-1","max-image-preview":"max-image-preview:large","max-video-preview":"max-video-preview:-1"},"canonical":"https:\/\/tracesdevoyages.com\/index.php\/2016\/04\/18\/recits-daventures-ma-rando-de-8h-au-parc-national-des-gorges-de-riviere-noire-sur-lile-maurice\/","og_locale":"fr_FR","og_type":"article","og_title":"R\u00e9cits d'Aventures: Notre rando de 8h au Parc National des Gorges de Rivi\u00e8re Noire sur l'\u00cele Maurice - Traces de Voyages","og_description":"D\u00e9couvertes, \u00e9motions, peur et \u00e9merveillement... Je vous raconte notre exp\u00e9rience au c\u0153ur de la jungle!","og_url":"https:\/\/tracesdevoyages.com\/index.php\/2016\/04\/18\/recits-daventures-ma-rando-de-8h-au-parc-national-des-gorges-de-riviere-noire-sur-lile-maurice\/","og_site_name":"Traces de Voyages","article_publisher":"https:\/\/www.facebook.com\/tracesdevoyages\/","article_published_time":"2016-04-18T10:52:02+00:00","article_modified_time":"2025-01-12T20:27:19+00:00","og_image":[{"width":2000,"height":1328,"url":"https:\/\/i0.wp.com\/tracesdevoyages.com\/wp-content\/uploads\/2016\/04\/Maurice-National-Park-couverture.jpg?fit=2000%2C1328&ssl=1","type":"image\/jpeg"}],"author":"tracesdevoyages","twitter_card":"summary_large_image","twitter_creator":"@TracesdeVoyages","twitter_site":"@TracesdeVoyages","twitter_misc":{"\u00c9crit par":"tracesdevoyages","Dur\u00e9e de lecture estim\u00e9e":"5 minutes"},"schema":{"@context":"https:\/\/schema.org","@graph":[{"@type":"Article","@id":"https:\/\/tracesdevoyages.com\/index.php\/2016\/04\/18\/recits-daventures-ma-rando-de-8h-au-parc-national-des-gorges-de-riviere-noire-sur-lile-maurice\/#article","isPartOf":{"@id":"https:\/\/tracesdevoyages.com\/index.php\/2016\/04\/18\/recits-daventures-ma-rando-de-8h-au-parc-national-des-gorges-de-riviere-noire-sur-lile-maurice\/"},"author":{"name":"tracesdevoyages","@id":"https:\/\/tracesdevoyages.com\/#\/schema\/person\/407749fd8c63f4e19e1f4d61c3df1dd3"},"headline":"R\u00e9cits d&rsquo;Aventures: Notre rando de 8h au Parc National des Gorges de Rivi\u00e8re Noire sur l&rsquo;\u00cele Maurice","datePublished":"2016-04-18T10:52:02+00:00","dateModified":"2025-01-12T20:27:19+00:00","mainEntityOfPage":{"@id":"https:\/\/tracesdevoyages.com\/index.php\/2016\/04\/18\/recits-daventures-ma-rando-de-8h-au-parc-national-des-gorges-de-riviere-noire-sur-lile-maurice\/"},"wordCount":1049,"commentCount":20,"publisher":{"@id":"https:\/\/tracesdevoyages.com\/#organization"},"image":{"@id":"https:\/\/tracesdevoyages.com\/index.php\/2016\/04\/18\/recits-daventures-ma-rando-de-8h-au-parc-national-des-gorges-de-riviere-noire-sur-lile-maurice\/#primaryimage"},"thumbnailUrl":"https:\/\/i0.wp.com\/tracesdevoyages.com\/wp-content\/uploads\/2016\/04\/Maurice-National-Park-couverture.jpg?fit=2000%2C1328&ssl=1","keywords":["Aventure","Blog","Evasion","\u00cele","\u00celeMaurice","Mauritius","Nature","Parc","Rando","Tourisme","Voyage"],"articleSection":["Afrique","\u00cele Maurice","R\u00e9cits d'Aventures","Th\u00e8mes","Voyages"],"inLanguage":"fr-FR","potentialAction":[{"@type":"CommentAction","name":"Comment","target":["https:\/\/tracesdevoyages.com\/index.php\/2016\/04\/18\/recits-daventures-ma-rando-de-8h-au-parc-national-des-gorges-de-riviere-noire-sur-lile-maurice\/#respond"]}]},{"@type":"WebPage","@id":"https:\/\/tracesdevoyages.com\/index.php\/2016\/04\/18\/recits-daventures-ma-rando-de-8h-au-parc-national-des-gorges-de-riviere-noire-sur-lile-maurice\/","url":"https:\/\/tracesdevoyages.com\/index.php\/2016\/04\/18\/recits-daventures-ma-rando-de-8h-au-parc-national-des-gorges-de-riviere-noire-sur-lile-maurice\/","name":"R\u00e9cits d'Aventures: Notre rando de 8h au Parc National des Gorges de Rivi\u00e8re Noire sur l'\u00cele Maurice - Traces de Voyages","isPartOf":{"@id":"https:\/\/tracesdevoyages.com\/#website"},"primaryImageOfPage":{"@id":"https:\/\/tracesdevoyages.com\/index.php\/2016\/04\/18\/recits-daventures-ma-rando-de-8h-au-parc-national-des-gorges-de-riviere-noire-sur-lile-maurice\/#primaryimage"},"image":{"@id":"https:\/\/tracesdevoyages.com\/index.php\/2016\/04\/18\/recits-daventures-ma-rando-de-8h-au-parc-national-des-gorges-de-riviere-noire-sur-lile-maurice\/#primaryimage"},"thumbnailUrl":"https:\/\/i0.wp.com\/tracesdevoyages.com\/wp-content\/uploads\/2016\/04\/Maurice-National-Park-couverture.jpg?fit=2000%2C1328&ssl=1","datePublished":"2016-04-18T10:52:02+00:00","dateModified":"2025-01-12T20:27:19+00:00","breadcrumb":{"@id":"https:\/\/tracesdevoyages.com\/index.php\/2016\/04\/18\/recits-daventures-ma-rando-de-8h-au-parc-national-des-gorges-de-riviere-noire-sur-lile-maurice\/#breadcrumb"},"inLanguage":"fr-FR","potentialAction":[{"@type":"ReadAction","target":["https:\/\/tracesdevoyages.com\/index.php\/2016\/04\/18\/recits-daventures-ma-rando-de-8h-au-parc-national-des-gorges-de-riviere-noire-sur-lile-maurice\/"]}]},{"@type":"ImageObject","inLanguage":"fr-FR","@id":"https:\/\/tracesdevoyages.com\/index.php\/2016\/04\/18\/recits-daventures-ma-rando-de-8h-au-parc-national-des-gorges-de-riviere-noire-sur-lile-maurice\/#primaryimage","url":"https:\/\/i0.wp.com\/tracesdevoyages.com\/wp-content\/uploads\/2016\/04\/Maurice-National-Park-couverture.jpg?fit=2000%2C1328&ssl=1","contentUrl":"https:\/\/i0.wp.com\/tracesdevoyages.com\/wp-content\/uploads\/2016\/04\/Maurice-National-Park-couverture.jpg?fit=2000%2C1328&ssl=1","width":2000,"height":1328},{"@type":"BreadcrumbList","@id":"https:\/\/tracesdevoyages.com\/index.php\/2016\/04\/18\/recits-daventures-ma-rando-de-8h-au-parc-national-des-gorges-de-riviere-noire-sur-lile-maurice\/#breadcrumb","itemListElement":[{"@type":"ListItem","position":1,"name":"Accueil","item":"https:\/\/tracesdevoyages.com\/"},{"@type":"ListItem","position":2,"name":"R\u00e9cits d&rsquo;Aventures: Notre rando de 8h au Parc National des Gorges de Rivi\u00e8re Noire sur l&rsquo;\u00cele Maurice"}]},{"@type":"WebSite","@id":"https:\/\/tracesdevoyages.com\/#website","url":"https:\/\/tracesdevoyages.com\/","name":"Traces de Voyages","description":"Blog de voyages","publisher":{"@id":"https:\/\/tracesdevoyages.com\/#organization"},"potentialAction":[{"@type":"SearchAction","target":{"@type":"EntryPoint","urlTemplate":"https:\/\/tracesdevoyages.com\/?s={search_term_string}"},"query-input":{"@type":"PropertyValueSpecification","valueRequired":true,"valueName":"search_term_string"}}],"inLanguage":"fr-FR"},{"@type":"Organization","@id":"https:\/\/tracesdevoyages.com\/#organization","name":"Traces de Voyages","url":"https:\/\/tracesdevoyages.com\/","logo":{"@type":"ImageObject","inLanguage":"fr-FR","@id":"https:\/\/tracesdevoyages.com\/#\/schema\/logo\/image\/","url":"https:\/\/i0.wp.com\/tracesdevoyages.com\/wp-content\/uploads\/2025\/01\/cropped-Traces-de-Voyages-LOGO.jpg?fit=512%2C512&ssl=1","contentUrl":"https:\/\/i0.wp.com\/tracesdevoyages.com\/wp-content\/uploads\/2025\/01\/cropped-Traces-de-Voyages-LOGO.jpg?fit=512%2C512&ssl=1","width":512,"height":512,"caption":"Traces de Voyages"},"image":{"@id":"https:\/\/tracesdevoyages.com\/#\/schema\/logo\/image\/"},"sameAs":["https:\/\/www.facebook.com\/tracesdevoyages\/","https:\/\/x.com\/TracesdeVoyages","https:\/\/www.instagram.com\/tracesdevoyages\/","https:\/\/fr.pinterest.com\/tracesdevoyages\/","https:\/\/www.youtube.com\/channel\/UC240N7Neo4xrJRYcW3UhDaQ\/"]},{"@type":"Person","@id":"https:\/\/tracesdevoyages.com\/#\/schema\/person\/407749fd8c63f4e19e1f4d61c3df1dd3","name":"tracesdevoyages","image":{"@type":"ImageObject","inLanguage":"fr-FR","@id":"https:\/\/tracesdevoyages.com\/#\/schema\/person\/image\/","url":"https:\/\/secure.gravatar.com\/avatar\/89665a7661ade021f231fa4edee45d02595de0df2c6ac04037b09ce699dd6d89?s=96&d=mm&r=g","contentUrl":"https:\/\/secure.gravatar.com\/avatar\/89665a7661ade021f231fa4edee45d02595de0df2c6ac04037b09ce699dd6d89?s=96&d=mm&r=g","caption":"tracesdevoyages"},"url":"https:\/\/tracesdevoyages.com\/index.php\/author\/tracesdevoyages\/"}]}},"jetpack_featured_media_url":"https:\/\/i0.wp.com\/tracesdevoyages.com\/wp-content\/uploads\/2016\/04\/Maurice-National-Park-couverture.jpg?fit=2000%2C1328&ssl=1","jetpack_sharing_enabled":true,"_links":{"self":[{"href":"https:\/\/tracesdevoyages.com\/index.php\/wp-json\/wp\/v2\/posts\/311","targetHints":{"allow":["GET"]}}],"collection":[{"href":"https:\/\/tracesdevoyages.com\/index.php\/wp-json\/wp\/v2\/posts"}],"about":[{"href":"https:\/\/tracesdevoyages.com\/index.php\/wp-json\/wp\/v2\/types\/post"}],"author":[{"embeddable":true,"href":"https:\/\/tracesdevoyages.com\/index.php\/wp-json\/wp\/v2\/users\/2"}],"replies":[{"embeddable":true,"href":"https:\/\/tracesdevoyages.com\/index.php\/wp-json\/wp\/v2\/comments?post=311"}],"version-history":[{"count":2,"href":"https:\/\/tracesdevoyages.com\/index.php\/wp-json\/wp\/v2\/posts\/311\/revisions"}],"predecessor-version":[{"id":16635,"href":"https:\/\/tracesdevoyages.com\/index.php\/wp-json\/wp\/v2\/posts\/311\/revisions\/16635"}],"wp:featuredmedia":[{"embeddable":true,"href":"https:\/\/tracesdevoyages.com\/index.php\/wp-json\/wp\/v2\/media\/16629"}],"wp:attachment":[{"href":"https:\/\/tracesdevoyages.com\/index.php\/wp-json\/wp\/v2\/media?parent=311"}],"wp:term":[{"taxonomy":"category","embeddable":true,"href":"https:\/\/tracesdevoyages.com\/index.php\/wp-json\/wp\/v2\/categories?post=311"},{"taxonomy":"post_tag","embeddable":true,"href":"https:\/\/tracesdevoyages.com\/index.php\/wp-json\/wp\/v2\/tags?post=311"}],"curies":[{"name":"wp","href":"https:\/\/api.w.org\/{rel}","templated":true}]}}