{"id":416,"date":"2016-04-19T22:42:25","date_gmt":"2016-04-19T21:42:25","guid":{"rendered":"http:\/\/tracesdevoyages.com\/?p=416"},"modified":"2025-01-12T21:31:26","modified_gmt":"2025-01-12T20:31:26","slug":"comme-un-local-vivez-montreal","status":"publish","type":"post","link":"https:\/\/tracesdevoyages.com\/index.php\/2016\/04\/19\/comme-un-local-vivez-montreal\/","title":{"rendered":"Comme un Local: Vivez Montr\u00e9al!"},"content":{"rendered":"<p>Encore une nouvelle cat\u00e9gorie d\u2019articles sur le blog\u00a0! Si comme moi vous n\u2019aimez pas \u00eatre pris pour des \u00ab\u00a0touristes\u00a0\u00bb quand vous allez quelque part, que vous d\u00e9testez payer une fortune dans des restaurants o\u00f9 la nourriture n\u2019est pas bonne, que vous pr\u00e9f\u00e9rez les petites boutiques cach\u00e9es aux magasins de souvenirs et que vous aimez sortir des sentiers battus en vous \u00e9cartant du centre touristique pour d\u00e9couvrir des petites merveilles cach\u00e9es, alors \u00ab\u00a0Comme un local\u00a0\u00bb est fait pour vous.<\/p>\n<hr \/>\n<p>Aujourd\u2019hui, destination <a href=\"http:\/\/www.tourisme-montreal.org\/fr\/\" target=\"_blank\" rel=\"noopener noreferrer\"><strong>Montr\u00e9al<\/strong><\/a>. Ville cosmopolite situ\u00e9e dans la province du Qu\u00e9bec au Canada, ma deuxi\u00e8me patrie o\u00f9 j\u2019ai v\u00e9cu entre 2009 et 2010, Montr\u00e9al ne cesse d\u2019attirer des visiteurs venus des quatre coins du monde. Laissez-moi vous pr\u00e9senter mes coups de c\u0153ur pour un s\u00e9jour des plus r\u00e9ussis.<\/p>\n<p>D\u2019apr\u00e8s moi, la meilleure fa\u00e7on de visiter un lieu, c\u2019est \u00e0 pied, car marcher prend du temps et nous permet de nous arr\u00eater quand bon nous semble pour nous attarder quelque part. Bien entendu, dans une ville aussi grande (car oui, la rue Sherbrooke fait 30 km) on ne peut pas tout faire \u00e0 pied, alors, direction le m\u00e9tro. A Montr\u00e9al, c\u2019est un passage obligatoire, un lieu \u00e0 visiter qui abrite une v\u00e9ritable ville souterraine. Vous pouvez traverser des quartiers entiers sous terre, la ville souterraine ayant \u00e9t\u00e9 con\u00e7ue pour faire face au froid hivernal. Aussi, quand vous entrez dans un b\u00e2timent et que vous prenez l\u2019ascenseur, si vous appuyez sur -1, vous vous retrouverez dans une rue sous la rue avec ses magasins et un secteur enti\u00e8rement pi\u00e9ton. La plus grande concentration de la ville souterraine s\u2019\u00e9tend entre les stations <em>Peel<\/em> et <em>Place des Arts<\/em> sur la ligne verte du m\u00e9tro, ralliant la ligne orange entre <em>Bonaventure<\/em> et <em>Place d\u2019armes<\/em>.<\/p>\n<p><img data-recalc-dims=\"1\" loading=\"lazy\" decoding=\"async\" class=\"aligncenter size-large wp-image-16638\" src=\"https:\/\/i0.wp.com\/tracesdevoyages.com\/wp-content\/uploads\/2016\/04\/Montreal-local1.jpg?resize=960%2C720\" alt=\"\" width=\"960\" height=\"720\" srcset=\"https:\/\/i0.wp.com\/tracesdevoyages.com\/wp-content\/uploads\/2016\/04\/Montreal-local1.jpg?resize=1024%2C768&amp;ssl=1 1024w, https:\/\/i0.wp.com\/tracesdevoyages.com\/wp-content\/uploads\/2016\/04\/Montreal-local1.jpg?resize=300%2C225&amp;ssl=1 300w, https:\/\/i0.wp.com\/tracesdevoyages.com\/wp-content\/uploads\/2016\/04\/Montreal-local1.jpg?resize=768%2C576&amp;ssl=1 768w, https:\/\/i0.wp.com\/tracesdevoyages.com\/wp-content\/uploads\/2016\/04\/Montreal-local1.jpg?resize=1140%2C855&amp;ssl=1 1140w, https:\/\/i0.wp.com\/tracesdevoyages.com\/wp-content\/uploads\/2016\/04\/Montreal-local1.jpg?w=1200&amp;ssl=1 1200w\" sizes=\"auto, (max-width: 960px) 100vw, 960px\" \/><\/p>\n<p>A la surface, il y a des quartiers et des rues que j\u2019affectionne particuli\u00e8rement pour appr\u00e9cier la beaut\u00e9 de la ville. Tout d\u2019abord, le <em>Vieux Montr\u00e9al<\/em>, que vous pouvez rejoindre en descendant \u00e0 la station <em>Champs de Mars<\/em> sur la ligne orange du m\u00e9tro. Apr\u00e8s \u00eatre pass\u00e9s devant l\u2019H\u00f4tel de Ville et le <a href=\"http:\/\/www.chateauramezay.qc.ca\/\" target=\"_blank\" rel=\"noopener noreferrer\"><strong>Ch\u00e2teau Ramezay<\/strong><\/a>, descendez le long de la <em>Place Jacques Cartier <\/em>donnant sur le port o\u00f9 se trouvent de nombreux restaurants et o\u00f9 les artistes de rue sont au rendez-vous d\u00e8s le d\u00e9but des beaux jours. A savoir, en janvier, le <em>Quai jacques Cartier<\/em> accueil l\u2019<strong><a href=\"http:\/\/igloofest.ca\/\">Igloofest<\/a><\/strong>, un festival de musique \u00e9lectronique au c\u0153ur de sculptures de glace. Par ailleurs, et ce durant tout l\u2019hiver, c\u2019est ici aussi qu\u2019une partie du port gel\u00e9 se transforme en patinoire g\u00e9ante \u00e0 ciel ouvert.<\/p>\n<p>&nbsp;<\/p>\n<div id='gallery-1' class='gallery galleryid-416 gallery-columns-3 gallery-size-large'><figure class='gallery-item'>\n\t\t\t<div class='gallery-icon landscape'>\n\t\t\t\t<a href='https:\/\/tracesdevoyages.com\/index.php\/2016\/04\/19\/comme-un-local-vivez-montreal\/montreal-local2\/'><img loading=\"lazy\" decoding=\"async\" width=\"960\" height=\"720\" src=\"https:\/\/i0.wp.com\/tracesdevoyages.com\/wp-content\/uploads\/2016\/04\/Montreal-local2.jpg?fit=960%2C720&amp;ssl=1\" class=\"attachment-large size-large\" alt=\"\" srcset=\"https:\/\/i0.wp.com\/tracesdevoyages.com\/wp-content\/uploads\/2016\/04\/Montreal-local2.jpg?w=1200&amp;ssl=1 1200w, https:\/\/i0.wp.com\/tracesdevoyages.com\/wp-content\/uploads\/2016\/04\/Montreal-local2.jpg?resize=300%2C225&amp;ssl=1 300w, https:\/\/i0.wp.com\/tracesdevoyages.com\/wp-content\/uploads\/2016\/04\/Montreal-local2.jpg?resize=1024%2C768&amp;ssl=1 1024w, https:\/\/i0.wp.com\/tracesdevoyages.com\/wp-content\/uploads\/2016\/04\/Montreal-local2.jpg?resize=768%2C576&amp;ssl=1 768w, https:\/\/i0.wp.com\/tracesdevoyages.com\/wp-content\/uploads\/2016\/04\/Montreal-local2.jpg?resize=1140%2C855&amp;ssl=1 1140w\" sizes=\"auto, (max-width: 960px) 100vw, 960px\" \/><\/a>\n\t\t\t<\/div><\/figure><figure class='gallery-item'>\n\t\t\t<div class='gallery-icon landscape'>\n\t\t\t\t<a href='https:\/\/tracesdevoyages.com\/index.php\/2016\/04\/19\/comme-un-local-vivez-montreal\/montreal-local3\/'><img loading=\"lazy\" decoding=\"async\" width=\"960\" height=\"720\" src=\"https:\/\/i0.wp.com\/tracesdevoyages.com\/wp-content\/uploads\/2016\/04\/Montreal-local3.jpg?fit=960%2C720&amp;ssl=1\" class=\"attachment-large size-large\" alt=\"\" srcset=\"https:\/\/i0.wp.com\/tracesdevoyages.com\/wp-content\/uploads\/2016\/04\/Montreal-local3.jpg?w=1200&amp;ssl=1 1200w, https:\/\/i0.wp.com\/tracesdevoyages.com\/wp-content\/uploads\/2016\/04\/Montreal-local3.jpg?resize=300%2C225&amp;ssl=1 300w, https:\/\/i0.wp.com\/tracesdevoyages.com\/wp-content\/uploads\/2016\/04\/Montreal-local3.jpg?resize=1024%2C768&amp;ssl=1 1024w, https:\/\/i0.wp.com\/tracesdevoyages.com\/wp-content\/uploads\/2016\/04\/Montreal-local3.jpg?resize=768%2C576&amp;ssl=1 768w, https:\/\/i0.wp.com\/tracesdevoyages.com\/wp-content\/uploads\/2016\/04\/Montreal-local3.jpg?resize=1140%2C855&amp;ssl=1 1140w\" sizes=\"auto, (max-width: 960px) 100vw, 960px\" \/><\/a>\n\t\t\t<\/div><\/figure><figure class='gallery-item'>\n\t\t\t<div class='gallery-icon landscape'>\n\t\t\t\t<a href='https:\/\/tracesdevoyages.com\/index.php\/2016\/04\/19\/comme-un-local-vivez-montreal\/montreal-local4\/'><img loading=\"lazy\" decoding=\"async\" width=\"960\" height=\"720\" src=\"https:\/\/i0.wp.com\/tracesdevoyages.com\/wp-content\/uploads\/2016\/04\/Montreal-local4.jpg?fit=960%2C720&amp;ssl=1\" class=\"attachment-large size-large\" alt=\"\" srcset=\"https:\/\/i0.wp.com\/tracesdevoyages.com\/wp-content\/uploads\/2016\/04\/Montreal-local4.jpg?w=1200&amp;ssl=1 1200w, https:\/\/i0.wp.com\/tracesdevoyages.com\/wp-content\/uploads\/2016\/04\/Montreal-local4.jpg?resize=300%2C225&amp;ssl=1 300w, https:\/\/i0.wp.com\/tracesdevoyages.com\/wp-content\/uploads\/2016\/04\/Montreal-local4.jpg?resize=1024%2C768&amp;ssl=1 1024w, https:\/\/i0.wp.com\/tracesdevoyages.com\/wp-content\/uploads\/2016\/04\/Montreal-local4.jpg?resize=768%2C576&amp;ssl=1 768w, https:\/\/i0.wp.com\/tracesdevoyages.com\/wp-content\/uploads\/2016\/04\/Montreal-local4.jpg?resize=1140%2C855&amp;ssl=1 1140w\" sizes=\"auto, (max-width: 960px) 100vw, 960px\" \/><\/a>\n\t\t\t<\/div><\/figure>\n\t\t<\/div>\n\n<p>Apr\u00e8s quoi, longez la <em>Rue Notre-Dame<\/em> en direction de l\u2019ouest pour atteindre la <a href=\"http:\/\/www.basiliquenotredame.ca\/\" target=\"_blank\" rel=\"noopener noreferrer\"><strong>Basilique Notre Dame de Montr\u00e9al<\/strong><\/a>, une merveille architecturale. Sur la route, vous pourrez vous arr\u00eater \u00e0 la boutique <a href=\"https:\/\/www.noeleternel.com\/\" target=\"_blank\" rel=\"noopener noreferrer\"><strong>No\u00ebl Eternel<\/strong><\/a>, magasin sp\u00e9cialis\u00e9 dans les d\u00e9corations de No\u00ebl toute l\u2019ann\u00e9e. En sortant, rejoignez la <em>Rue Saint-Antoine<\/em> au Nord et suivez-la vers l\u2019ouest le long du <a href=\"http:\/\/congresmtl.com\/\" target=\"_blank\" rel=\"noopener noreferrer\"><strong>Palais des Congr\u00e8s<\/strong><\/a>. Vous arriverez sur la <em>Place Jean-Paul Riopelle<\/em> o\u00f9 se trouve une sculpture-fontaine nomm\u00e9e \u00ab\u00a0<strong><a href=\"http:\/\/www.tourisme-montreal.org\/Quoi-Faire\/Attractions-touristiques\/place-jean-paul-riopelle\" target=\"_blank\" rel=\"noopener noreferrer\">La Joute<\/a><\/strong>\u00a0\u00bb ayant la particularit\u00e9 de m\u00ealer eau et feu toutes les \u00bd heures entre 18h30 et 23h. Poursuivez votre chemin sur la <em>Rue Saint-Antoine<\/em> vers l\u2019ouest jusqu\u2019au prochain croisement et tournez \u00e0 gauche sur la <em>Rue du Square-Victoria<\/em> pour entrer dans le <a href=\"http:\/\/www.centredecommercemondial.com\/\" target=\"_blank\" rel=\"noopener noreferrer\"><strong>World Trade Center<\/strong> <\/a>de la ville.<\/p>\n<p><img data-recalc-dims=\"1\" loading=\"lazy\" decoding=\"async\" class=\"aligncenter size-large wp-image-16642\" src=\"https:\/\/i0.wp.com\/tracesdevoyages.com\/wp-content\/uploads\/2016\/04\/Montreal-local5.jpg?resize=960%2C720\" alt=\"\" width=\"960\" height=\"720\" srcset=\"https:\/\/i0.wp.com\/tracesdevoyages.com\/wp-content\/uploads\/2016\/04\/Montreal-local5.jpg?resize=1024%2C768&amp;ssl=1 1024w, https:\/\/i0.wp.com\/tracesdevoyages.com\/wp-content\/uploads\/2016\/04\/Montreal-local5.jpg?resize=300%2C225&amp;ssl=1 300w, https:\/\/i0.wp.com\/tracesdevoyages.com\/wp-content\/uploads\/2016\/04\/Montreal-local5.jpg?resize=768%2C576&amp;ssl=1 768w, https:\/\/i0.wp.com\/tracesdevoyages.com\/wp-content\/uploads\/2016\/04\/Montreal-local5.jpg?resize=1140%2C855&amp;ssl=1 1140w, https:\/\/i0.wp.com\/tracesdevoyages.com\/wp-content\/uploads\/2016\/04\/Montreal-local5.jpg?w=1200&amp;ssl=1 1200w\" sizes=\"auto, (max-width: 960px) 100vw, 960px\" \/><\/p>\n<p>&nbsp;<\/p>\n<p>Un peu plus au nord, vous pouvez \u00e9galement vous rendre sur la <em>Place des Arts<\/em> dans le <em>Quartier des Spectacles<\/em>, o\u00f9, \u00e0 toute \u00e9poque de l\u2019ann\u00e9e, vous d\u00e9couvrirez un lieu festif charg\u00e9 de bonne humeur. L\u2019hiver, lors du <a href=\"http:\/\/www.montrealenlumiere.com\/\" target=\"_blank\" rel=\"noopener noreferrer\"><strong>Festival Montr\u00e9al en Lumi\u00e8res<\/strong><\/a>, de nombreuses animations sont propos\u00e9es \u00e0 travers la ville et c\u2019est ici que la grande majorit\u00e9 est concentr\u00e9e. Pour les gourmands, vous aurez la chance de d\u00e9guster une <em>Tire-sur-glace<\/em> (sirop d\u2019\u00e9rable chaud vers\u00e9 sur la glace avec lequel on fait soi-m\u00eame sa sucette avec un b\u00e2tonnet en bois, miam). Si vous entrez dans le <em>Complexe Desjardins<\/em>, vous pourrez voir une fontaine qui toutes les 5-10min s\u2019\u00e9l\u00e8ve \u00e0 plusieurs m\u00e8tres de haut pour atteindre pratiquement le haut de la v\u00e9randa du b\u00e2timent. En l\u2019attendant, vous pouvez vous restaurer d\u2019une <em>Cr\u00e8me Glac\u00e9e<\/em> ou d\u2019une <em>Queue de Castor<\/em> (sorte de tourtisseau ou beignet couvert de chocolat, sucre ou sirop d\u2019\u00e9rable). Et s\u2019il vous prend l\u2019envie de faire la cuisine pour d\u00eener, direction le <a href=\"http:\/\/www.marchespublics-mtl.com\/marches\/jean-talon\/\" target=\"_blank\" rel=\"noopener noreferrer\"><strong>March\u00e9 Jean Talon<\/strong> <\/a>(station <em>Jean Talon<\/em> sur la ligne orange).<\/p>\n<div id='gallery-2' class='gallery galleryid-416 gallery-columns-2 gallery-size-large'><figure class='gallery-item'>\n\t\t\t<div class='gallery-icon landscape'>\n\t\t\t\t<a href='https:\/\/tracesdevoyages.com\/index.php\/2016\/04\/19\/comme-un-local-vivez-montreal\/montreal-local6\/'><img loading=\"lazy\" decoding=\"async\" width=\"960\" height=\"720\" src=\"https:\/\/i0.wp.com\/tracesdevoyages.com\/wp-content\/uploads\/2016\/04\/Montreal-local6.jpg?fit=960%2C720&amp;ssl=1\" class=\"attachment-large size-large\" alt=\"\" srcset=\"https:\/\/i0.wp.com\/tracesdevoyages.com\/wp-content\/uploads\/2016\/04\/Montreal-local6.jpg?w=1200&amp;ssl=1 1200w, https:\/\/i0.wp.com\/tracesdevoyages.com\/wp-content\/uploads\/2016\/04\/Montreal-local6.jpg?resize=300%2C225&amp;ssl=1 300w, https:\/\/i0.wp.com\/tracesdevoyages.com\/wp-content\/uploads\/2016\/04\/Montreal-local6.jpg?resize=1024%2C768&amp;ssl=1 1024w, https:\/\/i0.wp.com\/tracesdevoyages.com\/wp-content\/uploads\/2016\/04\/Montreal-local6.jpg?resize=768%2C576&amp;ssl=1 768w, https:\/\/i0.wp.com\/tracesdevoyages.com\/wp-content\/uploads\/2016\/04\/Montreal-local6.jpg?resize=1140%2C855&amp;ssl=1 1140w\" sizes=\"auto, (max-width: 960px) 100vw, 960px\" \/><\/a>\n\t\t\t<\/div><\/figure><figure class='gallery-item'>\n\t\t\t<div class='gallery-icon landscape'>\n\t\t\t\t<a href='https:\/\/tracesdevoyages.com\/index.php\/2016\/04\/19\/comme-un-local-vivez-montreal\/montreal-local7\/'><img loading=\"lazy\" decoding=\"async\" width=\"960\" height=\"720\" src=\"https:\/\/i0.wp.com\/tracesdevoyages.com\/wp-content\/uploads\/2016\/04\/Montreal-local7.jpg?fit=960%2C720&amp;ssl=1\" class=\"attachment-large size-large\" alt=\"\" srcset=\"https:\/\/i0.wp.com\/tracesdevoyages.com\/wp-content\/uploads\/2016\/04\/Montreal-local7.jpg?w=1200&amp;ssl=1 1200w, https:\/\/i0.wp.com\/tracesdevoyages.com\/wp-content\/uploads\/2016\/04\/Montreal-local7.jpg?resize=300%2C225&amp;ssl=1 300w, https:\/\/i0.wp.com\/tracesdevoyages.com\/wp-content\/uploads\/2016\/04\/Montreal-local7.jpg?resize=1024%2C768&amp;ssl=1 1024w, https:\/\/i0.wp.com\/tracesdevoyages.com\/wp-content\/uploads\/2016\/04\/Montreal-local7.jpg?resize=768%2C576&amp;ssl=1 768w, https:\/\/i0.wp.com\/tracesdevoyages.com\/wp-content\/uploads\/2016\/04\/Montreal-local7.jpg?resize=1140%2C855&amp;ssl=1 1140w\" sizes=\"auto, (max-width: 960px) 100vw, 960px\" \/><\/a>\n\t\t\t<\/div><\/figure>\n\t\t<\/div>\n\n<p>Prenez ensuite le m\u00e9tro sur la ligne verte et arr\u00eatez-vous \u00e0 la station <em>Peel<\/em>, descendez vers le Sud pour rejoindre la <em>Rue Sainte-Catherine<\/em> et continuez vers l\u2019ouest. Arriv\u00e9s <em>Rue Crescent<\/em>, vous y trouverez de nombreux bars et restaurants branch\u00e9s. Je vous conseille \u00e9galement l\u2019exp\u00e9rience d\u2019un resto sur une terrasse des toits de Montr\u00e9al, malheureusement celle o\u00f9 je m\u2019\u00e9tais rendue ayant ferm\u00e9, je vous invite \u00e0 vous rapprocher de <a href=\"http:\/\/www.tourisme-montreal.org\/fr\/\" target=\"_blank\" rel=\"noopener noreferrer\"><strong>l\u2019Office de Tourisme<\/strong> <\/a>pour en trouver une \u00e0 votre go\u00fbt.<\/p>\n<p>Au c\u0153ur de la ville, vous devez vous rendre au <a href=\"http:\/\/www1.ville.montreal.qc.ca\/siteofficieldumontroyal\/front\" target=\"_blank\" rel=\"noopener noreferrer\"><strong>Parc du Mont Royal<\/strong> <\/a>et rejoindre le <em>Chalet du Mont Royal<\/em> pour admirer la vue. Sur le chemin, vous croiserez de petits \u00e9cureuils peu farouches toujours en qu\u00eate d\u2019un petit bout de pain \u00e0 se mettre sous la dent. Et si vous vous y rendez l\u2019hiver, le <em>Lac des Castors<\/em> est le lieu id\u00e9al pour patiner et descendre la colline en luge-bou\u00e9e. Pour la soir\u00e9e, si vous aimez jouer au bowling ou au billard, dans un cadre lounge pr\u00e8s de la <em>station Guy Concordia <\/em>sur la ligne verte se trouve le <strong><a href=\"http:\/\/www.sharx.ca\/fr\/\" target=\"_blank\" rel=\"noopener noreferrer\">Sharx<\/a><\/strong>.<\/p>\n<p><img data-recalc-dims=\"1\" loading=\"lazy\" decoding=\"async\" class=\"aligncenter size-large wp-image-16645\" src=\"https:\/\/i0.wp.com\/tracesdevoyages.com\/wp-content\/uploads\/2016\/04\/Montreal-local8.jpg?resize=960%2C720\" alt=\"\" width=\"960\" height=\"720\" srcset=\"https:\/\/i0.wp.com\/tracesdevoyages.com\/wp-content\/uploads\/2016\/04\/Montreal-local8.jpg?resize=1024%2C768&amp;ssl=1 1024w, https:\/\/i0.wp.com\/tracesdevoyages.com\/wp-content\/uploads\/2016\/04\/Montreal-local8.jpg?resize=300%2C225&amp;ssl=1 300w, https:\/\/i0.wp.com\/tracesdevoyages.com\/wp-content\/uploads\/2016\/04\/Montreal-local8.jpg?resize=768%2C576&amp;ssl=1 768w, https:\/\/i0.wp.com\/tracesdevoyages.com\/wp-content\/uploads\/2016\/04\/Montreal-local8.jpg?resize=1140%2C855&amp;ssl=1 1140w, https:\/\/i0.wp.com\/tracesdevoyages.com\/wp-content\/uploads\/2016\/04\/Montreal-local8.jpg?w=1200&amp;ssl=1 1200w\" sizes=\"auto, (max-width: 960px) 100vw, 960px\" \/><\/p>\n<p>&nbsp;<\/p>\n<p>Vers l\u2019ouest, pour les amateurs de style anglais, le <em>Quartier de Westmount<\/em> est une petite merveille abritant des r\u00e9sidences de toute beaut\u00e9 et des b\u00e2timents faisant penser \u00e0 l\u2019Angleterre. Pour \u00e7a, descendez \u00e0 la station de m\u00e9tro <em>Atwater<\/em> sur la ligne verte et rejoignez la <em>Rue Sherbrooke<\/em> en direction ouest pour atteindre le <em>Westmount City Hall<\/em>, puis le <em>Victoria Hall Community Center<\/em>. Sur le chemin du retour, vous pouvez faire une halte \u00e0 la station de m\u00e9tro <em>Lionel Groulx<\/em> (ligne verte ou orange) pour aller chercher de d\u00e9licieux cupcakes chez <a href=\"http:\/\/www.itsi-bitsi.com\/\" target=\"_blank\" rel=\"noopener noreferrer\"><strong>Itsi-Bitsi<\/strong><\/a>.<\/p>\n<p><img data-recalc-dims=\"1\" loading=\"lazy\" decoding=\"async\" class=\"aligncenter size-large wp-image-16646\" src=\"https:\/\/i0.wp.com\/tracesdevoyages.com\/wp-content\/uploads\/2016\/04\/Montreal-local9.jpg?resize=960%2C720\" alt=\"\" width=\"960\" height=\"720\" srcset=\"https:\/\/i0.wp.com\/tracesdevoyages.com\/wp-content\/uploads\/2016\/04\/Montreal-local9.jpg?resize=1024%2C768&amp;ssl=1 1024w, https:\/\/i0.wp.com\/tracesdevoyages.com\/wp-content\/uploads\/2016\/04\/Montreal-local9.jpg?resize=300%2C225&amp;ssl=1 300w, https:\/\/i0.wp.com\/tracesdevoyages.com\/wp-content\/uploads\/2016\/04\/Montreal-local9.jpg?resize=768%2C576&amp;ssl=1 768w, https:\/\/i0.wp.com\/tracesdevoyages.com\/wp-content\/uploads\/2016\/04\/Montreal-local9.jpg?resize=1140%2C855&amp;ssl=1 1140w, https:\/\/i0.wp.com\/tracesdevoyages.com\/wp-content\/uploads\/2016\/04\/Montreal-local9.jpg?w=1200&amp;ssl=1 1200w\" sizes=\"auto, (max-width: 960px) 100vw, 960px\" \/><\/p>\n<p>&nbsp;<\/p>\n<p>Enfin, vers l\u2019est, relaxez-vous au <a href=\"http:\/\/espacepourlavie.ca\/jardin-botanique\" target=\"_blank\" rel=\"noopener noreferrer\"><strong>Jardin Botanique<\/strong><\/a>, d\u00e9couvrez la faune du <strong><a href=\"http:\/\/espacepourlavie.ca\/biodome\" target=\"_blank\" rel=\"noopener noreferrer\">Biod\u00f4me<\/a> <\/strong>et de<strong> l&rsquo;<a href=\"http:\/\/espacepourlavie.ca\/insectarium\" target=\"_blank\" rel=\"noopener noreferrer\">Insectarium<\/a>, <\/strong>observez le ciel au<strong> <a href=\"http:\/\/espacepourlavie.ca\/planetarium\" target=\"_blank\" rel=\"noopener noreferrer\">Plan\u00e9tarium<\/a>\u00a0<\/strong>et visitez le<strong>\u00a0<a href=\"http:\/\/parcolympique.qc.ca\/\" target=\"_blank\" rel=\"noopener noreferrer\">Parc Olympique<\/a><\/strong>. Tous les trois sont situ\u00e9s au m\u00eame endroit, vous pouvez vous y rendre en m\u00e9tro en descendant \u00e0 la station <em>Pie IX<\/em> sur la ligne verte.<\/p>\n<div id='gallery-3' class='gallery galleryid-416 gallery-columns-2 gallery-size-large'><figure class='gallery-item'>\n\t\t\t<div class='gallery-icon landscape'>\n\t\t\t\t<a href='https:\/\/tracesdevoyages.com\/index.php\/2016\/04\/19\/comme-un-local-vivez-montreal\/montreal-local10\/'><img loading=\"lazy\" decoding=\"async\" width=\"960\" height=\"720\" src=\"https:\/\/i0.wp.com\/tracesdevoyages.com\/wp-content\/uploads\/2016\/04\/Montreal-local10.jpg?fit=960%2C720&amp;ssl=1\" class=\"attachment-large size-large\" alt=\"\" srcset=\"https:\/\/i0.wp.com\/tracesdevoyages.com\/wp-content\/uploads\/2016\/04\/Montreal-local10.jpg?w=1200&amp;ssl=1 1200w, https:\/\/i0.wp.com\/tracesdevoyages.com\/wp-content\/uploads\/2016\/04\/Montreal-local10.jpg?resize=300%2C225&amp;ssl=1 300w, https:\/\/i0.wp.com\/tracesdevoyages.com\/wp-content\/uploads\/2016\/04\/Montreal-local10.jpg?resize=1024%2C768&amp;ssl=1 1024w, https:\/\/i0.wp.com\/tracesdevoyages.com\/wp-content\/uploads\/2016\/04\/Montreal-local10.jpg?resize=768%2C576&amp;ssl=1 768w, https:\/\/i0.wp.com\/tracesdevoyages.com\/wp-content\/uploads\/2016\/04\/Montreal-local10.jpg?resize=1140%2C855&amp;ssl=1 1140w\" sizes=\"auto, (max-width: 960px) 100vw, 960px\" \/><\/a>\n\t\t\t<\/div><\/figure><figure class='gallery-item'>\n\t\t\t<div class='gallery-icon landscape'>\n\t\t\t\t<a href='https:\/\/tracesdevoyages.com\/index.php\/2016\/04\/19\/comme-un-local-vivez-montreal\/montreal-local11\/'><img loading=\"lazy\" decoding=\"async\" width=\"960\" height=\"720\" src=\"https:\/\/i0.wp.com\/tracesdevoyages.com\/wp-content\/uploads\/2016\/04\/Montreal-local11.jpg?fit=960%2C720&amp;ssl=1\" class=\"attachment-large size-large\" alt=\"\" srcset=\"https:\/\/i0.wp.com\/tracesdevoyages.com\/wp-content\/uploads\/2016\/04\/Montreal-local11.jpg?w=1200&amp;ssl=1 1200w, https:\/\/i0.wp.com\/tracesdevoyages.com\/wp-content\/uploads\/2016\/04\/Montreal-local11.jpg?resize=300%2C225&amp;ssl=1 300w, https:\/\/i0.wp.com\/tracesdevoyages.com\/wp-content\/uploads\/2016\/04\/Montreal-local11.jpg?resize=1024%2C768&amp;ssl=1 1024w, https:\/\/i0.wp.com\/tracesdevoyages.com\/wp-content\/uploads\/2016\/04\/Montreal-local11.jpg?resize=768%2C576&amp;ssl=1 768w, https:\/\/i0.wp.com\/tracesdevoyages.com\/wp-content\/uploads\/2016\/04\/Montreal-local11.jpg?resize=1140%2C855&amp;ssl=1 1140w\" sizes=\"auto, (max-width: 960px) 100vw, 960px\" \/><\/a>\n\t\t\t<\/div><\/figure>\n\t\t<\/div>\n\n<p>Pour les accros au shopping, je ne saurais que trop vous conseiller la <em>Rue Sainte Catherine<\/em>, principalement du c\u00f4t\u00e9 du <em>Quartier Mc Gill<\/em>. Et si vous avez un petit creux et \u00eates fan de sushis, poursuivez vers l\u2019ouest jusqu\u2019\u00e0 <strong><a href=\"http:\/\/www.globeater.com\/view-restaurant\/?restaurant_name=Zushi+Sushi&amp;id=825\" target=\"_blank\" rel=\"noopener noreferrer\">Zushi Sushi<\/a>, <\/strong>o\u00f9 les sushis sont \u00e0 volont\u00e9\u00a0! Mais si manger fran\u00e7ais vous manque, <a href=\"http:\/\/premieremoisson.com\/fr\" target=\"_blank\" rel=\"noopener noreferrer\"><strong>Premi\u00e8re Moisson<\/strong> <\/a>saura r\u00e9pondre \u00e0 vos besoins (plusieurs boutiques \u00e0 Montr\u00e9al). Vous pouvez aussi approfondir votre exp\u00e9rience avec le <a href=\"http:\/\/www.centrebell.ca\/\" target=\"_blank\" rel=\"noopener noreferrer\"><strong>Centre Bell<\/strong><\/a> sur la <em>Rue Saint-Antoine <\/em>(station <em>Lucien L\u2019Allier<\/em> sur la ligne orange), un lieu qui accueille de nombreux \u00e9v\u00e9nements sportifs ou culturels (matchs de hockey avec les Canadiens de Montr\u00e9al ou concert du groupe Muse pour vous citer quelques exemples).<\/p>\n<p>Vous aimez les sensations fortes\u00a0? Vous en trouverez \u00e0 <a href=\"https:\/\/www.laronde.com\/fr\/larondefr\" target=\"_blank\" rel=\"noopener noreferrer\"><strong>La Ronde<\/strong><\/a>, un parc d\u2019attraction situ\u00e9 sur l\u2019\u00cele Sainte-H\u00e9l\u00e8ne (station <em>Jean Drapeau<\/em> sur la ligne jaune). Si vous \u00eates plut\u00f4t Old School, je vous conseille le <a href=\"https:\/\/www.laronde.com\/fr\/larondefr\/attractions\/monstre\" target=\"_blank\" rel=\"noopener noreferrer\"><strong>Monstre<\/strong><\/a>, si vous pr\u00e9f\u00e9rez avoir les pieds dans le vide, ce sera le <strong><a href=\"https:\/\/www.laronde.com\/fr\/larondefr\/attractions\/new-2016\/overview\" target=\"_blank\" rel=\"noopener noreferrer\">Vampire<\/a><\/strong> et quand on veut atteindre des sommets, on va vers le <strong><a href=\"https:\/\/www.laronde.com\/fr\/larondefr\/attractions\/goliath\" target=\"_blank\" rel=\"noopener noreferrer\">Goliath<\/a><\/strong>.<\/p>\n<p><img data-recalc-dims=\"1\" loading=\"lazy\" decoding=\"async\" class=\"aligncenter size-large wp-image-16649\" src=\"https:\/\/i0.wp.com\/tracesdevoyages.com\/wp-content\/uploads\/2016\/04\/Montreal-local12.jpg?resize=960%2C720\" alt=\"\" width=\"960\" height=\"720\" srcset=\"https:\/\/i0.wp.com\/tracesdevoyages.com\/wp-content\/uploads\/2016\/04\/Montreal-local12.jpg?resize=1024%2C768&amp;ssl=1 1024w, https:\/\/i0.wp.com\/tracesdevoyages.com\/wp-content\/uploads\/2016\/04\/Montreal-local12.jpg?resize=300%2C225&amp;ssl=1 300w, https:\/\/i0.wp.com\/tracesdevoyages.com\/wp-content\/uploads\/2016\/04\/Montreal-local12.jpg?resize=768%2C576&amp;ssl=1 768w, https:\/\/i0.wp.com\/tracesdevoyages.com\/wp-content\/uploads\/2016\/04\/Montreal-local12.jpg?resize=1140%2C855&amp;ssl=1 1140w, https:\/\/i0.wp.com\/tracesdevoyages.com\/wp-content\/uploads\/2016\/04\/Montreal-local12.jpg?w=1200&amp;ssl=1 1200w\" sizes=\"auto, (max-width: 960px) 100vw, 960px\" \/><\/p>\n<p>&nbsp;<\/p>\n<p>Et voil\u00e0, notre petit tour de ville est termin\u00e9, j\u2019esp\u00e8re que mes suggestions vous auront donn\u00e9 des id\u00e9es,\u00a0vous pouvez vous rendre sur\u00a0<a href=\"https:\/\/www.facebook.com\/media\/set\/?set=a.1532746247031253.1073741831.1530512950587916&amp;type=3\" target=\"_blank\" rel=\"noopener noreferrer\">Facebook<\/a> &amp; <a href=\"https:\/\/www.facebook.com\/media\/set\/?set=a.1532746247031253.1073741831.1530512950587916&amp;type=3\" target=\"_blank\" rel=\"noopener noreferrer\">Instagram<\/a> pour plus de photos. N\u2019h\u00e9sitez pas \u00e0 me contacter si vous avez des questions, je serais ravie de pouvoir vous aider dans la pr\u00e9paration de votre futur s\u00e9jour. Mais avant de vous quitter, je vous laisse ci-dessous une petite liste des sp\u00e9cialit\u00e9s culinaires que je pr\u00e9f\u00e8re, ainsi que quelques traductions qui pourraient vous \u00eatre utiles.<\/p>\n<p><u>Miam\u00a0:<\/u><\/p>\n<ul>\n<li>Tire-sur glace (sucette au sirop d\u2019\u00e9rable)<\/li>\n<li>Queue de castor (beignet avec garniture sucr\u00e9e)<\/li>\n<li>Pancakes au sirop d\u2019\u00e9rable ou \u00e0 le confiture de myrtilles<\/li>\n<li>Cr\u00e8me glac\u00e9e (les vraies glaces \u00e0 l\u2019italienne)<\/li>\n<li>Tourte aux bleuets<\/li>\n<li>Beurre de cacahu\u00e8tes<\/li>\n<li>P\u00e2t\u00e9 chinois (Hachis Parmentier avec des petits ma\u00efs)<\/li>\n<li>Tourte \u00e0 la viande<\/li>\n<li>Cipaille (viandes de porc, poulet et b\u0153uf cuit dans un faitou au four pendant une nuit avec des pommes de terre, recouvert d\u2019une p\u00e2te \u00e0 tarte)<\/li>\n<li>Jambon au sirop d\u2019\u00e9rable avec des beans<\/li>\n<li>Po-boy ou sous-marin (panini)<\/li>\n<\/ul>\n<p><u>Quelques traductions\u00a0:<\/u><\/p>\n<ul>\n<li>Bonjour (le matin)\u00a0: Bon matin<\/li>\n<li>Bonjour (l\u2019apr\u00e8s-midi)\u00a0: Bonjour ou Bonne apr\u00e8s-midi<\/li>\n<li>Salut\u00a0: Halo<\/li>\n<li>Au revoir: Bye<\/li>\n<li>Je vous en prie\u00a0: Bienvenue<\/li>\n<li>Une voiture\u00a0: Un char<\/li>\n<li>Un pantalon\u00a0: Des culottes (terme utilis\u00e9 par les personnes \u00e2g\u00e9es)<\/li>\n<li>Un slip\u00a0:\u00a0Des bobettes<\/li>\n<li>Des chaussettes\u00a0: Des bas<\/li>\n<li>Un pull\u00a0: Un chandail<\/li>\n<li>Un d\u00e9bardeur\u00a0: Un top<\/li>\n<li>Un t\u00e9l\u00e9phone portable\u00a0: Un cellulaire<\/li>\n<li>Un ordinateur portable\u00a0: Un laptop<\/li>\n<li>Monter (dans un v\u00e9hicule): Embarquer<\/li>\n<li>Descendre (d&rsquo;un v\u00e9hicule): D\u00e9barquer<\/li>\n<\/ul>\n<p><u>Le mot de la fin\u00a0: <\/u><\/p>\n<p>On ne s\u2019arr\u00eate pas \u00e0 des panneaux \u00ab\u00a0<em>Stop<\/em>\u00a0\u00bb mais \u00ab\u00a0<em>Arr\u00eat<\/em>\u00a0\u00bb et si vous entendez qu\u2019il y a \u00ab\u00a0<em>full de monde en tabernacle \u00e0 c\u2019te place<\/em>\u00a0\u00bb c\u2019est que \u00ab\u00a0<em>bon sang c\u2019est la foule ici<\/em>\u00a0\u00bb\u2026 \ud83d\ude42<\/p>\n<hr \/>\n<p>https:\/\/www.pinterest.fr\/pin\/804525920912549813<\/p>\n","protected":false},"excerpt":{"rendered":"<p>Qui de mieux que celui ou celle qui vit ou a v\u00e9cu dans l&rsquo;endroit que vous visitez pour vous dire ce qu&rsquo;il y a de plus int\u00e9ressant \u00e0 y faire? Toutes les bonnes adresses d&rsquo;un local pour votre prochaine destination.<\/p>\n","protected":false},"author":2,"featured_media":16636,"comment_status":"open","ping_status":"open","sticky":false,"template":"","format":"standard","meta":{"_jetpack_memberships_contains_paid_content":false,"footnotes":""},"categories":[10,13,16,42,5,6],"tags":[91,142,176,188,191,286,343,394,409,417,422],"class_list":["post-416","post","type-post","status-publish","format-standard","has-post-thumbnail","hentry","category-amerique","category-canada","category-comme-un-local","category-quebec","category-themes","category-voyages","tag-ameriquedunord","tag-canada","tag-destination","tag-escapade","tag-evasion","tag-montreal","tag-quebec","tag-tourisme","tag-vacances","tag-ville","tag-voyage"],"yoast_head":"<!-- This site is optimized with the Yoast SEO plugin v26.3 - https:\/\/yoast.com\/wordpress\/plugins\/seo\/ -->\n<title>Comme un Local: Vivez Montr\u00e9al! - Traces de Voyages<\/title>\n<meta name=\"robots\" content=\"index, follow, max-snippet:-1, max-image-preview:large, max-video-preview:-1\" \/>\n<link rel=\"canonical\" href=\"https:\/\/tracesdevoyages.com\/index.php\/2016\/04\/19\/comme-un-local-vivez-montreal\/\" \/>\n<meta property=\"og:locale\" content=\"fr_FR\" \/>\n<meta property=\"og:type\" content=\"article\" \/>\n<meta property=\"og:title\" content=\"Comme un Local: Vivez Montr\u00e9al! - Traces de Voyages\" \/>\n<meta property=\"og:description\" content=\"Qui de mieux que celui ou celle qui vit ou a v\u00e9cu dans l&#039;endroit que vous visitez pour vous dire ce qu&#039;il y a de plus int\u00e9ressant \u00e0 y faire? Toutes les bonnes adresses d&#039;un local pour votre prochaine destination.\" \/>\n<meta property=\"og:url\" content=\"https:\/\/tracesdevoyages.com\/index.php\/2016\/04\/19\/comme-un-local-vivez-montreal\/\" \/>\n<meta property=\"og:site_name\" content=\"Traces de Voyages\" \/>\n<meta property=\"article:publisher\" content=\"https:\/\/www.facebook.com\/tracesdevoyages\/\" \/>\n<meta property=\"article:published_time\" content=\"2016-04-19T21:42:25+00:00\" \/>\n<meta property=\"article:modified_time\" content=\"2025-01-12T20:31:26+00:00\" \/>\n<meta property=\"og:image\" content=\"https:\/\/i0.wp.com\/tracesdevoyages.com\/wp-content\/uploads\/2016\/04\/Montreal-local-couverture.jpg?fit=2000%2C1500&ssl=1\" \/>\n\t<meta property=\"og:image:width\" content=\"2000\" \/>\n\t<meta property=\"og:image:height\" content=\"1500\" \/>\n\t<meta property=\"og:image:type\" content=\"image\/jpeg\" \/>\n<meta name=\"author\" content=\"tracesdevoyages\" \/>\n<meta name=\"twitter:card\" content=\"summary_large_image\" \/>\n<meta name=\"twitter:creator\" content=\"@TracesdeVoyages\" \/>\n<meta name=\"twitter:site\" content=\"@TracesdeVoyages\" \/>\n<meta name=\"twitter:label1\" content=\"\u00c9crit par\" \/>\n\t<meta name=\"twitter:data1\" content=\"tracesdevoyages\" \/>\n\t<meta name=\"twitter:label2\" content=\"Dur\u00e9e de lecture estim\u00e9e\" \/>\n\t<meta name=\"twitter:data2\" content=\"8 minutes\" \/>\n<script type=\"application\/ld+json\" class=\"yoast-schema-graph\">{\"@context\":\"https:\/\/schema.org\",\"@graph\":[{\"@type\":\"Article\",\"@id\":\"https:\/\/tracesdevoyages.com\/index.php\/2016\/04\/19\/comme-un-local-vivez-montreal\/#article\",\"isPartOf\":{\"@id\":\"https:\/\/tracesdevoyages.com\/index.php\/2016\/04\/19\/comme-un-local-vivez-montreal\/\"},\"author\":{\"name\":\"tracesdevoyages\",\"@id\":\"https:\/\/tracesdevoyages.com\/#\/schema\/person\/407749fd8c63f4e19e1f4d61c3df1dd3\"},\"headline\":\"Comme un Local: Vivez Montr\u00e9al!\",\"datePublished\":\"2016-04-19T21:42:25+00:00\",\"dateModified\":\"2025-01-12T20:31:26+00:00\",\"mainEntityOfPage\":{\"@id\":\"https:\/\/tracesdevoyages.com\/index.php\/2016\/04\/19\/comme-un-local-vivez-montreal\/\"},\"wordCount\":1680,\"commentCount\":10,\"publisher\":{\"@id\":\"https:\/\/tracesdevoyages.com\/#organization\"},\"image\":{\"@id\":\"https:\/\/tracesdevoyages.com\/index.php\/2016\/04\/19\/comme-un-local-vivez-montreal\/#primaryimage\"},\"thumbnailUrl\":\"https:\/\/i0.wp.com\/tracesdevoyages.com\/wp-content\/uploads\/2016\/04\/Montreal-local-couverture.jpg?fit=2000%2C1500&ssl=1\",\"keywords\":[\"ameriquedunord\",\"Canada\",\"Destination\",\"Escapade\",\"Evasion\",\"montr\u00e9al\",\"Qu\u00e9bec\",\"Tourisme\",\"Vacances\",\"Ville\",\"Voyage\"],\"articleSection\":[\"Am\u00e9rique\",\"Canada\",\"Comme un Local\",\"Qu\u00e9bec\",\"Th\u00e8mes\",\"Voyages\"],\"inLanguage\":\"fr-FR\",\"potentialAction\":[{\"@type\":\"CommentAction\",\"name\":\"Comment\",\"target\":[\"https:\/\/tracesdevoyages.com\/index.php\/2016\/04\/19\/comme-un-local-vivez-montreal\/#respond\"]}]},{\"@type\":\"WebPage\",\"@id\":\"https:\/\/tracesdevoyages.com\/index.php\/2016\/04\/19\/comme-un-local-vivez-montreal\/\",\"url\":\"https:\/\/tracesdevoyages.com\/index.php\/2016\/04\/19\/comme-un-local-vivez-montreal\/\",\"name\":\"Comme un Local: Vivez Montr\u00e9al! - Traces de Voyages\",\"isPartOf\":{\"@id\":\"https:\/\/tracesdevoyages.com\/#website\"},\"primaryImageOfPage\":{\"@id\":\"https:\/\/tracesdevoyages.com\/index.php\/2016\/04\/19\/comme-un-local-vivez-montreal\/#primaryimage\"},\"image\":{\"@id\":\"https:\/\/tracesdevoyages.com\/index.php\/2016\/04\/19\/comme-un-local-vivez-montreal\/#primaryimage\"},\"thumbnailUrl\":\"https:\/\/i0.wp.com\/tracesdevoyages.com\/wp-content\/uploads\/2016\/04\/Montreal-local-couverture.jpg?fit=2000%2C1500&ssl=1\",\"datePublished\":\"2016-04-19T21:42:25+00:00\",\"dateModified\":\"2025-01-12T20:31:26+00:00\",\"breadcrumb\":{\"@id\":\"https:\/\/tracesdevoyages.com\/index.php\/2016\/04\/19\/comme-un-local-vivez-montreal\/#breadcrumb\"},\"inLanguage\":\"fr-FR\",\"potentialAction\":[{\"@type\":\"ReadAction\",\"target\":[\"https:\/\/tracesdevoyages.com\/index.php\/2016\/04\/19\/comme-un-local-vivez-montreal\/\"]}]},{\"@type\":\"ImageObject\",\"inLanguage\":\"fr-FR\",\"@id\":\"https:\/\/tracesdevoyages.com\/index.php\/2016\/04\/19\/comme-un-local-vivez-montreal\/#primaryimage\",\"url\":\"https:\/\/i0.wp.com\/tracesdevoyages.com\/wp-content\/uploads\/2016\/04\/Montreal-local-couverture.jpg?fit=2000%2C1500&ssl=1\",\"contentUrl\":\"https:\/\/i0.wp.com\/tracesdevoyages.com\/wp-content\/uploads\/2016\/04\/Montreal-local-couverture.jpg?fit=2000%2C1500&ssl=1\",\"width\":2000,\"height\":1500},{\"@type\":\"BreadcrumbList\",\"@id\":\"https:\/\/tracesdevoyages.com\/index.php\/2016\/04\/19\/comme-un-local-vivez-montreal\/#breadcrumb\",\"itemListElement\":[{\"@type\":\"ListItem\",\"position\":1,\"name\":\"Accueil\",\"item\":\"https:\/\/tracesdevoyages.com\/\"},{\"@type\":\"ListItem\",\"position\":2,\"name\":\"Comme un Local: Vivez Montr\u00e9al!\"}]},{\"@type\":\"WebSite\",\"@id\":\"https:\/\/tracesdevoyages.com\/#website\",\"url\":\"https:\/\/tracesdevoyages.com\/\",\"name\":\"Traces de Voyages\",\"description\":\"Blog de voyages\",\"publisher\":{\"@id\":\"https:\/\/tracesdevoyages.com\/#organization\"},\"potentialAction\":[{\"@type\":\"SearchAction\",\"target\":{\"@type\":\"EntryPoint\",\"urlTemplate\":\"https:\/\/tracesdevoyages.com\/?s={search_term_string}\"},\"query-input\":{\"@type\":\"PropertyValueSpecification\",\"valueRequired\":true,\"valueName\":\"search_term_string\"}}],\"inLanguage\":\"fr-FR\"},{\"@type\":\"Organization\",\"@id\":\"https:\/\/tracesdevoyages.com\/#organization\",\"name\":\"Traces de Voyages\",\"url\":\"https:\/\/tracesdevoyages.com\/\",\"logo\":{\"@type\":\"ImageObject\",\"inLanguage\":\"fr-FR\",\"@id\":\"https:\/\/tracesdevoyages.com\/#\/schema\/logo\/image\/\",\"url\":\"https:\/\/i0.wp.com\/tracesdevoyages.com\/wp-content\/uploads\/2025\/01\/cropped-Traces-de-Voyages-LOGO.jpg?fit=512%2C512&ssl=1\",\"contentUrl\":\"https:\/\/i0.wp.com\/tracesdevoyages.com\/wp-content\/uploads\/2025\/01\/cropped-Traces-de-Voyages-LOGO.jpg?fit=512%2C512&ssl=1\",\"width\":512,\"height\":512,\"caption\":\"Traces de Voyages\"},\"image\":{\"@id\":\"https:\/\/tracesdevoyages.com\/#\/schema\/logo\/image\/\"},\"sameAs\":[\"https:\/\/www.facebook.com\/tracesdevoyages\/\",\"https:\/\/x.com\/TracesdeVoyages\",\"https:\/\/www.instagram.com\/tracesdevoyages\/\",\"https:\/\/fr.pinterest.com\/tracesdevoyages\/\",\"https:\/\/www.youtube.com\/channel\/UC240N7Neo4xrJRYcW3UhDaQ\/\"]},{\"@type\":\"Person\",\"@id\":\"https:\/\/tracesdevoyages.com\/#\/schema\/person\/407749fd8c63f4e19e1f4d61c3df1dd3\",\"name\":\"tracesdevoyages\",\"image\":{\"@type\":\"ImageObject\",\"inLanguage\":\"fr-FR\",\"@id\":\"https:\/\/tracesdevoyages.com\/#\/schema\/person\/image\/\",\"url\":\"https:\/\/secure.gravatar.com\/avatar\/89665a7661ade021f231fa4edee45d02595de0df2c6ac04037b09ce699dd6d89?s=96&d=mm&r=g\",\"contentUrl\":\"https:\/\/secure.gravatar.com\/avatar\/89665a7661ade021f231fa4edee45d02595de0df2c6ac04037b09ce699dd6d89?s=96&d=mm&r=g\",\"caption\":\"tracesdevoyages\"},\"url\":\"https:\/\/tracesdevoyages.com\/index.php\/author\/tracesdevoyages\/\"}]}<\/script>\n<!-- \/ Yoast SEO plugin. -->","yoast_head_json":{"title":"Comme un Local: Vivez Montr\u00e9al! - Traces de Voyages","robots":{"index":"index","follow":"follow","max-snippet":"max-snippet:-1","max-image-preview":"max-image-preview:large","max-video-preview":"max-video-preview:-1"},"canonical":"https:\/\/tracesdevoyages.com\/index.php\/2016\/04\/19\/comme-un-local-vivez-montreal\/","og_locale":"fr_FR","og_type":"article","og_title":"Comme un Local: Vivez Montr\u00e9al! - Traces de Voyages","og_description":"Qui de mieux que celui ou celle qui vit ou a v\u00e9cu dans l'endroit que vous visitez pour vous dire ce qu'il y a de plus int\u00e9ressant \u00e0 y faire? Toutes les bonnes adresses d'un local pour votre prochaine destination.","og_url":"https:\/\/tracesdevoyages.com\/index.php\/2016\/04\/19\/comme-un-local-vivez-montreal\/","og_site_name":"Traces de Voyages","article_publisher":"https:\/\/www.facebook.com\/tracesdevoyages\/","article_published_time":"2016-04-19T21:42:25+00:00","article_modified_time":"2025-01-12T20:31:26+00:00","og_image":[{"width":2000,"height":1500,"url":"https:\/\/i0.wp.com\/tracesdevoyages.com\/wp-content\/uploads\/2016\/04\/Montreal-local-couverture.jpg?fit=2000%2C1500&ssl=1","type":"image\/jpeg"}],"author":"tracesdevoyages","twitter_card":"summary_large_image","twitter_creator":"@TracesdeVoyages","twitter_site":"@TracesdeVoyages","twitter_misc":{"\u00c9crit par":"tracesdevoyages","Dur\u00e9e de lecture estim\u00e9e":"8 minutes"},"schema":{"@context":"https:\/\/schema.org","@graph":[{"@type":"Article","@id":"https:\/\/tracesdevoyages.com\/index.php\/2016\/04\/19\/comme-un-local-vivez-montreal\/#article","isPartOf":{"@id":"https:\/\/tracesdevoyages.com\/index.php\/2016\/04\/19\/comme-un-local-vivez-montreal\/"},"author":{"name":"tracesdevoyages","@id":"https:\/\/tracesdevoyages.com\/#\/schema\/person\/407749fd8c63f4e19e1f4d61c3df1dd3"},"headline":"Comme un Local: Vivez Montr\u00e9al!","datePublished":"2016-04-19T21:42:25+00:00","dateModified":"2025-01-12T20:31:26+00:00","mainEntityOfPage":{"@id":"https:\/\/tracesdevoyages.com\/index.php\/2016\/04\/19\/comme-un-local-vivez-montreal\/"},"wordCount":1680,"commentCount":10,"publisher":{"@id":"https:\/\/tracesdevoyages.com\/#organization"},"image":{"@id":"https:\/\/tracesdevoyages.com\/index.php\/2016\/04\/19\/comme-un-local-vivez-montreal\/#primaryimage"},"thumbnailUrl":"https:\/\/i0.wp.com\/tracesdevoyages.com\/wp-content\/uploads\/2016\/04\/Montreal-local-couverture.jpg?fit=2000%2C1500&ssl=1","keywords":["ameriquedunord","Canada","Destination","Escapade","Evasion","montr\u00e9al","Qu\u00e9bec","Tourisme","Vacances","Ville","Voyage"],"articleSection":["Am\u00e9rique","Canada","Comme un Local","Qu\u00e9bec","Th\u00e8mes","Voyages"],"inLanguage":"fr-FR","potentialAction":[{"@type":"CommentAction","name":"Comment","target":["https:\/\/tracesdevoyages.com\/index.php\/2016\/04\/19\/comme-un-local-vivez-montreal\/#respond"]}]},{"@type":"WebPage","@id":"https:\/\/tracesdevoyages.com\/index.php\/2016\/04\/19\/comme-un-local-vivez-montreal\/","url":"https:\/\/tracesdevoyages.com\/index.php\/2016\/04\/19\/comme-un-local-vivez-montreal\/","name":"Comme un Local: Vivez Montr\u00e9al! - Traces de Voyages","isPartOf":{"@id":"https:\/\/tracesdevoyages.com\/#website"},"primaryImageOfPage":{"@id":"https:\/\/tracesdevoyages.com\/index.php\/2016\/04\/19\/comme-un-local-vivez-montreal\/#primaryimage"},"image":{"@id":"https:\/\/tracesdevoyages.com\/index.php\/2016\/04\/19\/comme-un-local-vivez-montreal\/#primaryimage"},"thumbnailUrl":"https:\/\/i0.wp.com\/tracesdevoyages.com\/wp-content\/uploads\/2016\/04\/Montreal-local-couverture.jpg?fit=2000%2C1500&ssl=1","datePublished":"2016-04-19T21:42:25+00:00","dateModified":"2025-01-12T20:31:26+00:00","breadcrumb":{"@id":"https:\/\/tracesdevoyages.com\/index.php\/2016\/04\/19\/comme-un-local-vivez-montreal\/#breadcrumb"},"inLanguage":"fr-FR","potentialAction":[{"@type":"ReadAction","target":["https:\/\/tracesdevoyages.com\/index.php\/2016\/04\/19\/comme-un-local-vivez-montreal\/"]}]},{"@type":"ImageObject","inLanguage":"fr-FR","@id":"https:\/\/tracesdevoyages.com\/index.php\/2016\/04\/19\/comme-un-local-vivez-montreal\/#primaryimage","url":"https:\/\/i0.wp.com\/tracesdevoyages.com\/wp-content\/uploads\/2016\/04\/Montreal-local-couverture.jpg?fit=2000%2C1500&ssl=1","contentUrl":"https:\/\/i0.wp.com\/tracesdevoyages.com\/wp-content\/uploads\/2016\/04\/Montreal-local-couverture.jpg?fit=2000%2C1500&ssl=1","width":2000,"height":1500},{"@type":"BreadcrumbList","@id":"https:\/\/tracesdevoyages.com\/index.php\/2016\/04\/19\/comme-un-local-vivez-montreal\/#breadcrumb","itemListElement":[{"@type":"ListItem","position":1,"name":"Accueil","item":"https:\/\/tracesdevoyages.com\/"},{"@type":"ListItem","position":2,"name":"Comme un Local: Vivez Montr\u00e9al!"}]},{"@type":"WebSite","@id":"https:\/\/tracesdevoyages.com\/#website","url":"https:\/\/tracesdevoyages.com\/","name":"Traces de Voyages","description":"Blog de voyages","publisher":{"@id":"https:\/\/tracesdevoyages.com\/#organization"},"potentialAction":[{"@type":"SearchAction","target":{"@type":"EntryPoint","urlTemplate":"https:\/\/tracesdevoyages.com\/?s={search_term_string}"},"query-input":{"@type":"PropertyValueSpecification","valueRequired":true,"valueName":"search_term_string"}}],"inLanguage":"fr-FR"},{"@type":"Organization","@id":"https:\/\/tracesdevoyages.com\/#organization","name":"Traces de Voyages","url":"https:\/\/tracesdevoyages.com\/","logo":{"@type":"ImageObject","inLanguage":"fr-FR","@id":"https:\/\/tracesdevoyages.com\/#\/schema\/logo\/image\/","url":"https:\/\/i0.wp.com\/tracesdevoyages.com\/wp-content\/uploads\/2025\/01\/cropped-Traces-de-Voyages-LOGO.jpg?fit=512%2C512&ssl=1","contentUrl":"https:\/\/i0.wp.com\/tracesdevoyages.com\/wp-content\/uploads\/2025\/01\/cropped-Traces-de-Voyages-LOGO.jpg?fit=512%2C512&ssl=1","width":512,"height":512,"caption":"Traces de Voyages"},"image":{"@id":"https:\/\/tracesdevoyages.com\/#\/schema\/logo\/image\/"},"sameAs":["https:\/\/www.facebook.com\/tracesdevoyages\/","https:\/\/x.com\/TracesdeVoyages","https:\/\/www.instagram.com\/tracesdevoyages\/","https:\/\/fr.pinterest.com\/tracesdevoyages\/","https:\/\/www.youtube.com\/channel\/UC240N7Neo4xrJRYcW3UhDaQ\/"]},{"@type":"Person","@id":"https:\/\/tracesdevoyages.com\/#\/schema\/person\/407749fd8c63f4e19e1f4d61c3df1dd3","name":"tracesdevoyages","image":{"@type":"ImageObject","inLanguage":"fr-FR","@id":"https:\/\/tracesdevoyages.com\/#\/schema\/person\/image\/","url":"https:\/\/secure.gravatar.com\/avatar\/89665a7661ade021f231fa4edee45d02595de0df2c6ac04037b09ce699dd6d89?s=96&d=mm&r=g","contentUrl":"https:\/\/secure.gravatar.com\/avatar\/89665a7661ade021f231fa4edee45d02595de0df2c6ac04037b09ce699dd6d89?s=96&d=mm&r=g","caption":"tracesdevoyages"},"url":"https:\/\/tracesdevoyages.com\/index.php\/author\/tracesdevoyages\/"}]}},"jetpack_featured_media_url":"https:\/\/i0.wp.com\/tracesdevoyages.com\/wp-content\/uploads\/2016\/04\/Montreal-local-couverture.jpg?fit=2000%2C1500&ssl=1","jetpack_sharing_enabled":true,"_links":{"self":[{"href":"https:\/\/tracesdevoyages.com\/index.php\/wp-json\/wp\/v2\/posts\/416","targetHints":{"allow":["GET"]}}],"collection":[{"href":"https:\/\/tracesdevoyages.com\/index.php\/wp-json\/wp\/v2\/posts"}],"about":[{"href":"https:\/\/tracesdevoyages.com\/index.php\/wp-json\/wp\/v2\/types\/post"}],"author":[{"embeddable":true,"href":"https:\/\/tracesdevoyages.com\/index.php\/wp-json\/wp\/v2\/users\/2"}],"replies":[{"embeddable":true,"href":"https:\/\/tracesdevoyages.com\/index.php\/wp-json\/wp\/v2\/comments?post=416"}],"version-history":[{"count":2,"href":"https:\/\/tracesdevoyages.com\/index.php\/wp-json\/wp\/v2\/posts\/416\/revisions"}],"predecessor-version":[{"id":16650,"href":"https:\/\/tracesdevoyages.com\/index.php\/wp-json\/wp\/v2\/posts\/416\/revisions\/16650"}],"wp:featuredmedia":[{"embeddable":true,"href":"https:\/\/tracesdevoyages.com\/index.php\/wp-json\/wp\/v2\/media\/16636"}],"wp:attachment":[{"href":"https:\/\/tracesdevoyages.com\/index.php\/wp-json\/wp\/v2\/media?parent=416"}],"wp:term":[{"taxonomy":"category","embeddable":true,"href":"https:\/\/tracesdevoyages.com\/index.php\/wp-json\/wp\/v2\/categories?post=416"},{"taxonomy":"post_tag","embeddable":true,"href":"https:\/\/tracesdevoyages.com\/index.php\/wp-json\/wp\/v2\/tags?post=416"}],"curies":[{"name":"wp","href":"https:\/\/api.w.org\/{rel}","templated":true}]}}