{"id":5279,"date":"2017-04-16T12:45:05","date_gmt":"2017-04-16T11:45:05","guid":{"rendered":"http:\/\/tracesdevoyages.com\/?p=5279"},"modified":"2017-04-16T12:45:05","modified_gmt":"2017-04-16T11:45:05","slug":"interview-amelie-du-blog-ma-maison-sur-le-dos-expatriee-a-medellin","status":"publish","type":"post","link":"https:\/\/tracesdevoyages.com\/index.php\/2017\/04\/16\/interview-amelie-du-blog-ma-maison-sur-le-dos-expatriee-a-medellin\/","title":{"rendered":"INTERVIEW: Am\u00e9lie du blog \u00ab\u00a0Ma Maison sur le Dos\u00a0\u00bb, expatri\u00e9e \u00e0 Medelli\u0301n"},"content":{"rendered":"<p>Aujourd&rsquo;hui, nous accueillons Am\u00e9lie du blog <a href=\"http:\/\/www.mamaisonsurledos.com\/\" target=\"_blank\" rel=\"noopener\">Ma Maison sur le Dos<\/a>. Expatri\u00e9e \u00e0 Medelli\u0301n en Colombie depuis 7 mois, elle a accept\u00e9 de r\u00e9pondre \u00e0 quelques questions sur sa nouvelle vie l\u00e0-bas, de quoi nous faire d\u00e9couvrir un peu plus ce pays et nous donner envie de voyager&#8230;<\/p>\n<h4><em>D\u2019o\u00f9 viens-tu\u00a0?<\/em><\/h4>\n<p>Poitiers.<\/p>\n<h4><em>Depuis quand vis-tu \u00e0 Medelli\u0301n ?<\/em><\/h4>\n<p>Depuis septembre 2016.<\/p>\n<h4><em>Pour quelle(s) raison(s) as-tu d\u00e9cid\u00e9 de rester\u00a0?<\/em><\/h4>\n<p>Pour prendre le temps de d\u00e9couvrir la ville et pour conna\u00eetre davantage la Colombie.<\/p>\n<h4><em>Qu\u2019est-ce qui te manque le plus de la France\u00a0?<\/em><\/h4>\n<p>A vrai dire pas grand chose\u00a0! Ma famille, mes amis et mon chien, c\u2019est tout\u00a0!!<\/p>\n<h4><em>Ton plus beau souvenir ici\u00a0:<\/em><\/h4>\n<p>La nuit o\u00f9 j\u2019ai nag\u00e9 seule parmi les planctons bleus \u00e9lectrique, dans l\u2019eau chaude des Cara\u00efbes sous le plus beau ciel \u00e9toil\u00e9 de ma vie. J\u2019ai \u00e9prouv\u00e9 un sentiment de libert\u00e9 infinie tr\u00e8s grisant.<\/p>\n<h4><em>Le pire\u00a0:<\/em><\/h4>\n<p>Mes premiers jours ici \u00e0 Medelli\u0301n, lorsque je suis sortie de ma bulle de coton et que je me suis pris la pollution et le bruit caract\u00e9ristique des grosses m\u00e9tropoles en pleine face (son article <a href=\"http:\/\/www.mamaisonsurledos.com\/ameriques\/jai-decide-de-vivre-a-medellin\/)\" target=\"_blank\" rel=\"noopener\">ici<\/a>).<\/p>\n<figure id=\"attachment_5312\" aria-describedby=\"caption-attachment-5312\" style=\"width: 1000px\" class=\"wp-caption alignnone\"><img data-recalc-dims=\"1\" loading=\"lazy\" decoding=\"async\" class=\"alignnone size-full wp-image-5312\" src=\"https:\/\/tracesdevoyages.files.wordpress.com\/2017\/04\/medellin-comuna-trece.jpg?resize=960%2C591\" alt=\"medellin-comuna-trece\" width=\"960\" height=\"591\" \/><figcaption id=\"caption-attachment-5312\" class=\"wp-caption-text\">Medellin<\/figcaption><\/figure>\n<p><em>Pour les futurs voyageurs en Colombie, peux-tu nous citer:<\/em><\/p>\n<h4><em>&#8211; Une plage paradisiaque\u00a0:<\/em><\/h4>\n<p>La plage de Cabo San Juan \u00e0 Parque Tayrona.<\/p>\n<h4><em>&#8211; Un site naturel exceptionnel\u00a0:<\/em><\/h4>\n<p>J\u2019ai ador\u00e9 Jardin, un petit village authentique perdu entre les montagnes tropicales de la r\u00e9gion d\u2019Antioquia.<\/p>\n<h4><em>-Un mus\u00e9e qui regorge de tr\u00e9sors\u00a0:<\/em><\/h4>\n<p>Le Mus\u00e9e de la M\u00e9moire et des Probl\u00e9matiques Urbaines \u00e0 Medelli\u0301n m\u2019a vraiment beaucoup plu. \u00c7a m\u2019a permis d\u2019en comprendre davantage sur ce qui s\u2019est pass\u00e9 ces 60 derni\u00e8res ann\u00e9es en Colombie.<\/p>\n<h4><em>&#8211; Un b\u00e2timent \u00e0 l\u2019architecture imposante\u00a0:<\/em><\/h4>\n<p>Ce n\u2019est pas particuli\u00e8rement imposant mais c\u2019est tr\u00e8s symbolique\u00a0: <em>las escaleras electricas de la Comuna 13<\/em> \u00e0 Medelli\u0301n. Ce sont de simples escalators mais \u00e7a a permis aux habitants du bidonville d\u2019aller plus facilement au travail et de gagner quelques heures de transport avec le m\u00e9tro et le m\u00e9tro c\u00e2ble. \u00c7a a d\u00e9senclav\u00e9 <em>la comuna<\/em> et on peut maintenant s\u2019y rendre comme dans n\u2019importe quel autre endroit de la ville\u00a0!<\/p>\n<h4><em>-Une sp\u00e9cialit\u00e9 culinaire \u00e0 tomber par terre\u00a0et o\u00f9 la trouver:<\/em><\/h4>\n<p>La limonada de coco\u00a0! Un d\u00e9lice\u00a0!! C\u2019est une boisson typique d\u2019ici et hyper rafra\u00eechissante. Il faut aussi go\u00fbter \u00e0 tous les fruits exotiques de malade qu\u2019on trouve en Colombie\u00a0: lulo, guayabana, chontaduro, uchuva, etc&#8230;<\/p>\n<figure id=\"attachment_5311\" aria-describedby=\"caption-attachment-5311\" style=\"width: 1000px\" class=\"wp-caption alignnone\"><img data-recalc-dims=\"1\" loading=\"lazy\" decoding=\"async\" class=\"alignnone size-full wp-image-5311\" src=\"https:\/\/tracesdevoyages.files.wordpress.com\/2017\/04\/cartagena-colombie.png?resize=960%2C575\" alt=\"cartagena-colombie\" width=\"960\" height=\"575\" \/><figcaption id=\"caption-attachment-5311\" class=\"wp-caption-text\">Cartagena<\/figcaption><\/figure>\n<h4><em>-Un lieu o\u00f9 festoyer comme les Colombiens\u00a0:<\/em><\/h4>\n<p><em>El Tibiri<\/em> \u00e0 Medelli\u0301n. Un petit club salsa qui paye pas de mine, dans un sous-sol presque cach\u00e9 de la rue 70 \u00e0 Estadio. Les meilleurs danseurs de la ville se retrouve l\u00e0 et la salsa de Cali est \u00e0 l\u2019honneur, pour notre plus grand plaisir\u00a0!<\/p>\n<h4><em>&#8211; Un \u00e9v\u00e9nement important :<\/em><\/h4>\n<p>Le Carnaval \u00e0 Baranquilla (apparemment c\u2019est le deuxi\u00e8me plus gros carnaval du monde apr\u00e8s celui de Rio de Janeiro).<\/p>\n<h4><em>&#8211; Le meilleur spot pour photographier des animaux:<\/em><\/h4>\n<p>Je n&rsquo;y suis pas encore all\u00e9e mais l&rsquo;Amazonie doit \u00eatre magique pour cela !<\/p>\n<h4><em>&#8211; La plus belle ville en dehors de Medelli\u0301n\u00a0:<\/em><\/h4>\n<p>Probablement Carthag\u00e8ne\u00a0! Pour son explosion de couleurs et son rythme au ralenti.<\/p>\n<h4><em>&#8211; Une route pour un road trip panoramique\u00a0:<\/em><\/h4>\n<p>La route du caf\u00e9, de Pereira \u00e0 la Vall\u00e9e de Cocora.<\/p>\n<figure id=\"attachment_5310\" aria-describedby=\"caption-attachment-5310\" style=\"width: 1000px\" class=\"wp-caption alignnone\"><img data-recalc-dims=\"1\" loading=\"lazy\" decoding=\"async\" class=\"alignnone size-full wp-image-5310\" src=\"https:\/\/tracesdevoyages.files.wordpress.com\/2017\/04\/aller-parc-tayrona-colombie.jpg?resize=960%2C640\" alt=\"aller-parc-tayrona-colombie\" width=\"960\" height=\"640\" \/><figcaption id=\"caption-attachment-5310\" class=\"wp-caption-text\">Parque Tayrona<\/figcaption><\/figure>\n<h4><em>&#8211; Un truc insolite que tu as d\u00e9couvert l\u00e0-bas\u00a0:<\/em><\/h4>\n<p>Certaines personnes trempent leur fromage dans leur chocolat chaud\u2026. Oui, oui\u00a0! Vous avez bien lu\u00a0!!<\/p>\n<h4><em>&#8211; Un artiste ou groupe de musique local \u00e0 conna\u00eetre\u00a0:<\/em><\/h4>\n<p>Balvin bien s\u00fbr\u00a0! L\u2019enfant prodige du reggaeton haha\u00a0!<\/p>\n<h4><em>&#8211; Un film tourn\u00e9 l\u00e0-bas\u00a0:<\/em><\/h4>\n<p>Jerico, de Catalina Mesa. Un film documentaire retra\u00e7ant le parcours de plusieurs femmes d\u2019un petit village d\u2019Antioquia, d\u00e9voilant leur personnalit\u00e9 si attachante.<\/p>\n<h4><em>&#8211; Un livre ou bande-dessin\u00e9e d\u2019un auteur du cru\u00a0:<\/em><\/h4>\n<p>Travers\u00e9 par la rage, de Andr\u00e9s CAICEDO.<\/p>\n<h4><em>&#8211; Le sport que tu pr\u00e9f\u00e8res dans ta nouvelle patrie\u00a0:<\/em><\/h4>\n<p>J\u2019habite \u00e0 c\u00f4t\u00e9 du stade donc je vis au rythme du football, comme tous les colombiens ici\u2026<\/p>\n<h4><em>&#8211; Un souvenir \u00e0 ramener chez soi\u00a0:<\/em><\/h4>\n<p>Du chocolat ou du caf\u00e9 colombien bien s\u00fbr\u00a0!<\/p>\n<figure id=\"attachment_5313\" aria-describedby=\"caption-attachment-5313\" style=\"width: 1000px\" class=\"wp-caption alignnone\"><img data-recalc-dims=\"1\" loading=\"lazy\" decoding=\"async\" class=\"alignnone size-full wp-image-5313\" src=\"https:\/\/tracesdevoyages.files.wordpress.com\/2017\/04\/visiter-parc-tayrona-colombie.jpg?resize=960%2C640\" alt=\"visiter-parc-tayrona-colombie\" width=\"960\" height=\"640\" \/><figcaption id=\"caption-attachment-5313\" class=\"wp-caption-text\">Plage de Cabo San Juan au Parque Tayrona<\/figcaption><\/figure>\n","protected":false},"excerpt":{"rendered":"<p>D\u00e9couvrez la Colombie avec Am\u00e9lie du blog \u00ab\u00a0Ma Maison sur le Dos\u00a0\u00bb, expatri\u00e9e \u00e0 Medelli\u0301n!<\/p>\n","protected":false},"author":2,"featured_media":5326,"comment_status":"open","ping_status":"open","sticky":false,"template":"","format":"standard","meta":{"_jetpack_memberships_contains_paid_content":false,"footnotes":""},"categories":[10,14,27,5,6],"tags":[126,162,192,233,422],"class_list":["post-5279","post","type-post","status-publish","format-standard","has-post-thumbnail","hentry","category-amerique","category-colombie","category-interviews-articles-collaboratifs","category-themes","category-voyages","tag-blog","tag-colombie","tag-expatriation","tag-interview","tag-voyage"],"yoast_head":"<!-- This site is optimized with the Yoast SEO plugin v26.3 - https:\/\/yoast.com\/wordpress\/plugins\/seo\/ -->\n<title>INTERVIEW: Am\u00e9lie du blog &quot;Ma Maison sur le Dos&quot;, expatri\u00e9e \u00e0 Medelli\u0301n - Traces de Voyages<\/title>\n<meta name=\"robots\" content=\"index, follow, max-snippet:-1, max-image-preview:large, max-video-preview:-1\" \/>\n<link rel=\"canonical\" href=\"https:\/\/tracesdevoyages.com\/index.php\/2017\/04\/16\/interview-amelie-du-blog-ma-maison-sur-le-dos-expatriee-a-medellin\/\" \/>\n<meta property=\"og:locale\" content=\"fr_FR\" \/>\n<meta property=\"og:type\" content=\"article\" \/>\n<meta property=\"og:title\" content=\"INTERVIEW: Am\u00e9lie du blog &quot;Ma Maison sur le Dos&quot;, expatri\u00e9e \u00e0 Medelli\u0301n - Traces de Voyages\" \/>\n<meta property=\"og:description\" content=\"D\u00e9couvrez la Colombie avec Am\u00e9lie du blog &quot;Ma Maison sur le Dos&quot;, expatri\u00e9e \u00e0 Medelli\u0301n!\" \/>\n<meta property=\"og:url\" content=\"https:\/\/tracesdevoyages.com\/index.php\/2017\/04\/16\/interview-amelie-du-blog-ma-maison-sur-le-dos-expatriee-a-medellin\/\" \/>\n<meta property=\"og:site_name\" content=\"Traces de Voyages\" \/>\n<meta property=\"article:publisher\" content=\"https:\/\/www.facebook.com\/tracesdevoyages\/\" \/>\n<meta property=\"article:published_time\" content=\"2017-04-16T11:45:05+00:00\" \/>\n<meta name=\"author\" content=\"tracesdevoyages\" \/>\n<meta name=\"twitter:card\" content=\"summary_large_image\" \/>\n<meta name=\"twitter:creator\" content=\"@TracesdeVoyages\" \/>\n<meta name=\"twitter:site\" content=\"@TracesdeVoyages\" \/>\n<meta name=\"twitter:label1\" content=\"\u00c9crit par\" \/>\n\t<meta name=\"twitter:data1\" content=\"tracesdevoyages\" \/>\n\t<meta name=\"twitter:label2\" content=\"Dur\u00e9e de lecture estim\u00e9e\" \/>\n\t<meta name=\"twitter:data2\" content=\"4 minutes\" \/>\n<script type=\"application\/ld+json\" class=\"yoast-schema-graph\">{\"@context\":\"https:\/\/schema.org\",\"@graph\":[{\"@type\":\"Article\",\"@id\":\"https:\/\/tracesdevoyages.com\/index.php\/2017\/04\/16\/interview-amelie-du-blog-ma-maison-sur-le-dos-expatriee-a-medellin\/#article\",\"isPartOf\":{\"@id\":\"https:\/\/tracesdevoyages.com\/index.php\/2017\/04\/16\/interview-amelie-du-blog-ma-maison-sur-le-dos-expatriee-a-medellin\/\"},\"author\":{\"name\":\"tracesdevoyages\",\"@id\":\"https:\/\/tracesdevoyages.com\/#\/schema\/person\/407749fd8c63f4e19e1f4d61c3df1dd3\"},\"headline\":\"INTERVIEW: Am\u00e9lie du blog \u00ab\u00a0Ma Maison sur le Dos\u00a0\u00bb, expatri\u00e9e \u00e0 Medelli\u0301n\",\"datePublished\":\"2017-04-16T11:45:05+00:00\",\"mainEntityOfPage\":{\"@id\":\"https:\/\/tracesdevoyages.com\/index.php\/2017\/04\/16\/interview-amelie-du-blog-ma-maison-sur-le-dos-expatriee-a-medellin\/\"},\"wordCount\":768,\"commentCount\":0,\"publisher\":{\"@id\":\"https:\/\/tracesdevoyages.com\/#organization\"},\"image\":{\"@id\":\"https:\/\/tracesdevoyages.com\/index.php\/2017\/04\/16\/interview-amelie-du-blog-ma-maison-sur-le-dos-expatriee-a-medellin\/#primaryimage\"},\"thumbnailUrl\":\"\",\"keywords\":[\"Blog\",\"Colombie\",\"expatriation\",\"interview\",\"Voyage\"],\"articleSection\":[\"Am\u00e9rique\",\"Colombie\",\"Interviews &amp; Articles Collaboratifs\",\"Th\u00e8mes\",\"Voyages\"],\"inLanguage\":\"fr-FR\",\"potentialAction\":[{\"@type\":\"CommentAction\",\"name\":\"Comment\",\"target\":[\"https:\/\/tracesdevoyages.com\/index.php\/2017\/04\/16\/interview-amelie-du-blog-ma-maison-sur-le-dos-expatriee-a-medellin\/#respond\"]}]},{\"@type\":\"WebPage\",\"@id\":\"https:\/\/tracesdevoyages.com\/index.php\/2017\/04\/16\/interview-amelie-du-blog-ma-maison-sur-le-dos-expatriee-a-medellin\/\",\"url\":\"https:\/\/tracesdevoyages.com\/index.php\/2017\/04\/16\/interview-amelie-du-blog-ma-maison-sur-le-dos-expatriee-a-medellin\/\",\"name\":\"INTERVIEW: Am\u00e9lie du blog \\\"Ma Maison sur le Dos\\\", expatri\u00e9e \u00e0 Medelli\u0301n - Traces de Voyages\",\"isPartOf\":{\"@id\":\"https:\/\/tracesdevoyages.com\/#website\"},\"primaryImageOfPage\":{\"@id\":\"https:\/\/tracesdevoyages.com\/index.php\/2017\/04\/16\/interview-amelie-du-blog-ma-maison-sur-le-dos-expatriee-a-medellin\/#primaryimage\"},\"image\":{\"@id\":\"https:\/\/tracesdevoyages.com\/index.php\/2017\/04\/16\/interview-amelie-du-blog-ma-maison-sur-le-dos-expatriee-a-medellin\/#primaryimage\"},\"thumbnailUrl\":\"\",\"datePublished\":\"2017-04-16T11:45:05+00:00\",\"breadcrumb\":{\"@id\":\"https:\/\/tracesdevoyages.com\/index.php\/2017\/04\/16\/interview-amelie-du-blog-ma-maison-sur-le-dos-expatriee-a-medellin\/#breadcrumb\"},\"inLanguage\":\"fr-FR\",\"potentialAction\":[{\"@type\":\"ReadAction\",\"target\":[\"https:\/\/tracesdevoyages.com\/index.php\/2017\/04\/16\/interview-amelie-du-blog-ma-maison-sur-le-dos-expatriee-a-medellin\/\"]}]},{\"@type\":\"ImageObject\",\"inLanguage\":\"fr-FR\",\"@id\":\"https:\/\/tracesdevoyages.com\/index.php\/2017\/04\/16\/interview-amelie-du-blog-ma-maison-sur-le-dos-expatriee-a-medellin\/#primaryimage\",\"url\":\"\",\"contentUrl\":\"\"},{\"@type\":\"BreadcrumbList\",\"@id\":\"https:\/\/tracesdevoyages.com\/index.php\/2017\/04\/16\/interview-amelie-du-blog-ma-maison-sur-le-dos-expatriee-a-medellin\/#breadcrumb\",\"itemListElement\":[{\"@type\":\"ListItem\",\"position\":1,\"name\":\"Accueil\",\"item\":\"https:\/\/tracesdevoyages.com\/\"},{\"@type\":\"ListItem\",\"position\":2,\"name\":\"INTERVIEW: Am\u00e9lie du blog \u00ab\u00a0Ma Maison sur le Dos\u00a0\u00bb, expatri\u00e9e \u00e0 Medelli\u0301n\"}]},{\"@type\":\"WebSite\",\"@id\":\"https:\/\/tracesdevoyages.com\/#website\",\"url\":\"https:\/\/tracesdevoyages.com\/\",\"name\":\"Traces de Voyages\",\"description\":\"Blog de voyages\",\"publisher\":{\"@id\":\"https:\/\/tracesdevoyages.com\/#organization\"},\"potentialAction\":[{\"@type\":\"SearchAction\",\"target\":{\"@type\":\"EntryPoint\",\"urlTemplate\":\"https:\/\/tracesdevoyages.com\/?s={search_term_string}\"},\"query-input\":{\"@type\":\"PropertyValueSpecification\",\"valueRequired\":true,\"valueName\":\"search_term_string\"}}],\"inLanguage\":\"fr-FR\"},{\"@type\":\"Organization\",\"@id\":\"https:\/\/tracesdevoyages.com\/#organization\",\"name\":\"Traces de Voyages\",\"url\":\"https:\/\/tracesdevoyages.com\/\",\"logo\":{\"@type\":\"ImageObject\",\"inLanguage\":\"fr-FR\",\"@id\":\"https:\/\/tracesdevoyages.com\/#\/schema\/logo\/image\/\",\"url\":\"https:\/\/i0.wp.com\/tracesdevoyages.com\/wp-content\/uploads\/2025\/01\/cropped-Traces-de-Voyages-LOGO.jpg?fit=512%2C512&ssl=1\",\"contentUrl\":\"https:\/\/i0.wp.com\/tracesdevoyages.com\/wp-content\/uploads\/2025\/01\/cropped-Traces-de-Voyages-LOGO.jpg?fit=512%2C512&ssl=1\",\"width\":512,\"height\":512,\"caption\":\"Traces de Voyages\"},\"image\":{\"@id\":\"https:\/\/tracesdevoyages.com\/#\/schema\/logo\/image\/\"},\"sameAs\":[\"https:\/\/www.facebook.com\/tracesdevoyages\/\",\"https:\/\/x.com\/TracesdeVoyages\",\"https:\/\/www.instagram.com\/tracesdevoyages\/\",\"https:\/\/fr.pinterest.com\/tracesdevoyages\/\",\"https:\/\/www.youtube.com\/channel\/UC240N7Neo4xrJRYcW3UhDaQ\/\"]},{\"@type\":\"Person\",\"@id\":\"https:\/\/tracesdevoyages.com\/#\/schema\/person\/407749fd8c63f4e19e1f4d61c3df1dd3\",\"name\":\"tracesdevoyages\",\"image\":{\"@type\":\"ImageObject\",\"inLanguage\":\"fr-FR\",\"@id\":\"https:\/\/tracesdevoyages.com\/#\/schema\/person\/image\/\",\"url\":\"https:\/\/secure.gravatar.com\/avatar\/89665a7661ade021f231fa4edee45d02595de0df2c6ac04037b09ce699dd6d89?s=96&d=mm&r=g\",\"contentUrl\":\"https:\/\/secure.gravatar.com\/avatar\/89665a7661ade021f231fa4edee45d02595de0df2c6ac04037b09ce699dd6d89?s=96&d=mm&r=g\",\"caption\":\"tracesdevoyages\"},\"url\":\"https:\/\/tracesdevoyages.com\/index.php\/author\/tracesdevoyages\/\"}]}<\/script>\n<!-- \/ Yoast SEO plugin. -->","yoast_head_json":{"title":"INTERVIEW: Am\u00e9lie du blog \"Ma Maison sur le Dos\", expatri\u00e9e \u00e0 Medelli\u0301n - Traces de Voyages","robots":{"index":"index","follow":"follow","max-snippet":"max-snippet:-1","max-image-preview":"max-image-preview:large","max-video-preview":"max-video-preview:-1"},"canonical":"https:\/\/tracesdevoyages.com\/index.php\/2017\/04\/16\/interview-amelie-du-blog-ma-maison-sur-le-dos-expatriee-a-medellin\/","og_locale":"fr_FR","og_type":"article","og_title":"INTERVIEW: Am\u00e9lie du blog \"Ma Maison sur le Dos\", expatri\u00e9e \u00e0 Medelli\u0301n - Traces de Voyages","og_description":"D\u00e9couvrez la Colombie avec Am\u00e9lie du blog \"Ma Maison sur le Dos\", expatri\u00e9e \u00e0 Medelli\u0301n!","og_url":"https:\/\/tracesdevoyages.com\/index.php\/2017\/04\/16\/interview-amelie-du-blog-ma-maison-sur-le-dos-expatriee-a-medellin\/","og_site_name":"Traces de Voyages","article_publisher":"https:\/\/www.facebook.com\/tracesdevoyages\/","article_published_time":"2017-04-16T11:45:05+00:00","author":"tracesdevoyages","twitter_card":"summary_large_image","twitter_creator":"@TracesdeVoyages","twitter_site":"@TracesdeVoyages","twitter_misc":{"\u00c9crit par":"tracesdevoyages","Dur\u00e9e de lecture estim\u00e9e":"4 minutes"},"schema":{"@context":"https:\/\/schema.org","@graph":[{"@type":"Article","@id":"https:\/\/tracesdevoyages.com\/index.php\/2017\/04\/16\/interview-amelie-du-blog-ma-maison-sur-le-dos-expatriee-a-medellin\/#article","isPartOf":{"@id":"https:\/\/tracesdevoyages.com\/index.php\/2017\/04\/16\/interview-amelie-du-blog-ma-maison-sur-le-dos-expatriee-a-medellin\/"},"author":{"name":"tracesdevoyages","@id":"https:\/\/tracesdevoyages.com\/#\/schema\/person\/407749fd8c63f4e19e1f4d61c3df1dd3"},"headline":"INTERVIEW: Am\u00e9lie du blog \u00ab\u00a0Ma Maison sur le Dos\u00a0\u00bb, expatri\u00e9e \u00e0 Medelli\u0301n","datePublished":"2017-04-16T11:45:05+00:00","mainEntityOfPage":{"@id":"https:\/\/tracesdevoyages.com\/index.php\/2017\/04\/16\/interview-amelie-du-blog-ma-maison-sur-le-dos-expatriee-a-medellin\/"},"wordCount":768,"commentCount":0,"publisher":{"@id":"https:\/\/tracesdevoyages.com\/#organization"},"image":{"@id":"https:\/\/tracesdevoyages.com\/index.php\/2017\/04\/16\/interview-amelie-du-blog-ma-maison-sur-le-dos-expatriee-a-medellin\/#primaryimage"},"thumbnailUrl":"","keywords":["Blog","Colombie","expatriation","interview","Voyage"],"articleSection":["Am\u00e9rique","Colombie","Interviews &amp; Articles Collaboratifs","Th\u00e8mes","Voyages"],"inLanguage":"fr-FR","potentialAction":[{"@type":"CommentAction","name":"Comment","target":["https:\/\/tracesdevoyages.com\/index.php\/2017\/04\/16\/interview-amelie-du-blog-ma-maison-sur-le-dos-expatriee-a-medellin\/#respond"]}]},{"@type":"WebPage","@id":"https:\/\/tracesdevoyages.com\/index.php\/2017\/04\/16\/interview-amelie-du-blog-ma-maison-sur-le-dos-expatriee-a-medellin\/","url":"https:\/\/tracesdevoyages.com\/index.php\/2017\/04\/16\/interview-amelie-du-blog-ma-maison-sur-le-dos-expatriee-a-medellin\/","name":"INTERVIEW: Am\u00e9lie du blog \"Ma Maison sur le Dos\", expatri\u00e9e \u00e0 Medelli\u0301n - Traces de Voyages","isPartOf":{"@id":"https:\/\/tracesdevoyages.com\/#website"},"primaryImageOfPage":{"@id":"https:\/\/tracesdevoyages.com\/index.php\/2017\/04\/16\/interview-amelie-du-blog-ma-maison-sur-le-dos-expatriee-a-medellin\/#primaryimage"},"image":{"@id":"https:\/\/tracesdevoyages.com\/index.php\/2017\/04\/16\/interview-amelie-du-blog-ma-maison-sur-le-dos-expatriee-a-medellin\/#primaryimage"},"thumbnailUrl":"","datePublished":"2017-04-16T11:45:05+00:00","breadcrumb":{"@id":"https:\/\/tracesdevoyages.com\/index.php\/2017\/04\/16\/interview-amelie-du-blog-ma-maison-sur-le-dos-expatriee-a-medellin\/#breadcrumb"},"inLanguage":"fr-FR","potentialAction":[{"@type":"ReadAction","target":["https:\/\/tracesdevoyages.com\/index.php\/2017\/04\/16\/interview-amelie-du-blog-ma-maison-sur-le-dos-expatriee-a-medellin\/"]}]},{"@type":"ImageObject","inLanguage":"fr-FR","@id":"https:\/\/tracesdevoyages.com\/index.php\/2017\/04\/16\/interview-amelie-du-blog-ma-maison-sur-le-dos-expatriee-a-medellin\/#primaryimage","url":"","contentUrl":""},{"@type":"BreadcrumbList","@id":"https:\/\/tracesdevoyages.com\/index.php\/2017\/04\/16\/interview-amelie-du-blog-ma-maison-sur-le-dos-expatriee-a-medellin\/#breadcrumb","itemListElement":[{"@type":"ListItem","position":1,"name":"Accueil","item":"https:\/\/tracesdevoyages.com\/"},{"@type":"ListItem","position":2,"name":"INTERVIEW: Am\u00e9lie du blog \u00ab\u00a0Ma Maison sur le Dos\u00a0\u00bb, expatri\u00e9e \u00e0 Medelli\u0301n"}]},{"@type":"WebSite","@id":"https:\/\/tracesdevoyages.com\/#website","url":"https:\/\/tracesdevoyages.com\/","name":"Traces de Voyages","description":"Blog de voyages","publisher":{"@id":"https:\/\/tracesdevoyages.com\/#organization"},"potentialAction":[{"@type":"SearchAction","target":{"@type":"EntryPoint","urlTemplate":"https:\/\/tracesdevoyages.com\/?s={search_term_string}"},"query-input":{"@type":"PropertyValueSpecification","valueRequired":true,"valueName":"search_term_string"}}],"inLanguage":"fr-FR"},{"@type":"Organization","@id":"https:\/\/tracesdevoyages.com\/#organization","name":"Traces de Voyages","url":"https:\/\/tracesdevoyages.com\/","logo":{"@type":"ImageObject","inLanguage":"fr-FR","@id":"https:\/\/tracesdevoyages.com\/#\/schema\/logo\/image\/","url":"https:\/\/i0.wp.com\/tracesdevoyages.com\/wp-content\/uploads\/2025\/01\/cropped-Traces-de-Voyages-LOGO.jpg?fit=512%2C512&ssl=1","contentUrl":"https:\/\/i0.wp.com\/tracesdevoyages.com\/wp-content\/uploads\/2025\/01\/cropped-Traces-de-Voyages-LOGO.jpg?fit=512%2C512&ssl=1","width":512,"height":512,"caption":"Traces de Voyages"},"image":{"@id":"https:\/\/tracesdevoyages.com\/#\/schema\/logo\/image\/"},"sameAs":["https:\/\/www.facebook.com\/tracesdevoyages\/","https:\/\/x.com\/TracesdeVoyages","https:\/\/www.instagram.com\/tracesdevoyages\/","https:\/\/fr.pinterest.com\/tracesdevoyages\/","https:\/\/www.youtube.com\/channel\/UC240N7Neo4xrJRYcW3UhDaQ\/"]},{"@type":"Person","@id":"https:\/\/tracesdevoyages.com\/#\/schema\/person\/407749fd8c63f4e19e1f4d61c3df1dd3","name":"tracesdevoyages","image":{"@type":"ImageObject","inLanguage":"fr-FR","@id":"https:\/\/tracesdevoyages.com\/#\/schema\/person\/image\/","url":"https:\/\/secure.gravatar.com\/avatar\/89665a7661ade021f231fa4edee45d02595de0df2c6ac04037b09ce699dd6d89?s=96&d=mm&r=g","contentUrl":"https:\/\/secure.gravatar.com\/avatar\/89665a7661ade021f231fa4edee45d02595de0df2c6ac04037b09ce699dd6d89?s=96&d=mm&r=g","caption":"tracesdevoyages"},"url":"https:\/\/tracesdevoyages.com\/index.php\/author\/tracesdevoyages\/"}]}},"jetpack_featured_media_url":"","jetpack_sharing_enabled":true,"_links":{"self":[{"href":"https:\/\/tracesdevoyages.com\/index.php\/wp-json\/wp\/v2\/posts\/5279","targetHints":{"allow":["GET"]}}],"collection":[{"href":"https:\/\/tracesdevoyages.com\/index.php\/wp-json\/wp\/v2\/posts"}],"about":[{"href":"https:\/\/tracesdevoyages.com\/index.php\/wp-json\/wp\/v2\/types\/post"}],"author":[{"embeddable":true,"href":"https:\/\/tracesdevoyages.com\/index.php\/wp-json\/wp\/v2\/users\/2"}],"replies":[{"embeddable":true,"href":"https:\/\/tracesdevoyages.com\/index.php\/wp-json\/wp\/v2\/comments?post=5279"}],"version-history":[{"count":0,"href":"https:\/\/tracesdevoyages.com\/index.php\/wp-json\/wp\/v2\/posts\/5279\/revisions"}],"wp:featuredmedia":[{"embeddable":true,"href":"https:\/\/tracesdevoyages.com\/index.php\/wp-json\/"}],"wp:attachment":[{"href":"https:\/\/tracesdevoyages.com\/index.php\/wp-json\/wp\/v2\/media?parent=5279"}],"wp:term":[{"taxonomy":"category","embeddable":true,"href":"https:\/\/tracesdevoyages.com\/index.php\/wp-json\/wp\/v2\/categories?post=5279"},{"taxonomy":"post_tag","embeddable":true,"href":"https:\/\/tracesdevoyages.com\/index.php\/wp-json\/wp\/v2\/tags?post=5279"}],"curies":[{"name":"wp","href":"https:\/\/api.w.org\/{rel}","templated":true}]}}