{"id":6233,"date":"2017-06-04T15:17:55","date_gmt":"2017-06-04T13:17:55","guid":{"rendered":"http:\/\/tracesdevoyages.com\/?p=6233"},"modified":"2017-06-04T15:17:55","modified_gmt":"2017-06-04T13:17:55","slug":"escapades-la-cite-medievale-de-carcassonne","status":"publish","type":"post","link":"https:\/\/tracesdevoyages.com\/index.php\/2017\/06\/04\/escapades-la-cite-medievale-de-carcassonne\/","title":{"rendered":"Escapades: La Cit\u00e9 M\u00e9di\u00e9vale de Carcassonne"},"content":{"rendered":"<p>C&rsquo;est sur la route des vacances pour le sud de la France que nous avons d\u00e9couvert <a href=\"http:\/\/www.tourisme-carcassonne.fr\/\" target=\"_blank\" rel=\"noopener noreferrer\">Carcassonne<\/a>, chacun notre tour, petits puis grands. Nous avions vu et revu se dessiner les lignes de la Cit\u00e9 M\u00e9di\u00e9vale au loin, perch\u00e9e sur un rocher, se d\u00e9tachant de la vall\u00e9e dor\u00e9e. La forteresse nous appelait tel le Graal, s&rsquo;offrant \u00e0 nous comme la promesse d&rsquo;un voyage dans le temps, et nous pensions d\u00e9j\u00e0 voir les chevaliers en armure \u00e0 cheval galoper \u00e0 notre rencontre. Que de r\u00eaves ce lieu a pu \u00e9veiller en nous lorsque nous \u00e9tions enfants, ce sentiment d\u2019insaisissable\u00a0de par sa proximit\u00e9 que nous n&rsquo;atteignons jamais.<\/p>\n<p><img data-recalc-dims=\"1\" loading=\"lazy\" decoding=\"async\" class=\"aligncenter size-full wp-image-14316\" src=\"https:\/\/i0.wp.com\/tracesdevoyages.com\/wp-content\/uploads\/2017\/06\/Carcassonne1.jpg?resize=960%2C638&#038;ssl=1\" alt=\"\" width=\"960\" height=\"638\" \/><\/p>\n<p>Et puis, un beau jour, alors que nous \u00e9tions sur le chemin du retour, nous nous sommes arr\u00eat\u00e9s. Il aura fallut attendre de nous rencontrer et de faire cette route ensemble pour d\u00e9couvrir toute la magie du lieu qui nous avait tant fait r\u00eaver. Le voyage dans le temps \u00e9tait bien r\u00e9el, non seulement sur le plan physique du lieu que sur notre psychique: nous \u00e9tions retourn\u00e9s en enfance, la bouche entre-ouverte, levant les yeux vers les chemins de ronde en bois, regardant le sommet des 52 tours de garde et les longues murailles de 3 km&#8230;et ces petits : \u00ab\u00a0waow\u00a0\u00bb!<\/p>\n<p><img data-recalc-dims=\"1\" loading=\"lazy\" decoding=\"async\" class=\"aligncenter size-full wp-image-14317\" src=\"https:\/\/i0.wp.com\/tracesdevoyages.com\/wp-content\/uploads\/2017\/06\/Carcassonne2.jpg?resize=960%2C638&#038;ssl=1\" alt=\"\" width=\"960\" height=\"638\" \/><\/p>\n<p>La cit\u00e9 m\u00e9di\u00e9vale de Carcassonne est incontestablement la plus belle du genre que nous ayons vu.\u00a0Et que dire de ses sp\u00e9cialit\u00e9s culinaires&#8230; amateurs de cassoulet, foie gras, magret et confit\u00a0de canard vous serez servis! Notre d\u00e9volu s&rsquo;est port\u00e9 sur un petit restaurant de cuisine traditionnelle: <a href=\"http:\/\/www.restolacottedemailles.com\" target=\"_blank\" rel=\"noopener noreferrer\">La Cotte de Mailles<\/a>. En plein c\u0153ur de la cit\u00e9 m\u00e9di\u00e9vale, disposant d&rsquo;une petite terrasse, ils servent une cuisine r\u00e9gionale copieuse et go\u00fbteuse, \u00e0 des tarifs tout \u00e0 fait raisonnables. C&rsquo;est donc sur une note gourmande que notre soir\u00e9e s&rsquo;est achev\u00e9e, repus et combl\u00e9s.<\/p>\n<p><img data-recalc-dims=\"1\" loading=\"lazy\" decoding=\"async\" class=\"aligncenter size-full wp-image-14318\" src=\"https:\/\/i0.wp.com\/tracesdevoyages.com\/wp-content\/uploads\/2017\/06\/Carcassonne3.jpg?resize=960%2C638&#038;ssl=1\" alt=\"\" width=\"960\" height=\"638\" \/><\/p>\n<p>Le lendemain, nous avons pris le temps de retourner dans la Cit\u00e9 afin d&rsquo;en appr\u00e9cier toute la beaut\u00e9 en plein jour.\u00a0Nous avons d\u00e9ambul\u00e9 \u00e0 l&rsquo;aveugle dans ses rues pav\u00e9es, nous d\u00e9lectant de ses vieilles pierres de toute beaut\u00e9, faisant halte \u00e0 chaque coin de rue pour photographier ce moment de bonheur. Et au-del\u00e0 de la pierre, l&rsquo;on retrouve de nombreux espaces verts, des petits jardins dans les coins, des arbres pris entre deux murs, des fleurs qui ont su trouver un chemin \u00e0 travers les pav\u00e9s&#8230;\u00a0une touche de verdure qui donne encore plus de cachet.<\/p>\n<p><img data-recalc-dims=\"1\" loading=\"lazy\" decoding=\"async\" class=\"aligncenter size-full wp-image-14319\" src=\"https:\/\/i0.wp.com\/tracesdevoyages.com\/wp-content\/uploads\/2017\/06\/Carcassonne4.jpg?resize=960%2C638&#038;ssl=1\" alt=\"\" width=\"960\" height=\"638\" \/><\/p>\n<p>Au d\u00e9tour d&rsquo;une ruelle, une magnifique \u00e9glise s&rsquo;est offerte \u00e0 notre vue, il s&rsquo;agit de la Basilique Saint-Nazaire, un joyau d&rsquo;architecture romane et gothique. Class\u00e9e monument historique, ses ext\u00e9rieurs sont aussi beaux que sa d\u00e9coration int\u00e9rieure, les sculptures sont fines et d\u00e9licates et les vitraux, v\u00e9ritables kal\u00e9idoscopes de couleurs, comptent parmi les plus beaux du sud de la France.\u00a0En sortant, la fra\u00eecheur de l&rsquo;\u00e9glise laissa place \u00e0 la chaleur du soleil d&rsquo;\u00e9t\u00e9, une bonne raison pour continuer notre d\u00e9couverte de la ville par une visite de mus\u00e9e. C&rsquo;est M. qui a choisi pour nous et son d\u00e9volu s&rsquo;est port\u00e9 sur le <a href=\"http:\/\/www.musee-inquisition-carcassonne.com\/\" target=\"_blank\" rel=\"noopener noreferrer\">Mus\u00e9e de l&rsquo;Inquisition<\/a>, un lieu assez effrayant relayant l&rsquo;histoire de l&rsquo;inquisition et des Cathares avec en bonus: une collection d&rsquo;instruments de tortures et de punitions d&rsquo;\u00e9poque&#8230;!<\/p>\n\n<p>De retour \u00e0 la voiture, nous avons jet\u00e9 un dernier regard aux hautes murailles avant d&#8217;embarquer et de prendre la route. Plus loin, dans la campagne, alors que nous venions de rejoindre l&rsquo;autoroute, notre regard s&rsquo;est port\u00e9 \u00e0 nouveau vers l&rsquo;horizon, se posant sur la Cit\u00e9 qui nous avait tant fait r\u00eaver avec cette fois, ce sentiment de bonheur d&rsquo;avoir accompli quelque chose qui nous tenait \u00e0 c\u0153ur depuis longtemps.<\/p>\n<p>&nbsp;<\/p>\n<p><img data-recalc-dims=\"1\" loading=\"lazy\" decoding=\"async\" class=\"aligncenter size-full wp-image-14322\" src=\"https:\/\/i0.wp.com\/tracesdevoyages.com\/wp-content\/uploads\/2017\/06\/Carcassonne7.jpg?resize=960%2C638&#038;ssl=1\" alt=\"\" width=\"960\" height=\"638\" \/><\/p>\n<hr \/>\n<p>https:\/\/www.pinterest.fr\/pin\/804525920912533176\/<\/p>\n","protected":false},"excerpt":{"rendered":"<p>Le Bijou M\u00e9di\u00e9val de l&rsquo;UNESCO<\/p>\n","protected":false},"author":2,"featured_media":14314,"comment_status":"open","ping_status":"open","sticky":false,"template":"","format":"standard","meta":{"_jetpack_memberships_contains_paid_content":false,"footnotes":""},"categories":[20,22,36,5,52,6],"tags":[146,190,195,203,219,258,335,406],"class_list":["post-6233","post","type-post","status-publish","format-standard","has-post-thumbnail","hentry","category-escapades","category-france","category-occitanie","category-themes","category-villes","category-voyages","tag-carcassonne","tag-europe","tag-films","tag-france","tag-histoire","tag-livres-magazines","tag-photos","tag-unesco"],"yoast_head":"<!-- This site is optimized with the Yoast SEO plugin v26.3 - https:\/\/yoast.com\/wordpress\/plugins\/seo\/ -->\n<title>Escapades: La Cit\u00e9 M\u00e9di\u00e9vale de Carcassonne - Traces de Voyages<\/title>\n<meta name=\"robots\" content=\"index, follow, max-snippet:-1, max-image-preview:large, max-video-preview:-1\" \/>\n<link rel=\"canonical\" href=\"https:\/\/tracesdevoyages.com\/index.php\/2017\/06\/04\/escapades-la-cite-medievale-de-carcassonne\/\" \/>\n<meta property=\"og:locale\" content=\"fr_FR\" \/>\n<meta property=\"og:type\" content=\"article\" \/>\n<meta property=\"og:title\" content=\"Escapades: La Cit\u00e9 M\u00e9di\u00e9vale de Carcassonne - Traces de Voyages\" \/>\n<meta property=\"og:description\" content=\"Le Bijou M\u00e9di\u00e9val de l&#039;UNESCO\" \/>\n<meta property=\"og:url\" content=\"https:\/\/tracesdevoyages.com\/index.php\/2017\/06\/04\/escapades-la-cite-medievale-de-carcassonne\/\" \/>\n<meta property=\"og:site_name\" content=\"Traces de Voyages\" \/>\n<meta property=\"article:publisher\" content=\"https:\/\/www.facebook.com\/tracesdevoyages\/\" \/>\n<meta property=\"article:published_time\" content=\"2017-06-04T13:17:55+00:00\" \/>\n<meta name=\"author\" content=\"tracesdevoyages\" \/>\n<meta name=\"twitter:card\" content=\"summary_large_image\" \/>\n<meta name=\"twitter:creator\" content=\"@TracesdeVoyages\" \/>\n<meta name=\"twitter:site\" content=\"@TracesdeVoyages\" \/>\n<meta name=\"twitter:label1\" content=\"\u00c9crit par\" \/>\n\t<meta name=\"twitter:data1\" content=\"tracesdevoyages\" \/>\n\t<meta name=\"twitter:label2\" content=\"Dur\u00e9e de lecture estim\u00e9e\" \/>\n\t<meta name=\"twitter:data2\" content=\"3 minutes\" \/>\n<script type=\"application\/ld+json\" class=\"yoast-schema-graph\">{\"@context\":\"https:\/\/schema.org\",\"@graph\":[{\"@type\":\"Article\",\"@id\":\"https:\/\/tracesdevoyages.com\/index.php\/2017\/06\/04\/escapades-la-cite-medievale-de-carcassonne\/#article\",\"isPartOf\":{\"@id\":\"https:\/\/tracesdevoyages.com\/index.php\/2017\/06\/04\/escapades-la-cite-medievale-de-carcassonne\/\"},\"author\":{\"name\":\"tracesdevoyages\",\"@id\":\"https:\/\/tracesdevoyages.com\/#\/schema\/person\/407749fd8c63f4e19e1f4d61c3df1dd3\"},\"headline\":\"Escapades: La Cit\u00e9 M\u00e9di\u00e9vale de Carcassonne\",\"datePublished\":\"2017-06-04T13:17:55+00:00\",\"mainEntityOfPage\":{\"@id\":\"https:\/\/tracesdevoyages.com\/index.php\/2017\/06\/04\/escapades-la-cite-medievale-de-carcassonne\/\"},\"wordCount\":675,\"commentCount\":10,\"publisher\":{\"@id\":\"https:\/\/tracesdevoyages.com\/#organization\"},\"image\":{\"@id\":\"https:\/\/tracesdevoyages.com\/index.php\/2017\/06\/04\/escapades-la-cite-medievale-de-carcassonne\/#primaryimage\"},\"thumbnailUrl\":\"\",\"keywords\":[\"Carcassonne\",\"Europe\",\"Films\",\"France\",\"Histoire\",\"livres &amp; magazines\",\"Photos\",\"unesco\"],\"articleSection\":[\"Escapades\",\"France\",\"Occitanie\",\"Th\u00e8mes\",\"Villes\",\"Voyages\"],\"inLanguage\":\"fr-FR\",\"potentialAction\":[{\"@type\":\"CommentAction\",\"name\":\"Comment\",\"target\":[\"https:\/\/tracesdevoyages.com\/index.php\/2017\/06\/04\/escapades-la-cite-medievale-de-carcassonne\/#respond\"]}]},{\"@type\":\"WebPage\",\"@id\":\"https:\/\/tracesdevoyages.com\/index.php\/2017\/06\/04\/escapades-la-cite-medievale-de-carcassonne\/\",\"url\":\"https:\/\/tracesdevoyages.com\/index.php\/2017\/06\/04\/escapades-la-cite-medievale-de-carcassonne\/\",\"name\":\"Escapades: La Cit\u00e9 M\u00e9di\u00e9vale de Carcassonne - Traces de Voyages\",\"isPartOf\":{\"@id\":\"https:\/\/tracesdevoyages.com\/#website\"},\"primaryImageOfPage\":{\"@id\":\"https:\/\/tracesdevoyages.com\/index.php\/2017\/06\/04\/escapades-la-cite-medievale-de-carcassonne\/#primaryimage\"},\"image\":{\"@id\":\"https:\/\/tracesdevoyages.com\/index.php\/2017\/06\/04\/escapades-la-cite-medievale-de-carcassonne\/#primaryimage\"},\"thumbnailUrl\":\"\",\"datePublished\":\"2017-06-04T13:17:55+00:00\",\"breadcrumb\":{\"@id\":\"https:\/\/tracesdevoyages.com\/index.php\/2017\/06\/04\/escapades-la-cite-medievale-de-carcassonne\/#breadcrumb\"},\"inLanguage\":\"fr-FR\",\"potentialAction\":[{\"@type\":\"ReadAction\",\"target\":[\"https:\/\/tracesdevoyages.com\/index.php\/2017\/06\/04\/escapades-la-cite-medievale-de-carcassonne\/\"]}]},{\"@type\":\"ImageObject\",\"inLanguage\":\"fr-FR\",\"@id\":\"https:\/\/tracesdevoyages.com\/index.php\/2017\/06\/04\/escapades-la-cite-medievale-de-carcassonne\/#primaryimage\",\"url\":\"\",\"contentUrl\":\"\"},{\"@type\":\"BreadcrumbList\",\"@id\":\"https:\/\/tracesdevoyages.com\/index.php\/2017\/06\/04\/escapades-la-cite-medievale-de-carcassonne\/#breadcrumb\",\"itemListElement\":[{\"@type\":\"ListItem\",\"position\":1,\"name\":\"Accueil\",\"item\":\"https:\/\/tracesdevoyages.com\/\"},{\"@type\":\"ListItem\",\"position\":2,\"name\":\"Escapades: La Cit\u00e9 M\u00e9di\u00e9vale de Carcassonne\"}]},{\"@type\":\"WebSite\",\"@id\":\"https:\/\/tracesdevoyages.com\/#website\",\"url\":\"https:\/\/tracesdevoyages.com\/\",\"name\":\"Traces de Voyages\",\"description\":\"Blog de voyages\",\"publisher\":{\"@id\":\"https:\/\/tracesdevoyages.com\/#organization\"},\"potentialAction\":[{\"@type\":\"SearchAction\",\"target\":{\"@type\":\"EntryPoint\",\"urlTemplate\":\"https:\/\/tracesdevoyages.com\/?s={search_term_string}\"},\"query-input\":{\"@type\":\"PropertyValueSpecification\",\"valueRequired\":true,\"valueName\":\"search_term_string\"}}],\"inLanguage\":\"fr-FR\"},{\"@type\":\"Organization\",\"@id\":\"https:\/\/tracesdevoyages.com\/#organization\",\"name\":\"Traces de Voyages\",\"url\":\"https:\/\/tracesdevoyages.com\/\",\"logo\":{\"@type\":\"ImageObject\",\"inLanguage\":\"fr-FR\",\"@id\":\"https:\/\/tracesdevoyages.com\/#\/schema\/logo\/image\/\",\"url\":\"https:\/\/i0.wp.com\/tracesdevoyages.com\/wp-content\/uploads\/2025\/01\/cropped-Traces-de-Voyages-LOGO.jpg?fit=512%2C512&ssl=1\",\"contentUrl\":\"https:\/\/i0.wp.com\/tracesdevoyages.com\/wp-content\/uploads\/2025\/01\/cropped-Traces-de-Voyages-LOGO.jpg?fit=512%2C512&ssl=1\",\"width\":512,\"height\":512,\"caption\":\"Traces de Voyages\"},\"image\":{\"@id\":\"https:\/\/tracesdevoyages.com\/#\/schema\/logo\/image\/\"},\"sameAs\":[\"https:\/\/www.facebook.com\/tracesdevoyages\/\",\"https:\/\/x.com\/TracesdeVoyages\",\"https:\/\/www.instagram.com\/tracesdevoyages\/\",\"https:\/\/fr.pinterest.com\/tracesdevoyages\/\",\"https:\/\/www.youtube.com\/channel\/UC240N7Neo4xrJRYcW3UhDaQ\/\"]},{\"@type\":\"Person\",\"@id\":\"https:\/\/tracesdevoyages.com\/#\/schema\/person\/407749fd8c63f4e19e1f4d61c3df1dd3\",\"name\":\"tracesdevoyages\",\"image\":{\"@type\":\"ImageObject\",\"inLanguage\":\"fr-FR\",\"@id\":\"https:\/\/tracesdevoyages.com\/#\/schema\/person\/image\/\",\"url\":\"https:\/\/secure.gravatar.com\/avatar\/89665a7661ade021f231fa4edee45d02595de0df2c6ac04037b09ce699dd6d89?s=96&d=mm&r=g\",\"contentUrl\":\"https:\/\/secure.gravatar.com\/avatar\/89665a7661ade021f231fa4edee45d02595de0df2c6ac04037b09ce699dd6d89?s=96&d=mm&r=g\",\"caption\":\"tracesdevoyages\"},\"url\":\"https:\/\/tracesdevoyages.com\/index.php\/author\/tracesdevoyages\/\"}]}<\/script>\n<!-- \/ Yoast SEO plugin. -->","yoast_head_json":{"title":"Escapades: La Cit\u00e9 M\u00e9di\u00e9vale de Carcassonne - Traces de Voyages","robots":{"index":"index","follow":"follow","max-snippet":"max-snippet:-1","max-image-preview":"max-image-preview:large","max-video-preview":"max-video-preview:-1"},"canonical":"https:\/\/tracesdevoyages.com\/index.php\/2017\/06\/04\/escapades-la-cite-medievale-de-carcassonne\/","og_locale":"fr_FR","og_type":"article","og_title":"Escapades: La Cit\u00e9 M\u00e9di\u00e9vale de Carcassonne - Traces de Voyages","og_description":"Le Bijou M\u00e9di\u00e9val de l'UNESCO","og_url":"https:\/\/tracesdevoyages.com\/index.php\/2017\/06\/04\/escapades-la-cite-medievale-de-carcassonne\/","og_site_name":"Traces de Voyages","article_publisher":"https:\/\/www.facebook.com\/tracesdevoyages\/","article_published_time":"2017-06-04T13:17:55+00:00","author":"tracesdevoyages","twitter_card":"summary_large_image","twitter_creator":"@TracesdeVoyages","twitter_site":"@TracesdeVoyages","twitter_misc":{"\u00c9crit par":"tracesdevoyages","Dur\u00e9e de lecture estim\u00e9e":"3 minutes"},"schema":{"@context":"https:\/\/schema.org","@graph":[{"@type":"Article","@id":"https:\/\/tracesdevoyages.com\/index.php\/2017\/06\/04\/escapades-la-cite-medievale-de-carcassonne\/#article","isPartOf":{"@id":"https:\/\/tracesdevoyages.com\/index.php\/2017\/06\/04\/escapades-la-cite-medievale-de-carcassonne\/"},"author":{"name":"tracesdevoyages","@id":"https:\/\/tracesdevoyages.com\/#\/schema\/person\/407749fd8c63f4e19e1f4d61c3df1dd3"},"headline":"Escapades: La Cit\u00e9 M\u00e9di\u00e9vale de Carcassonne","datePublished":"2017-06-04T13:17:55+00:00","mainEntityOfPage":{"@id":"https:\/\/tracesdevoyages.com\/index.php\/2017\/06\/04\/escapades-la-cite-medievale-de-carcassonne\/"},"wordCount":675,"commentCount":10,"publisher":{"@id":"https:\/\/tracesdevoyages.com\/#organization"},"image":{"@id":"https:\/\/tracesdevoyages.com\/index.php\/2017\/06\/04\/escapades-la-cite-medievale-de-carcassonne\/#primaryimage"},"thumbnailUrl":"","keywords":["Carcassonne","Europe","Films","France","Histoire","livres &amp; magazines","Photos","unesco"],"articleSection":["Escapades","France","Occitanie","Th\u00e8mes","Villes","Voyages"],"inLanguage":"fr-FR","potentialAction":[{"@type":"CommentAction","name":"Comment","target":["https:\/\/tracesdevoyages.com\/index.php\/2017\/06\/04\/escapades-la-cite-medievale-de-carcassonne\/#respond"]}]},{"@type":"WebPage","@id":"https:\/\/tracesdevoyages.com\/index.php\/2017\/06\/04\/escapades-la-cite-medievale-de-carcassonne\/","url":"https:\/\/tracesdevoyages.com\/index.php\/2017\/06\/04\/escapades-la-cite-medievale-de-carcassonne\/","name":"Escapades: La Cit\u00e9 M\u00e9di\u00e9vale de Carcassonne - Traces de Voyages","isPartOf":{"@id":"https:\/\/tracesdevoyages.com\/#website"},"primaryImageOfPage":{"@id":"https:\/\/tracesdevoyages.com\/index.php\/2017\/06\/04\/escapades-la-cite-medievale-de-carcassonne\/#primaryimage"},"image":{"@id":"https:\/\/tracesdevoyages.com\/index.php\/2017\/06\/04\/escapades-la-cite-medievale-de-carcassonne\/#primaryimage"},"thumbnailUrl":"","datePublished":"2017-06-04T13:17:55+00:00","breadcrumb":{"@id":"https:\/\/tracesdevoyages.com\/index.php\/2017\/06\/04\/escapades-la-cite-medievale-de-carcassonne\/#breadcrumb"},"inLanguage":"fr-FR","potentialAction":[{"@type":"ReadAction","target":["https:\/\/tracesdevoyages.com\/index.php\/2017\/06\/04\/escapades-la-cite-medievale-de-carcassonne\/"]}]},{"@type":"ImageObject","inLanguage":"fr-FR","@id":"https:\/\/tracesdevoyages.com\/index.php\/2017\/06\/04\/escapades-la-cite-medievale-de-carcassonne\/#primaryimage","url":"","contentUrl":""},{"@type":"BreadcrumbList","@id":"https:\/\/tracesdevoyages.com\/index.php\/2017\/06\/04\/escapades-la-cite-medievale-de-carcassonne\/#breadcrumb","itemListElement":[{"@type":"ListItem","position":1,"name":"Accueil","item":"https:\/\/tracesdevoyages.com\/"},{"@type":"ListItem","position":2,"name":"Escapades: La Cit\u00e9 M\u00e9di\u00e9vale de Carcassonne"}]},{"@type":"WebSite","@id":"https:\/\/tracesdevoyages.com\/#website","url":"https:\/\/tracesdevoyages.com\/","name":"Traces de Voyages","description":"Blog de voyages","publisher":{"@id":"https:\/\/tracesdevoyages.com\/#organization"},"potentialAction":[{"@type":"SearchAction","target":{"@type":"EntryPoint","urlTemplate":"https:\/\/tracesdevoyages.com\/?s={search_term_string}"},"query-input":{"@type":"PropertyValueSpecification","valueRequired":true,"valueName":"search_term_string"}}],"inLanguage":"fr-FR"},{"@type":"Organization","@id":"https:\/\/tracesdevoyages.com\/#organization","name":"Traces de Voyages","url":"https:\/\/tracesdevoyages.com\/","logo":{"@type":"ImageObject","inLanguage":"fr-FR","@id":"https:\/\/tracesdevoyages.com\/#\/schema\/logo\/image\/","url":"https:\/\/i0.wp.com\/tracesdevoyages.com\/wp-content\/uploads\/2025\/01\/cropped-Traces-de-Voyages-LOGO.jpg?fit=512%2C512&ssl=1","contentUrl":"https:\/\/i0.wp.com\/tracesdevoyages.com\/wp-content\/uploads\/2025\/01\/cropped-Traces-de-Voyages-LOGO.jpg?fit=512%2C512&ssl=1","width":512,"height":512,"caption":"Traces de Voyages"},"image":{"@id":"https:\/\/tracesdevoyages.com\/#\/schema\/logo\/image\/"},"sameAs":["https:\/\/www.facebook.com\/tracesdevoyages\/","https:\/\/x.com\/TracesdeVoyages","https:\/\/www.instagram.com\/tracesdevoyages\/","https:\/\/fr.pinterest.com\/tracesdevoyages\/","https:\/\/www.youtube.com\/channel\/UC240N7Neo4xrJRYcW3UhDaQ\/"]},{"@type":"Person","@id":"https:\/\/tracesdevoyages.com\/#\/schema\/person\/407749fd8c63f4e19e1f4d61c3df1dd3","name":"tracesdevoyages","image":{"@type":"ImageObject","inLanguage":"fr-FR","@id":"https:\/\/tracesdevoyages.com\/#\/schema\/person\/image\/","url":"https:\/\/secure.gravatar.com\/avatar\/89665a7661ade021f231fa4edee45d02595de0df2c6ac04037b09ce699dd6d89?s=96&d=mm&r=g","contentUrl":"https:\/\/secure.gravatar.com\/avatar\/89665a7661ade021f231fa4edee45d02595de0df2c6ac04037b09ce699dd6d89?s=96&d=mm&r=g","caption":"tracesdevoyages"},"url":"https:\/\/tracesdevoyages.com\/index.php\/author\/tracesdevoyages\/"}]}},"jetpack_featured_media_url":"","jetpack_sharing_enabled":true,"_links":{"self":[{"href":"https:\/\/tracesdevoyages.com\/index.php\/wp-json\/wp\/v2\/posts\/6233","targetHints":{"allow":["GET"]}}],"collection":[{"href":"https:\/\/tracesdevoyages.com\/index.php\/wp-json\/wp\/v2\/posts"}],"about":[{"href":"https:\/\/tracesdevoyages.com\/index.php\/wp-json\/wp\/v2\/types\/post"}],"author":[{"embeddable":true,"href":"https:\/\/tracesdevoyages.com\/index.php\/wp-json\/wp\/v2\/users\/2"}],"replies":[{"embeddable":true,"href":"https:\/\/tracesdevoyages.com\/index.php\/wp-json\/wp\/v2\/comments?post=6233"}],"version-history":[{"count":0,"href":"https:\/\/tracesdevoyages.com\/index.php\/wp-json\/wp\/v2\/posts\/6233\/revisions"}],"wp:featuredmedia":[{"embeddable":true,"href":"https:\/\/tracesdevoyages.com\/index.php\/wp-json\/"}],"wp:attachment":[{"href":"https:\/\/tracesdevoyages.com\/index.php\/wp-json\/wp\/v2\/media?parent=6233"}],"wp:term":[{"taxonomy":"category","embeddable":true,"href":"https:\/\/tracesdevoyages.com\/index.php\/wp-json\/wp\/v2\/categories?post=6233"},{"taxonomy":"post_tag","embeddable":true,"href":"https:\/\/tracesdevoyages.com\/index.php\/wp-json\/wp\/v2\/tags?post=6233"}],"curies":[{"name":"wp","href":"https:\/\/api.w.org\/{rel}","templated":true}]}}