{"id":6665,"date":"2017-07-09T14:10:40","date_gmt":"2017-07-09T13:10:40","guid":{"rendered":"http:\/\/tracesdevoyages.com\/?p=6665"},"modified":"2017-07-09T14:10:40","modified_gmt":"2017-07-09T13:10:40","slug":"interview-violaine-expatriee-a-belfast-irlande-du-nord","status":"publish","type":"post","link":"https:\/\/tracesdevoyages.com\/index.php\/2017\/07\/09\/interview-violaine-expatriee-a-belfast-irlande-du-nord\/","title":{"rendered":"INTERVIEW: Violaine, expatri\u00e9e \u00e0 Belfast (Irlande du Nord)"},"content":{"rendered":"<p>Aujourd\u2019hui, nous accueillons Violaine, blogueuse voyage \u00e0 <a href=\"http:\/\/vio-vadrouille.com\/\" target=\"_blank\" rel=\"noopener noreferrer\">Vio Vadrouille<\/a> et Co-fondatrice du webzine <a href=\"http:\/\/untrekunefille.fr\/\" target=\"_blank\" rel=\"noopener noreferrer\">Un Trek Une Fille<\/a>\u00a0o\u00f9 je suis \u00e9galement r\u00e9dactrice. Nous nous sommes rencontr\u00e9es \u00e0 l&rsquo;\u00e9cole lorsque nous faisons nos \u00e9tudes ensemble \u00e0 La Rochelle o\u00f9 nous \u00e9tions dans la m\u00eame classe. Expatri\u00e9e \u00e0 Belfast\u00a0en Irlande du Nord depuis 3 ans, elle a accept\u00e9 de r\u00e9pondre \u00e0 quelques questions sur sa vie l\u00e0-bas, de quoi nous faire d\u00e9couvrir les lieux\u00a0et nous donner envie de voyager\u2026<\/p>\n<figure id=\"attachment_14400\" aria-describedby=\"caption-attachment-14400\" style=\"width: 1200px\" class=\"wp-caption alignnone\"><img data-recalc-dims=\"1\" loading=\"lazy\" decoding=\"async\" class=\"size-full wp-image-14400\" src=\"https:\/\/i0.wp.com\/tracesdevoyages.com\/wp-content\/uploads\/2017\/07\/Belfast-vue-sur-la-rivi%C3%A8re-Lagan.jpg?resize=960%2C639&#038;ssl=1\" alt=\"\" width=\"960\" height=\"639\" \/><figcaption id=\"caption-attachment-14400\" class=\"wp-caption-text\">Vue sur la Rivi\u00e8re Lagan &#8211; Belfast<\/figcaption><\/figure>\n<h4>D\u2019o\u00f9 viens-tu\u00a0?<\/h4>\n<p>Ah cette question\u00a0! Il m\u2019est toujours difficile d\u2019y r\u00e9pondre. Je suis n\u00e9e dans les Ardennes, puis j\u2019ai beaucoup d\u00e9m\u00e9nag\u00e9 par la suite. Mais la r\u00e9gion dans laquelle vit ma famille actuellement, celle o\u00f9 je retrouve r\u00e9guli\u00e8rement, c\u2019est la Marne, pr\u00e8s de Ch\u00e2lons-en-Champagne dans un petit village perdu.<\/p>\n<h4>Depuis quand vis-tu \u00e0 Belfast\u00a0?<\/h4>\n<p>Je vis \u00e0 Belfast depuis janvier 2014, 3 ans et des brouettes d\u00e9j\u00e0\u00a0!<\/p>\n<h4>Pour quelle(s) raison(s) as-tu d\u00e9cid\u00e9 de rester\u00a0?<\/h4>\n<p>Quand je suis arriv\u00e9e \u00e0 Belfast, je comptais rester un an, travailler pour \u00e9conomiser un maximum d\u2019argent puis partir en PVT en Am\u00e9rique du Sud. Mais comme tout le monde le sait, les choses n\u2019arrivent jamais comme on l\u2019avait esp\u00e9r\u00e9\u00a0! J\u2019ai finalement enchain\u00e9 avec un bon job et j\u2019ai rencontr\u00e9 quelqu\u2019un, et le tout m\u2019a fait rester\u00a0! \ud83d\ude42<\/p>\n<h4>Qu\u2019est-ce qui te manque le plus de la France\u00a0?<\/h4>\n<p>Hmmm\u2026 j\u2019allais r\u00e9pondre le fromage, mais j\u2019ai lu r\u00e9cemment que cette raison devenait un clich\u00e9 des expatri\u00e9s\u00a0J De la France, en g\u00e9n\u00e9ral, la nourriture me manque un peu. En fait, c\u2019est surtout d\u2019avoir du choix qui manque je trouve, on ne se rend pas forc\u00e9ment compte mais on a une grande vari\u00e9t\u00e9 de produits en France\u00a0! Ce qui n\u2019est pas le cas en Irlande du Nord. Mais on s\u2019y fait quand m\u00eame\u00a0!\u00a0Mes amis me manquent beaucoup aussi, mais je les vois quand je rentre de temps \u00e0 autre tout de m\u00eame.<\/p>\n<figure id=\"attachment_14401\" aria-describedby=\"caption-attachment-14401\" style=\"width: 1200px\" class=\"wp-caption alignnone\"><img data-recalc-dims=\"1\" loading=\"lazy\" decoding=\"async\" class=\"size-full wp-image-14401\" src=\"https:\/\/i0.wp.com\/tracesdevoyages.com\/wp-content\/uploads\/2017\/07\/Belfast-Victoria-Square-Shopping-Center.jpg?resize=960%2C639&#038;ssl=1\" alt=\"\" width=\"960\" height=\"639\" \/><figcaption id=\"caption-attachment-14401\" class=\"wp-caption-text\">Victoria Square Shopping Center &#8211; Belfast<\/figcaption><\/figure>\n<h4>Pour les futurs voyageurs en Irlande du Nord, peux-tu nous citer:<\/h4>\n<h4><em>-Un site naturel exceptionnel\u00a0:<\/em><\/h4>\n<p>Hmm\u2026 difficile de n\u2019en choisir qu\u2019un seul\u00a0! Mais je vais pencher pour la Chauss\u00e9e des G\u00e9ants, c\u2019est un des sites naturels les plus visit\u00e9s en Irlande du Nord, et on comprend vite pourquoi. C\u2019est vraiment magnifique\u00a0! Mais j\u2019aime beaucoup aussi Torr Head, qui est une petite portion de route sur le Causeway Coastal Route avec des paysages absolument incroyables.<\/p>\n<h4><em>-Un mus\u00e9e qui regorge de tr\u00e9sors\u00a0:<\/em><\/h4>\n<p>L\u2019Ulster Museum situ\u00e9 \u00e0 Belfast est tr\u00e8s chouette et regorge de superbes expositions qui changent r\u00e9guli\u00e8rement. Il y a aussi le Titanic Museum qui est \u00e0 ne pas rater\u00a0!<\/p>\n<h4><em>-Un b\u00e2timent \u00e0 l\u2019architecture imposante\u00a0:<\/em><\/h4>\n<p>Le City Hall de Belfast, qui est l\u2019h\u00f4tel de ville. Il est immense et vraiment imposant, impossible de le rater en plein centre-ville\u00a0! Et le top du top, il se visite gratuitement\u00a0! Belfast est surprenante au niveau de l\u2019architecture, il y a de superbes b\u00e2timents en centre-ville, ils font souvent offices de boutiques ou caf\u00e9s\/restaurants.<\/p>\n<h4><em>-Une sp\u00e9cialit\u00e9 culinaire \u00e0 tomber par terre\u00a0et o\u00f9 la trouver:<\/em><\/h4>\n<p>Le Banoffee est un g\u00e2teau typique du coin\u00a0; une couche de biscuit, une couche de banane, une couche de caramel et du chocolat en copeaux par-dessus\u00a0! UN DE-LICE\u00a0!\u00a0\ud83d\ude00 On le trouve un peu partout dans les caf\u00e9s en Irlande et Irlande du Nord.<\/p>\n<h4><em>-Un lieu o\u00f9 festoyer comme les Irlandais\u00a0:<\/em><\/h4>\n<p>Tous les pubs de Belfast sont super\u00a0! Bon, certains sortent du lot, mais les pubs sont un bon moyen de faire la f\u00eate comme les irlandais. Je recommande des pubs comme le Kelly\u2019s Cellar, le Duke of York, le Filthy McNasty ou bien encore le McHugh&rsquo;s.<\/p>\n<figure id=\"attachment_14402\" aria-describedby=\"caption-attachment-14402\" style=\"width: 1200px\" class=\"wp-caption alignnone\"><img data-recalc-dims=\"1\" loading=\"lazy\" decoding=\"async\" class=\"size-full wp-image-14402\" src=\"https:\/\/i0.wp.com\/tracesdevoyages.com\/wp-content\/uploads\/2017\/07\/P%C3%A9ninsule-dArds.jpg?resize=960%2C639&#038;ssl=1\" alt=\"\" width=\"960\" height=\"639\" \/><figcaption id=\"caption-attachment-14402\" class=\"wp-caption-text\">P\u00e9ninsule d&rsquo;Ards<\/figcaption><\/figure>\n<h4><em>-Un \u00e9v\u00e9nement important (festival\u2026)\u00a0:<\/em><\/h4>\n<p>La nuit de la culture se tient \u00e0 Belfast tous les ans au printemps, c\u2019est un super \u00e9v\u00e9nement qui se tient dans toute la ville avec plusieurs artistes qui performent\u00a0! Les performances vont de la danse au cirque, en passant par de la musique et du DIY\u00a0! C\u2019est \u00e0 mettre dans l\u2019agenda.<\/p>\n<h4><em>-Le meilleur spot pour photographier des moutons:<\/em><\/h4>\n<p>Ah ah\u00a0! Il y en a partout\u00a0! Ce n\u2019est pas difficile de les photographier en Irlande, il suffit de s\u2019approcher d\u2019un champ et ils viennent tous vers toi \ud83d\ude42<\/p>\n<h4><em>-La plus belle ville en dehors de Belfast\u00a0:<\/em><\/h4>\n<p>J\u2019aime beaucoup Whitehead, Portrush ou bien encore Bangor, mais je dirai que ce sont plut\u00f4t de tr\u00e8s petites villes. Il n\u2019y a pas \u00e9norm\u00e9ment de grandes villes en dehors de Belfast mis \u00e0 part Coleraine ou Derry. Les villages c\u00f4tiers sont tr\u00e8s chouettes sur la c\u00f4te nord-irlandaises\u00a0!<\/p>\n<h4><em>-La plus belle randonn\u00e9e \u00e0 faire en Irlande du Nord:<\/em><\/h4>\n<p>Probablement celle de la Causeway Coastal Walk! Je l&rsquo;ai faite r\u00e9cemment, 15km (ou plus, le sentier s&rsquo;\u00e9tend sur toute la c\u00f4te) de Portballintrae\u00a0\u00e0\u00a0Whitepark Bay, une vraie merveille! C&rsquo;est une chouette fa\u00e7on de d\u00e9couvrir la c\u00f4te nord-irlandaise!<\/p>\n<h4><em>-Une route pour un road trip panoramique\u00a0:<\/em><\/h4>\n<p>La Causeway Coastal Route\u00a0! De Belfast vers Derry, la route panoramique rayonne sur toute la c\u00f4te Nord et pr\u00e9sente de superbes paysages entre mer et prairies vertes. 190 km de bonheur\u00a0! \ud83d\ude42<\/p>\n<figure id=\"attachment_14404\" aria-describedby=\"caption-attachment-14404\" style=\"width: 1200px\" class=\"wp-caption alignnone\"><img data-recalc-dims=\"1\" loading=\"lazy\" decoding=\"async\" class=\"size-full wp-image-14404\" src=\"https:\/\/i0.wp.com\/tracesdevoyages.com\/wp-content\/uploads\/2017\/07\/La-Causeway-Coast.jpg?resize=960%2C639&#038;ssl=1\" alt=\"\" width=\"960\" height=\"639\" \/><figcaption id=\"caption-attachment-14404\" class=\"wp-caption-text\">La Causeway Coast<\/figcaption><\/figure>\n<h4><em>-Un truc insolite que tu as d\u00e9couvert l\u00e0-bas\u00a0:<\/em><\/h4>\n<p>Les frites avec la pizza\u00a0!\u00a0Ou les frites avec de la pur\u00e9e. En fait, les irlandais rajoutent des frites avec \u00e0 peu pr\u00e8s tout\u00a0!\u00a0\ud83d\ude00<\/p>\n<h4><em>-Un film tourn\u00e9 l\u00e0-bas\u00a0:<\/em><\/h4>\n<p>La series Game of Thrones\u00a0! Comment rater ca?! \ud83d\ude42<\/p>\n<h4>\u00a0<em>-Le sport que tu pr\u00e9f\u00e8res dans ta nouvelle patrie\u00a0:<\/em><\/h4>\n<p>Les irlandais sont fans de rugby\u2026 et moi aussi\u00a0\ud83d\ude00<\/p>\n<h4>-Un souvenir \u00e0 ramener chez soi\u00a0:<\/h4>\n<p>Il y a plein de jolis souvenirs \u00e0 rapporter d\u2019Irlande du Nord, mais personnellement, j\u2019aime rapporter des petits sachets de graines pour faire pousser des tr\u00e8fles, avec qui sait, peut-\u00eatre un porte-bonheur \u00e0 4 feuilles\u00a0!<\/p>\n<figure id=\"attachment_14405\" aria-describedby=\"caption-attachment-14405\" style=\"width: 1200px\" class=\"wp-caption alignnone\"><img data-recalc-dims=\"1\" loading=\"lazy\" decoding=\"async\" class=\"size-full wp-image-14405\" src=\"https:\/\/i0.wp.com\/tracesdevoyages.com\/wp-content\/uploads\/2017\/07\/P%C3%A9ninsule-dArds-vue-sur-les-montagnes-de-Mourne.jpg?resize=960%2C639&#038;ssl=1\" alt=\"\" width=\"960\" height=\"639\" \/><figcaption id=\"caption-attachment-14405\" class=\"wp-caption-text\">Vue sur les Montagnes de Mourne &#8211; P\u00e9ninsule d&rsquo;Ards<\/figcaption><\/figure>\n","protected":false},"excerpt":{"rendered":"<p>D\u00e9couvrez l&rsquo;Irlande du Nord avec Violaine du blog \u00ab\u00a0Vio Vadrouille\u00a0\u00bb et du webzine \u00ab\u00a0Un Trek Une Fille\u00a0\u00bb, expatri\u00e9e \u00e0 Belfast!<\/p>\n","protected":false},"author":2,"featured_media":14399,"comment_status":"open","ping_status":"open","sticky":false,"template":"","format":"standard","meta":{"_jetpack_memberships_contains_paid_content":false,"footnotes":""},"categories":[21,27,28,5,6],"tags":[126,190,192,233,236],"class_list":["post-6665","post","type-post","status-publish","format-standard","has-post-thumbnail","hentry","category-europe","category-interviews-articles-collaboratifs","category-irlande","category-themes","category-voyages","tag-blog","tag-europe","tag-expatriation","tag-interview","tag-irlandedunord"],"yoast_head":"<!-- This site is optimized with the Yoast SEO plugin v26.3 - https:\/\/yoast.com\/wordpress\/plugins\/seo\/ -->\n<title>INTERVIEW: Violaine, expatri\u00e9e \u00e0 Belfast (Irlande du Nord) - Traces de Voyages<\/title>\n<meta name=\"robots\" content=\"index, follow, max-snippet:-1, max-image-preview:large, max-video-preview:-1\" \/>\n<link rel=\"canonical\" href=\"https:\/\/tracesdevoyages.com\/index.php\/2017\/07\/09\/interview-violaine-expatriee-a-belfast-irlande-du-nord\/\" \/>\n<meta property=\"og:locale\" content=\"fr_FR\" \/>\n<meta property=\"og:type\" content=\"article\" \/>\n<meta property=\"og:title\" content=\"INTERVIEW: Violaine, expatri\u00e9e \u00e0 Belfast (Irlande du Nord) - Traces de Voyages\" \/>\n<meta property=\"og:description\" content=\"D\u00e9couvrez l&#039;Irlande du Nord avec Violaine du blog &quot;Vio Vadrouille&quot; et du webzine &quot;Un Trek Une Fille&quot;, expatri\u00e9e \u00e0 Belfast!\" \/>\n<meta property=\"og:url\" content=\"https:\/\/tracesdevoyages.com\/index.php\/2017\/07\/09\/interview-violaine-expatriee-a-belfast-irlande-du-nord\/\" \/>\n<meta property=\"og:site_name\" content=\"Traces de Voyages\" \/>\n<meta property=\"article:publisher\" content=\"https:\/\/www.facebook.com\/tracesdevoyages\/\" \/>\n<meta property=\"article:published_time\" content=\"2017-07-09T13:10:40+00:00\" \/>\n<meta name=\"author\" content=\"tracesdevoyages\" \/>\n<meta name=\"twitter:card\" content=\"summary_large_image\" \/>\n<meta name=\"twitter:creator\" content=\"@TracesdeVoyages\" \/>\n<meta name=\"twitter:site\" content=\"@TracesdeVoyages\" \/>\n<meta name=\"twitter:label1\" content=\"\u00c9crit par\" \/>\n\t<meta name=\"twitter:data1\" content=\"tracesdevoyages\" \/>\n\t<meta name=\"twitter:label2\" content=\"Dur\u00e9e de lecture estim\u00e9e\" \/>\n\t<meta name=\"twitter:data2\" content=\"5 minutes\" \/>\n<script type=\"application\/ld+json\" class=\"yoast-schema-graph\">{\"@context\":\"https:\/\/schema.org\",\"@graph\":[{\"@type\":\"Article\",\"@id\":\"https:\/\/tracesdevoyages.com\/index.php\/2017\/07\/09\/interview-violaine-expatriee-a-belfast-irlande-du-nord\/#article\",\"isPartOf\":{\"@id\":\"https:\/\/tracesdevoyages.com\/index.php\/2017\/07\/09\/interview-violaine-expatriee-a-belfast-irlande-du-nord\/\"},\"author\":{\"name\":\"tracesdevoyages\",\"@id\":\"https:\/\/tracesdevoyages.com\/#\/schema\/person\/407749fd8c63f4e19e1f4d61c3df1dd3\"},\"headline\":\"INTERVIEW: Violaine, expatri\u00e9e \u00e0 Belfast (Irlande du Nord)\",\"datePublished\":\"2017-07-09T13:10:40+00:00\",\"mainEntityOfPage\":{\"@id\":\"https:\/\/tracesdevoyages.com\/index.php\/2017\/07\/09\/interview-violaine-expatriee-a-belfast-irlande-du-nord\/\"},\"wordCount\":1093,\"commentCount\":4,\"publisher\":{\"@id\":\"https:\/\/tracesdevoyages.com\/#organization\"},\"image\":{\"@id\":\"https:\/\/tracesdevoyages.com\/index.php\/2017\/07\/09\/interview-violaine-expatriee-a-belfast-irlande-du-nord\/#primaryimage\"},\"thumbnailUrl\":\"\",\"keywords\":[\"Blog\",\"Europe\",\"expatriation\",\"interview\",\"irlandedunord\"],\"articleSection\":[\"Europe\",\"Interviews &amp; Articles Collaboratifs\",\"Irlande\",\"Th\u00e8mes\",\"Voyages\"],\"inLanguage\":\"fr-FR\",\"potentialAction\":[{\"@type\":\"CommentAction\",\"name\":\"Comment\",\"target\":[\"https:\/\/tracesdevoyages.com\/index.php\/2017\/07\/09\/interview-violaine-expatriee-a-belfast-irlande-du-nord\/#respond\"]}]},{\"@type\":\"WebPage\",\"@id\":\"https:\/\/tracesdevoyages.com\/index.php\/2017\/07\/09\/interview-violaine-expatriee-a-belfast-irlande-du-nord\/\",\"url\":\"https:\/\/tracesdevoyages.com\/index.php\/2017\/07\/09\/interview-violaine-expatriee-a-belfast-irlande-du-nord\/\",\"name\":\"INTERVIEW: Violaine, expatri\u00e9e \u00e0 Belfast (Irlande du Nord) - Traces de Voyages\",\"isPartOf\":{\"@id\":\"https:\/\/tracesdevoyages.com\/#website\"},\"primaryImageOfPage\":{\"@id\":\"https:\/\/tracesdevoyages.com\/index.php\/2017\/07\/09\/interview-violaine-expatriee-a-belfast-irlande-du-nord\/#primaryimage\"},\"image\":{\"@id\":\"https:\/\/tracesdevoyages.com\/index.php\/2017\/07\/09\/interview-violaine-expatriee-a-belfast-irlande-du-nord\/#primaryimage\"},\"thumbnailUrl\":\"\",\"datePublished\":\"2017-07-09T13:10:40+00:00\",\"breadcrumb\":{\"@id\":\"https:\/\/tracesdevoyages.com\/index.php\/2017\/07\/09\/interview-violaine-expatriee-a-belfast-irlande-du-nord\/#breadcrumb\"},\"inLanguage\":\"fr-FR\",\"potentialAction\":[{\"@type\":\"ReadAction\",\"target\":[\"https:\/\/tracesdevoyages.com\/index.php\/2017\/07\/09\/interview-violaine-expatriee-a-belfast-irlande-du-nord\/\"]}]},{\"@type\":\"ImageObject\",\"inLanguage\":\"fr-FR\",\"@id\":\"https:\/\/tracesdevoyages.com\/index.php\/2017\/07\/09\/interview-violaine-expatriee-a-belfast-irlande-du-nord\/#primaryimage\",\"url\":\"\",\"contentUrl\":\"\"},{\"@type\":\"BreadcrumbList\",\"@id\":\"https:\/\/tracesdevoyages.com\/index.php\/2017\/07\/09\/interview-violaine-expatriee-a-belfast-irlande-du-nord\/#breadcrumb\",\"itemListElement\":[{\"@type\":\"ListItem\",\"position\":1,\"name\":\"Accueil\",\"item\":\"https:\/\/tracesdevoyages.com\/\"},{\"@type\":\"ListItem\",\"position\":2,\"name\":\"INTERVIEW: Violaine, expatri\u00e9e \u00e0 Belfast (Irlande du Nord)\"}]},{\"@type\":\"WebSite\",\"@id\":\"https:\/\/tracesdevoyages.com\/#website\",\"url\":\"https:\/\/tracesdevoyages.com\/\",\"name\":\"Traces de Voyages\",\"description\":\"Blog de voyages\",\"publisher\":{\"@id\":\"https:\/\/tracesdevoyages.com\/#organization\"},\"potentialAction\":[{\"@type\":\"SearchAction\",\"target\":{\"@type\":\"EntryPoint\",\"urlTemplate\":\"https:\/\/tracesdevoyages.com\/?s={search_term_string}\"},\"query-input\":{\"@type\":\"PropertyValueSpecification\",\"valueRequired\":true,\"valueName\":\"search_term_string\"}}],\"inLanguage\":\"fr-FR\"},{\"@type\":\"Organization\",\"@id\":\"https:\/\/tracesdevoyages.com\/#organization\",\"name\":\"Traces de Voyages\",\"url\":\"https:\/\/tracesdevoyages.com\/\",\"logo\":{\"@type\":\"ImageObject\",\"inLanguage\":\"fr-FR\",\"@id\":\"https:\/\/tracesdevoyages.com\/#\/schema\/logo\/image\/\",\"url\":\"https:\/\/i0.wp.com\/tracesdevoyages.com\/wp-content\/uploads\/2025\/01\/cropped-Traces-de-Voyages-LOGO.jpg?fit=512%2C512&ssl=1\",\"contentUrl\":\"https:\/\/i0.wp.com\/tracesdevoyages.com\/wp-content\/uploads\/2025\/01\/cropped-Traces-de-Voyages-LOGO.jpg?fit=512%2C512&ssl=1\",\"width\":512,\"height\":512,\"caption\":\"Traces de Voyages\"},\"image\":{\"@id\":\"https:\/\/tracesdevoyages.com\/#\/schema\/logo\/image\/\"},\"sameAs\":[\"https:\/\/www.facebook.com\/tracesdevoyages\/\",\"https:\/\/x.com\/TracesdeVoyages\",\"https:\/\/www.instagram.com\/tracesdevoyages\/\",\"https:\/\/fr.pinterest.com\/tracesdevoyages\/\",\"https:\/\/www.youtube.com\/channel\/UC240N7Neo4xrJRYcW3UhDaQ\/\"]},{\"@type\":\"Person\",\"@id\":\"https:\/\/tracesdevoyages.com\/#\/schema\/person\/407749fd8c63f4e19e1f4d61c3df1dd3\",\"name\":\"tracesdevoyages\",\"image\":{\"@type\":\"ImageObject\",\"inLanguage\":\"fr-FR\",\"@id\":\"https:\/\/tracesdevoyages.com\/#\/schema\/person\/image\/\",\"url\":\"https:\/\/secure.gravatar.com\/avatar\/89665a7661ade021f231fa4edee45d02595de0df2c6ac04037b09ce699dd6d89?s=96&d=mm&r=g\",\"contentUrl\":\"https:\/\/secure.gravatar.com\/avatar\/89665a7661ade021f231fa4edee45d02595de0df2c6ac04037b09ce699dd6d89?s=96&d=mm&r=g\",\"caption\":\"tracesdevoyages\"},\"url\":\"https:\/\/tracesdevoyages.com\/index.php\/author\/tracesdevoyages\/\"}]}<\/script>\n<!-- \/ Yoast SEO plugin. -->","yoast_head_json":{"title":"INTERVIEW: Violaine, expatri\u00e9e \u00e0 Belfast (Irlande du Nord) - Traces de Voyages","robots":{"index":"index","follow":"follow","max-snippet":"max-snippet:-1","max-image-preview":"max-image-preview:large","max-video-preview":"max-video-preview:-1"},"canonical":"https:\/\/tracesdevoyages.com\/index.php\/2017\/07\/09\/interview-violaine-expatriee-a-belfast-irlande-du-nord\/","og_locale":"fr_FR","og_type":"article","og_title":"INTERVIEW: Violaine, expatri\u00e9e \u00e0 Belfast (Irlande du Nord) - Traces de Voyages","og_description":"D\u00e9couvrez l'Irlande du Nord avec Violaine du blog \"Vio Vadrouille\" et du webzine \"Un Trek Une Fille\", expatri\u00e9e \u00e0 Belfast!","og_url":"https:\/\/tracesdevoyages.com\/index.php\/2017\/07\/09\/interview-violaine-expatriee-a-belfast-irlande-du-nord\/","og_site_name":"Traces de Voyages","article_publisher":"https:\/\/www.facebook.com\/tracesdevoyages\/","article_published_time":"2017-07-09T13:10:40+00:00","author":"tracesdevoyages","twitter_card":"summary_large_image","twitter_creator":"@TracesdeVoyages","twitter_site":"@TracesdeVoyages","twitter_misc":{"\u00c9crit par":"tracesdevoyages","Dur\u00e9e de lecture estim\u00e9e":"5 minutes"},"schema":{"@context":"https:\/\/schema.org","@graph":[{"@type":"Article","@id":"https:\/\/tracesdevoyages.com\/index.php\/2017\/07\/09\/interview-violaine-expatriee-a-belfast-irlande-du-nord\/#article","isPartOf":{"@id":"https:\/\/tracesdevoyages.com\/index.php\/2017\/07\/09\/interview-violaine-expatriee-a-belfast-irlande-du-nord\/"},"author":{"name":"tracesdevoyages","@id":"https:\/\/tracesdevoyages.com\/#\/schema\/person\/407749fd8c63f4e19e1f4d61c3df1dd3"},"headline":"INTERVIEW: Violaine, expatri\u00e9e \u00e0 Belfast (Irlande du Nord)","datePublished":"2017-07-09T13:10:40+00:00","mainEntityOfPage":{"@id":"https:\/\/tracesdevoyages.com\/index.php\/2017\/07\/09\/interview-violaine-expatriee-a-belfast-irlande-du-nord\/"},"wordCount":1093,"commentCount":4,"publisher":{"@id":"https:\/\/tracesdevoyages.com\/#organization"},"image":{"@id":"https:\/\/tracesdevoyages.com\/index.php\/2017\/07\/09\/interview-violaine-expatriee-a-belfast-irlande-du-nord\/#primaryimage"},"thumbnailUrl":"","keywords":["Blog","Europe","expatriation","interview","irlandedunord"],"articleSection":["Europe","Interviews &amp; Articles Collaboratifs","Irlande","Th\u00e8mes","Voyages"],"inLanguage":"fr-FR","potentialAction":[{"@type":"CommentAction","name":"Comment","target":["https:\/\/tracesdevoyages.com\/index.php\/2017\/07\/09\/interview-violaine-expatriee-a-belfast-irlande-du-nord\/#respond"]}]},{"@type":"WebPage","@id":"https:\/\/tracesdevoyages.com\/index.php\/2017\/07\/09\/interview-violaine-expatriee-a-belfast-irlande-du-nord\/","url":"https:\/\/tracesdevoyages.com\/index.php\/2017\/07\/09\/interview-violaine-expatriee-a-belfast-irlande-du-nord\/","name":"INTERVIEW: Violaine, expatri\u00e9e \u00e0 Belfast (Irlande du Nord) - Traces de Voyages","isPartOf":{"@id":"https:\/\/tracesdevoyages.com\/#website"},"primaryImageOfPage":{"@id":"https:\/\/tracesdevoyages.com\/index.php\/2017\/07\/09\/interview-violaine-expatriee-a-belfast-irlande-du-nord\/#primaryimage"},"image":{"@id":"https:\/\/tracesdevoyages.com\/index.php\/2017\/07\/09\/interview-violaine-expatriee-a-belfast-irlande-du-nord\/#primaryimage"},"thumbnailUrl":"","datePublished":"2017-07-09T13:10:40+00:00","breadcrumb":{"@id":"https:\/\/tracesdevoyages.com\/index.php\/2017\/07\/09\/interview-violaine-expatriee-a-belfast-irlande-du-nord\/#breadcrumb"},"inLanguage":"fr-FR","potentialAction":[{"@type":"ReadAction","target":["https:\/\/tracesdevoyages.com\/index.php\/2017\/07\/09\/interview-violaine-expatriee-a-belfast-irlande-du-nord\/"]}]},{"@type":"ImageObject","inLanguage":"fr-FR","@id":"https:\/\/tracesdevoyages.com\/index.php\/2017\/07\/09\/interview-violaine-expatriee-a-belfast-irlande-du-nord\/#primaryimage","url":"","contentUrl":""},{"@type":"BreadcrumbList","@id":"https:\/\/tracesdevoyages.com\/index.php\/2017\/07\/09\/interview-violaine-expatriee-a-belfast-irlande-du-nord\/#breadcrumb","itemListElement":[{"@type":"ListItem","position":1,"name":"Accueil","item":"https:\/\/tracesdevoyages.com\/"},{"@type":"ListItem","position":2,"name":"INTERVIEW: Violaine, expatri\u00e9e \u00e0 Belfast (Irlande du Nord)"}]},{"@type":"WebSite","@id":"https:\/\/tracesdevoyages.com\/#website","url":"https:\/\/tracesdevoyages.com\/","name":"Traces de Voyages","description":"Blog de voyages","publisher":{"@id":"https:\/\/tracesdevoyages.com\/#organization"},"potentialAction":[{"@type":"SearchAction","target":{"@type":"EntryPoint","urlTemplate":"https:\/\/tracesdevoyages.com\/?s={search_term_string}"},"query-input":{"@type":"PropertyValueSpecification","valueRequired":true,"valueName":"search_term_string"}}],"inLanguage":"fr-FR"},{"@type":"Organization","@id":"https:\/\/tracesdevoyages.com\/#organization","name":"Traces de Voyages","url":"https:\/\/tracesdevoyages.com\/","logo":{"@type":"ImageObject","inLanguage":"fr-FR","@id":"https:\/\/tracesdevoyages.com\/#\/schema\/logo\/image\/","url":"https:\/\/i0.wp.com\/tracesdevoyages.com\/wp-content\/uploads\/2025\/01\/cropped-Traces-de-Voyages-LOGO.jpg?fit=512%2C512&ssl=1","contentUrl":"https:\/\/i0.wp.com\/tracesdevoyages.com\/wp-content\/uploads\/2025\/01\/cropped-Traces-de-Voyages-LOGO.jpg?fit=512%2C512&ssl=1","width":512,"height":512,"caption":"Traces de Voyages"},"image":{"@id":"https:\/\/tracesdevoyages.com\/#\/schema\/logo\/image\/"},"sameAs":["https:\/\/www.facebook.com\/tracesdevoyages\/","https:\/\/x.com\/TracesdeVoyages","https:\/\/www.instagram.com\/tracesdevoyages\/","https:\/\/fr.pinterest.com\/tracesdevoyages\/","https:\/\/www.youtube.com\/channel\/UC240N7Neo4xrJRYcW3UhDaQ\/"]},{"@type":"Person","@id":"https:\/\/tracesdevoyages.com\/#\/schema\/person\/407749fd8c63f4e19e1f4d61c3df1dd3","name":"tracesdevoyages","image":{"@type":"ImageObject","inLanguage":"fr-FR","@id":"https:\/\/tracesdevoyages.com\/#\/schema\/person\/image\/","url":"https:\/\/secure.gravatar.com\/avatar\/89665a7661ade021f231fa4edee45d02595de0df2c6ac04037b09ce699dd6d89?s=96&d=mm&r=g","contentUrl":"https:\/\/secure.gravatar.com\/avatar\/89665a7661ade021f231fa4edee45d02595de0df2c6ac04037b09ce699dd6d89?s=96&d=mm&r=g","caption":"tracesdevoyages"},"url":"https:\/\/tracesdevoyages.com\/index.php\/author\/tracesdevoyages\/"}]}},"jetpack_featured_media_url":"","jetpack_sharing_enabled":true,"_links":{"self":[{"href":"https:\/\/tracesdevoyages.com\/index.php\/wp-json\/wp\/v2\/posts\/6665","targetHints":{"allow":["GET"]}}],"collection":[{"href":"https:\/\/tracesdevoyages.com\/index.php\/wp-json\/wp\/v2\/posts"}],"about":[{"href":"https:\/\/tracesdevoyages.com\/index.php\/wp-json\/wp\/v2\/types\/post"}],"author":[{"embeddable":true,"href":"https:\/\/tracesdevoyages.com\/index.php\/wp-json\/wp\/v2\/users\/2"}],"replies":[{"embeddable":true,"href":"https:\/\/tracesdevoyages.com\/index.php\/wp-json\/wp\/v2\/comments?post=6665"}],"version-history":[{"count":0,"href":"https:\/\/tracesdevoyages.com\/index.php\/wp-json\/wp\/v2\/posts\/6665\/revisions"}],"wp:featuredmedia":[{"embeddable":true,"href":"https:\/\/tracesdevoyages.com\/index.php\/wp-json\/"}],"wp:attachment":[{"href":"https:\/\/tracesdevoyages.com\/index.php\/wp-json\/wp\/v2\/media?parent=6665"}],"wp:term":[{"taxonomy":"category","embeddable":true,"href":"https:\/\/tracesdevoyages.com\/index.php\/wp-json\/wp\/v2\/categories?post=6665"},{"taxonomy":"post_tag","embeddable":true,"href":"https:\/\/tracesdevoyages.com\/index.php\/wp-json\/wp\/v2\/tags?post=6665"}],"curies":[{"name":"wp","href":"https:\/\/api.w.org\/{rel}","templated":true}]}}