{"id":6815,"date":"2017-06-18T13:25:19","date_gmt":"2017-06-18T12:25:19","guid":{"rendered":"http:\/\/tracesdevoyages.com\/?p=6815"},"modified":"2017-06-18T13:25:19","modified_gmt":"2017-06-18T12:25:19","slug":"test-les-carnets-photo-de-saal-digital","status":"publish","type":"post","link":"https:\/\/tracesdevoyages.com\/index.php\/2017\/06\/18\/test-les-carnets-photo-de-saal-digital\/","title":{"rendered":"TEST: Les Carnets Photo de Saal Digital"},"content":{"rendered":"<p>Depuis que nous sommes revenus de notre road trip entre le Canada et les USA en \u00e9t\u00e9 2016, nous avions l&rsquo;id\u00e9e de faire tirer nos plus belles photos de ce voyage sur papier, sans jamais oser franchir le pas. En mai dernier, nous avons d\u00e9couvert <a href=\"http:\/\/www.saal-digital.fr\/\" target=\"_blank\" rel=\"noopener nofollow\">Saal Digital<\/a> par le biais de la page Facebook d&rsquo;Alexis (<a href=\"https:\/\/www.lepetitexplorateur.com\/\" target=\"_blank\" rel=\"noopener noreferrer nofollow\">Le Petit Explorateur<\/a>) qui pr\u00e9sentait son livre photo dont il \u00e9tait ravi. C&rsquo;est ainsi que nous sommes all\u00e9s sur leur site et avons d\u00e9couvert leurs produits. Lorsque nous avons remarqu\u00e9 leur offre en cours, proposant un bon d&rsquo;achat en \u00e9change d&rsquo;avis sur le web, nous avons donc postul\u00e9 en esp\u00e9rant que notre candidature soit retenue&#8230; et elle l&rsquo;a \u00e9t\u00e9! Nous les remercions donc de nous avoir fait confiance pour \u00e9valuer leurs produits et donner notre avis.<\/p>\n\n<p>Tout d&rsquo;abord, il faut savoir qu&rsquo;ils proposent plusieurs produits: tirages photos, posters, tableaux photos, calendriers, cartes &amp; faire-part, fine art (photos imprim\u00e9es sur des petits objets), livres photo et carnets photo. C&rsquo;est ce dernier que nous avons test\u00e9.<\/p>\n<p>La premi\u00e8re \u00e9tape consiste \u00e0 t\u00e9l\u00e9charger leur logiciel via leur site web afin de cr\u00e9er votre carnet (ou autre produit) directement depuis votre ordinateur. Une fois le logiciel t\u00e9l\u00e9charg\u00e9, une page produit s&rsquo;ouvre devant vous et il ne vous reste plus qu&rsquo;\u00e0 s\u00e9lectionner ce que vous d\u00e9sirez cr\u00e9er. Vous arrivez donc dans la partie cr\u00e9ation o\u00f9 nous vous parlons de notre exp\u00e9rience avec le carnet photo.<\/p>\n<p><img data-recalc-dims=\"1\" loading=\"lazy\" decoding=\"async\" class=\"aligncenter size-full wp-image-14340\" src=\"https:\/\/i0.wp.com\/tracesdevoyages.com\/wp-content\/uploads\/2017\/06\/Saal-Digital-carnets-photos-3.jpg?resize=960%2C638&#038;ssl=1\" alt=\"\" width=\"960\" height=\"638\" \/><\/p>\n<p>Vous devez tout d&rsquo;abord s\u00e9lectionner le nombre de pages souhait\u00e9, le format (dimensions du carnet) et l&rsquo;orientation (paysage ou portrait). Apr\u00e8s quoi, un carnet virtuel appara\u00eet o\u00f9 il ne vous reste plus qu&rsquo;\u00e0 importer vos photos et les mettre en page. Pour ce faire, il existe des mod\u00e8les pr\u00e9-existants de mise en page propos\u00e9s que vous pouvez utiliser et remplir avec vos photos, \u00e0 moins que vous ne pr\u00e9f\u00e9riez cr\u00e9er le votre de toute pi\u00e8ce. Vous pouvez choisir d&rsquo;utiliser un arri\u00e8re plan uni ou personnalis\u00e9 et ajouter du texte ou des cliparts.\u00a0Une fois votre carnet r\u00e9alis\u00e9, vous n&rsquo;avez plus qu&rsquo;\u00e0 l&rsquo;enregistrer et passer votre commande en cliquant sur \u00ab\u00a0Ajouter au panier\u00a0\u00bb.<\/p>\n<p><img data-recalc-dims=\"1\" loading=\"lazy\" decoding=\"async\" class=\"aligncenter size-full wp-image-14341\" src=\"https:\/\/i0.wp.com\/tracesdevoyages.com\/wp-content\/uploads\/2017\/06\/Saal-Digital-carnets-photos-4.jpg?resize=960%2C638&#038;ssl=1\" alt=\"\" width=\"960\" height=\"638\" \/><\/p>\n<p>Toute la partie commande se fait \u00e9galement via le logiciel, de la fiche coordonn\u00e9es client au paiement, \u00e0 aucun moment vous ne serez redirig\u00e9 vers une page web. Un email de confirmation vous est envoy\u00e9 par la suite avec le d\u00e9tail de votre achat. En ce qui nous concerne, nous avons re\u00e7u notre carnet 7 jours apr\u00e8s la commande, ce qui nous a parfaitement convenu.<\/p>\n<p><img data-recalc-dims=\"1\" loading=\"lazy\" decoding=\"async\" class=\"aligncenter size-full wp-image-14342\" src=\"https:\/\/i0.wp.com\/tracesdevoyages.com\/wp-content\/uploads\/2017\/06\/Saal-Digital-carnets-photos-5.jpg?resize=960%2C638&#038;ssl=1\" alt=\"\" width=\"960\" height=\"638\" \/><\/p>\n<p>Nos inqui\u00e9tudes avant de le recevoir \u00e9taient les suivantes: les reliures \u00e0 spirales allaient-elles rendre nos photos positionn\u00e9es au centre du carnet invisibles ou sans int\u00e9r\u00eat? La r\u00e9solution de nos photos allait-elle \u00eatre assez \u00e9lev\u00e9e pour permettre un bon rendu une fois imprim\u00e9es? Les couleurs et la lumi\u00e8res allaient-elles \u00eatre aussi belles sur papier que sur nos \u00e9crans? La qualit\u00e9 du papier saurait-elle correspondre \u00e0 l&rsquo;id\u00e9e que nous avions?<\/p>\n<p><img data-recalc-dims=\"1\" loading=\"lazy\" decoding=\"async\" class=\"aligncenter size-full wp-image-14343\" src=\"https:\/\/i0.wp.com\/tracesdevoyages.com\/wp-content\/uploads\/2017\/06\/Saal-Digital-carnets-photos-6.jpg?resize=960%2C638&#038;ssl=1\" alt=\"\" width=\"960\" height=\"638\" \/><\/p>\n<p>A toutes ces questions, <em>Saal Digital<\/em> a su r\u00e9pondre \u00e0 la perfection! Malgr\u00e9 leur position centrale en plein sur les spirales, les photos restaient superbes et tr\u00e8s visibles, la r\u00e9solution \u00e9tait parfaite, les couleurs et la lumi\u00e8re encore plus belles que sur l&rsquo;\u00e9cran et la qualit\u00e9 papier presque satin\u00e9 correspondait parfaitement \u00e0 l&rsquo;id\u00e9e que nous nous \u00e9tions faite. En d&rsquo;autres termes: nous vous recommandons vivement de cr\u00e9er vos produits photo avec eux et pensons m\u00eame \u00e0 r\u00e9it\u00e9rer l&rsquo;exp\u00e9rience pour offrir \u00e0 nos proches le m\u00eame carnet ou encore, cr\u00e9er nos propres tableaux photos&#8230;<\/p>\n<p><img data-recalc-dims=\"1\" loading=\"lazy\" decoding=\"async\" class=\"aligncenter size-full wp-image-14344\" src=\"https:\/\/i0.wp.com\/tracesdevoyages.com\/wp-content\/uploads\/2017\/06\/Saal-Digital-carnets-photos-7.jpg?resize=960%2C502&#038;ssl=1\" alt=\"\" width=\"960\" height=\"502\" \/><\/p>\n<hr \/>\n<p><span style=\"color: #808080;\"><strong>Les +:<\/strong> logiciel intuitif, rapidit\u00e9 d&rsquo;exp\u00e9dition, qualit\u00e9 du produit<\/span><\/p>\n<p><span style=\"color: #808080;\"><strong>Les -:<\/strong> zoom sur les photos un peu trop important (n\u00e9cessaire pour les adapter aux diff\u00e9rents formats)<\/span><\/p>\n<p><span style=\"color: #808080;\"><strong>D\u00e9lais de livraison:<\/strong> 1 semaine via colissimo<\/span><\/p>\n<p><span style=\"color: #808080;\"><strong>Prix:<\/strong> 28.15\u20ac pour un carnet photo format 30&#215;30 orientation paysage de 28 pages +4.95\u20ac de frais de port en envoi standard via colissimo, soit un Total de 33.10\u20ac (<em>prix indicatif, varie selon le nombre de pages et la dimension du carnet<\/em>)<\/span><\/p>\n<hr \/>\n<p style=\"text-align: center;\">\u00a0<em>Article r\u00e9alis\u00e9 en partenariat avec Saal Digital que nous remercions pour leur confiance. Bien entendu, nous restons enti\u00e8rement libres de nos propos.<\/em><\/p>\n","protected":false},"excerpt":{"rendered":"<p>Nous avons test\u00e9: les Carnets Photo de Saal Digital<\/p>\n","protected":false},"author":2,"featured_media":14336,"comment_status":"open","ping_status":"open","sticky":false,"template":"","format":"standard","meta":{"_jetpack_memberships_contains_paid_content":false,"footnotes":""},"categories":[47,48,5],"tags":[148,335,339,389],"class_list":["post-6815","post","type-post","status-publish","format-standard","has-post-thumbnail","hentry","category-supplement-au-voyage","category-tests","category-themes","tag-carnetphoto","tag-photos","tag-produitsphoto","tag-test"],"yoast_head":"<!-- This site is optimized with the Yoast SEO plugin v26.3 - https:\/\/yoast.com\/wordpress\/plugins\/seo\/ -->\n<title>TEST: Les Carnets Photo de Saal Digital - Traces de Voyages<\/title>\n<meta name=\"robots\" content=\"index, follow, max-snippet:-1, max-image-preview:large, max-video-preview:-1\" \/>\n<link rel=\"canonical\" href=\"https:\/\/tracesdevoyages.com\/index.php\/2017\/06\/18\/test-les-carnets-photo-de-saal-digital\/\" \/>\n<meta property=\"og:locale\" content=\"fr_FR\" \/>\n<meta property=\"og:type\" content=\"article\" \/>\n<meta property=\"og:title\" content=\"TEST: Les Carnets Photo de Saal Digital - Traces de Voyages\" \/>\n<meta property=\"og:description\" content=\"Nous avons test\u00e9: les Carnets Photo de Saal Digital\" \/>\n<meta property=\"og:url\" content=\"https:\/\/tracesdevoyages.com\/index.php\/2017\/06\/18\/test-les-carnets-photo-de-saal-digital\/\" \/>\n<meta property=\"og:site_name\" content=\"Traces de Voyages\" \/>\n<meta property=\"article:publisher\" content=\"https:\/\/www.facebook.com\/tracesdevoyages\/\" \/>\n<meta property=\"article:published_time\" content=\"2017-06-18T12:25:19+00:00\" \/>\n<meta name=\"author\" content=\"tracesdevoyages\" \/>\n<meta name=\"twitter:card\" content=\"summary_large_image\" \/>\n<meta name=\"twitter:creator\" content=\"@TracesdeVoyages\" \/>\n<meta name=\"twitter:site\" content=\"@TracesdeVoyages\" \/>\n<meta name=\"twitter:label1\" content=\"\u00c9crit par\" \/>\n\t<meta name=\"twitter:data1\" content=\"tracesdevoyages\" \/>\n\t<meta name=\"twitter:label2\" content=\"Dur\u00e9e de lecture estim\u00e9e\" \/>\n\t<meta name=\"twitter:data2\" content=\"4 minutes\" \/>\n<script type=\"application\/ld+json\" class=\"yoast-schema-graph\">{\"@context\":\"https:\/\/schema.org\",\"@graph\":[{\"@type\":\"Article\",\"@id\":\"https:\/\/tracesdevoyages.com\/index.php\/2017\/06\/18\/test-les-carnets-photo-de-saal-digital\/#article\",\"isPartOf\":{\"@id\":\"https:\/\/tracesdevoyages.com\/index.php\/2017\/06\/18\/test-les-carnets-photo-de-saal-digital\/\"},\"author\":{\"name\":\"tracesdevoyages\",\"@id\":\"https:\/\/tracesdevoyages.com\/#\/schema\/person\/407749fd8c63f4e19e1f4d61c3df1dd3\"},\"headline\":\"TEST: Les Carnets Photo de Saal Digital\",\"datePublished\":\"2017-06-18T12:25:19+00:00\",\"mainEntityOfPage\":{\"@id\":\"https:\/\/tracesdevoyages.com\/index.php\/2017\/06\/18\/test-les-carnets-photo-de-saal-digital\/\"},\"wordCount\":747,\"commentCount\":3,\"publisher\":{\"@id\":\"https:\/\/tracesdevoyages.com\/#organization\"},\"image\":{\"@id\":\"https:\/\/tracesdevoyages.com\/index.php\/2017\/06\/18\/test-les-carnets-photo-de-saal-digital\/#primaryimage\"},\"thumbnailUrl\":\"\",\"keywords\":[\"carnetphoto\",\"Photos\",\"produitsphoto\",\"test\"],\"articleSection\":[\"Suppl\u00e9ment au Voyage\",\"Tests\",\"Th\u00e8mes\"],\"inLanguage\":\"fr-FR\",\"potentialAction\":[{\"@type\":\"CommentAction\",\"name\":\"Comment\",\"target\":[\"https:\/\/tracesdevoyages.com\/index.php\/2017\/06\/18\/test-les-carnets-photo-de-saal-digital\/#respond\"]}]},{\"@type\":\"WebPage\",\"@id\":\"https:\/\/tracesdevoyages.com\/index.php\/2017\/06\/18\/test-les-carnets-photo-de-saal-digital\/\",\"url\":\"https:\/\/tracesdevoyages.com\/index.php\/2017\/06\/18\/test-les-carnets-photo-de-saal-digital\/\",\"name\":\"TEST: Les Carnets Photo de Saal Digital - Traces de Voyages\",\"isPartOf\":{\"@id\":\"https:\/\/tracesdevoyages.com\/#website\"},\"primaryImageOfPage\":{\"@id\":\"https:\/\/tracesdevoyages.com\/index.php\/2017\/06\/18\/test-les-carnets-photo-de-saal-digital\/#primaryimage\"},\"image\":{\"@id\":\"https:\/\/tracesdevoyages.com\/index.php\/2017\/06\/18\/test-les-carnets-photo-de-saal-digital\/#primaryimage\"},\"thumbnailUrl\":\"\",\"datePublished\":\"2017-06-18T12:25:19+00:00\",\"breadcrumb\":{\"@id\":\"https:\/\/tracesdevoyages.com\/index.php\/2017\/06\/18\/test-les-carnets-photo-de-saal-digital\/#breadcrumb\"},\"inLanguage\":\"fr-FR\",\"potentialAction\":[{\"@type\":\"ReadAction\",\"target\":[\"https:\/\/tracesdevoyages.com\/index.php\/2017\/06\/18\/test-les-carnets-photo-de-saal-digital\/\"]}]},{\"@type\":\"ImageObject\",\"inLanguage\":\"fr-FR\",\"@id\":\"https:\/\/tracesdevoyages.com\/index.php\/2017\/06\/18\/test-les-carnets-photo-de-saal-digital\/#primaryimage\",\"url\":\"\",\"contentUrl\":\"\"},{\"@type\":\"BreadcrumbList\",\"@id\":\"https:\/\/tracesdevoyages.com\/index.php\/2017\/06\/18\/test-les-carnets-photo-de-saal-digital\/#breadcrumb\",\"itemListElement\":[{\"@type\":\"ListItem\",\"position\":1,\"name\":\"Accueil\",\"item\":\"https:\/\/tracesdevoyages.com\/\"},{\"@type\":\"ListItem\",\"position\":2,\"name\":\"TEST: Les Carnets Photo de Saal Digital\"}]},{\"@type\":\"WebSite\",\"@id\":\"https:\/\/tracesdevoyages.com\/#website\",\"url\":\"https:\/\/tracesdevoyages.com\/\",\"name\":\"Traces de Voyages\",\"description\":\"Blog de voyages\",\"publisher\":{\"@id\":\"https:\/\/tracesdevoyages.com\/#organization\"},\"potentialAction\":[{\"@type\":\"SearchAction\",\"target\":{\"@type\":\"EntryPoint\",\"urlTemplate\":\"https:\/\/tracesdevoyages.com\/?s={search_term_string}\"},\"query-input\":{\"@type\":\"PropertyValueSpecification\",\"valueRequired\":true,\"valueName\":\"search_term_string\"}}],\"inLanguage\":\"fr-FR\"},{\"@type\":\"Organization\",\"@id\":\"https:\/\/tracesdevoyages.com\/#organization\",\"name\":\"Traces de Voyages\",\"url\":\"https:\/\/tracesdevoyages.com\/\",\"logo\":{\"@type\":\"ImageObject\",\"inLanguage\":\"fr-FR\",\"@id\":\"https:\/\/tracesdevoyages.com\/#\/schema\/logo\/image\/\",\"url\":\"https:\/\/i0.wp.com\/tracesdevoyages.com\/wp-content\/uploads\/2025\/01\/cropped-Traces-de-Voyages-LOGO.jpg?fit=512%2C512&ssl=1\",\"contentUrl\":\"https:\/\/i0.wp.com\/tracesdevoyages.com\/wp-content\/uploads\/2025\/01\/cropped-Traces-de-Voyages-LOGO.jpg?fit=512%2C512&ssl=1\",\"width\":512,\"height\":512,\"caption\":\"Traces de Voyages\"},\"image\":{\"@id\":\"https:\/\/tracesdevoyages.com\/#\/schema\/logo\/image\/\"},\"sameAs\":[\"https:\/\/www.facebook.com\/tracesdevoyages\/\",\"https:\/\/x.com\/TracesdeVoyages\",\"https:\/\/www.instagram.com\/tracesdevoyages\/\",\"https:\/\/fr.pinterest.com\/tracesdevoyages\/\",\"https:\/\/www.youtube.com\/channel\/UC240N7Neo4xrJRYcW3UhDaQ\/\"]},{\"@type\":\"Person\",\"@id\":\"https:\/\/tracesdevoyages.com\/#\/schema\/person\/407749fd8c63f4e19e1f4d61c3df1dd3\",\"name\":\"tracesdevoyages\",\"image\":{\"@type\":\"ImageObject\",\"inLanguage\":\"fr-FR\",\"@id\":\"https:\/\/tracesdevoyages.com\/#\/schema\/person\/image\/\",\"url\":\"https:\/\/secure.gravatar.com\/avatar\/89665a7661ade021f231fa4edee45d02595de0df2c6ac04037b09ce699dd6d89?s=96&d=mm&r=g\",\"contentUrl\":\"https:\/\/secure.gravatar.com\/avatar\/89665a7661ade021f231fa4edee45d02595de0df2c6ac04037b09ce699dd6d89?s=96&d=mm&r=g\",\"caption\":\"tracesdevoyages\"},\"url\":\"https:\/\/tracesdevoyages.com\/index.php\/author\/tracesdevoyages\/\"}]}<\/script>\n<!-- \/ Yoast SEO plugin. -->","yoast_head_json":{"title":"TEST: Les Carnets Photo de Saal Digital - Traces de Voyages","robots":{"index":"index","follow":"follow","max-snippet":"max-snippet:-1","max-image-preview":"max-image-preview:large","max-video-preview":"max-video-preview:-1"},"canonical":"https:\/\/tracesdevoyages.com\/index.php\/2017\/06\/18\/test-les-carnets-photo-de-saal-digital\/","og_locale":"fr_FR","og_type":"article","og_title":"TEST: Les Carnets Photo de Saal Digital - Traces de Voyages","og_description":"Nous avons test\u00e9: les Carnets Photo de Saal Digital","og_url":"https:\/\/tracesdevoyages.com\/index.php\/2017\/06\/18\/test-les-carnets-photo-de-saal-digital\/","og_site_name":"Traces de Voyages","article_publisher":"https:\/\/www.facebook.com\/tracesdevoyages\/","article_published_time":"2017-06-18T12:25:19+00:00","author":"tracesdevoyages","twitter_card":"summary_large_image","twitter_creator":"@TracesdeVoyages","twitter_site":"@TracesdeVoyages","twitter_misc":{"\u00c9crit par":"tracesdevoyages","Dur\u00e9e de lecture estim\u00e9e":"4 minutes"},"schema":{"@context":"https:\/\/schema.org","@graph":[{"@type":"Article","@id":"https:\/\/tracesdevoyages.com\/index.php\/2017\/06\/18\/test-les-carnets-photo-de-saal-digital\/#article","isPartOf":{"@id":"https:\/\/tracesdevoyages.com\/index.php\/2017\/06\/18\/test-les-carnets-photo-de-saal-digital\/"},"author":{"name":"tracesdevoyages","@id":"https:\/\/tracesdevoyages.com\/#\/schema\/person\/407749fd8c63f4e19e1f4d61c3df1dd3"},"headline":"TEST: Les Carnets Photo de Saal Digital","datePublished":"2017-06-18T12:25:19+00:00","mainEntityOfPage":{"@id":"https:\/\/tracesdevoyages.com\/index.php\/2017\/06\/18\/test-les-carnets-photo-de-saal-digital\/"},"wordCount":747,"commentCount":3,"publisher":{"@id":"https:\/\/tracesdevoyages.com\/#organization"},"image":{"@id":"https:\/\/tracesdevoyages.com\/index.php\/2017\/06\/18\/test-les-carnets-photo-de-saal-digital\/#primaryimage"},"thumbnailUrl":"","keywords":["carnetphoto","Photos","produitsphoto","test"],"articleSection":["Suppl\u00e9ment au Voyage","Tests","Th\u00e8mes"],"inLanguage":"fr-FR","potentialAction":[{"@type":"CommentAction","name":"Comment","target":["https:\/\/tracesdevoyages.com\/index.php\/2017\/06\/18\/test-les-carnets-photo-de-saal-digital\/#respond"]}]},{"@type":"WebPage","@id":"https:\/\/tracesdevoyages.com\/index.php\/2017\/06\/18\/test-les-carnets-photo-de-saal-digital\/","url":"https:\/\/tracesdevoyages.com\/index.php\/2017\/06\/18\/test-les-carnets-photo-de-saal-digital\/","name":"TEST: Les Carnets Photo de Saal Digital - Traces de Voyages","isPartOf":{"@id":"https:\/\/tracesdevoyages.com\/#website"},"primaryImageOfPage":{"@id":"https:\/\/tracesdevoyages.com\/index.php\/2017\/06\/18\/test-les-carnets-photo-de-saal-digital\/#primaryimage"},"image":{"@id":"https:\/\/tracesdevoyages.com\/index.php\/2017\/06\/18\/test-les-carnets-photo-de-saal-digital\/#primaryimage"},"thumbnailUrl":"","datePublished":"2017-06-18T12:25:19+00:00","breadcrumb":{"@id":"https:\/\/tracesdevoyages.com\/index.php\/2017\/06\/18\/test-les-carnets-photo-de-saal-digital\/#breadcrumb"},"inLanguage":"fr-FR","potentialAction":[{"@type":"ReadAction","target":["https:\/\/tracesdevoyages.com\/index.php\/2017\/06\/18\/test-les-carnets-photo-de-saal-digital\/"]}]},{"@type":"ImageObject","inLanguage":"fr-FR","@id":"https:\/\/tracesdevoyages.com\/index.php\/2017\/06\/18\/test-les-carnets-photo-de-saal-digital\/#primaryimage","url":"","contentUrl":""},{"@type":"BreadcrumbList","@id":"https:\/\/tracesdevoyages.com\/index.php\/2017\/06\/18\/test-les-carnets-photo-de-saal-digital\/#breadcrumb","itemListElement":[{"@type":"ListItem","position":1,"name":"Accueil","item":"https:\/\/tracesdevoyages.com\/"},{"@type":"ListItem","position":2,"name":"TEST: Les Carnets Photo de Saal Digital"}]},{"@type":"WebSite","@id":"https:\/\/tracesdevoyages.com\/#website","url":"https:\/\/tracesdevoyages.com\/","name":"Traces de Voyages","description":"Blog de voyages","publisher":{"@id":"https:\/\/tracesdevoyages.com\/#organization"},"potentialAction":[{"@type":"SearchAction","target":{"@type":"EntryPoint","urlTemplate":"https:\/\/tracesdevoyages.com\/?s={search_term_string}"},"query-input":{"@type":"PropertyValueSpecification","valueRequired":true,"valueName":"search_term_string"}}],"inLanguage":"fr-FR"},{"@type":"Organization","@id":"https:\/\/tracesdevoyages.com\/#organization","name":"Traces de Voyages","url":"https:\/\/tracesdevoyages.com\/","logo":{"@type":"ImageObject","inLanguage":"fr-FR","@id":"https:\/\/tracesdevoyages.com\/#\/schema\/logo\/image\/","url":"https:\/\/i0.wp.com\/tracesdevoyages.com\/wp-content\/uploads\/2025\/01\/cropped-Traces-de-Voyages-LOGO.jpg?fit=512%2C512&ssl=1","contentUrl":"https:\/\/i0.wp.com\/tracesdevoyages.com\/wp-content\/uploads\/2025\/01\/cropped-Traces-de-Voyages-LOGO.jpg?fit=512%2C512&ssl=1","width":512,"height":512,"caption":"Traces de Voyages"},"image":{"@id":"https:\/\/tracesdevoyages.com\/#\/schema\/logo\/image\/"},"sameAs":["https:\/\/www.facebook.com\/tracesdevoyages\/","https:\/\/x.com\/TracesdeVoyages","https:\/\/www.instagram.com\/tracesdevoyages\/","https:\/\/fr.pinterest.com\/tracesdevoyages\/","https:\/\/www.youtube.com\/channel\/UC240N7Neo4xrJRYcW3UhDaQ\/"]},{"@type":"Person","@id":"https:\/\/tracesdevoyages.com\/#\/schema\/person\/407749fd8c63f4e19e1f4d61c3df1dd3","name":"tracesdevoyages","image":{"@type":"ImageObject","inLanguage":"fr-FR","@id":"https:\/\/tracesdevoyages.com\/#\/schema\/person\/image\/","url":"https:\/\/secure.gravatar.com\/avatar\/89665a7661ade021f231fa4edee45d02595de0df2c6ac04037b09ce699dd6d89?s=96&d=mm&r=g","contentUrl":"https:\/\/secure.gravatar.com\/avatar\/89665a7661ade021f231fa4edee45d02595de0df2c6ac04037b09ce699dd6d89?s=96&d=mm&r=g","caption":"tracesdevoyages"},"url":"https:\/\/tracesdevoyages.com\/index.php\/author\/tracesdevoyages\/"}]}},"jetpack_featured_media_url":"","jetpack_sharing_enabled":true,"_links":{"self":[{"href":"https:\/\/tracesdevoyages.com\/index.php\/wp-json\/wp\/v2\/posts\/6815","targetHints":{"allow":["GET"]}}],"collection":[{"href":"https:\/\/tracesdevoyages.com\/index.php\/wp-json\/wp\/v2\/posts"}],"about":[{"href":"https:\/\/tracesdevoyages.com\/index.php\/wp-json\/wp\/v2\/types\/post"}],"author":[{"embeddable":true,"href":"https:\/\/tracesdevoyages.com\/index.php\/wp-json\/wp\/v2\/users\/2"}],"replies":[{"embeddable":true,"href":"https:\/\/tracesdevoyages.com\/index.php\/wp-json\/wp\/v2\/comments?post=6815"}],"version-history":[{"count":0,"href":"https:\/\/tracesdevoyages.com\/index.php\/wp-json\/wp\/v2\/posts\/6815\/revisions"}],"wp:featuredmedia":[{"embeddable":true,"href":"https:\/\/tracesdevoyages.com\/index.php\/wp-json\/"}],"wp:attachment":[{"href":"https:\/\/tracesdevoyages.com\/index.php\/wp-json\/wp\/v2\/media?parent=6815"}],"wp:term":[{"taxonomy":"category","embeddable":true,"href":"https:\/\/tracesdevoyages.com\/index.php\/wp-json\/wp\/v2\/categories?post=6815"},{"taxonomy":"post_tag","embeddable":true,"href":"https:\/\/tracesdevoyages.com\/index.php\/wp-json\/wp\/v2\/tags?post=6815"}],"curies":[{"name":"wp","href":"https:\/\/api.w.org\/{rel}","templated":true}]}}