{"id":7755,"date":"2017-07-16T13:53:21","date_gmt":"2017-07-16T11:53:21","guid":{"rendered":"http:\/\/tracesdevoyages.com\/?p=7755"},"modified":"2017-07-16T13:53:21","modified_gmt":"2017-07-16T11:53:21","slug":"latelier-charente-maritime-france","status":"publish","type":"post","link":"https:\/\/tracesdevoyages.com\/index.php\/2017\/07\/16\/latelier-charente-maritime-france\/","title":{"rendered":"L&rsquo;Atelier (Charente-Maritime &#8211; France)"},"content":{"rendered":"<p>En juin, Charlotte f\u00eatait son anniversaire et \u00e0 cette occasion, nous avons choisi de nous rendre dans un bar \u00e0 vin-restaurant de Royan que nous ne connaissions pas encore: <a href=\"https:\/\/www.facebook.com\/atelierroyan\/\" target=\"_blank\" rel=\"noopener noreferrer\">L&rsquo;Atelier<\/a>!<\/p>\n\n<p>Id\u00e9alement situ\u00e9 dans un des nombreux U du Boulevard de la R\u00e9publique, \u00e0 deux pas de l&rsquo;Office de Tourisme et de la plage, l&rsquo;Atelier poss\u00e8de 2 styles de cuisine selon les saisons. En hiver, le lieu vous propose des plats typiquement savoyards et en \u00e9t\u00e9, ils mettent en valeur les produits de la mer. Mais en toute saison, vous retrouverez la sp\u00e9cialit\u00e9 de la maison: la pierrade. On vous apporte sur table la pierrade en question sur laquelle vous faites cuire vous-m\u00eame votre viande \u00e0 votre convenance, cr\u00e9ant une petite animation tr\u00e8s conviviale parmi les invit\u00e9s. La viande peut \u00eatre blanche ou rouge et est agr\u00e9ment\u00e9e de nombreux accompagnements et sauces au choix. La carte des vins vous offre un large choix et si vous h\u00e9sitez, n&rsquo;h\u00e9sitez pas \u00e0 demander conseil. En dessert, leur cannel\u00e9 fa\u00e7on profiterole marie parfaitement le classique dessert avec la sp\u00e9cialit\u00e9 de Bordeaux. Vous pouvez aussi opter pour un d\u00e9licieux tiramisu aux fraises et sp\u00e9culoos!<\/p>\n\n<p>C\u00f4t\u00e9 d\u00e9co, le style industriel allie parfaitement le m\u00e9tal et le bois avec des petites touches personnelles qui en vous laisseront pas indiff\u00e9rents come leur superbe lustre en verres \u00e0 vin. Les prix sont plus qu&rsquo;abordables, compter 18\u20ac pour un menu du jour complet (entr\u00e9e-plat-dessert) ou 12\u20ac l&rsquo;entr\u00e9e+plat ou plat+dessert. Enfin, pour ce qui est du service, vous serez toujours bien accueillis ici, tout sourire et aux petits soins avec leurs clients, chez l&rsquo;Atelier ils misent sur la convivialit\u00e9!<\/p>\n\n<p>Ouverts du mardi au samedi de 11h \u00e0 14h30 et de 18h30 \u00e0 22h30. Adresse: 73 Boulevard de la R\u00e9publique, 17200 Royan. Tel: 05.46.02.80.19.<\/p>\n<hr \/>\n<p>https:\/\/www.pinterest.fr\/pin\/804525920912531891\/<\/p>\n","protected":false},"excerpt":{"rendered":"<p>Coup de c\u0153ur pour ce bar \u00e0 vin &#8211; restaurant \u00e0 Royan!<\/p>\n","protected":false},"author":2,"featured_media":14434,"comment_status":"open","ping_status":"open","sticky":false,"template":"","format":"standard","meta":{"_jetpack_memberships_contains_paid_content":false,"footnotes":""},"categories":[2,21,22,35,4,6],"tags":[152,202,203,346,354],"class_list":["post-7755","post","type-post","status-publish","format-standard","has-post-thumbnail","hentry","category-carnet-dadresses","category-europe","category-france","category-nouvelle-aquitaine","category-restauration","category-voyages","tag-charentemaritime","tag-food","tag-france","tag-restaurant","tag-royan"],"yoast_head":"<!-- This site is optimized with the Yoast SEO plugin v26.3 - https:\/\/yoast.com\/wordpress\/plugins\/seo\/ -->\n<title>L&#039;Atelier (Charente-Maritime - France) - Traces de Voyages<\/title>\n<meta name=\"robots\" content=\"index, follow, max-snippet:-1, max-image-preview:large, max-video-preview:-1\" \/>\n<link rel=\"canonical\" href=\"https:\/\/tracesdevoyages.com\/index.php\/2017\/07\/16\/latelier-charente-maritime-france\/\" \/>\n<meta property=\"og:locale\" content=\"fr_FR\" \/>\n<meta property=\"og:type\" content=\"article\" \/>\n<meta property=\"og:title\" content=\"L&#039;Atelier (Charente-Maritime - France) - Traces de Voyages\" \/>\n<meta property=\"og:description\" content=\"Coup de c\u0153ur pour ce bar \u00e0 vin - restaurant \u00e0 Royan!\" \/>\n<meta property=\"og:url\" content=\"https:\/\/tracesdevoyages.com\/index.php\/2017\/07\/16\/latelier-charente-maritime-france\/\" \/>\n<meta property=\"og:site_name\" content=\"Traces de Voyages\" \/>\n<meta property=\"article:publisher\" content=\"https:\/\/www.facebook.com\/tracesdevoyages\/\" \/>\n<meta property=\"article:published_time\" content=\"2017-07-16T11:53:21+00:00\" \/>\n<meta name=\"author\" content=\"tracesdevoyages\" \/>\n<meta name=\"twitter:card\" content=\"summary_large_image\" \/>\n<meta name=\"twitter:creator\" content=\"@TracesdeVoyages\" \/>\n<meta name=\"twitter:site\" content=\"@TracesdeVoyages\" \/>\n<meta name=\"twitter:label1\" content=\"\u00c9crit par\" \/>\n\t<meta name=\"twitter:data1\" content=\"tracesdevoyages\" \/>\n\t<meta name=\"twitter:label2\" content=\"Dur\u00e9e de lecture estim\u00e9e\" \/>\n\t<meta name=\"twitter:data2\" content=\"2 minutes\" \/>\n<script type=\"application\/ld+json\" class=\"yoast-schema-graph\">{\"@context\":\"https:\/\/schema.org\",\"@graph\":[{\"@type\":\"Article\",\"@id\":\"https:\/\/tracesdevoyages.com\/index.php\/2017\/07\/16\/latelier-charente-maritime-france\/#article\",\"isPartOf\":{\"@id\":\"https:\/\/tracesdevoyages.com\/index.php\/2017\/07\/16\/latelier-charente-maritime-france\/\"},\"author\":{\"name\":\"tracesdevoyages\",\"@id\":\"https:\/\/tracesdevoyages.com\/#\/schema\/person\/407749fd8c63f4e19e1f4d61c3df1dd3\"},\"headline\":\"L&rsquo;Atelier (Charente-Maritime &#8211; France)\",\"datePublished\":\"2017-07-16T11:53:21+00:00\",\"mainEntityOfPage\":{\"@id\":\"https:\/\/tracesdevoyages.com\/index.php\/2017\/07\/16\/latelier-charente-maritime-france\/\"},\"wordCount\":333,\"commentCount\":1,\"publisher\":{\"@id\":\"https:\/\/tracesdevoyages.com\/#organization\"},\"image\":{\"@id\":\"https:\/\/tracesdevoyages.com\/index.php\/2017\/07\/16\/latelier-charente-maritime-france\/#primaryimage\"},\"thumbnailUrl\":\"\",\"keywords\":[\"CharenteMaritime\",\"Food\",\"France\",\"Restaurant\",\"Royan\"],\"articleSection\":[\"Carnet d'Adresses\",\"Europe\",\"France\",\"Nouvelle-Aquitaine\",\"Restauration\",\"Voyages\"],\"inLanguage\":\"fr-FR\",\"potentialAction\":[{\"@type\":\"CommentAction\",\"name\":\"Comment\",\"target\":[\"https:\/\/tracesdevoyages.com\/index.php\/2017\/07\/16\/latelier-charente-maritime-france\/#respond\"]}]},{\"@type\":\"WebPage\",\"@id\":\"https:\/\/tracesdevoyages.com\/index.php\/2017\/07\/16\/latelier-charente-maritime-france\/\",\"url\":\"https:\/\/tracesdevoyages.com\/index.php\/2017\/07\/16\/latelier-charente-maritime-france\/\",\"name\":\"L'Atelier (Charente-Maritime - France) - Traces de Voyages\",\"isPartOf\":{\"@id\":\"https:\/\/tracesdevoyages.com\/#website\"},\"primaryImageOfPage\":{\"@id\":\"https:\/\/tracesdevoyages.com\/index.php\/2017\/07\/16\/latelier-charente-maritime-france\/#primaryimage\"},\"image\":{\"@id\":\"https:\/\/tracesdevoyages.com\/index.php\/2017\/07\/16\/latelier-charente-maritime-france\/#primaryimage\"},\"thumbnailUrl\":\"\",\"datePublished\":\"2017-07-16T11:53:21+00:00\",\"breadcrumb\":{\"@id\":\"https:\/\/tracesdevoyages.com\/index.php\/2017\/07\/16\/latelier-charente-maritime-france\/#breadcrumb\"},\"inLanguage\":\"fr-FR\",\"potentialAction\":[{\"@type\":\"ReadAction\",\"target\":[\"https:\/\/tracesdevoyages.com\/index.php\/2017\/07\/16\/latelier-charente-maritime-france\/\"]}]},{\"@type\":\"ImageObject\",\"inLanguage\":\"fr-FR\",\"@id\":\"https:\/\/tracesdevoyages.com\/index.php\/2017\/07\/16\/latelier-charente-maritime-france\/#primaryimage\",\"url\":\"\",\"contentUrl\":\"\"},{\"@type\":\"BreadcrumbList\",\"@id\":\"https:\/\/tracesdevoyages.com\/index.php\/2017\/07\/16\/latelier-charente-maritime-france\/#breadcrumb\",\"itemListElement\":[{\"@type\":\"ListItem\",\"position\":1,\"name\":\"Accueil\",\"item\":\"https:\/\/tracesdevoyages.com\/\"},{\"@type\":\"ListItem\",\"position\":2,\"name\":\"L&rsquo;Atelier (Charente-Maritime &#8211; France)\"}]},{\"@type\":\"WebSite\",\"@id\":\"https:\/\/tracesdevoyages.com\/#website\",\"url\":\"https:\/\/tracesdevoyages.com\/\",\"name\":\"Traces de Voyages\",\"description\":\"Blog de voyages\",\"publisher\":{\"@id\":\"https:\/\/tracesdevoyages.com\/#organization\"},\"potentialAction\":[{\"@type\":\"SearchAction\",\"target\":{\"@type\":\"EntryPoint\",\"urlTemplate\":\"https:\/\/tracesdevoyages.com\/?s={search_term_string}\"},\"query-input\":{\"@type\":\"PropertyValueSpecification\",\"valueRequired\":true,\"valueName\":\"search_term_string\"}}],\"inLanguage\":\"fr-FR\"},{\"@type\":\"Organization\",\"@id\":\"https:\/\/tracesdevoyages.com\/#organization\",\"name\":\"Traces de Voyages\",\"url\":\"https:\/\/tracesdevoyages.com\/\",\"logo\":{\"@type\":\"ImageObject\",\"inLanguage\":\"fr-FR\",\"@id\":\"https:\/\/tracesdevoyages.com\/#\/schema\/logo\/image\/\",\"url\":\"https:\/\/i0.wp.com\/tracesdevoyages.com\/wp-content\/uploads\/2025\/01\/cropped-Traces-de-Voyages-LOGO.jpg?fit=512%2C512&ssl=1\",\"contentUrl\":\"https:\/\/i0.wp.com\/tracesdevoyages.com\/wp-content\/uploads\/2025\/01\/cropped-Traces-de-Voyages-LOGO.jpg?fit=512%2C512&ssl=1\",\"width\":512,\"height\":512,\"caption\":\"Traces de Voyages\"},\"image\":{\"@id\":\"https:\/\/tracesdevoyages.com\/#\/schema\/logo\/image\/\"},\"sameAs\":[\"https:\/\/www.facebook.com\/tracesdevoyages\/\",\"https:\/\/x.com\/TracesdeVoyages\",\"https:\/\/www.instagram.com\/tracesdevoyages\/\",\"https:\/\/fr.pinterest.com\/tracesdevoyages\/\",\"https:\/\/www.youtube.com\/channel\/UC240N7Neo4xrJRYcW3UhDaQ\/\"]},{\"@type\":\"Person\",\"@id\":\"https:\/\/tracesdevoyages.com\/#\/schema\/person\/407749fd8c63f4e19e1f4d61c3df1dd3\",\"name\":\"tracesdevoyages\",\"image\":{\"@type\":\"ImageObject\",\"inLanguage\":\"fr-FR\",\"@id\":\"https:\/\/tracesdevoyages.com\/#\/schema\/person\/image\/\",\"url\":\"https:\/\/secure.gravatar.com\/avatar\/89665a7661ade021f231fa4edee45d02595de0df2c6ac04037b09ce699dd6d89?s=96&d=mm&r=g\",\"contentUrl\":\"https:\/\/secure.gravatar.com\/avatar\/89665a7661ade021f231fa4edee45d02595de0df2c6ac04037b09ce699dd6d89?s=96&d=mm&r=g\",\"caption\":\"tracesdevoyages\"},\"url\":\"https:\/\/tracesdevoyages.com\/index.php\/author\/tracesdevoyages\/\"}]}<\/script>\n<!-- \/ Yoast SEO plugin. -->","yoast_head_json":{"title":"L'Atelier (Charente-Maritime - France) - Traces de Voyages","robots":{"index":"index","follow":"follow","max-snippet":"max-snippet:-1","max-image-preview":"max-image-preview:large","max-video-preview":"max-video-preview:-1"},"canonical":"https:\/\/tracesdevoyages.com\/index.php\/2017\/07\/16\/latelier-charente-maritime-france\/","og_locale":"fr_FR","og_type":"article","og_title":"L'Atelier (Charente-Maritime - France) - Traces de Voyages","og_description":"Coup de c\u0153ur pour ce bar \u00e0 vin - restaurant \u00e0 Royan!","og_url":"https:\/\/tracesdevoyages.com\/index.php\/2017\/07\/16\/latelier-charente-maritime-france\/","og_site_name":"Traces de Voyages","article_publisher":"https:\/\/www.facebook.com\/tracesdevoyages\/","article_published_time":"2017-07-16T11:53:21+00:00","author":"tracesdevoyages","twitter_card":"summary_large_image","twitter_creator":"@TracesdeVoyages","twitter_site":"@TracesdeVoyages","twitter_misc":{"\u00c9crit par":"tracesdevoyages","Dur\u00e9e de lecture estim\u00e9e":"2 minutes"},"schema":{"@context":"https:\/\/schema.org","@graph":[{"@type":"Article","@id":"https:\/\/tracesdevoyages.com\/index.php\/2017\/07\/16\/latelier-charente-maritime-france\/#article","isPartOf":{"@id":"https:\/\/tracesdevoyages.com\/index.php\/2017\/07\/16\/latelier-charente-maritime-france\/"},"author":{"name":"tracesdevoyages","@id":"https:\/\/tracesdevoyages.com\/#\/schema\/person\/407749fd8c63f4e19e1f4d61c3df1dd3"},"headline":"L&rsquo;Atelier (Charente-Maritime &#8211; France)","datePublished":"2017-07-16T11:53:21+00:00","mainEntityOfPage":{"@id":"https:\/\/tracesdevoyages.com\/index.php\/2017\/07\/16\/latelier-charente-maritime-france\/"},"wordCount":333,"commentCount":1,"publisher":{"@id":"https:\/\/tracesdevoyages.com\/#organization"},"image":{"@id":"https:\/\/tracesdevoyages.com\/index.php\/2017\/07\/16\/latelier-charente-maritime-france\/#primaryimage"},"thumbnailUrl":"","keywords":["CharenteMaritime","Food","France","Restaurant","Royan"],"articleSection":["Carnet d'Adresses","Europe","France","Nouvelle-Aquitaine","Restauration","Voyages"],"inLanguage":"fr-FR","potentialAction":[{"@type":"CommentAction","name":"Comment","target":["https:\/\/tracesdevoyages.com\/index.php\/2017\/07\/16\/latelier-charente-maritime-france\/#respond"]}]},{"@type":"WebPage","@id":"https:\/\/tracesdevoyages.com\/index.php\/2017\/07\/16\/latelier-charente-maritime-france\/","url":"https:\/\/tracesdevoyages.com\/index.php\/2017\/07\/16\/latelier-charente-maritime-france\/","name":"L'Atelier (Charente-Maritime - France) - Traces de Voyages","isPartOf":{"@id":"https:\/\/tracesdevoyages.com\/#website"},"primaryImageOfPage":{"@id":"https:\/\/tracesdevoyages.com\/index.php\/2017\/07\/16\/latelier-charente-maritime-france\/#primaryimage"},"image":{"@id":"https:\/\/tracesdevoyages.com\/index.php\/2017\/07\/16\/latelier-charente-maritime-france\/#primaryimage"},"thumbnailUrl":"","datePublished":"2017-07-16T11:53:21+00:00","breadcrumb":{"@id":"https:\/\/tracesdevoyages.com\/index.php\/2017\/07\/16\/latelier-charente-maritime-france\/#breadcrumb"},"inLanguage":"fr-FR","potentialAction":[{"@type":"ReadAction","target":["https:\/\/tracesdevoyages.com\/index.php\/2017\/07\/16\/latelier-charente-maritime-france\/"]}]},{"@type":"ImageObject","inLanguage":"fr-FR","@id":"https:\/\/tracesdevoyages.com\/index.php\/2017\/07\/16\/latelier-charente-maritime-france\/#primaryimage","url":"","contentUrl":""},{"@type":"BreadcrumbList","@id":"https:\/\/tracesdevoyages.com\/index.php\/2017\/07\/16\/latelier-charente-maritime-france\/#breadcrumb","itemListElement":[{"@type":"ListItem","position":1,"name":"Accueil","item":"https:\/\/tracesdevoyages.com\/"},{"@type":"ListItem","position":2,"name":"L&rsquo;Atelier (Charente-Maritime &#8211; France)"}]},{"@type":"WebSite","@id":"https:\/\/tracesdevoyages.com\/#website","url":"https:\/\/tracesdevoyages.com\/","name":"Traces de Voyages","description":"Blog de voyages","publisher":{"@id":"https:\/\/tracesdevoyages.com\/#organization"},"potentialAction":[{"@type":"SearchAction","target":{"@type":"EntryPoint","urlTemplate":"https:\/\/tracesdevoyages.com\/?s={search_term_string}"},"query-input":{"@type":"PropertyValueSpecification","valueRequired":true,"valueName":"search_term_string"}}],"inLanguage":"fr-FR"},{"@type":"Organization","@id":"https:\/\/tracesdevoyages.com\/#organization","name":"Traces de Voyages","url":"https:\/\/tracesdevoyages.com\/","logo":{"@type":"ImageObject","inLanguage":"fr-FR","@id":"https:\/\/tracesdevoyages.com\/#\/schema\/logo\/image\/","url":"https:\/\/i0.wp.com\/tracesdevoyages.com\/wp-content\/uploads\/2025\/01\/cropped-Traces-de-Voyages-LOGO.jpg?fit=512%2C512&ssl=1","contentUrl":"https:\/\/i0.wp.com\/tracesdevoyages.com\/wp-content\/uploads\/2025\/01\/cropped-Traces-de-Voyages-LOGO.jpg?fit=512%2C512&ssl=1","width":512,"height":512,"caption":"Traces de Voyages"},"image":{"@id":"https:\/\/tracesdevoyages.com\/#\/schema\/logo\/image\/"},"sameAs":["https:\/\/www.facebook.com\/tracesdevoyages\/","https:\/\/x.com\/TracesdeVoyages","https:\/\/www.instagram.com\/tracesdevoyages\/","https:\/\/fr.pinterest.com\/tracesdevoyages\/","https:\/\/www.youtube.com\/channel\/UC240N7Neo4xrJRYcW3UhDaQ\/"]},{"@type":"Person","@id":"https:\/\/tracesdevoyages.com\/#\/schema\/person\/407749fd8c63f4e19e1f4d61c3df1dd3","name":"tracesdevoyages","image":{"@type":"ImageObject","inLanguage":"fr-FR","@id":"https:\/\/tracesdevoyages.com\/#\/schema\/person\/image\/","url":"https:\/\/secure.gravatar.com\/avatar\/89665a7661ade021f231fa4edee45d02595de0df2c6ac04037b09ce699dd6d89?s=96&d=mm&r=g","contentUrl":"https:\/\/secure.gravatar.com\/avatar\/89665a7661ade021f231fa4edee45d02595de0df2c6ac04037b09ce699dd6d89?s=96&d=mm&r=g","caption":"tracesdevoyages"},"url":"https:\/\/tracesdevoyages.com\/index.php\/author\/tracesdevoyages\/"}]}},"jetpack_featured_media_url":"","jetpack_sharing_enabled":true,"_links":{"self":[{"href":"https:\/\/tracesdevoyages.com\/index.php\/wp-json\/wp\/v2\/posts\/7755","targetHints":{"allow":["GET"]}}],"collection":[{"href":"https:\/\/tracesdevoyages.com\/index.php\/wp-json\/wp\/v2\/posts"}],"about":[{"href":"https:\/\/tracesdevoyages.com\/index.php\/wp-json\/wp\/v2\/types\/post"}],"author":[{"embeddable":true,"href":"https:\/\/tracesdevoyages.com\/index.php\/wp-json\/wp\/v2\/users\/2"}],"replies":[{"embeddable":true,"href":"https:\/\/tracesdevoyages.com\/index.php\/wp-json\/wp\/v2\/comments?post=7755"}],"version-history":[{"count":0,"href":"https:\/\/tracesdevoyages.com\/index.php\/wp-json\/wp\/v2\/posts\/7755\/revisions"}],"wp:featuredmedia":[{"embeddable":true,"href":"https:\/\/tracesdevoyages.com\/index.php\/wp-json\/"}],"wp:attachment":[{"href":"https:\/\/tracesdevoyages.com\/index.php\/wp-json\/wp\/v2\/media?parent=7755"}],"wp:term":[{"taxonomy":"category","embeddable":true,"href":"https:\/\/tracesdevoyages.com\/index.php\/wp-json\/wp\/v2\/categories?post=7755"},{"taxonomy":"post_tag","embeddable":true,"href":"https:\/\/tracesdevoyages.com\/index.php\/wp-json\/wp\/v2\/tags?post=7755"}],"curies":[{"name":"wp","href":"https:\/\/api.w.org\/{rel}","templated":true}]}}