{"id":8224,"date":"2017-09-03T16:15:24","date_gmt":"2017-09-03T15:15:24","guid":{"rendered":"http:\/\/tracesdevoyages.com\/?p=8224"},"modified":"2017-09-03T16:15:24","modified_gmt":"2017-09-03T15:15:24","slug":"interview-camille-pierre-anciens-expatries-a-dornbirn-autriche","status":"publish","type":"post","link":"https:\/\/tracesdevoyages.com\/index.php\/2017\/09\/03\/interview-camille-pierre-anciens-expatries-a-dornbirn-autriche\/","title":{"rendered":"INTERVIEW: Camille &#038; Pierre, anciens expatri\u00e9s \u00e0 Dornbirn (Autriche)"},"content":{"rendered":"<p>Aujourd\u2019hui, nous accueillons Camille &amp; Pierre\u00a0qui ont v\u00e9cu 2 ans en Autriche \u00e0 Dornbirn entre 2015 et 2017. Vous connaissez peut-\u00eatre Camille de par son blog <a href=\"https:\/\/senseaway.com\/\" target=\"_blank\" rel=\"noopener\">Sense Away<\/a> ou ses articles sur <a href=\"http:\/\/untrekunefille.fr\/\" target=\"_blank\" rel=\"noopener\">Un Trek Une Fille<\/a>, ou avec Pierre via <a href=\"http:\/\/www.theroadtrippers.fr\/\" target=\"_blank\" rel=\"noopener\">The Roadtrippers<\/a>&#8230; Actuellement sur les routes du Canada, ils ont accept\u00e9 de nous parler un peu de leur exp\u00e9rience pass\u00e9e en Autriche pour les futurs voyageurs ou expats!<\/p>\n<figure id=\"attachment_14514\" aria-describedby=\"caption-attachment-14514\" style=\"width: 1200px\" class=\"wp-caption alignnone\"><img data-recalc-dims=\"1\" loading=\"lazy\" decoding=\"async\" class=\"size-full wp-image-14514\" src=\"https:\/\/i0.wp.com\/tracesdevoyages.com\/wp-content\/uploads\/2017\/09\/Camille-Pierre1.jpg?resize=960%2C640&#038;ssl=1\" alt=\"\" width=\"960\" height=\"640\" \/><figcaption id=\"caption-attachment-14514\" class=\"wp-caption-text\">Vorarlberg, L\u00fcnersee<\/figcaption><\/figure>\n<h4>D\u2019o\u00f9 venez-vous\u00a0?<\/h4>\n<p>Nous venons tous les deux de Bretagne, Pierre est originaire de Lannion et moi de Rennes.<\/p>\n<h4>O\u00f9 avez-vous v\u00e9cu en Autriche\u00a0?<\/h4>\n<p>Nous avons v\u00e9cu \u00e0 Dornbirn dans la province du Vorarlberg, juste \u00e0 c\u00f4t\u00e9 du lac de Constance qui est frontalier avec la Suisse et l\u2019Allemagne. C\u2019est une vall\u00e9e splendide entre lac et montagnes.<\/p>\n<h4>Combien de temps avez-vous v\u00e9cu l\u00e0-bas ?<\/h4>\n<p>J\u2019ai habit\u00e9 l\u00e0-bas pendant\u00a0 2 ans et Pierre m\u2019a rejoint pendant 1 an.<\/p>\n<h4>Pour quelle(s) raison(s) avez-vous d\u00e9cid\u00e9 de rester\u00a0?<\/h4>\n<p>Nous avons tous les deux trouv\u00e9 un travail int\u00e9ressant et sommes tomb\u00e9s amoureux de la r\u00e9gion, ce qui n\u2019a rien arrang\u00e9\u2026\u00a0\ud83d\ude00<\/p>\n<h4>Qu\u2019est-ce qui vous manquait le plus de la France\u00a0?<\/h4>\n<p>La famille et les amis tr\u00e8s certainement. Mais compar\u00e9 \u00e0 l\u2019Asie o\u00f9 nous avons v\u00e9cu 2 ans, il \u00e9tait beaucoup plus facile de trouver la nourriture que nous souhaitions. Et si l\u2019envie nous en prenait, nous pouvions \u00eatre en France, en quelques heures de route.<\/p>\n<figure id=\"attachment_14515\" aria-describedby=\"caption-attachment-14515\" style=\"width: 1000px\" class=\"wp-caption alignnone\"><img data-recalc-dims=\"1\" loading=\"lazy\" decoding=\"async\" class=\"size-full wp-image-14515\" src=\"https:\/\/i0.wp.com\/tracesdevoyages.com\/wp-content\/uploads\/2017\/09\/Camille-Pierre2.jpg?resize=960%2C640&#038;ssl=1\" alt=\"\" width=\"960\" height=\"640\" \/><figcaption id=\"caption-attachment-14515\" class=\"wp-caption-text\">Hallstatt<\/figcaption><\/figure>\n<h4>Pouvez-vous nous parler un peu de cette expatriation\u00a0? Comment est n\u00e9e cette id\u00e9e\u00a0?<\/h4>\n<p>\u00c0 vrai dire,\u00a0 rien de tout cela n\u2019\u00e9tait vraiment pr\u00e9vu. Il se trouve qu\u2019\u00e0 la fin de mon Master2, j\u2019ai postul\u00e9 \u00e0 diff\u00e9rentes offres d\u2019emploi et l\u2019entreprise autrichienne a \u00e9t\u00e9 la premi\u00e8re \u00e0 m\u2019embaucher.\u00a0 Je n\u2019ai pas h\u00e9sit\u00e9 bien longtemps, j\u2019ai fonc\u00e9.<\/p>\n<h4>Vivre en Autriche au quotidien, comment \u00e7a se passe\u00a0?<\/h4>\n<p>En arrivant en Autriche, je ne parlais pas un mot d\u2019allemand, ce qui complique tout de suite un peu la chose\u2026 Mais avec quelques cours et un niveau d\u2019anglais convenable, on s\u2019en sort tr\u00e8s bien. Le plus difficile a peut-\u00eatre \u00e9t\u00e9 le barrage de la langue dans l\u2019environnement de travail. M\u00eame si nous \u00e9changions toujours en anglais, ne pas parler la langue de l\u2019entreprise n\u2019aide pas \u00e0 \u00eatre bien int\u00e9gr\u00e9. Je pense que c\u2019est l\u2019une des raisons pour lesquelles apr\u00e8s 2 ans, j\u2019ai souhait\u00e9 tourner la page de cette aventure.<\/p>\n<h4>Votre plus beau souvenir l\u00e0-bas\u00a0:<\/h4>\n<p>Sortir du travail, grimper en haut d\u2019une montagne, \u00eatre en pleine nature et voir le coucher du soleil.<\/p>\n<h4>Le pire\u00a0:<\/h4>\n<p>Devoir travailler, alors qu\u2019il fait un temps magnifique dehors et que les montagnes nous narguent par les fen\u00eatres ahah.<\/p>\n<figure id=\"attachment_14517\" aria-describedby=\"caption-attachment-14517\" style=\"width: 1000px\" class=\"wp-caption alignnone\"><img data-recalc-dims=\"1\" loading=\"lazy\" decoding=\"async\" class=\"size-full wp-image-14517\" src=\"https:\/\/i0.wp.com\/tracesdevoyages.com\/wp-content\/uploads\/2017\/09\/Camille-Pierre3.jpg?resize=960%2C640&#038;ssl=1\" alt=\"\" width=\"960\" height=\"640\" \/><figcaption id=\"caption-attachment-14517\" class=\"wp-caption-text\">Salzbourg<\/figcaption><\/figure>\n<h4>Pour les futurs voyageurs en Autriche, pouvez-vous nous citer :<\/h4>\n<h4><em>-Un site naturel exceptionnel\u00a0:<\/em><\/h4>\n<p>Toutes les Alpes autrichiennes<\/p>\n<h4><em>-Un mus\u00e9e qui regorge de tr\u00e9sors\u00a0:<\/em><\/h4>\n<p>Vienne regorge de mus\u00e9es tous les plus int\u00e9ressants les uns que les autres\u00a0! Pour moi qui suis une grande fan des artistes de la S\u00e9cession, j\u2019\u00e9tais g\u00e2t\u00e9e\u00a0! Le mus\u00e9e Leopold\u00a0d\u00e9tient des petits bijoux d\u2019Art Nouveau et de belles \u0153uvres de Klimt et Schiele.<\/p>\n<h4><em>-Un b\u00e2timent \u00e0 l\u2019architecture imposante\u00a0:<\/em><\/h4>\n<p>L\u2019abbaye de Melk, grandiose.<\/p>\n<h4><em>-Une sp\u00e9cialit\u00e9 culinaire \u00e0 tomber par terre\u00a0et o\u00f9 la trouver:<\/em><\/h4>\n<p>Le Kasesp\u00e4tzle, les Kn\u00f6del, l\u2019Apfelstrudel, le Bretzel, la Sachertorte, le Gl\u00fchwein\u2026 Je suis trop gourmande pour n\u2019en citer qu\u2019une\u00a0!\u00a0\ud83d\ude00\u00a0Une bonne adresse pour manger des sp\u00e9cialit\u00e9s culinaires ? Partout ! \ud83d\ude00 Dans les boulangeries et n&rsquo;importe quel restaurant. Une bonne adresse \u00e0 Vienne : le caf\u00e9 Sacher par exemple ou le restaurant Silberwit !<\/p>\n<h4><em>-Un lieu o\u00f9 festoyer comme les Autrichiens\u00a0:<\/em><\/h4>\n<p>Au march\u00e9 de No\u00ebl entre mi-novembre et mi-d\u00e9cembre<\/p>\n<figure id=\"attachment_14518\" aria-describedby=\"caption-attachment-14518\" style=\"width: 1000px\" class=\"wp-caption alignnone\"><img data-recalc-dims=\"1\" loading=\"lazy\" decoding=\"async\" class=\"size-full wp-image-14518\" src=\"https:\/\/i0.wp.com\/tracesdevoyages.com\/wp-content\/uploads\/2017\/09\/Camille-Pierre4.jpg?resize=960%2C640&#038;ssl=1\" alt=\"\" width=\"960\" height=\"640\" \/><figcaption id=\"caption-attachment-14518\" class=\"wp-caption-text\">Hallstatt<\/figcaption><\/figure>\n<h4><em>-Un \u00e9v\u00e9nement important (festival\u2026)\u00a0:<\/em><\/h4>\n<p>L\u2019Oktoberfest\u00a0?\u00a0\ud83d\ude00 Ce festival est organis\u00e9 dans presque toutes les villes et villages entre mi-septembre et mi-octobre. Une occasion de se retrouver entre amis pour boire de la bi\u00e8re locale, de rev\u00eatir le costume autrichien et d\u2019\u00e9couter des chants traditionnels.<\/p>\n<h4><em>-Le meilleur spot pour photographier des animaux:<\/em><\/h4>\n<p>Je dirais dans les montagnes en g\u00e9n\u00e9ral. Pour r\u00e9unir toutes les chances\u00a0: dormir dans un chalet en altitude, se lever t\u00f4t et partir en randonn\u00e9e l\u2019appareil photo \u00e0 la main\u00a0!<\/p>\n<h4><em>-La plus belle ville \u00e0 vos yeux:<\/em><\/h4>\n<p>C\u2019est difficile de choisir\u2026 Vienne pour sa richesse historique et culturelle, Salzbourg pour son c\u00f4t\u00e9 romantique, Hallstatt pour sa situation g\u00e9ographique hors du commun et Innsbruck pour ses panoramas et ses montagnes. Mais j\u2019aime toute l\u2019Autriche\u00a0!<\/p>\n<h4><em>-Une route pour un road trip panoramique\u00a0:<\/em><\/h4>\n<p>Je n\u2019ai pas eu l\u2019occasion de la faire, mais je pense que la route du Grossglockner doit \u00eatre l\u2019une des plus belles.<\/p>\n<figure id=\"attachment_14519\" aria-describedby=\"caption-attachment-14519\" style=\"width: 1000px\" class=\"wp-caption alignnone\"><img data-recalc-dims=\"1\" loading=\"lazy\" decoding=\"async\" class=\"size-full wp-image-14519\" src=\"https:\/\/i0.wp.com\/tracesdevoyages.com\/wp-content\/uploads\/2017\/09\/Camille-Pierre5.jpg?resize=960%2C640&#038;ssl=1\" alt=\"\" width=\"960\" height=\"640\" \/><figcaption id=\"caption-attachment-14519\" class=\"wp-caption-text\">Hallstatt<\/figcaption><\/figure>\n<h4><em>-Un truc insolite que vous avez d\u00e9couvert l\u00e0-bas\u00a0:<\/em><\/h4>\n<p>La mont\u00e9e et la descente des vaches des alpages. C\u2019est un \u00e9v\u00e8nement vraiment insolite \u00e0 voir\u00a0!<\/p>\n<h4><em>-Un artiste ou groupe de musique local \u00e0 conna\u00eetre\u00a0:<\/em><\/h4>\n<p>Mark Forster est Allemand-Polonais, mais tout le monde l\u2019\u00e9coute en Autriche\u00a0!<\/p>\n<h4><em>-Un film tourn\u00e9 l\u00e0-bas\u00a0:<\/em><\/h4>\n<p>La m\u00e9lodie du bonheur de Robert Wise<\/p>\n<h4><em>-Un livre ou bande-dessin\u00e9e d\u2019un auteur du cru\u00a0:<\/em><\/h4>\n<p>Stefan Zweig, un de mes auteurs pr\u00e9f\u00e9r\u00e9s\u00a0!<\/p>\n<h4><em>-Le sport que vous pr\u00e9f\u00e9rez dans votre nouvelle patrie\u00a0:<\/em><\/h4>\n<p>La randonn\u00e9e, \u00e7a compte comme sport\u00a0?\u00a0\ud83d\ude00<\/p>\n<h4><em>-Un souvenir \u00e0 ramener chez soi\u00a0:<\/em><\/h4>\n<p>J\u2019ai ramen\u00e9 une robe traditionnelle autrichienne, mais c\u2019est un peu co\u00fbteux\u2026 Alors sinon comme petit souvenir, je dirais des biscuits de la marque Manner, le packaging est super joli et les gaufrettes sont tellement bonnes\u2026\u00a0!<\/p>\n<figure id=\"attachment_14520\" aria-describedby=\"caption-attachment-14520\" style=\"width: 1200px\" class=\"wp-caption alignnone\"><img data-recalc-dims=\"1\" loading=\"lazy\" decoding=\"async\" class=\"size-full wp-image-14520\" src=\"https:\/\/i0.wp.com\/tracesdevoyages.com\/wp-content\/uploads\/2017\/09\/Camille-Pierre6.jpg?resize=960%2C720&#038;ssl=1\" alt=\"\" width=\"960\" height=\"720\" \/><figcaption id=\"caption-attachment-14520\" class=\"wp-caption-text\">Traunsee<\/figcaption><\/figure>\n","protected":false},"excerpt":{"rendered":"<p>Vous souhaitez en savoir plus sur l&rsquo;Autriche? Camille &amp; Pierre y ont v\u00e9cu pendant 2 ans!<\/p>\n","protected":false},"author":2,"featured_media":14513,"comment_status":"open","ping_status":"open","sticky":false,"template":"","format":"standard","meta":{"_jetpack_memberships_contains_paid_content":false,"footnotes":""},"categories":[58,21,27,5,6],"tags":[109,129,190,192,233],"class_list":["post-8224","post","type-post","status-publish","format-standard","has-post-thumbnail","hentry","category-autriche","category-europe","category-interviews-articles-collaboratifs","category-themes","category-voyages","tag-autriche","tag-blogvoyage","tag-europe","tag-expatriation","tag-interview"],"yoast_head":"<!-- This site is optimized with the Yoast SEO plugin v26.3 - https:\/\/yoast.com\/wordpress\/plugins\/seo\/ -->\n<title>INTERVIEW: Camille &amp; Pierre, anciens expatri\u00e9s \u00e0 Dornbirn (Autriche) - Traces de Voyages<\/title>\n<meta name=\"robots\" content=\"index, follow, max-snippet:-1, max-image-preview:large, max-video-preview:-1\" \/>\n<link rel=\"canonical\" href=\"https:\/\/tracesdevoyages.com\/index.php\/2017\/09\/03\/interview-camille-pierre-anciens-expatries-a-dornbirn-autriche\/\" \/>\n<meta property=\"og:locale\" content=\"fr_FR\" \/>\n<meta property=\"og:type\" content=\"article\" \/>\n<meta property=\"og:title\" content=\"INTERVIEW: Camille &amp; Pierre, anciens expatri\u00e9s \u00e0 Dornbirn (Autriche) - Traces de Voyages\" \/>\n<meta property=\"og:description\" content=\"Vous souhaitez en savoir plus sur l&#039;Autriche? Camille &amp; Pierre y ont v\u00e9cu pendant 2 ans!\" \/>\n<meta property=\"og:url\" content=\"https:\/\/tracesdevoyages.com\/index.php\/2017\/09\/03\/interview-camille-pierre-anciens-expatries-a-dornbirn-autriche\/\" \/>\n<meta property=\"og:site_name\" content=\"Traces de Voyages\" \/>\n<meta property=\"article:publisher\" content=\"https:\/\/www.facebook.com\/tracesdevoyages\/\" \/>\n<meta property=\"article:published_time\" content=\"2017-09-03T15:15:24+00:00\" \/>\n<meta name=\"author\" content=\"tracesdevoyages\" \/>\n<meta name=\"twitter:card\" content=\"summary_large_image\" \/>\n<meta name=\"twitter:creator\" content=\"@TracesdeVoyages\" \/>\n<meta name=\"twitter:site\" content=\"@TracesdeVoyages\" \/>\n<meta name=\"twitter:label1\" content=\"\u00c9crit par\" \/>\n\t<meta name=\"twitter:data1\" content=\"tracesdevoyages\" \/>\n\t<meta name=\"twitter:label2\" content=\"Dur\u00e9e de lecture estim\u00e9e\" \/>\n\t<meta name=\"twitter:data2\" content=\"5 minutes\" \/>\n<script type=\"application\/ld+json\" class=\"yoast-schema-graph\">{\"@context\":\"https:\/\/schema.org\",\"@graph\":[{\"@type\":\"Article\",\"@id\":\"https:\/\/tracesdevoyages.com\/index.php\/2017\/09\/03\/interview-camille-pierre-anciens-expatries-a-dornbirn-autriche\/#article\",\"isPartOf\":{\"@id\":\"https:\/\/tracesdevoyages.com\/index.php\/2017\/09\/03\/interview-camille-pierre-anciens-expatries-a-dornbirn-autriche\/\"},\"author\":{\"name\":\"tracesdevoyages\",\"@id\":\"https:\/\/tracesdevoyages.com\/#\/schema\/person\/407749fd8c63f4e19e1f4d61c3df1dd3\"},\"headline\":\"INTERVIEW: Camille &#038; Pierre, anciens expatri\u00e9s \u00e0 Dornbirn (Autriche)\",\"datePublished\":\"2017-09-03T15:15:24+00:00\",\"mainEntityOfPage\":{\"@id\":\"https:\/\/tracesdevoyages.com\/index.php\/2017\/09\/03\/interview-camille-pierre-anciens-expatries-a-dornbirn-autriche\/\"},\"wordCount\":1018,\"commentCount\":2,\"publisher\":{\"@id\":\"https:\/\/tracesdevoyages.com\/#organization\"},\"image\":{\"@id\":\"https:\/\/tracesdevoyages.com\/index.php\/2017\/09\/03\/interview-camille-pierre-anciens-expatries-a-dornbirn-autriche\/#primaryimage\"},\"thumbnailUrl\":\"\",\"keywords\":[\"Autriche\",\"Blogvoyage\",\"Europe\",\"expatriation\",\"interview\"],\"articleSection\":[\"Autriche\",\"Europe\",\"Interviews &amp; Articles Collaboratifs\",\"Th\u00e8mes\",\"Voyages\"],\"inLanguage\":\"fr-FR\",\"potentialAction\":[{\"@type\":\"CommentAction\",\"name\":\"Comment\",\"target\":[\"https:\/\/tracesdevoyages.com\/index.php\/2017\/09\/03\/interview-camille-pierre-anciens-expatries-a-dornbirn-autriche\/#respond\"]}]},{\"@type\":\"WebPage\",\"@id\":\"https:\/\/tracesdevoyages.com\/index.php\/2017\/09\/03\/interview-camille-pierre-anciens-expatries-a-dornbirn-autriche\/\",\"url\":\"https:\/\/tracesdevoyages.com\/index.php\/2017\/09\/03\/interview-camille-pierre-anciens-expatries-a-dornbirn-autriche\/\",\"name\":\"INTERVIEW: Camille & Pierre, anciens expatri\u00e9s \u00e0 Dornbirn (Autriche) - Traces de Voyages\",\"isPartOf\":{\"@id\":\"https:\/\/tracesdevoyages.com\/#website\"},\"primaryImageOfPage\":{\"@id\":\"https:\/\/tracesdevoyages.com\/index.php\/2017\/09\/03\/interview-camille-pierre-anciens-expatries-a-dornbirn-autriche\/#primaryimage\"},\"image\":{\"@id\":\"https:\/\/tracesdevoyages.com\/index.php\/2017\/09\/03\/interview-camille-pierre-anciens-expatries-a-dornbirn-autriche\/#primaryimage\"},\"thumbnailUrl\":\"\",\"datePublished\":\"2017-09-03T15:15:24+00:00\",\"breadcrumb\":{\"@id\":\"https:\/\/tracesdevoyages.com\/index.php\/2017\/09\/03\/interview-camille-pierre-anciens-expatries-a-dornbirn-autriche\/#breadcrumb\"},\"inLanguage\":\"fr-FR\",\"potentialAction\":[{\"@type\":\"ReadAction\",\"target\":[\"https:\/\/tracesdevoyages.com\/index.php\/2017\/09\/03\/interview-camille-pierre-anciens-expatries-a-dornbirn-autriche\/\"]}]},{\"@type\":\"ImageObject\",\"inLanguage\":\"fr-FR\",\"@id\":\"https:\/\/tracesdevoyages.com\/index.php\/2017\/09\/03\/interview-camille-pierre-anciens-expatries-a-dornbirn-autriche\/#primaryimage\",\"url\":\"\",\"contentUrl\":\"\"},{\"@type\":\"BreadcrumbList\",\"@id\":\"https:\/\/tracesdevoyages.com\/index.php\/2017\/09\/03\/interview-camille-pierre-anciens-expatries-a-dornbirn-autriche\/#breadcrumb\",\"itemListElement\":[{\"@type\":\"ListItem\",\"position\":1,\"name\":\"Accueil\",\"item\":\"https:\/\/tracesdevoyages.com\/\"},{\"@type\":\"ListItem\",\"position\":2,\"name\":\"INTERVIEW: Camille &#038; Pierre, anciens expatri\u00e9s \u00e0 Dornbirn (Autriche)\"}]},{\"@type\":\"WebSite\",\"@id\":\"https:\/\/tracesdevoyages.com\/#website\",\"url\":\"https:\/\/tracesdevoyages.com\/\",\"name\":\"Traces de Voyages\",\"description\":\"Blog de voyages\",\"publisher\":{\"@id\":\"https:\/\/tracesdevoyages.com\/#organization\"},\"potentialAction\":[{\"@type\":\"SearchAction\",\"target\":{\"@type\":\"EntryPoint\",\"urlTemplate\":\"https:\/\/tracesdevoyages.com\/?s={search_term_string}\"},\"query-input\":{\"@type\":\"PropertyValueSpecification\",\"valueRequired\":true,\"valueName\":\"search_term_string\"}}],\"inLanguage\":\"fr-FR\"},{\"@type\":\"Organization\",\"@id\":\"https:\/\/tracesdevoyages.com\/#organization\",\"name\":\"Traces de Voyages\",\"url\":\"https:\/\/tracesdevoyages.com\/\",\"logo\":{\"@type\":\"ImageObject\",\"inLanguage\":\"fr-FR\",\"@id\":\"https:\/\/tracesdevoyages.com\/#\/schema\/logo\/image\/\",\"url\":\"https:\/\/i0.wp.com\/tracesdevoyages.com\/wp-content\/uploads\/2025\/01\/cropped-Traces-de-Voyages-LOGO.jpg?fit=512%2C512&ssl=1\",\"contentUrl\":\"https:\/\/i0.wp.com\/tracesdevoyages.com\/wp-content\/uploads\/2025\/01\/cropped-Traces-de-Voyages-LOGO.jpg?fit=512%2C512&ssl=1\",\"width\":512,\"height\":512,\"caption\":\"Traces de Voyages\"},\"image\":{\"@id\":\"https:\/\/tracesdevoyages.com\/#\/schema\/logo\/image\/\"},\"sameAs\":[\"https:\/\/www.facebook.com\/tracesdevoyages\/\",\"https:\/\/x.com\/TracesdeVoyages\",\"https:\/\/www.instagram.com\/tracesdevoyages\/\",\"https:\/\/fr.pinterest.com\/tracesdevoyages\/\",\"https:\/\/www.youtube.com\/channel\/UC240N7Neo4xrJRYcW3UhDaQ\/\"]},{\"@type\":\"Person\",\"@id\":\"https:\/\/tracesdevoyages.com\/#\/schema\/person\/407749fd8c63f4e19e1f4d61c3df1dd3\",\"name\":\"tracesdevoyages\",\"image\":{\"@type\":\"ImageObject\",\"inLanguage\":\"fr-FR\",\"@id\":\"https:\/\/tracesdevoyages.com\/#\/schema\/person\/image\/\",\"url\":\"https:\/\/secure.gravatar.com\/avatar\/89665a7661ade021f231fa4edee45d02595de0df2c6ac04037b09ce699dd6d89?s=96&d=mm&r=g\",\"contentUrl\":\"https:\/\/secure.gravatar.com\/avatar\/89665a7661ade021f231fa4edee45d02595de0df2c6ac04037b09ce699dd6d89?s=96&d=mm&r=g\",\"caption\":\"tracesdevoyages\"},\"url\":\"https:\/\/tracesdevoyages.com\/index.php\/author\/tracesdevoyages\/\"}]}<\/script>\n<!-- \/ Yoast SEO plugin. -->","yoast_head_json":{"title":"INTERVIEW: Camille & Pierre, anciens expatri\u00e9s \u00e0 Dornbirn (Autriche) - Traces de Voyages","robots":{"index":"index","follow":"follow","max-snippet":"max-snippet:-1","max-image-preview":"max-image-preview:large","max-video-preview":"max-video-preview:-1"},"canonical":"https:\/\/tracesdevoyages.com\/index.php\/2017\/09\/03\/interview-camille-pierre-anciens-expatries-a-dornbirn-autriche\/","og_locale":"fr_FR","og_type":"article","og_title":"INTERVIEW: Camille & Pierre, anciens expatri\u00e9s \u00e0 Dornbirn (Autriche) - Traces de Voyages","og_description":"Vous souhaitez en savoir plus sur l'Autriche? Camille &amp; Pierre y ont v\u00e9cu pendant 2 ans!","og_url":"https:\/\/tracesdevoyages.com\/index.php\/2017\/09\/03\/interview-camille-pierre-anciens-expatries-a-dornbirn-autriche\/","og_site_name":"Traces de Voyages","article_publisher":"https:\/\/www.facebook.com\/tracesdevoyages\/","article_published_time":"2017-09-03T15:15:24+00:00","author":"tracesdevoyages","twitter_card":"summary_large_image","twitter_creator":"@TracesdeVoyages","twitter_site":"@TracesdeVoyages","twitter_misc":{"\u00c9crit par":"tracesdevoyages","Dur\u00e9e de lecture estim\u00e9e":"5 minutes"},"schema":{"@context":"https:\/\/schema.org","@graph":[{"@type":"Article","@id":"https:\/\/tracesdevoyages.com\/index.php\/2017\/09\/03\/interview-camille-pierre-anciens-expatries-a-dornbirn-autriche\/#article","isPartOf":{"@id":"https:\/\/tracesdevoyages.com\/index.php\/2017\/09\/03\/interview-camille-pierre-anciens-expatries-a-dornbirn-autriche\/"},"author":{"name":"tracesdevoyages","@id":"https:\/\/tracesdevoyages.com\/#\/schema\/person\/407749fd8c63f4e19e1f4d61c3df1dd3"},"headline":"INTERVIEW: Camille &#038; Pierre, anciens expatri\u00e9s \u00e0 Dornbirn (Autriche)","datePublished":"2017-09-03T15:15:24+00:00","mainEntityOfPage":{"@id":"https:\/\/tracesdevoyages.com\/index.php\/2017\/09\/03\/interview-camille-pierre-anciens-expatries-a-dornbirn-autriche\/"},"wordCount":1018,"commentCount":2,"publisher":{"@id":"https:\/\/tracesdevoyages.com\/#organization"},"image":{"@id":"https:\/\/tracesdevoyages.com\/index.php\/2017\/09\/03\/interview-camille-pierre-anciens-expatries-a-dornbirn-autriche\/#primaryimage"},"thumbnailUrl":"","keywords":["Autriche","Blogvoyage","Europe","expatriation","interview"],"articleSection":["Autriche","Europe","Interviews &amp; Articles Collaboratifs","Th\u00e8mes","Voyages"],"inLanguage":"fr-FR","potentialAction":[{"@type":"CommentAction","name":"Comment","target":["https:\/\/tracesdevoyages.com\/index.php\/2017\/09\/03\/interview-camille-pierre-anciens-expatries-a-dornbirn-autriche\/#respond"]}]},{"@type":"WebPage","@id":"https:\/\/tracesdevoyages.com\/index.php\/2017\/09\/03\/interview-camille-pierre-anciens-expatries-a-dornbirn-autriche\/","url":"https:\/\/tracesdevoyages.com\/index.php\/2017\/09\/03\/interview-camille-pierre-anciens-expatries-a-dornbirn-autriche\/","name":"INTERVIEW: Camille & Pierre, anciens expatri\u00e9s \u00e0 Dornbirn (Autriche) - Traces de Voyages","isPartOf":{"@id":"https:\/\/tracesdevoyages.com\/#website"},"primaryImageOfPage":{"@id":"https:\/\/tracesdevoyages.com\/index.php\/2017\/09\/03\/interview-camille-pierre-anciens-expatries-a-dornbirn-autriche\/#primaryimage"},"image":{"@id":"https:\/\/tracesdevoyages.com\/index.php\/2017\/09\/03\/interview-camille-pierre-anciens-expatries-a-dornbirn-autriche\/#primaryimage"},"thumbnailUrl":"","datePublished":"2017-09-03T15:15:24+00:00","breadcrumb":{"@id":"https:\/\/tracesdevoyages.com\/index.php\/2017\/09\/03\/interview-camille-pierre-anciens-expatries-a-dornbirn-autriche\/#breadcrumb"},"inLanguage":"fr-FR","potentialAction":[{"@type":"ReadAction","target":["https:\/\/tracesdevoyages.com\/index.php\/2017\/09\/03\/interview-camille-pierre-anciens-expatries-a-dornbirn-autriche\/"]}]},{"@type":"ImageObject","inLanguage":"fr-FR","@id":"https:\/\/tracesdevoyages.com\/index.php\/2017\/09\/03\/interview-camille-pierre-anciens-expatries-a-dornbirn-autriche\/#primaryimage","url":"","contentUrl":""},{"@type":"BreadcrumbList","@id":"https:\/\/tracesdevoyages.com\/index.php\/2017\/09\/03\/interview-camille-pierre-anciens-expatries-a-dornbirn-autriche\/#breadcrumb","itemListElement":[{"@type":"ListItem","position":1,"name":"Accueil","item":"https:\/\/tracesdevoyages.com\/"},{"@type":"ListItem","position":2,"name":"INTERVIEW: Camille &#038; Pierre, anciens expatri\u00e9s \u00e0 Dornbirn (Autriche)"}]},{"@type":"WebSite","@id":"https:\/\/tracesdevoyages.com\/#website","url":"https:\/\/tracesdevoyages.com\/","name":"Traces de Voyages","description":"Blog de voyages","publisher":{"@id":"https:\/\/tracesdevoyages.com\/#organization"},"potentialAction":[{"@type":"SearchAction","target":{"@type":"EntryPoint","urlTemplate":"https:\/\/tracesdevoyages.com\/?s={search_term_string}"},"query-input":{"@type":"PropertyValueSpecification","valueRequired":true,"valueName":"search_term_string"}}],"inLanguage":"fr-FR"},{"@type":"Organization","@id":"https:\/\/tracesdevoyages.com\/#organization","name":"Traces de Voyages","url":"https:\/\/tracesdevoyages.com\/","logo":{"@type":"ImageObject","inLanguage":"fr-FR","@id":"https:\/\/tracesdevoyages.com\/#\/schema\/logo\/image\/","url":"https:\/\/i0.wp.com\/tracesdevoyages.com\/wp-content\/uploads\/2025\/01\/cropped-Traces-de-Voyages-LOGO.jpg?fit=512%2C512&ssl=1","contentUrl":"https:\/\/i0.wp.com\/tracesdevoyages.com\/wp-content\/uploads\/2025\/01\/cropped-Traces-de-Voyages-LOGO.jpg?fit=512%2C512&ssl=1","width":512,"height":512,"caption":"Traces de Voyages"},"image":{"@id":"https:\/\/tracesdevoyages.com\/#\/schema\/logo\/image\/"},"sameAs":["https:\/\/www.facebook.com\/tracesdevoyages\/","https:\/\/x.com\/TracesdeVoyages","https:\/\/www.instagram.com\/tracesdevoyages\/","https:\/\/fr.pinterest.com\/tracesdevoyages\/","https:\/\/www.youtube.com\/channel\/UC240N7Neo4xrJRYcW3UhDaQ\/"]},{"@type":"Person","@id":"https:\/\/tracesdevoyages.com\/#\/schema\/person\/407749fd8c63f4e19e1f4d61c3df1dd3","name":"tracesdevoyages","image":{"@type":"ImageObject","inLanguage":"fr-FR","@id":"https:\/\/tracesdevoyages.com\/#\/schema\/person\/image\/","url":"https:\/\/secure.gravatar.com\/avatar\/89665a7661ade021f231fa4edee45d02595de0df2c6ac04037b09ce699dd6d89?s=96&d=mm&r=g","contentUrl":"https:\/\/secure.gravatar.com\/avatar\/89665a7661ade021f231fa4edee45d02595de0df2c6ac04037b09ce699dd6d89?s=96&d=mm&r=g","caption":"tracesdevoyages"},"url":"https:\/\/tracesdevoyages.com\/index.php\/author\/tracesdevoyages\/"}]}},"jetpack_featured_media_url":"","jetpack_sharing_enabled":true,"_links":{"self":[{"href":"https:\/\/tracesdevoyages.com\/index.php\/wp-json\/wp\/v2\/posts\/8224","targetHints":{"allow":["GET"]}}],"collection":[{"href":"https:\/\/tracesdevoyages.com\/index.php\/wp-json\/wp\/v2\/posts"}],"about":[{"href":"https:\/\/tracesdevoyages.com\/index.php\/wp-json\/wp\/v2\/types\/post"}],"author":[{"embeddable":true,"href":"https:\/\/tracesdevoyages.com\/index.php\/wp-json\/wp\/v2\/users\/2"}],"replies":[{"embeddable":true,"href":"https:\/\/tracesdevoyages.com\/index.php\/wp-json\/wp\/v2\/comments?post=8224"}],"version-history":[{"count":0,"href":"https:\/\/tracesdevoyages.com\/index.php\/wp-json\/wp\/v2\/posts\/8224\/revisions"}],"wp:featuredmedia":[{"embeddable":true,"href":"https:\/\/tracesdevoyages.com\/index.php\/wp-json\/"}],"wp:attachment":[{"href":"https:\/\/tracesdevoyages.com\/index.php\/wp-json\/wp\/v2\/media?parent=8224"}],"wp:term":[{"taxonomy":"category","embeddable":true,"href":"https:\/\/tracesdevoyages.com\/index.php\/wp-json\/wp\/v2\/categories?post=8224"},{"taxonomy":"post_tag","embeddable":true,"href":"https:\/\/tracesdevoyages.com\/index.php\/wp-json\/wp\/v2\/tags?post=8224"}],"curies":[{"name":"wp","href":"https:\/\/api.w.org\/{rel}","templated":true}]}}