{"id":8295,"date":"2017-09-10T15:35:55","date_gmt":"2017-09-10T14:35:55","guid":{"rendered":"http:\/\/tracesdevoyages.com\/?p=8295"},"modified":"2017-09-10T15:35:55","modified_gmt":"2017-09-10T14:35:55","slug":"article-collaboratif-les-plus-beaux-chateaux-palais-du-monde","status":"publish","type":"post","link":"https:\/\/tracesdevoyages.com\/index.php\/2017\/09\/10\/article-collaboratif-les-plus-beaux-chateaux-palais-du-monde\/","title":{"rendered":"Article collaboratif: Les Plus Beaux Ch\u00e2teaux &#038; Palais du Monde"},"content":{"rendered":"<p>Apr\u00e8s le premier article sur les <a href=\"https:\/\/tracesdevoyages.com\/2017\/07\/30\/article-collaboratif-les-plus-beaux-chateaux-palais-deurope\/\" target=\"_blank\" rel=\"noopener\">Plus Beaux Ch\u00e2teaux &amp; Palais d&rsquo;Europe<\/a>, voici le second sur ceux \u00e0 travers le monde o\u00f9 10 blogueurs voyage (dont nous) vous livrent leurs coups de c\u0153ur.<\/p>\n<hr \/>\n<p><img data-recalc-dims=\"1\" loading=\"lazy\" decoding=\"async\" class=\"alignnone size-full wp-image-14522\" src=\"https:\/\/i0.wp.com\/tracesdevoyages.com\/wp-content\/uploads\/2017\/09\/Annie-Annie-Anywhere.jpg?resize=960%2C370&#038;ssl=1\" alt=\"\" width=\"960\" height=\"370\" \/><\/p>\n<h4>Palais de Topkapi (Istanbul, Turquie) par Annie de <a href=\"http:\/\/www.annieanywhere.com\/\" target=\"_blank\" rel=\"noopener\">Annie Anywhere<\/a>:<\/h4>\n<p>Le Palais de Topkap\u0131 tr\u00f4ne sur le Bosphore, le c\u00e9l\u00e8bre d\u00e9troit qui s\u00e9pare l\u2019Asie de l\u2019Europe. Bien qu\u2019il soit sur la rive europ\u00e9enne, on entre d\u00e9finitivement dans un look moyen-oriental d\u00e8s la porte d\u2019entr\u00e9e pass\u00e9e. Les arches et les mosa\u00efques rappellent l\u2019int\u00e9rieur des mosqu\u00e9es, les couleurs fusent et le b\u00e2timent est orn\u00e9 des murs au plafond. Les c\u00e9ramiques peintes \u00e0 la main se croisent et se r\u00e9pondent dans un m\u00e9lange de couleurs et de dorures tandis que les \u00e9l\u00e9ments de l\u2019architecture sont d\u00e9cor\u00e9s d\u2019arabesques. M\u00eame si la beaut\u00e9 de l\u2019ensemble est ind\u00e9niable, c\u2019est le harem et le calme qui y r\u00e8gne qui m\u2019a s\u00e9duite. \u00c0 l\u2019\u00e9poque des Sultans, ce sont 300 femmes qui occupaient les 300 pi\u00e8ces du harem. La plupart d\u2019entre elles avaient \u00e9t\u00e9 faites prisonni\u00e8res lors de guerres et n\u2019\u00e9taient pas autoris\u00e9es \u00e0 quitter sans permission. Malgr\u00e9 tout, dans des appartements aussi luxueux, plusieurs trouvaient la vie agr\u00e9able. Lors de la chute de l\u2019empire Ottoman, les femmes, maintenant libres, ont refus\u00e9 de quitter le harem, surnomm\u00e9 la cage d\u2019or. Le fait que la beaut\u00e9 du Palais de Topkap\u0131 soit plus enviable que la libert\u00e9 devrait vous convaincre d\u2019aller le visiter lors de votre prochain passage \u00e0 Istanbul.<\/p>\n<hr \/>\n<p><img data-recalc-dims=\"1\" loading=\"lazy\" decoding=\"async\" class=\"alignnone size-full wp-image-14524\" src=\"https:\/\/i0.wp.com\/tracesdevoyages.com\/wp-content\/uploads\/2017\/09\/Eve-Nos-racines-sur-4-continents.jpg?resize=960%2C327&#038;ssl=1\" alt=\"\" width=\"960\" height=\"327\" \/><\/p>\n<h4>Ch\u00e2teau de Kerak (Jordanie) par Eve de <a href=\"https:\/\/nosracinesur4continents.com\/\" target=\"_blank\" rel=\"noopener\">Nos Racines sur 4 Continents<\/a>:<\/h4>\n<p>La Jordanie est une destination de plus en plus pris\u00e9e par les voyageurs, qui veulent admirer les splendeurs du site de P\u00e9tra, d\u00e9couvrir les fonds marins de la Mer Rouge, suivre les traces de Lawrence d\u2019Arabie en explorant le Wadi Rum ou encore flotter dans la Mer Morte. Au-del\u00e0 de ces sites mieux connus des touristes, le ch\u00e2teau de Kerak est, \u00e0 nos yeux, un endroit merveilleux \u00e0 d\u00e9couvrir lors d\u2019un voyage en Jordanie. Situ\u00e9 sur la Route des Rois, entre la Mer Morte et P\u00e9tra, ce ch\u00e2teau repose sur un plateau triangulaire, \u00e0 environ 1000 m\u00e8tres d\u2019altitude. \u00c0 l\u2019origine, il avait \u00e9t\u00e9 construit afin de contr\u00f4ler les voies commerciales et l\u2019exploitation des terres agricoles par les Francs. \u00c9lev\u00e9 sur un piton rocheux et s\u00e9par\u00e9 de la ville par un foss\u00e9 artificiel creus\u00e9 dans la roche,\u00a0son emplacement strat\u00e9gique faisait en sorte qu\u2019il \u00e9tait jug\u00e9 imprenable.\u00a0Aujourd\u2019hui encore, bien qu\u2019il ne reste que quelques vestiges de son glorieux pass\u00e9, le ch\u00e2teau de Kerak offre une vue splendide\u00a0sur les\u00a0 vall\u00e9es naturelles qui le bordent ainsi que le village d\u2019Al-Shabiya.\u00a0\u00a0C\u2019est d\u2019ailleurs ce que nous avons remarqu\u00e9 en premier en arrivant sur le site, compl\u00e8tement \u00e9blouis par le panorama qui s\u2019offrait \u00e0 nous. Apr\u00e8s avoir acc\u00e9d\u00e9 au ch\u00e2teau en empruntant l\u2019entr\u00e9e principale, <em>Ottoman\u2019s Gate<\/em>, nous y avons d\u00e9couvert un lieu riche en histoire et qui se distingue par son m\u00e9lange d\u2019influences. \u00c0\u00a0travers le temps, le ch\u00e2teau de Kerak a fait l\u2019objet de diff\u00e9rentes conqu\u00eates qui font en sorte que son architecture semble aujourd\u2019hui h\u00e9siter entre des influences europ\u00e9ennes, byzantines et arabes. Alors que certains murs \u00e9voquent la ma\u00e7onnerie sombre des Crois\u00e9s, d\u2019autres rappellent plut\u00f4t la finesse arabe avec des blocs de calcaire plus l\u00e9gers. Bien qu\u2019il soit endommag\u00e9 en surface, le ch\u00e2teau offre de\u00a0magnifiques vestiges souterrains, o\u00f9 les Crois\u00e9s parvenaient \u00e0 trouver de la fra\u00eecheur en \u00e9t\u00e9. Un endroit magnifique \u00e0 d\u00e9couvrir en famille!<\/p>\n<p>Son article: <a href=\"https:\/\/nosracinesur4continents.com\/2015\/08\/08\/kerak-et-son-chateau-1000-ans-dhistoire-a-1000-metres-daltitude\/\" target=\"_blank\" rel=\"noopener\">Kerak et son ch\u00e2teau, 1000 ans d&rsquo;histoire \u00e0 1000 m\u00e8tres d&rsquo;altitude<\/a><\/p>\n<hr \/>\n<p><img data-recalc-dims=\"1\" loading=\"lazy\" decoding=\"async\" class=\"alignnone size-full wp-image-14525\" src=\"https:\/\/i0.wp.com\/tracesdevoyages.com\/wp-content\/uploads\/2017\/09\/Ga%C3%ABlle-J%C3%A9r%C3%A9my-Une-Belge-Un-Fran%C3%A7ais.jpg?resize=960%2C709&#038;ssl=1\" alt=\"\" width=\"960\" height=\"709\" \/><\/p>\n<h4>Ch\u00e2teau de\u00a0Qasr Kharana (Jordanie) par Ga\u00eblle &amp; J\u00e9r\u00e9my de <a href=\"http:\/\/www.unebelge-unfrancais.com\/\" target=\"_blank\" rel=\"noopener\">Une Belge Un Fran\u00e7ais<\/a>:<\/h4>\n<p>Le Qasr Kharana est un ch\u00e2teau construit aux alentours du 8\u00e8me si\u00e8cle et est particulier \u00e0 bien des \u00e9gards. M\u00eame s\u2019il a h\u00e9rit\u00e9 du titre de \u00ab ch\u00e2teau \u00bb, on ne connait toujours pas vraiment sa v\u00e9ritable fonction. Son architecture fait penser \u00e0 une vraie forteresse, mais il est plus probable qu\u2019il ait servi de lieu de rassemblement \u2013 certainement pour le commerce \u2013 ou bien de lieu r\u00e9sidentiel. Situ\u00e9 en plein milieu du d\u00e9sert, il faut sortir des sentiers battus pour avoir la chance de voir cette merveille. M\u00eame si l\u2019entr\u00e9e est monumentale, on est tr\u00e8s \u00e9tonn\u00e9 une fois \u00e0 l\u2019int\u00e9rieur et on se rend compte qu\u2019il n\u2019est en fait pas si grand que \u00e7a. La cour int\u00e9rieure est entour\u00e9e d\u2019une soixantaine de pi\u00e8ces tout de m\u00eame ce qui conforte l\u2019id\u00e9e que ce \u00ab ch\u00e2teau \u00bb n\u2019en \u00e9tait en fait pas un. Ouvrez bien vos yeux, des graffiti arabes et des inscriptions se trouvent sur quelques murs, notamment l\u2019ann\u00e9e suppos\u00e9e de sa construction : 710 apr\u00e8s JC. L\u2019acc\u00e8s au site est enti\u00e8rement libre et rare sont les touristes qui s\u2019aventurent jusque-l\u00e0.<\/p>\n<p>Leur article: <a href=\"http:\/\/www.unebelge-unfrancais.com\/top-10-des-lieux-a-voir-en-jordanie-petra-et-wadi-rum\/\" target=\"_blank\" rel=\"noopener\">Top 10 des lieux \u00e0 voir en Jordanie, de P\u00e9tra \u00e0 Wadi Rum<\/a><\/p>\n<hr \/>\n<p><img data-recalc-dims=\"1\" loading=\"lazy\" decoding=\"async\" class=\"alignnone size-full wp-image-14526\" src=\"https:\/\/i0.wp.com\/tracesdevoyages.com\/wp-content\/uploads\/2017\/09\/Aur%C3%A9lien-Voyage-Way-Liban.jpg?resize=960%2C330&#038;ssl=1\" alt=\"\" width=\"960\" height=\"330\" \/><\/p>\n<h4>Palais de Beiteddine (Liban) par Aur\u00e9lien de <a href=\"https:\/\/www.voyageway.com\" target=\"_blank\" rel=\"noopener\">Voyage Way<\/a>:<\/h4>\n<p>Situ\u00e9 dans une petite ville qui a donn\u00e9 son nom au palais, le palais de Beiteddine se situe dans la r\u00e9gion du Chouf. Il se situe \u00e0 une quarantaine de kilom\u00e8tres au sud-est de Beyrouth, capitale du Liban. Ce palais a \u00e9t\u00e9 construit entre la fin du XVIII\u00e8me et le d\u00e9but du XIX\u00e8me si\u00e8cle. Edifi\u00e9 par\u00a0Bachir Chehab II, le palais a \u00e9t\u00e9 construit pour \u00eatre le si\u00e8ge de l&rsquo;\u00e9mirat du Mont-Liban. Il se compose de nombreuses pi\u00e8ces : chambres, salle de r\u00e9ception, d\u00e9pendances, &#8230; La cour int\u00e9rieur du palais est sublime, c&rsquo;est certainement le plus endroit du palais. A ne pas rater \u00e9galement, le jardin situ\u00e9 \u00e0 l&rsquo;arri\u00e8re du palais. Ce magnifique jardin rappelle les jardins andalous du sud de l&rsquo;Espagne.\u00a0Pour le visiter, il faut compter une bonne heure environ. Lors d&rsquo;un\u00a0<a href=\"https:\/\/www.voyageway.com\/voyager\/destinations\/liban\">voyage au Liban<\/a>, la r\u00e9gion du Chouf m\u00e9rite une visite. Ses atouts ne se limitent pas au palais de Beiteddine !\u00a0A noter, le palais est aujourd&rsquo;hui la r\u00e9sidence d&rsquo;\u00e9t\u00e9 du pr\u00e9sident de la R\u00e9publique libanaise. Egalement, de nos jours, il h\u00e9berge chaque ann\u00e9e le festival de Beiteddine. Cet \u00e9v\u00e9nement musical se d\u00e9roule en \u00e9t\u00e9.<\/p>\n<p>Ses articles sur le Liban: <a href=\"https:\/\/www.voyageway.com\/voyager\/destinations\/liban\" target=\"_blank\" rel=\"noopener\">ici<\/a><\/p>\n<hr \/>\n<p><img data-recalc-dims=\"1\" loading=\"lazy\" decoding=\"async\" class=\"alignnone size-full wp-image-8333\" src=\"https:\/\/tracesdevoyages.files.wordpress.com\/2017\/09\/estelle-curiosity-escapes.jpg?resize=960%2C617\" alt=\"Estelle-Curiosity Escapes.JPG\" width=\"960\" height=\"617\" \/><\/p>\n<h4>Fort de Mehrangarh (Jodhpur, Inde) par Estelle de <a href=\"http:\/\/www.curiosity-escapes.com\/fr\/\" target=\"_blank\" rel=\"noopener\">Curiosity Escapes<\/a>:<\/h4>\n<p>Jodhpur a \u00e9t\u00e9 une ville que nous avons beaucoup appr\u00e9ci\u00e9 lors de notre p\u00e9riple en Inde du Nord. La ville d\u00e9gage en elle-m\u00eame une aura bien diff\u00e9rente des autres villes du Rajasthan. En effet, on la nomme la ville bleue car elle compte de nombreuses maisons peintes en bleu. \u00c7a permet de faire fuir les moustiques et \u00e7a prot\u00e8ge de la chaleur. La balade dans les ruelles de la ville est donc fort agr\u00e9able. Mais surtout, la ville est domin\u00e9e par un immense fort qu\u2019on ne peut pas rater: Mehrangarh. 120 m\u00e8tres au-dessus de la ville et des remparts de 36 m\u00e8tres de haut. Une forteresse imprenable. A l\u2019int\u00e9rieur, une v\u00e9ritable ville dans la ville, le palais r\u00e9sidentiel des Maharajas du XV\u00e8me au XX\u00e8me si\u00e8cles. C\u2019est aujourd\u2019hui un mus\u00e9e o\u00f9 l\u2019on peut voir des oeuvres d\u2019art rajput, des outils de l\u2019\u00e9poque, des armes et visiter les pi\u00e8ces du palais telles qu\u2019elles \u00e9taient \u00e0 l\u2019\u00e9poque. Les pi\u00e8ces sont tr\u00e8s richement d\u00e9cor\u00e9es: vitraux, peintures, dorures, miroirs, d\u00e9corations de No\u00ebl, vo\u00fbtes, tapis gigantesques\u2026 De quoi accueillir les quelques trente \u00e9pouses du maharaja dans le faste et la d\u00e9mesure. La visite vaut le coup autant pour le mus\u00e9e int\u00e9rieur que pour l\u2019architecture ext\u00e9rieure. On appr\u00e9cie tout autant les belles cours, les fen\u00eatres ajour\u00e9es finement dentel\u00e9es, les gravures dans la roche\u2026 L\u2019architecture typique du Rajasthan qui nous fascine tant finalement.<\/p>\n<p>Son article: <a href=\"http:\/\/www.curiosity-escapes.com\/fr\/jodhpur-ville-bleue\/\" target=\"_blank\" rel=\"noopener\">Jodhpur, la ville bleue<\/a><\/p>\n<hr \/>\n<p><img data-recalc-dims=\"1\" loading=\"lazy\" decoding=\"async\" class=\"alignnone size-full wp-image-8489\" src=\"https:\/\/tracesdevoyages.files.wordpress.com\/2017\/09\/mathilde-voyager-en-photos.jpg?resize=960%2C643\" alt=\"Mathilde-Voyager en photos.jpg\" width=\"960\" height=\"643\" \/><\/p>\n<h4>Ch\u00e2teau de Himeji (Japon) par Mathilde de <a href=\"http:\/\/voyagerenphotos.com\" target=\"_blank\" rel=\"noopener\">Voyager en Photos<\/a>:<\/h4>\n<p>A 45 minutes de Shinkansen (\u00e9quivalent japonais de notre TGV) depuis Kyoto, il est possible de d\u00e9couvrir le magnifique ch\u00e2teau d\u2019Himeji, un des plus beaux, et le plus grand, exemple de l\u2019architecture m\u00e9di\u00e9val japonaise. Enti\u00e8rement construits en bois, Himeji fait partie des rare ch\u00e2teaux d\u2019\u00e9poque, la plupart des ch\u00e2teaux japonais ayant \u00e9t\u00e9 reconstruit apr\u00e8s la seconde guerre mondiale. Si la visite de l\u2019int\u00e9rieur est en r\u00e9alit\u00e9 un peu d\u00e9cevante (quasiment aucune explication et salles enti\u00e8rement vides \u2013 alors qu\u2019on aimerait en apprendre plus sur l\u2019histoire de sa construction et de ses occupants), le ch\u00e2teau m\u00e9rite n\u00e9anmoins le coup d\u2019\u0153il depuis ses jardins, car son architecture est vraiment magnifique\u00a0! Pour la visite de l\u2019int\u00e9rieur, comme bien souvent au Japon il faut se d\u00e9chausser. On nous remet un premier sac plastique pour mettre nos chaussures et un second pour le parapluie (quand il pleut), que l\u2019on trimbalera avec nous pendant toute la visite\u00a0! L\u2019\u00e9difice du donjon principal repose sur deux piliers de bois aux dimensions impressionnantes puisque ceux-ci font toute la hauteur du ch\u00e2teau. Je ne pensais pas que de tels arbres existaient au Japon\u00a0! Le donjon est compos\u00e9 de 6 \u00e9tages empil\u00e9s les uns sur les autres et de plus en plus petits au fur et \u00e0 mesure que l\u2019on monte. Le passage entre chaque \u00e9tage se fait via des escaliers vraiment tr\u00e8s raides, qui ne devaient pas \u00eatre pratique avec l\u2019\u00e9quipement de guerre\u00a0!<\/p>\n<p>Son article: <a href=\"http:\/\/voyagerenphotos.com\/2016\/03\/le-chateau-dhimeji\/\" target=\"_blank\" rel=\"noopener\">Le Ch\u00e2teau d&rsquo;Himeji, histoire d&rsquo;une d\u00e9ception<\/a><\/p>\n<hr \/>\n<p><img data-recalc-dims=\"1\" loading=\"lazy\" decoding=\"async\" class=\"alignnone size-full wp-image-14527\" src=\"https:\/\/i0.wp.com\/tracesdevoyages.com\/wp-content\/uploads\/2017\/09\/Aur%C3%A9lien-Voyage-Way-S%C3%A9oul.jpg?resize=960%2C328&#038;ssl=1\" alt=\"\" width=\"960\" height=\"328\" \/><\/p>\n<h4>Palais de\u00a0Gyeongbokgung (S\u00e9oul, Cor\u00e9e du Sud) par Aur\u00e9lien de <a href=\"https:\/\/www.voyageway.com\" target=\"_blank\" rel=\"noopener\">Voyage Way<\/a>:<\/h4>\n<p>Le palais\u00a0Gyeongbokgung est le plus grand des palais de S\u00e9oul. Il a \u00e9t\u00e9 construit sous la dynastie Joseon au XIV\u00e8me si\u00e8cle. Comme bon nombre de b\u00e2timents officiels cor\u00e9ens, il a \u00e9t\u00e9 d\u00e9truit de fa\u00e7on quasi-int\u00e9grale au XIX\u00e8me si\u00e8cle avant d&rsquo;\u00eatre reconstruit. Cette reconstruction est d&rsquo;ailleurs toujours en cours, l&rsquo;objectif \u00e9tant de reconstruire le palais de\u00a0Gyeongbokgung tel qu&rsquo;il \u00e9tait avant la destruction par les japonais. Ce palais se situe dans le coeur touristique de S\u00e9oul. La porte principale du palais se nomme\u00a0Gwanghwamun. M\u00eame si vous n&rsquo;\u00eates jamais all\u00e9 \u00e0 S\u00e9oul, vous avez peut-\u00eatre l&rsquo;image de cette porte en t\u00eate. C&rsquo;est surement l&rsquo;une des photographies les plus connues de S\u00e9oul ! Cette porte a d&rsquo;ailleurs donn\u00e9 son nom \u00e0 la place qui se situe dans le prolongement de la porte, la place\u00a0Gwanghwamun. S\u00e9oul regorge de palais et lors d&rsquo;une\u00a0visite de S\u00e9oul, il est difficile de tous les visiter. Je vous conseille de visiter celui car c&rsquo;est l&rsquo;un des plus beaux ! Visiter ce palais devrait vous donner un bon aper\u00e7u de l&rsquo;architecture traditionnelle cor\u00e9enne. Palais officiel, vous pourrez y voir de nombreux b\u00e2timents tels que la r\u00e9sidence du roi, la r\u00e9sidence de la reine, salle du tr\u00f4ne, pavillons mais aussi de nombreuses d\u00e9pendances. Il se pr\u00e9sente sous une forme proche de la cit\u00e9 interdite : de nombreux \u00e9difices entour\u00e9s d&rsquo;une muraille et de portes. Petit plus, si vous visitez le palais au d\u00e9but du printemps, vous pourrez y voir de nombreux cerisiers en fleur ! C&rsquo;est certainement l&rsquo;une des meilleurs p\u00e9riodes pour le d\u00e9couvrir &#8230;<\/p>\n<p>Son article: <a href=\"https:\/\/www.voyageway.com\/visiter-seoul-guide-complet\" target=\"_blank\" rel=\"noopener\">Visiter S\u00e9oul, mon guide complet pour d\u00e9couvrir S\u00e9oul<\/a><\/p>\n<hr \/>\n<p><img data-recalc-dims=\"1\" loading=\"lazy\" decoding=\"async\" class=\"alignnone size-full wp-image-14528\" src=\"https:\/\/i0.wp.com\/tracesdevoyages.com\/wp-content\/uploads\/2017\/09\/Rattana-Ici-Laos-Cambodge.jpg?resize=960%2C328&#038;ssl=1\" alt=\"\" width=\"960\" height=\"328\" \/><\/p>\n<h4>Palais Royal de Phnom Penh (Cambodge) par Rattana de <a href=\"https:\/\/www.ici-laos-cambodge.fr\/\" target=\"_blank\" rel=\"noopener\">Ici Laos Cambodge<\/a>:<\/h4>\n<p>Quand on se rend au Palais Royal de Phnom Penh, attendez-vous \u00e0 voir et visiter plusieurs b\u00e2timents.\u00a0La premi\u00e8re fois que je me suis rendue au palais, j\u2019avais beau le cherch\u00e9 mais je ne le trouvais pas. J\u2019ai compris qu&rsquo;il s\u2019agit en fait d\u2019un ensemble de b\u00e2timents qui sert de r\u00e9sidence au roi du Cambodge. Chaque ann\u00e9e le Palais Royal re\u00e7oit de nombreux visiteurs, c\u2019est l\u2019une des plus grandes attractions de la capitale du Cambodge. Mais en quoi est-il si attrayant ?\u00a0De l\u2019ext\u00e9rieur, ce qui m\u2019a attir\u00e9 ce sont ses couleurs dor\u00e9es. D\u2019ailleurs quand on regarde l\u2019ensemble des b\u00e2timents on retrouve r\u00e9guli\u00e8rement deux couleurs: le blanc et le jaune. La couleur blanche \u00a0du Palais Royal symbolise le bouddhisme et le jaune l\u2019hindouisme. Il n\u2019est peut-\u00eatre pas aussi color\u00e9 que le Palais de Bangkok, qu\u2019importe, ce qui compte pour moi c\u2019est son architecture. Le Palais Royal est d\u2019inspiration khm\u00e8re, il a \u00e9t\u00e9 construit par des architectes khmers et fran\u00e7ais. La construction est r\u00e9cente car il a \u00e9t\u00e9\u00a0construit en 1860, depuis cette date les rois du Cambodge y r\u00e9side.\u00a0Pour admirer son architecture, il faut p\u00e9n\u00e9trer sur le site qui s\u2019\u00e9tend sur une superficie de 16 hectares. Ne pensez pas visiter tous les b\u00e2timents car nombreux sont ceux ferm\u00e9s au public. Il faudra se contenter de seulement quelques b\u00e2timents mais surtout de la pagode d\u2019argent, autrefois en bois, elle a \u00e9t\u00e9 reconstruite en 1962. Elle est pav\u00e9e de 5000 carreaux d\u2019argent et contient de nombreux bouddhas comme des bouddhas d\u2019argent, de bronze de marbre et surtout\u00a0un bouddha en or de 90 kilos orn\u00e9 de 9584 diamants ! Quant \u00e0 la salle du Tr\u00f4ne, si vous levez les yeux vers le haut, vous pourrez voir son toit \u00e0 \u00e9tage et une tour de 59 m\u00e8tres.<\/p>\n<hr \/>\n<p><img data-recalc-dims=\"1\" loading=\"lazy\" decoding=\"async\" class=\"alignnone size-full wp-image-14529\" src=\"https:\/\/i0.wp.com\/tracesdevoyages.com\/wp-content\/uploads\/2017\/09\/C%C3%A9dric-Hashtag-Voyage.jpg?resize=960%2C367&#038;ssl=1\" alt=\"\" width=\"960\" height=\"367\" \/><\/p>\n<h4>Palais aquatique de Tirta Gangga (Bali, Indon\u00e9sie) par C\u00e9dric de <a href=\"https:\/\/www.hashtagvoyage.fr\" target=\"_blank\" rel=\"noopener\">Hashtag Voyage<\/a>:<\/h4>\n<p>Je casse l\u2019id\u00e9e du palais sous la forme d\u2019\u00e9difice et vous emm\u00e8ne \u00e0 Bali pour vous parler du palais aquatique de Tirta Gangga. Ce\u00a0 palais est plut\u00f4t r\u00e9cent car il date de la premi\u00e8re moiti\u00e9 du XX\u00e8me si\u00e8cle. Sa construction a \u00e9t\u00e9 souhait\u00e9e par le souverain de l\u2019\u00e9poque, en charge de la r\u00e9gion administrative dans lequel il se situe. Il fut b\u00e2ti sur le village du m\u00eame nom, connu pour ses sources d\u2019eau sacr\u00e9es. Le nom de Tirta Gangga provient d\u2019ailleurs de cette origine sacr\u00e9e. Tirta Gangga signifie en effet \u00ab\u00a0eau du Gange\u00a0\u00bb, le Gange \u00e9tant consid\u00e9r\u00e9 comme un fleuve sacr\u00e9 \u00e9galement par les hindous. Ce palais est situ\u00e9 \u00e0 l\u2019Est de l\u2019\u00eele de Bali, dans les contre-bas du volcan Agung. Malheureusement il fut quasiment enti\u00e8rement d\u00e9truit suite \u00e0 l\u2019\u00e9ruption de ce volcan en 1963. Mais il en reste sa principale partie\u00a0: les jardins aquatiques, constitu\u00e9s de bassins, de fontaines, ou encore de belles sculptures. Un de ces bassins est toujours consid\u00e9r\u00e9 comme sacr\u00e9 et vous pourrez y croiser des locaux venir s\u2019y purifier. Les jardins de ce palais sont agr\u00e9ment\u00e9s d\u2019une v\u00e9g\u00e9tation luxuriante, et notamment aquatique (n\u00e9nuphars, fleurs de lotus). Ces jardins, ouverts au public, font d\u00e9sormais l\u2019objet de promenades au c\u0153ur de ces bassins. Ils offrent ainsi une halte rafra\u00eechissante et reposante lors d\u2019un passage dans la r\u00e9gion, en dehors des visites des temples et rizi\u00e8res des alentours.<\/p>\n<p>Son article: <a href=\"https:\/\/www.hashtagvoyage.fr\/palais-tirta-gangga-bali\/\" target=\"_blank\" rel=\"noopener\">Le Palais de Tirta Gangga \u00e0 Bali: de beaux jardins aquatiques!<\/a><\/p>\n<hr \/>\n<h4><img data-recalc-dims=\"1\" loading=\"lazy\" decoding=\"async\" class=\"alignnone wp-image-14530 size-mailpoet_newsletter_max\" src=\"https:\/\/i0.wp.com\/tracesdevoyages.com\/wp-content\/uploads\/2017\/09\/Charlotte-M.-Traces-de-Voyages-1320x990.jpg?resize=960%2C720&#038;ssl=1\" alt=\"\" width=\"960\" height=\"720\" \/><\/h4>\n<h4>Ch\u00e2teau Ramezay (Montr\u00e9al, Canada) par Charlotte &amp; M. de <a href=\"https:\/\/tracesdevoyages.com\/\" target=\"_blank\" rel=\"noopener\">Traces de Voyages<\/a>:<\/h4>\n<p>Le Ch\u00e2teau Ramezay est un beau b\u00e2timent ancien pr\u00e8s du Vieux Port \u00e0 Montr\u00e9al qui se d\u00e9marque par sa petite taille \u00e0 c\u00f4t\u00e9 des b\u00e2timents gigantesques qui font le centre-ville. Construit en 1705 par l\u2019architecte Paul Tessier (dit Lavigne) pour servir de r\u00e9sidence au Gouverneur Claude de Ramezay (d\u2019o\u00f9 il tient son nom), il fut ensuite achet\u00e9 par la compagnie des Indes qui d\u00e9tenait \u00e0 l\u2019\u00e9poque le monopole des exportations de fourrures.\u00a0 Il redevint par la suite r\u00e9sidence de Gouverneurs, puis quartier g\u00e9n\u00e9ral militaire et palais de justice avant de finir par acqu\u00e9rir sa fonction actuelle\u00a0: celle de mus\u00e9e. Class\u00e9 monument historique \u00e0 l\u2019UNESCO et faisant partie des 1001 lieux \u00e0 voir dans sa vie selon leur liste, vous y revivrez 500 ans d\u2019histoire \u00e0 travers ses pi\u00e8ces d\u00e9cor\u00e9es comme \u00e0 l\u2019\u00e9poque avec des objets anciens, ses expositions sur l\u2019histoire du Qu\u00e9bec et la vie \u00e0 l\u2019\u00e9poque et son jardin \u00e0 la fran\u00e7aise comportant trois sections\u00a0: le potager, el verger et le jardin ornemental. Une jolie visite qui vaut le d\u00e9tour et vous plonge dans l\u2019histoire de Montr\u00e9al.<\/p>\n<p>Notre article: <a href=\"https:\/\/tracesdevoyages.com\/2016\/04\/19\/comme-un-local-vivez-montreal\/\" target=\"_blank\" rel=\"noopener\">Comme un local, vivez Montr\u00e9al!<\/a><\/p>\n<hr \/>\n<p><img data-recalc-dims=\"1\" loading=\"lazy\" decoding=\"async\" class=\"alignnone size-full wp-image-14531\" src=\"https:\/\/i0.wp.com\/tracesdevoyages.com\/wp-content\/uploads\/2017\/09\/Annabelle-Les-petits-plaisirs-de-matante-A.jpg?resize=960%2C614&#038;ssl=1\" alt=\"\" width=\"960\" height=\"614\" \/><\/p>\n<h4>Ch\u00e2teau Frontenac (Qu\u00e9bec, Canada) par Annabelle de <a href=\"http:\/\/matantea.blogspot.fr\/\" target=\"_blank\" rel=\"noopener\">Les Petits Plaisirs de Matante A<\/a>:<\/h4>\n<p>Tous les qu\u00e9b\u00e9cois vous le diront, pour nous, le Ch\u00e2teau Frontenac poss\u00e8de l\u2019aura d\u2019un lieu saint! En plus d\u2019\u00eatre le symbole de la ville de Qu\u00e9bec, il entretient notre imaginaire collectif. Enfant, il me fascinait par son imposante architecture dominant le Cap-Diamant et le fleuve Saint-Laurent. Je me souviens encore tr\u00e8s bien du jour o\u00f9 mon p\u00e8re nous y fit entrer. Les portiers en costume, les armoiries du gouverneur Frontenac int\u00e9gr\u00e9es au b\u00e2timent, les grandes arches et un d\u00e9filement de marbre, de boiseries chics et de cristal ont imm\u00e9diatement impressionn\u00e9 la petite fille que j\u2019\u00e9tais. Inaugur\u00e9 en 1893, il fut construit \u00e0 l\u2019emplacement des anciens ch\u00e2teaux Haldimand et St-Louis par le Canadien Pacifique, compagnie de chemin de fer, qui souhaitait y implanter un h\u00f4tel de luxe afin d\u2019encourager le tourisme par train au pays. Diff\u00e9rentes ailes s\u2019ajouteront \u00e0 la construction initiale \u00e0 travers les ans et l\u2019int\u00e9rieur fut reconstruit suite \u00e0 un incendie survenu en 1926. De nos jours, il est la propri\u00e9t\u00e9 de la cha\u00eene h\u00f4teli\u00e8re Fairmont et compte 611 chambres. Il est aussi d\u00e9sign\u00e9 comme lieu historique national du Canada depuis 1981. Aujourd\u2019hui, il continue de me fasciner par la petite et la grande Histoire qui eurent lieu en ses murs et par la beaut\u00e9 du cadre o\u00f9 il fut implant\u00e9. Il serait l\u2019h\u00f4tel le plus photographi\u00e9 du monde, avec raison! Qu\u2019on l\u2019admire de la terrasse Dufferin, du quartier Petit-Champlain, tout en bas, ou directement du fleuve, il est toujours magnifique. Il re\u00e7ut les grands hommes de ce monde notamment Churchill et Roosevelt lors des conf\u00e9rences de Qu\u00e9bec en 1943 et 1944 o\u00f9 se d\u00e9cida la suite des op\u00e9rations de la Deuxi\u00e8me Guerre. Hitchcock y tourna I Confess en 1952 et plusieurs t\u00eates couronn\u00e9es ou vedettes de la musique y s\u00e9journ\u00e8rent.<\/p>\n<hr \/>\n<h3 style=\"text-align: center;\">Et vous, quels sont vos Ch\u00e2teaux &amp; Palais pr\u00e9f\u00e9r\u00e9s \u00e0 travers le monde?<\/h3>\n<hr \/>\n<p style=\"text-align: center;\"><em>Cet article vous a plu? D\u00e9couvrez le premier article sur les <a href=\"https:\/\/tracesdevoyages.com\/2017\/07\/30\/article-collaboratif-les-plus-beaux-chateaux-palais-deurope\/\" target=\"_blank\" rel=\"noopener\">Plus Beaux Palais &amp; Ch\u00e2teaux d&rsquo;Europe<\/a>!\u00a0<\/em><\/p>\n","protected":false},"excerpt":{"rendered":"<p>Les Plus Beaux Ch\u00e2teaux &amp; Palais du Monde par 10 blogueurs voyage!<\/p>\n","protected":false},"author":2,"featured_media":14530,"comment_status":"open","ping_status":"open","sticky":false,"template":"","format":"standard","meta":{"_jetpack_memberships_contains_paid_content":false,"footnotes":""},"categories":[10,11,27,37,5,6],"tags":[140,142,154,165,228,229,241,244,254,403],"class_list":["post-8295","post","type-post","status-publish","format-standard","has-post-thumbnail","hentry","category-amerique","category-asie","category-interviews-articles-collaboratifs","category-oceanie","category-themes","category-voyages","tag-cambodge","tag-canada","tag-chateauxpalais","tag-coreedusud","tag-inde","tag-indonesie","tag-japon","tag-jordanie","tag-liban","tag-turquie"],"yoast_head":"<!-- This site is optimized with the Yoast SEO plugin v26.3 - https:\/\/yoast.com\/wordpress\/plugins\/seo\/ -->\n<title>Article collaboratif: Les Plus Beaux Ch\u00e2teaux &amp; Palais du Monde - Traces de Voyages<\/title>\n<meta name=\"robots\" content=\"index, follow, max-snippet:-1, max-image-preview:large, max-video-preview:-1\" \/>\n<link rel=\"canonical\" href=\"https:\/\/tracesdevoyages.com\/index.php\/2017\/09\/10\/article-collaboratif-les-plus-beaux-chateaux-palais-du-monde\/\" \/>\n<meta property=\"og:locale\" content=\"fr_FR\" \/>\n<meta property=\"og:type\" content=\"article\" \/>\n<meta property=\"og:title\" content=\"Article collaboratif: Les Plus Beaux Ch\u00e2teaux &amp; Palais du Monde - Traces de Voyages\" \/>\n<meta property=\"og:description\" content=\"Les Plus Beaux Ch\u00e2teaux &amp; Palais du Monde par 10 blogueurs voyage!\" \/>\n<meta property=\"og:url\" content=\"https:\/\/tracesdevoyages.com\/index.php\/2017\/09\/10\/article-collaboratif-les-plus-beaux-chateaux-palais-du-monde\/\" \/>\n<meta property=\"og:site_name\" content=\"Traces de Voyages\" \/>\n<meta property=\"article:publisher\" content=\"https:\/\/www.facebook.com\/tracesdevoyages\/\" \/>\n<meta property=\"article:published_time\" content=\"2017-09-10T14:35:55+00:00\" \/>\n<meta name=\"author\" content=\"tracesdevoyages\" \/>\n<meta name=\"twitter:card\" content=\"summary_large_image\" \/>\n<meta name=\"twitter:creator\" content=\"@TracesdeVoyages\" \/>\n<meta name=\"twitter:site\" content=\"@TracesdeVoyages\" \/>\n<meta name=\"twitter:label1\" content=\"\u00c9crit par\" \/>\n\t<meta name=\"twitter:data1\" content=\"tracesdevoyages\" \/>\n\t<meta name=\"twitter:label2\" content=\"Dur\u00e9e de lecture estim\u00e9e\" \/>\n\t<meta name=\"twitter:data2\" content=\"16 minutes\" \/>\n<script type=\"application\/ld+json\" class=\"yoast-schema-graph\">{\"@context\":\"https:\/\/schema.org\",\"@graph\":[{\"@type\":\"Article\",\"@id\":\"https:\/\/tracesdevoyages.com\/index.php\/2017\/09\/10\/article-collaboratif-les-plus-beaux-chateaux-palais-du-monde\/#article\",\"isPartOf\":{\"@id\":\"https:\/\/tracesdevoyages.com\/index.php\/2017\/09\/10\/article-collaboratif-les-plus-beaux-chateaux-palais-du-monde\/\"},\"author\":{\"name\":\"tracesdevoyages\",\"@id\":\"https:\/\/tracesdevoyages.com\/#\/schema\/person\/407749fd8c63f4e19e1f4d61c3df1dd3\"},\"headline\":\"Article collaboratif: Les Plus Beaux Ch\u00e2teaux &#038; Palais du Monde\",\"datePublished\":\"2017-09-10T14:35:55+00:00\",\"mainEntityOfPage\":{\"@id\":\"https:\/\/tracesdevoyages.com\/index.php\/2017\/09\/10\/article-collaboratif-les-plus-beaux-chateaux-palais-du-monde\/\"},\"wordCount\":3259,\"commentCount\":2,\"publisher\":{\"@id\":\"https:\/\/tracesdevoyages.com\/#organization\"},\"image\":{\"@id\":\"https:\/\/tracesdevoyages.com\/index.php\/2017\/09\/10\/article-collaboratif-les-plus-beaux-chateaux-palais-du-monde\/#primaryimage\"},\"thumbnailUrl\":\"\",\"keywords\":[\"Cambodge\",\"Canada\",\"Ch\u00e2teaux&amp;Palais\",\"Cor\u00e9eduSud\",\"Inde\",\"indon\u00e9sie\",\"Japon\",\"Jordanie\",\"Liban\",\"Turquie\"],\"articleSection\":[\"Am\u00e9rique\",\"Asie\",\"Interviews &amp; Articles Collaboratifs\",\"Oc\u00e9anie\",\"Th\u00e8mes\",\"Voyages\"],\"inLanguage\":\"fr-FR\",\"potentialAction\":[{\"@type\":\"CommentAction\",\"name\":\"Comment\",\"target\":[\"https:\/\/tracesdevoyages.com\/index.php\/2017\/09\/10\/article-collaboratif-les-plus-beaux-chateaux-palais-du-monde\/#respond\"]}]},{\"@type\":\"WebPage\",\"@id\":\"https:\/\/tracesdevoyages.com\/index.php\/2017\/09\/10\/article-collaboratif-les-plus-beaux-chateaux-palais-du-monde\/\",\"url\":\"https:\/\/tracesdevoyages.com\/index.php\/2017\/09\/10\/article-collaboratif-les-plus-beaux-chateaux-palais-du-monde\/\",\"name\":\"Article collaboratif: Les Plus Beaux Ch\u00e2teaux & Palais du Monde - Traces de Voyages\",\"isPartOf\":{\"@id\":\"https:\/\/tracesdevoyages.com\/#website\"},\"primaryImageOfPage\":{\"@id\":\"https:\/\/tracesdevoyages.com\/index.php\/2017\/09\/10\/article-collaboratif-les-plus-beaux-chateaux-palais-du-monde\/#primaryimage\"},\"image\":{\"@id\":\"https:\/\/tracesdevoyages.com\/index.php\/2017\/09\/10\/article-collaboratif-les-plus-beaux-chateaux-palais-du-monde\/#primaryimage\"},\"thumbnailUrl\":\"\",\"datePublished\":\"2017-09-10T14:35:55+00:00\",\"breadcrumb\":{\"@id\":\"https:\/\/tracesdevoyages.com\/index.php\/2017\/09\/10\/article-collaboratif-les-plus-beaux-chateaux-palais-du-monde\/#breadcrumb\"},\"inLanguage\":\"fr-FR\",\"potentialAction\":[{\"@type\":\"ReadAction\",\"target\":[\"https:\/\/tracesdevoyages.com\/index.php\/2017\/09\/10\/article-collaboratif-les-plus-beaux-chateaux-palais-du-monde\/\"]}]},{\"@type\":\"ImageObject\",\"inLanguage\":\"fr-FR\",\"@id\":\"https:\/\/tracesdevoyages.com\/index.php\/2017\/09\/10\/article-collaboratif-les-plus-beaux-chateaux-palais-du-monde\/#primaryimage\",\"url\":\"\",\"contentUrl\":\"\"},{\"@type\":\"BreadcrumbList\",\"@id\":\"https:\/\/tracesdevoyages.com\/index.php\/2017\/09\/10\/article-collaboratif-les-plus-beaux-chateaux-palais-du-monde\/#breadcrumb\",\"itemListElement\":[{\"@type\":\"ListItem\",\"position\":1,\"name\":\"Accueil\",\"item\":\"https:\/\/tracesdevoyages.com\/\"},{\"@type\":\"ListItem\",\"position\":2,\"name\":\"Article collaboratif: Les Plus Beaux Ch\u00e2teaux &#038; Palais du Monde\"}]},{\"@type\":\"WebSite\",\"@id\":\"https:\/\/tracesdevoyages.com\/#website\",\"url\":\"https:\/\/tracesdevoyages.com\/\",\"name\":\"Traces de Voyages\",\"description\":\"Blog de voyages\",\"publisher\":{\"@id\":\"https:\/\/tracesdevoyages.com\/#organization\"},\"potentialAction\":[{\"@type\":\"SearchAction\",\"target\":{\"@type\":\"EntryPoint\",\"urlTemplate\":\"https:\/\/tracesdevoyages.com\/?s={search_term_string}\"},\"query-input\":{\"@type\":\"PropertyValueSpecification\",\"valueRequired\":true,\"valueName\":\"search_term_string\"}}],\"inLanguage\":\"fr-FR\"},{\"@type\":\"Organization\",\"@id\":\"https:\/\/tracesdevoyages.com\/#organization\",\"name\":\"Traces de Voyages\",\"url\":\"https:\/\/tracesdevoyages.com\/\",\"logo\":{\"@type\":\"ImageObject\",\"inLanguage\":\"fr-FR\",\"@id\":\"https:\/\/tracesdevoyages.com\/#\/schema\/logo\/image\/\",\"url\":\"https:\/\/i0.wp.com\/tracesdevoyages.com\/wp-content\/uploads\/2025\/01\/cropped-Traces-de-Voyages-LOGO.jpg?fit=512%2C512&ssl=1\",\"contentUrl\":\"https:\/\/i0.wp.com\/tracesdevoyages.com\/wp-content\/uploads\/2025\/01\/cropped-Traces-de-Voyages-LOGO.jpg?fit=512%2C512&ssl=1\",\"width\":512,\"height\":512,\"caption\":\"Traces de Voyages\"},\"image\":{\"@id\":\"https:\/\/tracesdevoyages.com\/#\/schema\/logo\/image\/\"},\"sameAs\":[\"https:\/\/www.facebook.com\/tracesdevoyages\/\",\"https:\/\/x.com\/TracesdeVoyages\",\"https:\/\/www.instagram.com\/tracesdevoyages\/\",\"https:\/\/fr.pinterest.com\/tracesdevoyages\/\",\"https:\/\/www.youtube.com\/channel\/UC240N7Neo4xrJRYcW3UhDaQ\/\"]},{\"@type\":\"Person\",\"@id\":\"https:\/\/tracesdevoyages.com\/#\/schema\/person\/407749fd8c63f4e19e1f4d61c3df1dd3\",\"name\":\"tracesdevoyages\",\"image\":{\"@type\":\"ImageObject\",\"inLanguage\":\"fr-FR\",\"@id\":\"https:\/\/tracesdevoyages.com\/#\/schema\/person\/image\/\",\"url\":\"https:\/\/secure.gravatar.com\/avatar\/89665a7661ade021f231fa4edee45d02595de0df2c6ac04037b09ce699dd6d89?s=96&d=mm&r=g\",\"contentUrl\":\"https:\/\/secure.gravatar.com\/avatar\/89665a7661ade021f231fa4edee45d02595de0df2c6ac04037b09ce699dd6d89?s=96&d=mm&r=g\",\"caption\":\"tracesdevoyages\"},\"url\":\"https:\/\/tracesdevoyages.com\/index.php\/author\/tracesdevoyages\/\"}]}<\/script>\n<!-- \/ Yoast SEO plugin. -->","yoast_head_json":{"title":"Article collaboratif: Les Plus Beaux Ch\u00e2teaux & Palais du Monde - Traces de Voyages","robots":{"index":"index","follow":"follow","max-snippet":"max-snippet:-1","max-image-preview":"max-image-preview:large","max-video-preview":"max-video-preview:-1"},"canonical":"https:\/\/tracesdevoyages.com\/index.php\/2017\/09\/10\/article-collaboratif-les-plus-beaux-chateaux-palais-du-monde\/","og_locale":"fr_FR","og_type":"article","og_title":"Article collaboratif: Les Plus Beaux Ch\u00e2teaux & Palais du Monde - Traces de Voyages","og_description":"Les Plus Beaux Ch\u00e2teaux &amp; Palais du Monde par 10 blogueurs voyage!","og_url":"https:\/\/tracesdevoyages.com\/index.php\/2017\/09\/10\/article-collaboratif-les-plus-beaux-chateaux-palais-du-monde\/","og_site_name":"Traces de Voyages","article_publisher":"https:\/\/www.facebook.com\/tracesdevoyages\/","article_published_time":"2017-09-10T14:35:55+00:00","author":"tracesdevoyages","twitter_card":"summary_large_image","twitter_creator":"@TracesdeVoyages","twitter_site":"@TracesdeVoyages","twitter_misc":{"\u00c9crit par":"tracesdevoyages","Dur\u00e9e de lecture estim\u00e9e":"16 minutes"},"schema":{"@context":"https:\/\/schema.org","@graph":[{"@type":"Article","@id":"https:\/\/tracesdevoyages.com\/index.php\/2017\/09\/10\/article-collaboratif-les-plus-beaux-chateaux-palais-du-monde\/#article","isPartOf":{"@id":"https:\/\/tracesdevoyages.com\/index.php\/2017\/09\/10\/article-collaboratif-les-plus-beaux-chateaux-palais-du-monde\/"},"author":{"name":"tracesdevoyages","@id":"https:\/\/tracesdevoyages.com\/#\/schema\/person\/407749fd8c63f4e19e1f4d61c3df1dd3"},"headline":"Article collaboratif: Les Plus Beaux Ch\u00e2teaux &#038; Palais du Monde","datePublished":"2017-09-10T14:35:55+00:00","mainEntityOfPage":{"@id":"https:\/\/tracesdevoyages.com\/index.php\/2017\/09\/10\/article-collaboratif-les-plus-beaux-chateaux-palais-du-monde\/"},"wordCount":3259,"commentCount":2,"publisher":{"@id":"https:\/\/tracesdevoyages.com\/#organization"},"image":{"@id":"https:\/\/tracesdevoyages.com\/index.php\/2017\/09\/10\/article-collaboratif-les-plus-beaux-chateaux-palais-du-monde\/#primaryimage"},"thumbnailUrl":"","keywords":["Cambodge","Canada","Ch\u00e2teaux&amp;Palais","Cor\u00e9eduSud","Inde","indon\u00e9sie","Japon","Jordanie","Liban","Turquie"],"articleSection":["Am\u00e9rique","Asie","Interviews &amp; Articles Collaboratifs","Oc\u00e9anie","Th\u00e8mes","Voyages"],"inLanguage":"fr-FR","potentialAction":[{"@type":"CommentAction","name":"Comment","target":["https:\/\/tracesdevoyages.com\/index.php\/2017\/09\/10\/article-collaboratif-les-plus-beaux-chateaux-palais-du-monde\/#respond"]}]},{"@type":"WebPage","@id":"https:\/\/tracesdevoyages.com\/index.php\/2017\/09\/10\/article-collaboratif-les-plus-beaux-chateaux-palais-du-monde\/","url":"https:\/\/tracesdevoyages.com\/index.php\/2017\/09\/10\/article-collaboratif-les-plus-beaux-chateaux-palais-du-monde\/","name":"Article collaboratif: Les Plus Beaux Ch\u00e2teaux & Palais du Monde - Traces de Voyages","isPartOf":{"@id":"https:\/\/tracesdevoyages.com\/#website"},"primaryImageOfPage":{"@id":"https:\/\/tracesdevoyages.com\/index.php\/2017\/09\/10\/article-collaboratif-les-plus-beaux-chateaux-palais-du-monde\/#primaryimage"},"image":{"@id":"https:\/\/tracesdevoyages.com\/index.php\/2017\/09\/10\/article-collaboratif-les-plus-beaux-chateaux-palais-du-monde\/#primaryimage"},"thumbnailUrl":"","datePublished":"2017-09-10T14:35:55+00:00","breadcrumb":{"@id":"https:\/\/tracesdevoyages.com\/index.php\/2017\/09\/10\/article-collaboratif-les-plus-beaux-chateaux-palais-du-monde\/#breadcrumb"},"inLanguage":"fr-FR","potentialAction":[{"@type":"ReadAction","target":["https:\/\/tracesdevoyages.com\/index.php\/2017\/09\/10\/article-collaboratif-les-plus-beaux-chateaux-palais-du-monde\/"]}]},{"@type":"ImageObject","inLanguage":"fr-FR","@id":"https:\/\/tracesdevoyages.com\/index.php\/2017\/09\/10\/article-collaboratif-les-plus-beaux-chateaux-palais-du-monde\/#primaryimage","url":"","contentUrl":""},{"@type":"BreadcrumbList","@id":"https:\/\/tracesdevoyages.com\/index.php\/2017\/09\/10\/article-collaboratif-les-plus-beaux-chateaux-palais-du-monde\/#breadcrumb","itemListElement":[{"@type":"ListItem","position":1,"name":"Accueil","item":"https:\/\/tracesdevoyages.com\/"},{"@type":"ListItem","position":2,"name":"Article collaboratif: Les Plus Beaux Ch\u00e2teaux &#038; Palais du Monde"}]},{"@type":"WebSite","@id":"https:\/\/tracesdevoyages.com\/#website","url":"https:\/\/tracesdevoyages.com\/","name":"Traces de Voyages","description":"Blog de voyages","publisher":{"@id":"https:\/\/tracesdevoyages.com\/#organization"},"potentialAction":[{"@type":"SearchAction","target":{"@type":"EntryPoint","urlTemplate":"https:\/\/tracesdevoyages.com\/?s={search_term_string}"},"query-input":{"@type":"PropertyValueSpecification","valueRequired":true,"valueName":"search_term_string"}}],"inLanguage":"fr-FR"},{"@type":"Organization","@id":"https:\/\/tracesdevoyages.com\/#organization","name":"Traces de Voyages","url":"https:\/\/tracesdevoyages.com\/","logo":{"@type":"ImageObject","inLanguage":"fr-FR","@id":"https:\/\/tracesdevoyages.com\/#\/schema\/logo\/image\/","url":"https:\/\/i0.wp.com\/tracesdevoyages.com\/wp-content\/uploads\/2025\/01\/cropped-Traces-de-Voyages-LOGO.jpg?fit=512%2C512&ssl=1","contentUrl":"https:\/\/i0.wp.com\/tracesdevoyages.com\/wp-content\/uploads\/2025\/01\/cropped-Traces-de-Voyages-LOGO.jpg?fit=512%2C512&ssl=1","width":512,"height":512,"caption":"Traces de Voyages"},"image":{"@id":"https:\/\/tracesdevoyages.com\/#\/schema\/logo\/image\/"},"sameAs":["https:\/\/www.facebook.com\/tracesdevoyages\/","https:\/\/x.com\/TracesdeVoyages","https:\/\/www.instagram.com\/tracesdevoyages\/","https:\/\/fr.pinterest.com\/tracesdevoyages\/","https:\/\/www.youtube.com\/channel\/UC240N7Neo4xrJRYcW3UhDaQ\/"]},{"@type":"Person","@id":"https:\/\/tracesdevoyages.com\/#\/schema\/person\/407749fd8c63f4e19e1f4d61c3df1dd3","name":"tracesdevoyages","image":{"@type":"ImageObject","inLanguage":"fr-FR","@id":"https:\/\/tracesdevoyages.com\/#\/schema\/person\/image\/","url":"https:\/\/secure.gravatar.com\/avatar\/89665a7661ade021f231fa4edee45d02595de0df2c6ac04037b09ce699dd6d89?s=96&d=mm&r=g","contentUrl":"https:\/\/secure.gravatar.com\/avatar\/89665a7661ade021f231fa4edee45d02595de0df2c6ac04037b09ce699dd6d89?s=96&d=mm&r=g","caption":"tracesdevoyages"},"url":"https:\/\/tracesdevoyages.com\/index.php\/author\/tracesdevoyages\/"}]}},"jetpack_featured_media_url":"","jetpack_sharing_enabled":true,"_links":{"self":[{"href":"https:\/\/tracesdevoyages.com\/index.php\/wp-json\/wp\/v2\/posts\/8295","targetHints":{"allow":["GET"]}}],"collection":[{"href":"https:\/\/tracesdevoyages.com\/index.php\/wp-json\/wp\/v2\/posts"}],"about":[{"href":"https:\/\/tracesdevoyages.com\/index.php\/wp-json\/wp\/v2\/types\/post"}],"author":[{"embeddable":true,"href":"https:\/\/tracesdevoyages.com\/index.php\/wp-json\/wp\/v2\/users\/2"}],"replies":[{"embeddable":true,"href":"https:\/\/tracesdevoyages.com\/index.php\/wp-json\/wp\/v2\/comments?post=8295"}],"version-history":[{"count":0,"href":"https:\/\/tracesdevoyages.com\/index.php\/wp-json\/wp\/v2\/posts\/8295\/revisions"}],"wp:featuredmedia":[{"embeddable":true,"href":"https:\/\/tracesdevoyages.com\/index.php\/wp-json\/"}],"wp:attachment":[{"href":"https:\/\/tracesdevoyages.com\/index.php\/wp-json\/wp\/v2\/media?parent=8295"}],"wp:term":[{"taxonomy":"category","embeddable":true,"href":"https:\/\/tracesdevoyages.com\/index.php\/wp-json\/wp\/v2\/categories?post=8295"},{"taxonomy":"post_tag","embeddable":true,"href":"https:\/\/tracesdevoyages.com\/index.php\/wp-json\/wp\/v2\/tags?post=8295"}],"curies":[{"name":"wp","href":"https:\/\/api.w.org\/{rel}","templated":true}]}}