{"id":8387,"date":"2017-09-17T16:06:53","date_gmt":"2017-09-17T14:06:53","guid":{"rendered":"http:\/\/tracesdevoyages.com\/?p=8387"},"modified":"2017-09-17T16:06:53","modified_gmt":"2017-09-17T14:06:53","slug":"escapades-souvenirs-de-la-martinique","status":"publish","type":"post","link":"https:\/\/tracesdevoyages.com\/index.php\/2017\/09\/17\/escapades-souvenirs-de-la-martinique\/","title":{"rendered":"Escapades: Souvenirs de La Martinique"},"content":{"rendered":"<p>Qui n&rsquo;a pas un jour r\u00eav\u00e9 des Cara\u00efbes? De ses eaux turquoises, ses plages de sable blanc, ses palmiers et cocotiers, son soleil, ses \u00e9pices, ses fruits, ses couleurs et ses parfums?&#8230; Je me souviens de mon premier voyage en Martinique, j&rsquo;avais 5 ans et pourtant, tous ces souvenirs sont rest\u00e9s intacts dans ma m\u00e9moire, en partie gr\u00e2ce au second voyage effectu\u00e9 quelques ann\u00e9es apr\u00e8s qui aura su implanter d\u00e9finitivement ces images dont je vais vous parler&#8230;<\/p>\n\n<p>Pour moi, cette \u00eele c&rsquo;\u00e9tait le paradis! Si je devais la d\u00e9crire en un mot ce serait: Douceur. Car oui, les souvenirs que j&rsquo;en garde sont tous emprunts d&rsquo;une grande douceur, que ce soit dans ses paysages, son climat, ses habitants, ses plats (bien qu&rsquo;\u00e9pic\u00e9s, jamais trop relev\u00e9s), ses parfums de fleurs, son sable&#8230; tout l\u00e0-bas respire le bonheur et la joie de vivre. Pas de stress, seulement de la d\u00e9tente et croyez-moi, ce n&rsquo;\u00e9tait pas d\u00fb au fait que j&rsquo;y \u00e9tais en voyage, les habitants aussi \u00e9taient tr\u00e8s d\u00e9tendus (du moins ceux que nous avons eu la chance de rencontrer). Un peu \u00e0 la mani\u00e8re d&rsquo;un portrait chinois, laissez-moi vous conter La Martinique de mes souvenirs&#8230;<\/p>\n\n<p>Chaque lettre de l&rsquo;alphabet pour un mot que j&rsquo;associe spontan\u00e9ment \u00e0 un souvenir de cette \u00eele, ma fa\u00e7on \u00e0 moi de retourner l\u00e0-bas et vous y emmener aussi&#8230;<\/p>\n<p><strong>A<\/strong>&#8230;nanas, ceux que l&rsquo;on voient pousser dans les champs ensoleill\u00e9s. <strong>B<\/strong>&#8230;ananes, mais pas n&rsquo;importe lesquelles, les petites naines, taille enfant, dont je me r\u00e9galais sur la route. <strong>C<\/strong>&#8230;olombo, cette \u00e9pice d\u00e9licieuse que l&rsquo;on trouvait dans tous les plats. <strong>D<\/strong>&#8230;iamant, comme le nom du rocher qui se trouve dans la baie o\u00f9 \u00e9tait notre h\u00f4tel. <strong>E<\/strong>&#8230;pices, on en trouve partout dans les march\u00e9s et les parfums se m\u00ealent dans un tourbillon de couleurs. <strong>F<\/strong>&#8230;rites, accompagnant un bon petit poulet grill\u00e9 apr\u00e8s la baignade, tout droit sortis de la r\u00f4tisserie ambulante, miam.<\/p>\n\n<p><strong>G<\/strong>&#8230;rimper aux arbres, ou plut\u00f4t aux cocotiers sur la plage pour en recueillir la pr\u00e9cieuse coco \u00e0 d\u00e9guster \u00e0 m\u00eame le sable.\u00a0<strong>H<\/strong>&#8230;uile, celle dans laquelle ont fait cuire les beignets d&rsquo;ananas ou de bananes plantain.\u00a0<strong>I<\/strong>&#8230;magination, celle que j&rsquo;avais enfant, pensant qu&rsquo;il y avait un tr\u00e9sor pirates cach\u00e9 sur le rocher du Diamant.\u00a0<strong>J<\/strong>&#8230;ardins de Balata, un parc ornemental exotique merveilleux.\u00a0<strong>K<\/strong>&#8230;ilom\u00e8tres, ceux que l&rsquo;on a parcourus \u00e0 travers l&rsquo;\u00eele \u00e0 bord de notre petite twingo bleue de location.\u00a0<strong>L<\/strong>&#8230;uminosit\u00e9, elle \u00e9tait diff\u00e9rente de celle que je connaissais et avait une douceur sans pareil.<\/p>\n\n<p><strong>M<\/strong>&#8230;atin, synonyme de ma premi\u00e8re baignade dans les Cara\u00efbes, c&rsquo;est un matin \u00e0 l&rsquo;aurore que nous avons fait plouf dans l&rsquo;eau turquoise avec mon papa.\u00a0<strong>N<\/strong>&#8230;oix de coco, celles dont je me d\u00e9lectait sur les march\u00e9s, fra\u00eechement coup\u00e9es avec une paille plant\u00e9e pour en boire le jus avant de manger les morceaux. <strong>O<\/strong>&#8230;cypode quadrata, c&rsquo;est le nom scientifique de ce petit crabe de sable couleur dor\u00e9 que l&rsquo;on trouve partout sur les plages.\u00a0<strong>P<\/strong>&#8230;oissons multicolores, de toutes sortes et de toutes les tailles, j&rsquo;ai pass\u00e9 du temps la t\u00eate sous l&rsquo;eau \u00e0 les observer. <strong>Q<\/strong>&#8230;i\u00e9tude, celle qui nous habitait dans ce lieu magique.<\/p>\n\n<p><strong>R<\/strong>&#8230;aies, les premi\u00e8res que j&rsquo;ai pu observer de pr\u00e8s dans les eaux des lagons.\u00a0<strong>S<\/strong>&#8230;orbets coco, ceux de la dame qui se tenait en haut d&rsquo;une falaise avec son petit chariot ambulant, dominant l&rsquo;\u00eele et ayant une vue formidable sur la baie. <strong>T<\/strong>&#8230;enues traditionnelles, elles sont pleines de couleurs avec de jolis chemisiers blancs \u00e0 dentelle, ma maman m&rsquo;en avait offert une que je n&rsquo;ai pas quitt\u00e9e du voyage.\u00a0<strong>U<\/strong>&#8230;v, ou les coups de soleil que l&rsquo;on a attrap\u00e9s d\u00e8s les premiers jours.\u00a0<strong>V<\/strong>&#8230;anille, un parfum de glace qui m&rsquo;a marqu\u00e9e car elle \u00e9tait faite maison.<\/p>\n<p>&nbsp;<\/p>\n\n<p><strong>W<\/strong>&#8230;af, les chiens errants sont nombreux l\u00e0-bas et il y avait une m\u00e8re et ses chiots qui venaient toujours sur la plage de l&rsquo;h\u00f4tel o\u00f9 nous \u00e9tions (je r\u00eavais d&rsquo;en ramener un avec moi en m\u00e9tropole). <strong>X<\/strong>&#8230; cette lettre not\u00e9e en gros sur ma carte aux tr\u00e9sors imaginaire (oui j&rsquo;avais trop vu l&rsquo;\u00eele aux pirates avant de venir).\u00a0<strong>Y<\/strong>&#8230;oyo, petit objet en bois que les enfants n&rsquo;utilisent plus et que j&rsquo;affectionnait beaucoup l\u00e0-bas.\u00a0<strong>Z<\/strong>&#8230;en, une fa\u00e7on de vivre que nous avions adopt\u00e9e et que nous aurions d\u00fb garder \u00e0 notre retour.<\/p>\n\n<h6 style=\"text-align: center;\"><em>N.B. les photos sont celles de mes parents, prises en 2010.<\/em><\/h6>\n<hr \/>\n<p>https:\/\/www.pinterest.fr\/pin\/804525920912538031<\/p>\n","protected":false},"excerpt":{"rendered":"<p>Quelques souvenirs de cette \u00eele paradisiaque au c\u0153ur des Cara\u00efbes.<\/p>\n","protected":false},"author":2,"featured_media":14534,"comment_status":"open","ping_status":"open","sticky":false,"template":"","format":"standard","meta":{"_jetpack_memberships_contains_paid_content":false,"footnotes":""},"categories":[20,22,32,44,5,6],"tags":[145,276,335],"class_list":["post-8387","post","type-post","status-publish","format-standard","has-post-thumbnail","hentry","category-escapades","category-france","category-nature","category-regions-d-outre-mer","category-themes","category-voyages","tag-caraibes","tag-martinique","tag-photos"],"yoast_head":"<!-- This site is optimized with the Yoast SEO plugin v26.3 - https:\/\/yoast.com\/wordpress\/plugins\/seo\/ -->\n<title>Escapades: Souvenirs de La Martinique - Traces de Voyages<\/title>\n<meta name=\"robots\" content=\"index, follow, max-snippet:-1, max-image-preview:large, max-video-preview:-1\" \/>\n<link rel=\"canonical\" href=\"https:\/\/tracesdevoyages.com\/index.php\/2017\/09\/17\/escapades-souvenirs-de-la-martinique\/\" \/>\n<meta property=\"og:locale\" content=\"fr_FR\" \/>\n<meta property=\"og:type\" content=\"article\" \/>\n<meta property=\"og:title\" content=\"Escapades: Souvenirs de La Martinique - Traces de Voyages\" \/>\n<meta property=\"og:description\" content=\"Quelques souvenirs de cette \u00eele paradisiaque au c\u0153ur des Cara\u00efbes.\" \/>\n<meta property=\"og:url\" content=\"https:\/\/tracesdevoyages.com\/index.php\/2017\/09\/17\/escapades-souvenirs-de-la-martinique\/\" \/>\n<meta property=\"og:site_name\" content=\"Traces de Voyages\" \/>\n<meta property=\"article:publisher\" content=\"https:\/\/www.facebook.com\/tracesdevoyages\/\" \/>\n<meta property=\"article:published_time\" content=\"2017-09-17T14:06:53+00:00\" \/>\n<meta name=\"author\" content=\"tracesdevoyages\" \/>\n<meta name=\"twitter:card\" content=\"summary_large_image\" \/>\n<meta name=\"twitter:creator\" content=\"@TracesdeVoyages\" \/>\n<meta name=\"twitter:site\" content=\"@TracesdeVoyages\" \/>\n<meta name=\"twitter:label1\" content=\"\u00c9crit par\" \/>\n\t<meta name=\"twitter:data1\" content=\"tracesdevoyages\" \/>\n\t<meta name=\"twitter:label2\" content=\"Dur\u00e9e de lecture estim\u00e9e\" \/>\n\t<meta name=\"twitter:data2\" content=\"4 minutes\" \/>\n<script type=\"application\/ld+json\" class=\"yoast-schema-graph\">{\"@context\":\"https:\/\/schema.org\",\"@graph\":[{\"@type\":\"Article\",\"@id\":\"https:\/\/tracesdevoyages.com\/index.php\/2017\/09\/17\/escapades-souvenirs-de-la-martinique\/#article\",\"isPartOf\":{\"@id\":\"https:\/\/tracesdevoyages.com\/index.php\/2017\/09\/17\/escapades-souvenirs-de-la-martinique\/\"},\"author\":{\"name\":\"tracesdevoyages\",\"@id\":\"https:\/\/tracesdevoyages.com\/#\/schema\/person\/407749fd8c63f4e19e1f4d61c3df1dd3\"},\"headline\":\"Escapades: Souvenirs de La Martinique\",\"datePublished\":\"2017-09-17T14:06:53+00:00\",\"mainEntityOfPage\":{\"@id\":\"https:\/\/tracesdevoyages.com\/index.php\/2017\/09\/17\/escapades-souvenirs-de-la-martinique\/\"},\"wordCount\":863,\"commentCount\":9,\"publisher\":{\"@id\":\"https:\/\/tracesdevoyages.com\/#organization\"},\"image\":{\"@id\":\"https:\/\/tracesdevoyages.com\/index.php\/2017\/09\/17\/escapades-souvenirs-de-la-martinique\/#primaryimage\"},\"thumbnailUrl\":\"\",\"keywords\":[\"Cara\u00efbes\",\"Martinique\",\"Photos\"],\"articleSection\":[\"Escapades\",\"France\",\"Nature\",\"R\u00e9gions d'Outre-Mer\",\"Th\u00e8mes\",\"Voyages\"],\"inLanguage\":\"fr-FR\",\"potentialAction\":[{\"@type\":\"CommentAction\",\"name\":\"Comment\",\"target\":[\"https:\/\/tracesdevoyages.com\/index.php\/2017\/09\/17\/escapades-souvenirs-de-la-martinique\/#respond\"]}]},{\"@type\":\"WebPage\",\"@id\":\"https:\/\/tracesdevoyages.com\/index.php\/2017\/09\/17\/escapades-souvenirs-de-la-martinique\/\",\"url\":\"https:\/\/tracesdevoyages.com\/index.php\/2017\/09\/17\/escapades-souvenirs-de-la-martinique\/\",\"name\":\"Escapades: Souvenirs de La Martinique - Traces de Voyages\",\"isPartOf\":{\"@id\":\"https:\/\/tracesdevoyages.com\/#website\"},\"primaryImageOfPage\":{\"@id\":\"https:\/\/tracesdevoyages.com\/index.php\/2017\/09\/17\/escapades-souvenirs-de-la-martinique\/#primaryimage\"},\"image\":{\"@id\":\"https:\/\/tracesdevoyages.com\/index.php\/2017\/09\/17\/escapades-souvenirs-de-la-martinique\/#primaryimage\"},\"thumbnailUrl\":\"\",\"datePublished\":\"2017-09-17T14:06:53+00:00\",\"breadcrumb\":{\"@id\":\"https:\/\/tracesdevoyages.com\/index.php\/2017\/09\/17\/escapades-souvenirs-de-la-martinique\/#breadcrumb\"},\"inLanguage\":\"fr-FR\",\"potentialAction\":[{\"@type\":\"ReadAction\",\"target\":[\"https:\/\/tracesdevoyages.com\/index.php\/2017\/09\/17\/escapades-souvenirs-de-la-martinique\/\"]}]},{\"@type\":\"ImageObject\",\"inLanguage\":\"fr-FR\",\"@id\":\"https:\/\/tracesdevoyages.com\/index.php\/2017\/09\/17\/escapades-souvenirs-de-la-martinique\/#primaryimage\",\"url\":\"\",\"contentUrl\":\"\"},{\"@type\":\"BreadcrumbList\",\"@id\":\"https:\/\/tracesdevoyages.com\/index.php\/2017\/09\/17\/escapades-souvenirs-de-la-martinique\/#breadcrumb\",\"itemListElement\":[{\"@type\":\"ListItem\",\"position\":1,\"name\":\"Accueil\",\"item\":\"https:\/\/tracesdevoyages.com\/\"},{\"@type\":\"ListItem\",\"position\":2,\"name\":\"Escapades: Souvenirs de La Martinique\"}]},{\"@type\":\"WebSite\",\"@id\":\"https:\/\/tracesdevoyages.com\/#website\",\"url\":\"https:\/\/tracesdevoyages.com\/\",\"name\":\"Traces de Voyages\",\"description\":\"Blog de voyages\",\"publisher\":{\"@id\":\"https:\/\/tracesdevoyages.com\/#organization\"},\"potentialAction\":[{\"@type\":\"SearchAction\",\"target\":{\"@type\":\"EntryPoint\",\"urlTemplate\":\"https:\/\/tracesdevoyages.com\/?s={search_term_string}\"},\"query-input\":{\"@type\":\"PropertyValueSpecification\",\"valueRequired\":true,\"valueName\":\"search_term_string\"}}],\"inLanguage\":\"fr-FR\"},{\"@type\":\"Organization\",\"@id\":\"https:\/\/tracesdevoyages.com\/#organization\",\"name\":\"Traces de Voyages\",\"url\":\"https:\/\/tracesdevoyages.com\/\",\"logo\":{\"@type\":\"ImageObject\",\"inLanguage\":\"fr-FR\",\"@id\":\"https:\/\/tracesdevoyages.com\/#\/schema\/logo\/image\/\",\"url\":\"https:\/\/i0.wp.com\/tracesdevoyages.com\/wp-content\/uploads\/2025\/01\/cropped-Traces-de-Voyages-LOGO.jpg?fit=512%2C512&ssl=1\",\"contentUrl\":\"https:\/\/i0.wp.com\/tracesdevoyages.com\/wp-content\/uploads\/2025\/01\/cropped-Traces-de-Voyages-LOGO.jpg?fit=512%2C512&ssl=1\",\"width\":512,\"height\":512,\"caption\":\"Traces de Voyages\"},\"image\":{\"@id\":\"https:\/\/tracesdevoyages.com\/#\/schema\/logo\/image\/\"},\"sameAs\":[\"https:\/\/www.facebook.com\/tracesdevoyages\/\",\"https:\/\/x.com\/TracesdeVoyages\",\"https:\/\/www.instagram.com\/tracesdevoyages\/\",\"https:\/\/fr.pinterest.com\/tracesdevoyages\/\",\"https:\/\/www.youtube.com\/channel\/UC240N7Neo4xrJRYcW3UhDaQ\/\"]},{\"@type\":\"Person\",\"@id\":\"https:\/\/tracesdevoyages.com\/#\/schema\/person\/407749fd8c63f4e19e1f4d61c3df1dd3\",\"name\":\"tracesdevoyages\",\"image\":{\"@type\":\"ImageObject\",\"inLanguage\":\"fr-FR\",\"@id\":\"https:\/\/tracesdevoyages.com\/#\/schema\/person\/image\/\",\"url\":\"https:\/\/secure.gravatar.com\/avatar\/89665a7661ade021f231fa4edee45d02595de0df2c6ac04037b09ce699dd6d89?s=96&d=mm&r=g\",\"contentUrl\":\"https:\/\/secure.gravatar.com\/avatar\/89665a7661ade021f231fa4edee45d02595de0df2c6ac04037b09ce699dd6d89?s=96&d=mm&r=g\",\"caption\":\"tracesdevoyages\"},\"url\":\"https:\/\/tracesdevoyages.com\/index.php\/author\/tracesdevoyages\/\"}]}<\/script>\n<!-- \/ Yoast SEO plugin. -->","yoast_head_json":{"title":"Escapades: Souvenirs de La Martinique - Traces de Voyages","robots":{"index":"index","follow":"follow","max-snippet":"max-snippet:-1","max-image-preview":"max-image-preview:large","max-video-preview":"max-video-preview:-1"},"canonical":"https:\/\/tracesdevoyages.com\/index.php\/2017\/09\/17\/escapades-souvenirs-de-la-martinique\/","og_locale":"fr_FR","og_type":"article","og_title":"Escapades: Souvenirs de La Martinique - Traces de Voyages","og_description":"Quelques souvenirs de cette \u00eele paradisiaque au c\u0153ur des Cara\u00efbes.","og_url":"https:\/\/tracesdevoyages.com\/index.php\/2017\/09\/17\/escapades-souvenirs-de-la-martinique\/","og_site_name":"Traces de Voyages","article_publisher":"https:\/\/www.facebook.com\/tracesdevoyages\/","article_published_time":"2017-09-17T14:06:53+00:00","author":"tracesdevoyages","twitter_card":"summary_large_image","twitter_creator":"@TracesdeVoyages","twitter_site":"@TracesdeVoyages","twitter_misc":{"\u00c9crit par":"tracesdevoyages","Dur\u00e9e de lecture estim\u00e9e":"4 minutes"},"schema":{"@context":"https:\/\/schema.org","@graph":[{"@type":"Article","@id":"https:\/\/tracesdevoyages.com\/index.php\/2017\/09\/17\/escapades-souvenirs-de-la-martinique\/#article","isPartOf":{"@id":"https:\/\/tracesdevoyages.com\/index.php\/2017\/09\/17\/escapades-souvenirs-de-la-martinique\/"},"author":{"name":"tracesdevoyages","@id":"https:\/\/tracesdevoyages.com\/#\/schema\/person\/407749fd8c63f4e19e1f4d61c3df1dd3"},"headline":"Escapades: Souvenirs de La Martinique","datePublished":"2017-09-17T14:06:53+00:00","mainEntityOfPage":{"@id":"https:\/\/tracesdevoyages.com\/index.php\/2017\/09\/17\/escapades-souvenirs-de-la-martinique\/"},"wordCount":863,"commentCount":9,"publisher":{"@id":"https:\/\/tracesdevoyages.com\/#organization"},"image":{"@id":"https:\/\/tracesdevoyages.com\/index.php\/2017\/09\/17\/escapades-souvenirs-de-la-martinique\/#primaryimage"},"thumbnailUrl":"","keywords":["Cara\u00efbes","Martinique","Photos"],"articleSection":["Escapades","France","Nature","R\u00e9gions d'Outre-Mer","Th\u00e8mes","Voyages"],"inLanguage":"fr-FR","potentialAction":[{"@type":"CommentAction","name":"Comment","target":["https:\/\/tracesdevoyages.com\/index.php\/2017\/09\/17\/escapades-souvenirs-de-la-martinique\/#respond"]}]},{"@type":"WebPage","@id":"https:\/\/tracesdevoyages.com\/index.php\/2017\/09\/17\/escapades-souvenirs-de-la-martinique\/","url":"https:\/\/tracesdevoyages.com\/index.php\/2017\/09\/17\/escapades-souvenirs-de-la-martinique\/","name":"Escapades: Souvenirs de La Martinique - Traces de Voyages","isPartOf":{"@id":"https:\/\/tracesdevoyages.com\/#website"},"primaryImageOfPage":{"@id":"https:\/\/tracesdevoyages.com\/index.php\/2017\/09\/17\/escapades-souvenirs-de-la-martinique\/#primaryimage"},"image":{"@id":"https:\/\/tracesdevoyages.com\/index.php\/2017\/09\/17\/escapades-souvenirs-de-la-martinique\/#primaryimage"},"thumbnailUrl":"","datePublished":"2017-09-17T14:06:53+00:00","breadcrumb":{"@id":"https:\/\/tracesdevoyages.com\/index.php\/2017\/09\/17\/escapades-souvenirs-de-la-martinique\/#breadcrumb"},"inLanguage":"fr-FR","potentialAction":[{"@type":"ReadAction","target":["https:\/\/tracesdevoyages.com\/index.php\/2017\/09\/17\/escapades-souvenirs-de-la-martinique\/"]}]},{"@type":"ImageObject","inLanguage":"fr-FR","@id":"https:\/\/tracesdevoyages.com\/index.php\/2017\/09\/17\/escapades-souvenirs-de-la-martinique\/#primaryimage","url":"","contentUrl":""},{"@type":"BreadcrumbList","@id":"https:\/\/tracesdevoyages.com\/index.php\/2017\/09\/17\/escapades-souvenirs-de-la-martinique\/#breadcrumb","itemListElement":[{"@type":"ListItem","position":1,"name":"Accueil","item":"https:\/\/tracesdevoyages.com\/"},{"@type":"ListItem","position":2,"name":"Escapades: Souvenirs de La Martinique"}]},{"@type":"WebSite","@id":"https:\/\/tracesdevoyages.com\/#website","url":"https:\/\/tracesdevoyages.com\/","name":"Traces de Voyages","description":"Blog de voyages","publisher":{"@id":"https:\/\/tracesdevoyages.com\/#organization"},"potentialAction":[{"@type":"SearchAction","target":{"@type":"EntryPoint","urlTemplate":"https:\/\/tracesdevoyages.com\/?s={search_term_string}"},"query-input":{"@type":"PropertyValueSpecification","valueRequired":true,"valueName":"search_term_string"}}],"inLanguage":"fr-FR"},{"@type":"Organization","@id":"https:\/\/tracesdevoyages.com\/#organization","name":"Traces de Voyages","url":"https:\/\/tracesdevoyages.com\/","logo":{"@type":"ImageObject","inLanguage":"fr-FR","@id":"https:\/\/tracesdevoyages.com\/#\/schema\/logo\/image\/","url":"https:\/\/i0.wp.com\/tracesdevoyages.com\/wp-content\/uploads\/2025\/01\/cropped-Traces-de-Voyages-LOGO.jpg?fit=512%2C512&ssl=1","contentUrl":"https:\/\/i0.wp.com\/tracesdevoyages.com\/wp-content\/uploads\/2025\/01\/cropped-Traces-de-Voyages-LOGO.jpg?fit=512%2C512&ssl=1","width":512,"height":512,"caption":"Traces de Voyages"},"image":{"@id":"https:\/\/tracesdevoyages.com\/#\/schema\/logo\/image\/"},"sameAs":["https:\/\/www.facebook.com\/tracesdevoyages\/","https:\/\/x.com\/TracesdeVoyages","https:\/\/www.instagram.com\/tracesdevoyages\/","https:\/\/fr.pinterest.com\/tracesdevoyages\/","https:\/\/www.youtube.com\/channel\/UC240N7Neo4xrJRYcW3UhDaQ\/"]},{"@type":"Person","@id":"https:\/\/tracesdevoyages.com\/#\/schema\/person\/407749fd8c63f4e19e1f4d61c3df1dd3","name":"tracesdevoyages","image":{"@type":"ImageObject","inLanguage":"fr-FR","@id":"https:\/\/tracesdevoyages.com\/#\/schema\/person\/image\/","url":"https:\/\/secure.gravatar.com\/avatar\/89665a7661ade021f231fa4edee45d02595de0df2c6ac04037b09ce699dd6d89?s=96&d=mm&r=g","contentUrl":"https:\/\/secure.gravatar.com\/avatar\/89665a7661ade021f231fa4edee45d02595de0df2c6ac04037b09ce699dd6d89?s=96&d=mm&r=g","caption":"tracesdevoyages"},"url":"https:\/\/tracesdevoyages.com\/index.php\/author\/tracesdevoyages\/"}]}},"jetpack_featured_media_url":"","jetpack_sharing_enabled":true,"_links":{"self":[{"href":"https:\/\/tracesdevoyages.com\/index.php\/wp-json\/wp\/v2\/posts\/8387","targetHints":{"allow":["GET"]}}],"collection":[{"href":"https:\/\/tracesdevoyages.com\/index.php\/wp-json\/wp\/v2\/posts"}],"about":[{"href":"https:\/\/tracesdevoyages.com\/index.php\/wp-json\/wp\/v2\/types\/post"}],"author":[{"embeddable":true,"href":"https:\/\/tracesdevoyages.com\/index.php\/wp-json\/wp\/v2\/users\/2"}],"replies":[{"embeddable":true,"href":"https:\/\/tracesdevoyages.com\/index.php\/wp-json\/wp\/v2\/comments?post=8387"}],"version-history":[{"count":0,"href":"https:\/\/tracesdevoyages.com\/index.php\/wp-json\/wp\/v2\/posts\/8387\/revisions"}],"wp:featuredmedia":[{"embeddable":true,"href":"https:\/\/tracesdevoyages.com\/index.php\/wp-json\/"}],"wp:attachment":[{"href":"https:\/\/tracesdevoyages.com\/index.php\/wp-json\/wp\/v2\/media?parent=8387"}],"wp:term":[{"taxonomy":"category","embeddable":true,"href":"https:\/\/tracesdevoyages.com\/index.php\/wp-json\/wp\/v2\/categories?post=8387"},{"taxonomy":"post_tag","embeddable":true,"href":"https:\/\/tracesdevoyages.com\/index.php\/wp-json\/wp\/v2\/tags?post=8387"}],"curies":[{"name":"wp","href":"https:\/\/api.w.org\/{rel}","templated":true}]}}