{"id":877,"date":"2016-05-04T23:40:15","date_gmt":"2016-05-04T22:40:15","guid":{"rendered":"http:\/\/tracesdevoyages.com\/?p=877"},"modified":"2016-05-04T23:40:15","modified_gmt":"2016-05-04T22:40:15","slug":"escale-a-tunis","status":"publish","type":"post","link":"https:\/\/tracesdevoyages.com\/index.php\/2016\/05\/04\/escale-a-tunis\/","title":{"rendered":"Escapades: Escale \u00e0 Tunis"},"content":{"rendered":"<p>D\u2019un point de vue touristique, la <a href=\"http:\/\/www.bonjour-tunisie.com\/\" target=\"_blank\" rel=\"noopener noreferrer\"><strong>Tunisie<\/strong><\/a> est surtout connue pour <strong><a href=\"http:\/\/www.djerbatourisme.com\/djerba\/\" target=\"_blank\" rel=\"noopener noreferrer\">Djerba<\/a><\/strong>, <strong><a href=\"http:\/\/www.bonjour-tunisie.com\/ville-tunisienne-Hammamet-6543.htm\" target=\"_blank\" rel=\"noopener noreferrer\">Hammamet<\/a><\/strong> et <strong><a href=\"http:\/\/www.tozeur.com\/\" target=\"_blank\" rel=\"noopener noreferrer\">Tozeur<\/a><\/strong>, peu de voyageurs europ\u00e9ens se rendent dans la capitale pour y s\u00e9journer, si ce n\u2019est peut-\u00eatre \u00e0 <strong><a href=\"http:\/\/www.sidi-bou-said.com\/\" target=\"_blank\" rel=\"noopener noreferrer\">Sidi Bou Said<\/a> <\/strong>ou <strong><a href=\"http:\/\/www.tourisme.gov.tn\/tourisme-en-tunisie\/zones-touristiques\/cotes-de-carthage.html\" target=\"_blank\" rel=\"noopener noreferrer\">Carthage<\/a><\/strong>. J\u2019ai eu la chance de m\u2019y rendre r\u00e9guli\u00e8rement (6 fois), ces 12 derni\u00e8res ann\u00e9es, durant lesquelles j\u2019ai d\u00e9couvert un patrimoine culturel et gastronomique haut en couleurs. Je vous le pr\u00e9sente ici.<\/p>\n<p><img data-recalc-dims=\"1\" loading=\"lazy\" decoding=\"async\" class=\"aligncenter wp-image-13804 size-full\" src=\"https:\/\/i0.wp.com\/tracesdevoyages.com\/wp-content\/uploads\/2016\/05\/Tunis1.jpg?resize=960%2C720&#038;ssl=1\" alt=\"\" width=\"960\" height=\"720\" \/><\/p>\n<p>Lorsque vous arrivez \u00e0 <strong><a href=\"http:\/\/www.bonjour-tunisie.com\/ville-tunisienne-Tunis-65413.htm\" target=\"_blank\" rel=\"noopener noreferrer\">Tunis<\/a><\/strong>, votre premi\u00e8re impression se cr\u00e9e d\u00e8s l\u2019a\u00e9roport, avant m\u00eame de sortir dans la rue. Le hall de marbre blanc grouille de monde o\u00f9 s\u2019entrecroisent des tenues de voiles, des enfants qui courent, des hommes \u00e0 la recherche de touristes pour porter leurs bagages jusqu\u2019au taxi et des \u00e9choppes color\u00e9es et aux parfums \u00e9pic\u00e9s\u2026 Si vous montez en taxi, vous serez brass\u00e9s dans une circulation \u00e9clectique faite de voitures, bus, scooters, motos, chevaux et charrettes. Les panneaux sont \u00e9crits en arabe et en fran\u00e7ais, donc pas de panique pour s\u2019orienter.<\/p>\n<p><img data-recalc-dims=\"1\" loading=\"lazy\" decoding=\"async\" class=\"aligncenter wp-image-13805 size-full\" src=\"https:\/\/i0.wp.com\/tracesdevoyages.com\/wp-content\/uploads\/2016\/05\/Tunis2.jpg?resize=960%2C720&#038;ssl=1\" alt=\"\" width=\"960\" height=\"720\" \/><\/p>\n<p>Pour l\u2019h\u00e9bergement, nous sommes toujours rest\u00e9s fid\u00e8les au <strong><a href=\"http:\/\/www.regencytunis.com\/\" target=\"_blank\" rel=\"noopener noreferrer\">Regency<\/a><\/strong>, un bel h\u00f4tel 5* situ\u00e9 \u00e0 <a href=\"http:\/\/www.tourisme.gov.tn\/pour-investir\/nouvelles-stations-touristiques\/produit-balneaire\/cap-gammarth.html\" target=\"_blank\" rel=\"noopener noreferrer\"><strong>Gammarth<\/strong><\/a> dans un quartier tr\u00e8s calme entre le Lac et la mer. Les chambres sont spacieuses et tr\u00e8s propres, le personnel attentif et discret, le petit d\u00e9jeuner est copieux, de nombreux restaurants sont propos\u00e9s avec des produits de qualit\u00e9 et des styles de cuisine vari\u00e9s, un espace spa et piscine sont \u00e0 votre disposition et la plage priv\u00e9e est s\u00e9curis\u00e9e. Une fois install\u00e9s, vous pourrez profiter d\u2019une promenade ou d\u2019un jogging le long du lac o\u00f9 se posent des flamants roses en fin de soir\u00e9e et au petit matin.<\/p>\n<p><img data-recalc-dims=\"1\" loading=\"lazy\" decoding=\"async\" class=\"aligncenter wp-image-13806 size-full\" src=\"https:\/\/i0.wp.com\/tracesdevoyages.com\/wp-content\/uploads\/2016\/05\/Tunis3.jpg?resize=960%2C720&#038;ssl=1\" alt=\"\" width=\"960\" height=\"720\" \/><\/p>\n<p>Proche de l\u2019h\u00f4tel, dans le quartier de <a href=\"http:\/\/www.sidi-bou-said.com\/fr\/a-proximite\/32-la-marsa-station-balneaire-tunisienne.html\" target=\"_blank\" rel=\"noopener noreferrer\"><strong>La Marsa<\/strong><\/a>, je vous donne mes bonnes adresses de restaurants\u00a0: <a href=\"http:\/\/restaurantlegrandbleu.com\/\" target=\"_blank\" rel=\"noopener noreferrer\"><strong>Le Grand Bleu<\/strong> <\/a>(une grande terrasse avec vue sur la baie, un int\u00e9rieur de palais, des poissons plus que frais\u2026 vous devez go\u00fbter les \u0153ufs de seiche grill\u00e9s\u00a0!), <a href=\"http:\/\/www.lecap-restaurants.com\/\" target=\"_blank\" rel=\"noopener noreferrer\"><strong>Le Cap <\/strong><\/a>(restaurant design et plats europ\u00e9ens) et <a href=\"http:\/\/www.sindbadrestolounge.tn\/\" target=\"_blank\" rel=\"noopener noreferrer\"><strong>Le Sindbad<\/strong> <\/a>(id\u00e9al pour un verre dans un coin lounge face \u00e0 la mer).<\/p>\n\n<p>Si vous aimez les vielles pierres et l\u2019histoire, rendez-vous \u00e0 <em>Carthage<\/em>, cette ancienne cit\u00e9 punique d\u00e9truite puis reconstruite par les Romains. Vous pouvez y visiter la <a href=\"http:\/\/www.acropoliumcarthage.com\/\" target=\"_blank\" rel=\"noopener noreferrer\"><strong>Cath\u00e9drale Saint-Louis<\/strong>\u00a0<\/a>et le <a href=\"http:\/\/whc.unesco.org\/fr\/list\/37\" target=\"_blank\" rel=\"noopener noreferrer\"><strong>Site Arch\u00e9ologique<\/strong> <\/a>class\u00e9 \u00e0 l\u2019UNESCO. Dans le m\u00eame quartier, pour un d\u00eener \u00e0 paillettes ou une sortie le soir, vous devez vous rendre au <strong><a href=\"https:\/\/www.facebook.com\/plazacorniche\/\" target=\"_blank\" rel=\"noopener noreferrer\">Plaza Corniche<\/a>, <\/strong>un h\u00f4tel-restaurant aussi illumin\u00e9 que <em>Las Vegas<\/em>\u00a0! Un peu plus loin sur la c\u00f4te, le petit village de <em>Sidi Bou Said<\/em> vous rappellera la Gr\u00e8ce avec ses maisons blanches et volets bleus. Si vous montez la petite rue commer\u00e7ante, vous arriverez au <a href=\"http:\/\/www.darzarrouk.com\/\" target=\"_blank\" rel=\"noopener noreferrer\"><strong>Dar Zarrouk<\/strong><\/a>, un restaurant avec une vue magnifique sur la mer.<\/p>\n<p><img data-recalc-dims=\"1\" loading=\"lazy\" decoding=\"async\" class=\"aligncenter wp-image-13810 size-full\" src=\"https:\/\/i0.wp.com\/tracesdevoyages.com\/wp-content\/uploads\/2016\/05\/Tunis7.jpg?resize=960%2C720&#038;ssl=1\" alt=\"\" width=\"960\" height=\"720\" \/><\/p>\n<p>Dans le centre-ville de <em>Tunis<\/em>, ne manquez pas la <a href=\"http:\/\/www.cathedraledetunis.com\/\" target=\"_blank\" rel=\"noopener noreferrer\"><strong>Cath\u00e9drale-St-Vincent-de-Paul<\/strong> <\/a>avant de vous rendre dans un autre site class\u00e9 \u00e0 l&rsquo;UNESCO:<strong>\u00a0<\/strong><a href=\"http:\/\/whc.unesco.org\/fr\/list\/36\" target=\"_blank\" rel=\"noopener noreferrer\"><strong>La Medina<\/strong> <\/a>o\u00f9 vous serez plong\u00e9 dans un d\u00e9dale de ruelles o\u00f9 les \u00e9choppes se d\u00e9versent dans la rue. Au c\u0153ur de ce lieu se trouve une porte que je vous incite \u00e0 franchir, celle du <a href=\"http:\/\/www.dareljeld.com\/\" target=\"_blank\" rel=\"noopener noreferrer\"><strong>Dar El Jeld<\/strong><\/a>, un restaurant gastronomique dans une ancienne demeure de style Riad. Vous pouvez \u00e9galement vous rendre au <a href=\"http:\/\/www.bardomuseum.tn\/\" target=\"_blank\" rel=\"noopener noreferrer\"><strong>Mus\u00e9e du Bardo<\/strong><\/a>, second mus\u00e9e du continent africain apr\u00e8s <em>Le Caire<\/em>.<\/p>\n<p><img data-recalc-dims=\"1\" loading=\"lazy\" decoding=\"async\" class=\"aligncenter wp-image-13811 size-full\" src=\"https:\/\/i0.wp.com\/tracesdevoyages.com\/wp-content\/uploads\/2016\/05\/Tunis8.jpg?resize=960%2C720&#038;ssl=1\" alt=\"\" width=\"960\" height=\"720\" \/><\/p>\n<p>En esp\u00e9rant que toutes ces adresses vous seront utiles si vous envisagez un s\u00e9jour l\u00e0-bas, mais avant de vous quitter et afin de vous ouvrir l\u2019app\u00e9tit, je vous laisse ici la liste des sp\u00e9cialit\u00e9s culinaires tunisiennes que je pr\u00e9f\u00e8re\u00a0: <em>Brick \u00e0 l\u2019\u0153uf ou au thon, doigts de fatma, \u0153ufs de seiches grill\u00e9s, couscous au poulet, tajines<\/em> (\u00e0 ne pas confondre avec les tajines marocains, ceux-ci ressemblent \u00e0 des tortillas espagnoles), <em>ojja<\/em> (sp\u00e9cialit\u00e9 \u00e0 base de poivrons, \u0153uf et tomates), le th\u00e9 \u00e0 la menthe, le th\u00e9 aux pignons\u00a0et le <em>pain traditionnel<\/em> (qui ressemble au Nan indien).<\/p>\n<hr \/>\n<p>https:\/\/www.pinterest.fr\/pin\/804525920912545908<\/p>\n","protected":false},"excerpt":{"rendered":"<p>Entre d\u00e9lices culinaires et architecture, je vous emm\u00e8ne dans la capitale Tunisienne.<\/p>\n","protected":false},"author":2,"featured_media":13803,"comment_status":"open","ping_status":"open","sticky":false,"template":"","format":"standard","meta":{"_jetpack_memberships_contains_paid_content":false,"footnotes":""},"categories":[8,20,5,49,52,6],"tags":[176,188,191,268,292,394,401,402,409,417,422],"class_list":["post-877","post","type-post","status-publish","format-standard","has-post-thumbnail","hentry","category-afrique","category-escapades","category-themes","category-tunisie","category-villes","category-voyages","tag-destination","tag-escapade","tag-evasion","tag-maghreb","tag-moyen-orient","tag-tourisme","tag-tunis","tag-tunisie","tag-vacances","tag-ville","tag-voyage"],"yoast_head":"<!-- This site is optimized with the Yoast SEO plugin v26.3 - https:\/\/yoast.com\/wordpress\/plugins\/seo\/ -->\n<title>Escapades: Escale \u00e0 Tunis - Traces de Voyages<\/title>\n<meta name=\"robots\" content=\"index, follow, max-snippet:-1, max-image-preview:large, max-video-preview:-1\" \/>\n<link rel=\"canonical\" href=\"https:\/\/tracesdevoyages.com\/index.php\/2016\/05\/04\/escale-a-tunis\/\" \/>\n<meta property=\"og:locale\" content=\"fr_FR\" \/>\n<meta property=\"og:type\" content=\"article\" \/>\n<meta property=\"og:title\" content=\"Escapades: Escale \u00e0 Tunis - Traces de Voyages\" \/>\n<meta property=\"og:description\" content=\"Entre d\u00e9lices culinaires et architecture, je vous emm\u00e8ne dans la capitale Tunisienne.\" \/>\n<meta property=\"og:url\" content=\"https:\/\/tracesdevoyages.com\/index.php\/2016\/05\/04\/escale-a-tunis\/\" \/>\n<meta property=\"og:site_name\" content=\"Traces de Voyages\" \/>\n<meta property=\"article:publisher\" content=\"https:\/\/www.facebook.com\/tracesdevoyages\/\" \/>\n<meta property=\"article:published_time\" content=\"2016-05-04T22:40:15+00:00\" \/>\n<meta name=\"author\" content=\"tracesdevoyages\" \/>\n<meta name=\"twitter:card\" content=\"summary_large_image\" \/>\n<meta name=\"twitter:creator\" content=\"@TracesdeVoyages\" \/>\n<meta name=\"twitter:site\" content=\"@TracesdeVoyages\" \/>\n<meta name=\"twitter:label1\" content=\"\u00c9crit par\" \/>\n\t<meta name=\"twitter:data1\" content=\"tracesdevoyages\" \/>\n\t<meta name=\"twitter:label2\" content=\"Dur\u00e9e de lecture estim\u00e9e\" \/>\n\t<meta name=\"twitter:data2\" content=\"3 minutes\" \/>\n<script type=\"application\/ld+json\" class=\"yoast-schema-graph\">{\"@context\":\"https:\/\/schema.org\",\"@graph\":[{\"@type\":\"Article\",\"@id\":\"https:\/\/tracesdevoyages.com\/index.php\/2016\/05\/04\/escale-a-tunis\/#article\",\"isPartOf\":{\"@id\":\"https:\/\/tracesdevoyages.com\/index.php\/2016\/05\/04\/escale-a-tunis\/\"},\"author\":{\"name\":\"tracesdevoyages\",\"@id\":\"https:\/\/tracesdevoyages.com\/#\/schema\/person\/407749fd8c63f4e19e1f4d61c3df1dd3\"},\"headline\":\"Escapades: Escale \u00e0 Tunis\",\"datePublished\":\"2016-05-04T22:40:15+00:00\",\"mainEntityOfPage\":{\"@id\":\"https:\/\/tracesdevoyages.com\/index.php\/2016\/05\/04\/escale-a-tunis\/\"},\"wordCount\":701,\"commentCount\":2,\"publisher\":{\"@id\":\"https:\/\/tracesdevoyages.com\/#organization\"},\"image\":{\"@id\":\"https:\/\/tracesdevoyages.com\/index.php\/2016\/05\/04\/escale-a-tunis\/#primaryimage\"},\"thumbnailUrl\":\"\",\"keywords\":[\"Destination\",\"Escapade\",\"Evasion\",\"Maghreb\",\"Moyen-Orient\",\"Tourisme\",\"Tunis\",\"Tunisie\",\"Vacances\",\"Ville\",\"Voyage\"],\"articleSection\":[\"Afrique\",\"Escapades\",\"Th\u00e8mes\",\"Tunisie\",\"Villes\",\"Voyages\"],\"inLanguage\":\"fr-FR\",\"potentialAction\":[{\"@type\":\"CommentAction\",\"name\":\"Comment\",\"target\":[\"https:\/\/tracesdevoyages.com\/index.php\/2016\/05\/04\/escale-a-tunis\/#respond\"]}]},{\"@type\":\"WebPage\",\"@id\":\"https:\/\/tracesdevoyages.com\/index.php\/2016\/05\/04\/escale-a-tunis\/\",\"url\":\"https:\/\/tracesdevoyages.com\/index.php\/2016\/05\/04\/escale-a-tunis\/\",\"name\":\"Escapades: Escale \u00e0 Tunis - Traces de Voyages\",\"isPartOf\":{\"@id\":\"https:\/\/tracesdevoyages.com\/#website\"},\"primaryImageOfPage\":{\"@id\":\"https:\/\/tracesdevoyages.com\/index.php\/2016\/05\/04\/escale-a-tunis\/#primaryimage\"},\"image\":{\"@id\":\"https:\/\/tracesdevoyages.com\/index.php\/2016\/05\/04\/escale-a-tunis\/#primaryimage\"},\"thumbnailUrl\":\"\",\"datePublished\":\"2016-05-04T22:40:15+00:00\",\"breadcrumb\":{\"@id\":\"https:\/\/tracesdevoyages.com\/index.php\/2016\/05\/04\/escale-a-tunis\/#breadcrumb\"},\"inLanguage\":\"fr-FR\",\"potentialAction\":[{\"@type\":\"ReadAction\",\"target\":[\"https:\/\/tracesdevoyages.com\/index.php\/2016\/05\/04\/escale-a-tunis\/\"]}]},{\"@type\":\"ImageObject\",\"inLanguage\":\"fr-FR\",\"@id\":\"https:\/\/tracesdevoyages.com\/index.php\/2016\/05\/04\/escale-a-tunis\/#primaryimage\",\"url\":\"\",\"contentUrl\":\"\"},{\"@type\":\"BreadcrumbList\",\"@id\":\"https:\/\/tracesdevoyages.com\/index.php\/2016\/05\/04\/escale-a-tunis\/#breadcrumb\",\"itemListElement\":[{\"@type\":\"ListItem\",\"position\":1,\"name\":\"Accueil\",\"item\":\"https:\/\/tracesdevoyages.com\/\"},{\"@type\":\"ListItem\",\"position\":2,\"name\":\"Escapades: Escale \u00e0 Tunis\"}]},{\"@type\":\"WebSite\",\"@id\":\"https:\/\/tracesdevoyages.com\/#website\",\"url\":\"https:\/\/tracesdevoyages.com\/\",\"name\":\"Traces de Voyages\",\"description\":\"Blog de voyages\",\"publisher\":{\"@id\":\"https:\/\/tracesdevoyages.com\/#organization\"},\"potentialAction\":[{\"@type\":\"SearchAction\",\"target\":{\"@type\":\"EntryPoint\",\"urlTemplate\":\"https:\/\/tracesdevoyages.com\/?s={search_term_string}\"},\"query-input\":{\"@type\":\"PropertyValueSpecification\",\"valueRequired\":true,\"valueName\":\"search_term_string\"}}],\"inLanguage\":\"fr-FR\"},{\"@type\":\"Organization\",\"@id\":\"https:\/\/tracesdevoyages.com\/#organization\",\"name\":\"Traces de Voyages\",\"url\":\"https:\/\/tracesdevoyages.com\/\",\"logo\":{\"@type\":\"ImageObject\",\"inLanguage\":\"fr-FR\",\"@id\":\"https:\/\/tracesdevoyages.com\/#\/schema\/logo\/image\/\",\"url\":\"https:\/\/i0.wp.com\/tracesdevoyages.com\/wp-content\/uploads\/2025\/01\/cropped-Traces-de-Voyages-LOGO.jpg?fit=512%2C512&ssl=1\",\"contentUrl\":\"https:\/\/i0.wp.com\/tracesdevoyages.com\/wp-content\/uploads\/2025\/01\/cropped-Traces-de-Voyages-LOGO.jpg?fit=512%2C512&ssl=1\",\"width\":512,\"height\":512,\"caption\":\"Traces de Voyages\"},\"image\":{\"@id\":\"https:\/\/tracesdevoyages.com\/#\/schema\/logo\/image\/\"},\"sameAs\":[\"https:\/\/www.facebook.com\/tracesdevoyages\/\",\"https:\/\/x.com\/TracesdeVoyages\",\"https:\/\/www.instagram.com\/tracesdevoyages\/\",\"https:\/\/fr.pinterest.com\/tracesdevoyages\/\",\"https:\/\/www.youtube.com\/channel\/UC240N7Neo4xrJRYcW3UhDaQ\/\"]},{\"@type\":\"Person\",\"@id\":\"https:\/\/tracesdevoyages.com\/#\/schema\/person\/407749fd8c63f4e19e1f4d61c3df1dd3\",\"name\":\"tracesdevoyages\",\"image\":{\"@type\":\"ImageObject\",\"inLanguage\":\"fr-FR\",\"@id\":\"https:\/\/tracesdevoyages.com\/#\/schema\/person\/image\/\",\"url\":\"https:\/\/secure.gravatar.com\/avatar\/89665a7661ade021f231fa4edee45d02595de0df2c6ac04037b09ce699dd6d89?s=96&d=mm&r=g\",\"contentUrl\":\"https:\/\/secure.gravatar.com\/avatar\/89665a7661ade021f231fa4edee45d02595de0df2c6ac04037b09ce699dd6d89?s=96&d=mm&r=g\",\"caption\":\"tracesdevoyages\"},\"url\":\"https:\/\/tracesdevoyages.com\/index.php\/author\/tracesdevoyages\/\"}]}<\/script>\n<!-- \/ Yoast SEO plugin. -->","yoast_head_json":{"title":"Escapades: Escale \u00e0 Tunis - Traces de Voyages","robots":{"index":"index","follow":"follow","max-snippet":"max-snippet:-1","max-image-preview":"max-image-preview:large","max-video-preview":"max-video-preview:-1"},"canonical":"https:\/\/tracesdevoyages.com\/index.php\/2016\/05\/04\/escale-a-tunis\/","og_locale":"fr_FR","og_type":"article","og_title":"Escapades: Escale \u00e0 Tunis - Traces de Voyages","og_description":"Entre d\u00e9lices culinaires et architecture, je vous emm\u00e8ne dans la capitale Tunisienne.","og_url":"https:\/\/tracesdevoyages.com\/index.php\/2016\/05\/04\/escale-a-tunis\/","og_site_name":"Traces de Voyages","article_publisher":"https:\/\/www.facebook.com\/tracesdevoyages\/","article_published_time":"2016-05-04T22:40:15+00:00","author":"tracesdevoyages","twitter_card":"summary_large_image","twitter_creator":"@TracesdeVoyages","twitter_site":"@TracesdeVoyages","twitter_misc":{"\u00c9crit par":"tracesdevoyages","Dur\u00e9e de lecture estim\u00e9e":"3 minutes"},"schema":{"@context":"https:\/\/schema.org","@graph":[{"@type":"Article","@id":"https:\/\/tracesdevoyages.com\/index.php\/2016\/05\/04\/escale-a-tunis\/#article","isPartOf":{"@id":"https:\/\/tracesdevoyages.com\/index.php\/2016\/05\/04\/escale-a-tunis\/"},"author":{"name":"tracesdevoyages","@id":"https:\/\/tracesdevoyages.com\/#\/schema\/person\/407749fd8c63f4e19e1f4d61c3df1dd3"},"headline":"Escapades: Escale \u00e0 Tunis","datePublished":"2016-05-04T22:40:15+00:00","mainEntityOfPage":{"@id":"https:\/\/tracesdevoyages.com\/index.php\/2016\/05\/04\/escale-a-tunis\/"},"wordCount":701,"commentCount":2,"publisher":{"@id":"https:\/\/tracesdevoyages.com\/#organization"},"image":{"@id":"https:\/\/tracesdevoyages.com\/index.php\/2016\/05\/04\/escale-a-tunis\/#primaryimage"},"thumbnailUrl":"","keywords":["Destination","Escapade","Evasion","Maghreb","Moyen-Orient","Tourisme","Tunis","Tunisie","Vacances","Ville","Voyage"],"articleSection":["Afrique","Escapades","Th\u00e8mes","Tunisie","Villes","Voyages"],"inLanguage":"fr-FR","potentialAction":[{"@type":"CommentAction","name":"Comment","target":["https:\/\/tracesdevoyages.com\/index.php\/2016\/05\/04\/escale-a-tunis\/#respond"]}]},{"@type":"WebPage","@id":"https:\/\/tracesdevoyages.com\/index.php\/2016\/05\/04\/escale-a-tunis\/","url":"https:\/\/tracesdevoyages.com\/index.php\/2016\/05\/04\/escale-a-tunis\/","name":"Escapades: Escale \u00e0 Tunis - Traces de Voyages","isPartOf":{"@id":"https:\/\/tracesdevoyages.com\/#website"},"primaryImageOfPage":{"@id":"https:\/\/tracesdevoyages.com\/index.php\/2016\/05\/04\/escale-a-tunis\/#primaryimage"},"image":{"@id":"https:\/\/tracesdevoyages.com\/index.php\/2016\/05\/04\/escale-a-tunis\/#primaryimage"},"thumbnailUrl":"","datePublished":"2016-05-04T22:40:15+00:00","breadcrumb":{"@id":"https:\/\/tracesdevoyages.com\/index.php\/2016\/05\/04\/escale-a-tunis\/#breadcrumb"},"inLanguage":"fr-FR","potentialAction":[{"@type":"ReadAction","target":["https:\/\/tracesdevoyages.com\/index.php\/2016\/05\/04\/escale-a-tunis\/"]}]},{"@type":"ImageObject","inLanguage":"fr-FR","@id":"https:\/\/tracesdevoyages.com\/index.php\/2016\/05\/04\/escale-a-tunis\/#primaryimage","url":"","contentUrl":""},{"@type":"BreadcrumbList","@id":"https:\/\/tracesdevoyages.com\/index.php\/2016\/05\/04\/escale-a-tunis\/#breadcrumb","itemListElement":[{"@type":"ListItem","position":1,"name":"Accueil","item":"https:\/\/tracesdevoyages.com\/"},{"@type":"ListItem","position":2,"name":"Escapades: Escale \u00e0 Tunis"}]},{"@type":"WebSite","@id":"https:\/\/tracesdevoyages.com\/#website","url":"https:\/\/tracesdevoyages.com\/","name":"Traces de Voyages","description":"Blog de voyages","publisher":{"@id":"https:\/\/tracesdevoyages.com\/#organization"},"potentialAction":[{"@type":"SearchAction","target":{"@type":"EntryPoint","urlTemplate":"https:\/\/tracesdevoyages.com\/?s={search_term_string}"},"query-input":{"@type":"PropertyValueSpecification","valueRequired":true,"valueName":"search_term_string"}}],"inLanguage":"fr-FR"},{"@type":"Organization","@id":"https:\/\/tracesdevoyages.com\/#organization","name":"Traces de Voyages","url":"https:\/\/tracesdevoyages.com\/","logo":{"@type":"ImageObject","inLanguage":"fr-FR","@id":"https:\/\/tracesdevoyages.com\/#\/schema\/logo\/image\/","url":"https:\/\/i0.wp.com\/tracesdevoyages.com\/wp-content\/uploads\/2025\/01\/cropped-Traces-de-Voyages-LOGO.jpg?fit=512%2C512&ssl=1","contentUrl":"https:\/\/i0.wp.com\/tracesdevoyages.com\/wp-content\/uploads\/2025\/01\/cropped-Traces-de-Voyages-LOGO.jpg?fit=512%2C512&ssl=1","width":512,"height":512,"caption":"Traces de Voyages"},"image":{"@id":"https:\/\/tracesdevoyages.com\/#\/schema\/logo\/image\/"},"sameAs":["https:\/\/www.facebook.com\/tracesdevoyages\/","https:\/\/x.com\/TracesdeVoyages","https:\/\/www.instagram.com\/tracesdevoyages\/","https:\/\/fr.pinterest.com\/tracesdevoyages\/","https:\/\/www.youtube.com\/channel\/UC240N7Neo4xrJRYcW3UhDaQ\/"]},{"@type":"Person","@id":"https:\/\/tracesdevoyages.com\/#\/schema\/person\/407749fd8c63f4e19e1f4d61c3df1dd3","name":"tracesdevoyages","image":{"@type":"ImageObject","inLanguage":"fr-FR","@id":"https:\/\/tracesdevoyages.com\/#\/schema\/person\/image\/","url":"https:\/\/secure.gravatar.com\/avatar\/89665a7661ade021f231fa4edee45d02595de0df2c6ac04037b09ce699dd6d89?s=96&d=mm&r=g","contentUrl":"https:\/\/secure.gravatar.com\/avatar\/89665a7661ade021f231fa4edee45d02595de0df2c6ac04037b09ce699dd6d89?s=96&d=mm&r=g","caption":"tracesdevoyages"},"url":"https:\/\/tracesdevoyages.com\/index.php\/author\/tracesdevoyages\/"}]}},"jetpack_featured_media_url":"","jetpack_sharing_enabled":true,"_links":{"self":[{"href":"https:\/\/tracesdevoyages.com\/index.php\/wp-json\/wp\/v2\/posts\/877","targetHints":{"allow":["GET"]}}],"collection":[{"href":"https:\/\/tracesdevoyages.com\/index.php\/wp-json\/wp\/v2\/posts"}],"about":[{"href":"https:\/\/tracesdevoyages.com\/index.php\/wp-json\/wp\/v2\/types\/post"}],"author":[{"embeddable":true,"href":"https:\/\/tracesdevoyages.com\/index.php\/wp-json\/wp\/v2\/users\/2"}],"replies":[{"embeddable":true,"href":"https:\/\/tracesdevoyages.com\/index.php\/wp-json\/wp\/v2\/comments?post=877"}],"version-history":[{"count":0,"href":"https:\/\/tracesdevoyages.com\/index.php\/wp-json\/wp\/v2\/posts\/877\/revisions"}],"wp:featuredmedia":[{"embeddable":true,"href":"https:\/\/tracesdevoyages.com\/index.php\/wp-json\/"}],"wp:attachment":[{"href":"https:\/\/tracesdevoyages.com\/index.php\/wp-json\/wp\/v2\/media?parent=877"}],"wp:term":[{"taxonomy":"category","embeddable":true,"href":"https:\/\/tracesdevoyages.com\/index.php\/wp-json\/wp\/v2\/categories?post=877"},{"taxonomy":"post_tag","embeddable":true,"href":"https:\/\/tracesdevoyages.com\/index.php\/wp-json\/wp\/v2\/tags?post=877"}],"curies":[{"name":"wp","href":"https:\/\/api.w.org\/{rel}","templated":true}]}}